{"id":43964,"date":"2018-05-22T00:30:49","date_gmt":"2018-05-22T03:30:49","guid":{"rendered":"http:\/\/www.adf.org.br\/home\/?p=43964"},"modified":"2018-05-22T00:30:49","modified_gmt":"2018-05-22T03:30:49","slug":"deus-quem-fala","status":"publish","type":"post","link":"https:\/\/www.adf.org.br\/home\/deus-quem-fala\/","title":{"rendered":"&#8220;No Sil\u00eancio \u00e9 Deus quem fala!&#8221; Entenda a import\u00e2ncia do Sil\u00eancio Lit\u00fargico."},"content":{"rendered":"<figure id=\"attachment_43966\" aria-describedby=\"caption-attachment-43966\" style=\"width: 500px\" class=\"wp-caption aligncenter\"><img loading=\"lazy\" class=\"wp-image-43966 size-full\" title=\"Sil\u00eancio e Ora\u00e7\u00e3o\" src=\"http:\/\/www.adf.org.br\/home\/wp-content\/uploads\/2017\/05\/silencio.jpg\" alt=\"silencio\" width=\"500\" height=\"333\" \/><figcaption id=\"caption-attachment-43966\" class=\"wp-caption-text\">Sil\u00eancio e Ora\u00e7\u00e3o<\/figcaption><\/figure>\n<p style=\"padding-left: 90px;\"><span style=\"font-family: verdana, geneva, sans-serif; font-size: 12pt; color: #000000;\"><span style=\"color: #ffffff;\">.<\/span><br \/>\n<strong><span style=\"color: #800080;\">Durante a sua visita \u00e0 diocese de C\u00f3rdoba, na Espanha, o Cardeal Robert Sarah, Prefeito da Congrega\u00e7\u00e3o para o Culto Divino;<\/span><\/strong><\/span><\/p>\n<p><span style=\"font-family: verdana, geneva, sans-serif; font-size: 12pt; color: #000000;\"><br \/>\n<span style=\"font-size: 14pt;\"><strong>S<\/strong><\/span>ublinhou a import\u00e2ncia da &#8220;for\u00e7a do sil\u00eancio na liturgia&#8221; em um encontro com sacerdotes e fi\u00e9is, por ocasi\u00e3o da festa de S\u00e3o Jo\u00e3o D\u2019\u00c1vila.<\/span><\/p>\n<p>&nbsp;<\/p>\n<figure id=\"attachment_43965\" aria-describedby=\"caption-attachment-43965\" style=\"width: 123px\" class=\"wp-caption alignleft\"><img loading=\"lazy\" class=\"wp-image-43965 \" src=\"http:\/\/www.adf.org.br\/home\/wp-content\/uploads\/2017\/05\/cardeal-robert-sarah-200x300.jpg\" alt=\"cardeal-robert-sarah\" width=\"123\" height=\"185\" \/><figcaption id=\"caption-attachment-43965\" class=\"wp-caption-text\">Cardeal Sarah<\/figcaption><\/figure>\n<p><span style=\"font-family: verdana, geneva, sans-serif; font-size: 12pt; color: #000000;\">O Cardeal Robert Sarah, Prefeito da Congrega\u00e7\u00e3o para o Culto Divino e a Disciplina dos Sacramentos;<\/span><\/p>\n<p style=\"padding-left: 90px;\"><strong><span style=\"font-family: verdana, geneva, sans-serif; font-size: 12pt; color: #800080;\"><br \/>\nPronunciou uma confer\u00eancia intitulada &#8220;A for\u00e7a do sil\u00eancio na liturgia&#8221; no teatro Garnelo.<\/span><\/strong><\/p>\n<p><span style=\"font-family: verdana, geneva, sans-serif; font-size: 12pt; color: #000000;\"><br \/>\nNa confer\u00eancia, o Cardeal africano ressaltou a import\u00e2ncia que os crist\u00e3os entrem &#8220;no sil\u00eancio, porque sem o sil\u00eancio, permanecemos em uma ilus\u00e3o mortal.<\/span><\/p>\n<p style=\"padding-left: 90px;\"><strong><span style=\"font-family: verdana, geneva, sans-serif; font-size: 12pt; color: #000080;\"><br \/>\nO sil\u00eancio \u00e9 mais importante do que qualquer outra a\u00e7\u00e3o humana, porque Deus fala&#8221;.<\/span><\/strong><\/p>\n<p><span style=\"font-family: verdana, geneva, sans-serif; font-size: 12pt; color: #000000;\"><br \/>\n&#8220;A primeira linguagem de Deus \u00e9 o sil\u00eancio; devemos aprender a estar em sil\u00eancio e a descansar em Deus\u201d, assegurou.<\/span><\/p>\n<p><span style=\"font-family: verdana, geneva, sans-serif; font-size: 12pt; color: #000000;\">Por isso, destacou que atrav\u00e9s deste sil\u00eancio se pode encontrar uma verdadeira ordem das nossas prioridades.<\/span><\/p>\n<blockquote><p><span style=\"font-family: verdana, geneva, sans-serif; font-size: 12pt; color: #000080;\"><br \/>\n&#8220;\u00c9 o momento de colocar Deus no centro das nossas preocupa\u00e7\u00f5es, dos nossos pensamentos, das nossas a\u00e7\u00f5es e da nossa vida. <\/span><\/p>\n<p><span style=\"font-family: verdana, geneva, sans-serif; font-size: 12pt; color: #000080;\">Assim, a nossa vida crist\u00e3 poder\u00e1 ser fundamentada na luz da f\u00e9 e alimentar-se na ora\u00e7\u00e3o&#8221;;<\/span><\/p>\n<p><span style=\"font-family: verdana, geneva, sans-serif; font-size: 12pt; color: #000080;\">Sublinhou, porque segundo afirmou: <\/span><\/p>\n<p><span style=\"font-family: verdana, geneva, sans-serif; font-size: 12pt; color: #000080;\">&#8220;N\u00e3o podemos encontrar Deus Nosso Pai se n\u00e3o for atrav\u00e9s do sil\u00eancio&#8221;.<\/span><\/p><\/blockquote>\n<p><span style=\"font-family: verdana, geneva, sans-serif; font-size: 12pt; color: #000000;\"><br \/>\nNesse sentido, tamb\u00e9m animou os sacerdotes a viver o Evangelho;<\/span><\/p>\n<p><span style=\"font-family: verdana, geneva, sans-serif; font-size: 12pt; color: #000000;\">Porque &#8220;o que a Igreja mais necessita hoje n\u00e3o \u00e9 uma reforma administrativa, nem uma mudan\u00e7a estrutural; <\/span><\/p>\n<p><span style=\"font-family: verdana, geneva, sans-serif; font-size: 12pt; color: #000000;\">Nem uma log\u00edstica ou estrat\u00e9gia de comunica\u00e7\u00e3o ou um programa complementar. <\/span><\/p>\n<p><span style=\"font-family: verdana, geneva, sans-serif; font-size: 12pt; color: #000000;\">O programa existe e \u00e9 o mesmo de sempre, o Evangelho e na Tradi\u00e7\u00e3o Viva&#8221;.<\/span><\/p>\n<p><span style=\"font-family: verdana, geneva, sans-serif; font-size: 12pt; color: #000000;\">Tamb\u00e9m insistiu que a sua &#8220;prioridade&#8221; \u00e9:<\/span><\/p>\n<p style=\"padding-left: 90px;\"><strong><span style=\"font-family: verdana, geneva, sans-serif; font-size: 12pt; color: #800080;\"><br \/>\n&#8220;Dizer que s\u00f3 Deus pode saciar o cora\u00e7\u00e3o do homem&#8221;;<\/span><\/strong><\/p>\n<p><span style=\"font-family: verdana, geneva, sans-serif; font-size: 12pt; color: #000000;\"><br \/>\nE alertou que podemos ser &#8220;v\u00edtimas da superficialidade, do ego\u00edsmo e do esp\u00edrito mundano que sociedade midi\u00e1tica difunde&#8221;.<\/span><\/p>\n<p><span style=\"font-family: verdana, geneva, sans-serif; font-size: 12pt; color: #000000;\">A respeito da import\u00e2ncia do sil\u00eancio na liturgia;<\/span><\/p>\n<p><span style=\"font-family: verdana, geneva, sans-serif; font-size: 12pt; color: #000000;\">O Cardeal Sarah assegurou que:<\/span><\/p>\n<blockquote><p><span style=\"font-family: verdana, geneva, sans-serif; font-size: 12pt; color: #800080;\"><br \/>\n\u201cAtualmente se trata de uma preocupa\u00e7\u00e3o<strong> fundamental<\/strong>;<\/span><\/p>\n<p><span style=\"font-family: verdana, geneva, sans-serif; font-size: 12pt; color: #800080;\">Pois o sil\u00eancio sagrado \u00e9 o lugar onde podemos encontrar a Deus;<\/span><\/p>\n<p><span style=\"font-family: verdana, geneva, sans-serif; font-size: 12pt; color: #800080;\">E \u00e9 importante que os sacerdotes aprendam novamente o que significa o temor filial de Deus e o significado sagrado da sua rela\u00e7\u00e3o com ele\u201d.<\/span><\/p><\/blockquote>\n<p><span style=\"font-family: verdana, geneva, sans-serif; font-size: 12pt; color: #000000;\"><br \/>\nAl\u00e9m disso, assegurou que &#8220;ante a Majestade de Deus, as nossas palavras se perdem&#8221;;<\/span><\/p>\n<p><span style=\"font-family: verdana, geneva, sans-serif; font-size: 12pt; color: #000000;\">Por isso afirmou que &#8220;recha\u00e7ar este sil\u00eancio cheio de temerosa confian\u00e7a e adora\u00e7\u00e3o;<\/span><\/p>\n<p><span style=\"font-family: verdana, geneva, sans-serif; font-size: 12pt; color: #000000;\">Significa impedir a Deus de comunicar o Seu amor e nos manifestar a sua presen\u00e7a&#8221;;<\/span><\/p>\n<p style=\"padding-left: 90px;\"><strong><span style=\"font-family: verdana, geneva, sans-serif; font-size: 12pt; color: #000080;\"><br \/>\nE assinalou que se trata do lugar &#8220;onde podemos encontrar a Deus&#8221;.<\/span><\/strong><\/p>\n<p><span style=\"font-family: verdana, geneva, sans-serif; font-size: 12pt; color: #000000;\"><br \/>\nNeste sentido, pediu aos sacerdotes:<\/span><\/p>\n<p><span style=\"font-family: verdana, geneva, sans-serif; font-size: 12pt; color: #000000;\"> &#8220;Aprender novamente a tremer com espanto ante a Santidade de Deus e a ser conscientes da gra\u00e7a extraordin\u00e1ria do seu sacerd\u00f3cio&#8221;;<\/span><\/p>\n<p><span style=\"font-family: verdana, geneva, sans-serif; font-size: 12pt; color: #000000;\">E destacou que, desde o Conc\u00edlio Vaticano II se sublinhou que o sil\u00eancio \u00e9 um meio privilegiado para favorecer a participa\u00e7\u00e3o do povo de Deus na liturgia.<\/span><\/p>\n<p><span style=\"font-family: verdana, geneva, sans-serif; font-size: 12pt; color: #000000;\">O purpurado advertiu ainda acerca do perigo que os crist\u00e3os caiam;<\/span><\/p>\n<p><span style=\"font-family: verdana, geneva, sans-serif; font-size: 12pt; color: #000000;\"> &#8220;Na idolatria, prisioneiros de numerosos discursos humanos, ruidosos, intermin\u00e1veis&#8221;;<\/span><\/p>\n<p style=\"padding-left: 90px;\"><strong><span style=\"font-family: verdana, geneva, sans-serif; font-size: 12pt; color: #800080;\"><br \/>\nNos quais &#8220;tendemos a preparar um culto de acordo com aquilo que n\u00f3s gostamos, dirigido a um Deus feito \u00e0 nossa imagem&#8221;.<\/span><\/strong><\/p>\n<p><span style=\"font-family: verdana, geneva, sans-serif; font-size: 12pt; color: #000000;\"><br \/>\nPor isso, tomando umas palavras de S\u00e3o Jo\u00e3o D\u2019\u00c1vila, o Purpurado explicou que:<\/span><\/p>\n<h5 style=\"padding-left: 90px;\"><strong><span style=\"font-family: verdana, geneva, sans-serif; font-size: 12pt; color: #800080;\"><br \/>\n&#8220;Quem reza deve estar recolhido, focado e em sil\u00eancio diante de Deus&#8221;.<\/span><\/strong><\/h5>\n<p><span style=\"font-family: verdana, geneva, sans-serif; font-size: 12pt; color: #000000;\"><br \/>\n<span style=\"color: #ffffff;\">.<\/span><\/span><br \/>\n<span style=\"font-size: 10pt;\"><em><span style=\"font-family: verdana, geneva, sans-serif; color: #000000;\">Fonte: acidigital.com<\/span><\/em><\/span><\/p>\n<p style=\"text-align: center;\"><span style=\"font-family: verdana, geneva, sans-serif; font-size: 12pt; color: #ffffff;\">.<\/span><br \/>\n<span style=\"font-family: verdana, geneva, sans-serif; font-size: 12pt; color: #ffffff;\">.<\/span><br \/>\n<strong><span style=\"font-family: verdana, geneva, sans-serif; font-size: 12pt; color: #000000;\">* \u00a0* \u00a0*<\/span><\/strong><\/p>\n<p style=\"text-align: center;\"><span style=\"color: #ffffff;\">.<\/span><br \/>\n<a href=\"https:\/\/adf.org.br\/minhaoferta\/?origem=6667\" target=\"_blank\" rel=\"noopener noreferrer\"><img loading=\"lazy\" class=\"aligncenter wp-image-46781 size-full\" title=\"bot\u00e3o sacolinha adf\" src=\"http:\/\/www.adf.org.br\/home\/wp-content\/uploads\/2017\/05\/bt_oferta_ADF-2-1-3.png\" alt=\"bt_oferta_ADF-2 (1)\" width=\"600\" height=\"190\" \/><\/a><\/p>\n","protected":false},"excerpt":{"rendered":"<p>Durante a sua visita \u00e0 diocese de C\u00f3rdoba, na Espanha, o Cardeal Robert Sarah, Prefeito da Congrega\u00e7\u00e3o para o Culto Divino&#8230;<\/p>\n","protected":false},"author":31,"featured_media":46782,"comment_status":"open","ping_status":"open","sticky":false,"template":"","format":"standard","meta":[],"categories":[20],"tags":[2219,751,2217,2321,26],"yoast_head":"<!-- This site is optimized with the Yoast SEO plugin v17.4 - https:\/\/yoast.com\/wordpress\/plugins\/seo\/ -->\n<title>&quot;No Sil\u00eancio \u00e9 Deus quem fala!&quot; import\u00e2ncia do Sil\u00eancio Lit\u00fargico<\/title>\n<meta name=\"description\" content=\"&quot;No Sil\u00eancio \u00e9 Deus quem fala!&quot; Entenda a import\u00e2ncia do Sil\u00eancio Lit\u00fargico, na reflex\u00e3o de um nome de grande import\u00e2ncia na Igreja.\" \/>\n<meta name=\"robots\" content=\"index, follow, max-snippet:-1, max-image-preview:large, max-video-preview:-1\" \/>\n<link rel=\"canonical\" href=\"https:\/\/www.adf.org.br\/home\/deus-quem-fala\/\" \/>\n<meta property=\"og:locale\" content=\"pt_BR\" \/>\n<meta property=\"og:type\" content=\"article\" \/>\n<meta property=\"og:title\" content=\"&quot;No Sil\u00eancio \u00e9 Deus quem fala!&quot; import\u00e2ncia do Sil\u00eancio Lit\u00fargico\" \/>\n<meta property=\"og:description\" content=\"&quot;No Sil\u00eancio \u00e9 Deus quem fala!&quot; Entenda a import\u00e2ncia do Sil\u00eancio Lit\u00fargico, na reflex\u00e3o de um nome de grande import\u00e2ncia na Igreja.\" \/>\n<meta property=\"og:url\" content=\"https:\/\/www.adf.org.br\/home\/deus-quem-fala\/\" \/>\n<meta property=\"og:site_name\" content=\"Associa\u00e7\u00e3o Devotos de F\u00e1tima\" \/>\n<meta property=\"article:published_time\" content=\"2018-05-22T03:30:49+00:00\" \/>\n<meta name=\"twitter:card\" content=\"summary_large_image\" \/>\n<meta name=\"twitter:label1\" content=\"Escrito por\" \/>\n\t<meta name=\"twitter:data1\" content=\"Gabriel Barbosa\" \/>\n\t<meta name=\"twitter:label2\" content=\"Est. tempo de leitura\" \/>\n\t<meta name=\"twitter:data2\" content=\"3 minutos\" \/>\n<script type=\"application\/ld+json\" class=\"yoast-schema-graph\">{\"@context\":\"https:\/\/schema.org\",\"@graph\":[{\"@type\":\"WebSite\",\"@id\":\"https:\/\/www.adf.org.br\/home\/#website\",\"url\":\"https:\/\/www.adf.org.br\/home\/\",\"name\":\"Associa\\u00e7\\u00e3o Devotos de F\\u00e1tima\",\"description\":\"Associa\\u00e7\\u00e3o Devotos de F\\u00e1tima\",\"potentialAction\":[{\"@type\":\"SearchAction\",\"target\":{\"@type\":\"EntryPoint\",\"urlTemplate\":\"https:\/\/www.adf.org.br\/home\/?s={search_term_string}\"},\"query-input\":\"required name=search_term_string\"}],\"inLanguage\":\"pt-BR\"},{\"@type\":\"ImageObject\",\"@id\":\"https:\/\/www.adf.org.br\/home\/deus-quem-fala\/#primaryimage\",\"inLanguage\":\"pt-BR\",\"url\":\"\",\"contentUrl\":\"\"},{\"@type\":\"WebPage\",\"@id\":\"https:\/\/www.adf.org.br\/home\/deus-quem-fala\/#webpage\",\"url\":\"https:\/\/www.adf.org.br\/home\/deus-quem-fala\/\",\"name\":\"\\\"No Sil\\u00eancio \\u00e9 Deus quem fala!\\\" import\\u00e2ncia do Sil\\u00eancio Lit\\u00fargico\",\"isPartOf\":{\"@id\":\"https:\/\/www.adf.org.br\/home\/#website\"},\"primaryImageOfPage\":{\"@id\":\"https:\/\/www.adf.org.br\/home\/deus-quem-fala\/#primaryimage\"},\"datePublished\":\"2018-05-22T03:30:49+00:00\",\"dateModified\":\"2018-05-22T03:30:49+00:00\",\"author\":{\"@id\":\"https:\/\/www.adf.org.br\/home\/#\/schema\/person\/f35a5c5aa7728a3dedf4ea9aa1fc2753\"},\"description\":\"\\\"No Sil\\u00eancio \\u00e9 Deus quem fala!\\\" Entenda a import\\u00e2ncia do Sil\\u00eancio Lit\\u00fargico, na reflex\\u00e3o de um nome de grande import\\u00e2ncia na Igreja.\",\"breadcrumb\":{\"@id\":\"https:\/\/www.adf.org.br\/home\/deus-quem-fala\/#breadcrumb\"},\"inLanguage\":\"pt-BR\",\"potentialAction\":[{\"@type\":\"ReadAction\",\"target\":[\"https:\/\/www.adf.org.br\/home\/deus-quem-fala\/\"]}]},{\"@type\":\"BreadcrumbList\",\"@id\":\"https:\/\/www.adf.org.br\/home\/deus-quem-fala\/#breadcrumb\",\"itemListElement\":[{\"@type\":\"ListItem\",\"position\":1,\"name\":\"Home\",\"item\":\"https:\/\/www.adf.org.br\/home\/\"},{\"@type\":\"ListItem\",\"position\":2,\"name\":\"&#8220;No Sil\\u00eancio \\u00e9 Deus quem fala!&#8221; Entenda a import\\u00e2ncia do Sil\\u00eancio Lit\\u00fargico.\"}]},{\"@type\":\"Person\",\"@id\":\"https:\/\/www.adf.org.br\/home\/#\/schema\/person\/f35a5c5aa7728a3dedf4ea9aa1fc2753\",\"name\":\"Gabriel Barbosa\",\"image\":{\"@type\":\"ImageObject\",\"@id\":\"https:\/\/www.adf.org.br\/home\/#personlogo\",\"inLanguage\":\"pt-BR\",\"url\":\"https:\/\/secure.gravatar.com\/avatar\/2b2cb2f4637682c5605e8d36818f51ef?s=96&d=mm&r=g\",\"contentUrl\":\"https:\/\/secure.gravatar.com\/avatar\/2b2cb2f4637682c5605e8d36818f51ef?s=96&d=mm&r=g\",\"caption\":\"Gabriel Barbosa\"},\"url\":\"https:\/\/www.adf.org.br\/home\/author\/gabrielpmk-com-br\/\"}]}<\/script>\n<!-- \/ Yoast SEO plugin. -->","yoast_head_json":{"title":"\"No Sil\u00eancio \u00e9 Deus quem fala!\" import\u00e2ncia do Sil\u00eancio Lit\u00fargico","description":"\"No Sil\u00eancio \u00e9 Deus quem fala!\" Entenda a import\u00e2ncia do Sil\u00eancio Lit\u00fargico, na reflex\u00e3o de um nome de grande import\u00e2ncia na Igreja.","robots":{"index":"index","follow":"follow","max-snippet":"max-snippet:-1","max-image-preview":"max-image-preview:large","max-video-preview":"max-video-preview:-1"},"canonical":"https:\/\/www.adf.org.br\/home\/deus-quem-fala\/","og_locale":"pt_BR","og_type":"article","og_title":"\"No Sil\u00eancio \u00e9 Deus quem fala!\" import\u00e2ncia do Sil\u00eancio Lit\u00fargico","og_description":"\"No Sil\u00eancio \u00e9 Deus quem fala!\" Entenda a import\u00e2ncia do Sil\u00eancio Lit\u00fargico, na reflex\u00e3o de um nome de grande import\u00e2ncia na Igreja.","og_url":"https:\/\/www.adf.org.br\/home\/deus-quem-fala\/","og_site_name":"Associa\u00e7\u00e3o Devotos de F\u00e1tima","article_published_time":"2018-05-22T03:30:49+00:00","twitter_card":"summary_large_image","twitter_misc":{"Escrito por":"Gabriel Barbosa","Est. tempo de leitura":"3 minutos"},"schema":{"@context":"https:\/\/schema.org","@graph":[{"@type":"WebSite","@id":"https:\/\/www.adf.org.br\/home\/#website","url":"https:\/\/www.adf.org.br\/home\/","name":"Associa\u00e7\u00e3o Devotos de F\u00e1tima","description":"Associa\u00e7\u00e3o Devotos de F\u00e1tima","potentialAction":[{"@type":"SearchAction","target":{"@type":"EntryPoint","urlTemplate":"https:\/\/www.adf.org.br\/home\/?s={search_term_string}"},"query-input":"required name=search_term_string"}],"inLanguage":"pt-BR"},{"@type":"ImageObject","@id":"https:\/\/www.adf.org.br\/home\/deus-quem-fala\/#primaryimage","inLanguage":"pt-BR","url":"","contentUrl":""},{"@type":"WebPage","@id":"https:\/\/www.adf.org.br\/home\/deus-quem-fala\/#webpage","url":"https:\/\/www.adf.org.br\/home\/deus-quem-fala\/","name":"\"No Sil\u00eancio \u00e9 Deus quem fala!\" import\u00e2ncia do Sil\u00eancio Lit\u00fargico","isPartOf":{"@id":"https:\/\/www.adf.org.br\/home\/#website"},"primaryImageOfPage":{"@id":"https:\/\/www.adf.org.br\/home\/deus-quem-fala\/#primaryimage"},"datePublished":"2018-05-22T03:30:49+00:00","dateModified":"2018-05-22T03:30:49+00:00","author":{"@id":"https:\/\/www.adf.org.br\/home\/#\/schema\/person\/f35a5c5aa7728a3dedf4ea9aa1fc2753"},"description":"\"No Sil\u00eancio \u00e9 Deus quem fala!\" Entenda a import\u00e2ncia do Sil\u00eancio Lit\u00fargico, na reflex\u00e3o de um nome de grande import\u00e2ncia na Igreja.","breadcrumb":{"@id":"https:\/\/www.adf.org.br\/home\/deus-quem-fala\/#breadcrumb"},"inLanguage":"pt-BR","potentialAction":[{"@type":"ReadAction","target":["https:\/\/www.adf.org.br\/home\/deus-quem-fala\/"]}]},{"@type":"BreadcrumbList","@id":"https:\/\/www.adf.org.br\/home\/deus-quem-fala\/#breadcrumb","itemListElement":[{"@type":"ListItem","position":1,"name":"Home","item":"https:\/\/www.adf.org.br\/home\/"},{"@type":"ListItem","position":2,"name":"&#8220;No Sil\u00eancio \u00e9 Deus quem fala!&#8221; Entenda a import\u00e2ncia do Sil\u00eancio Lit\u00fargico."}]},{"@type":"Person","@id":"https:\/\/www.adf.org.br\/home\/#\/schema\/person\/f35a5c5aa7728a3dedf4ea9aa1fc2753","name":"Gabriel Barbosa","image":{"@type":"ImageObject","@id":"https:\/\/www.adf.org.br\/home\/#personlogo","inLanguage":"pt-BR","url":"https:\/\/secure.gravatar.com\/avatar\/2b2cb2f4637682c5605e8d36818f51ef?s=96&d=mm&r=g","contentUrl":"https:\/\/secure.gravatar.com\/avatar\/2b2cb2f4637682c5605e8d36818f51ef?s=96&d=mm&r=g","caption":"Gabriel Barbosa"},"url":"https:\/\/www.adf.org.br\/home\/author\/gabrielpmk-com-br\/"}]}},"_links":{"self":[{"href":"https:\/\/www.adf.org.br\/home\/wp-json\/wp\/v2\/posts\/43964"}],"collection":[{"href":"https:\/\/www.adf.org.br\/home\/wp-json\/wp\/v2\/posts"}],"about":[{"href":"https:\/\/www.adf.org.br\/home\/wp-json\/wp\/v2\/types\/post"}],"author":[{"embeddable":true,"href":"https:\/\/www.adf.org.br\/home\/wp-json\/wp\/v2\/users\/31"}],"replies":[{"embeddable":true,"href":"https:\/\/www.adf.org.br\/home\/wp-json\/wp\/v2\/comments?post=43964"}],"version-history":[{"count":0,"href":"https:\/\/www.adf.org.br\/home\/wp-json\/wp\/v2\/posts\/43964\/revisions"}],"wp:featuredmedia":[{"embeddable":true,"href":"https:\/\/www.adf.org.br\/home\/wp-json\/wp\/v2\/media\/46782"}],"wp:attachment":[{"href":"https:\/\/www.adf.org.br\/home\/wp-json\/wp\/v2\/media?parent=43964"}],"wp:term":[{"taxonomy":"category","embeddable":true,"href":"https:\/\/www.adf.org.br\/home\/wp-json\/wp\/v2\/categories?post=43964"},{"taxonomy":"post_tag","embeddable":true,"href":"https:\/\/www.adf.org.br\/home\/wp-json\/wp\/v2\/tags?post=43964"}],"curies":[{"name":"wp","href":"https:\/\/api.w.org\/{rel}","templated":true}]}}