{"id":43877,"date":"2017-05-10T12:30:53","date_gmt":"2017-05-10T15:30:53","guid":{"rendered":"http:\/\/www.adf.org.br\/home\/?p=43877"},"modified":"2017-05-10T12:30:53","modified_gmt":"2017-05-10T15:30:53","slug":"peregrinos-fatima","status":"publish","type":"post","link":"https:\/\/www.adf.org.br\/home\/peregrinos-fatima\/","title":{"rendered":"Peregrinos em F\u00e1tima &#8211; Cresce o n\u00famero nos \u00faltimos anos!"},"content":{"rendered":"<figure id=\"attachment_43878\" aria-describedby=\"caption-attachment-43878\" style=\"width: 560px\" class=\"wp-caption aligncenter\"><img loading=\"lazy\" class=\"wp-image-43878\" src=\"http:\/\/www.adf.org.br\/home\/wp-content\/uploads\/2017\/05\/peregrinos-fatima.jpg\" alt=\"Peregrinos em Vig\u00edlia\" width=\"560\" height=\"311\" \/><figcaption id=\"caption-attachment-43878\" class=\"wp-caption-text\">Peregrinos em Vig\u00edlia<\/figcaption><\/figure>\n<p style=\"padding-left: 90px;\"><span style=\"font-family: verdana, geneva, sans-serif; font-size: 12pt; color: #000000;\"><span style=\"color: #ffffff;\">.<\/span><br \/>\n<strong><span style=\"color: #800080;\">Nos \u00faltimos 10 anos, o Santu\u00e1rio de F\u00e1tima, em Portugal, percebeu um aumento no n\u00famero de peregrinos de todo o mundo que o visitam;<\/span><\/strong><\/span><\/p>\n<p><span style=\"font-family: verdana, geneva, sans-serif; font-size: 12pt; color: #000000;\"><span style=\"font-size: 14pt;\"><strong><br \/>\nE<\/strong><\/span>specialmente neste ano, quando se realizar\u00e1 as celebra\u00e7\u00f5es dos 100 anos das apari\u00e7\u00f5es da Virgem de F\u00e1tima.<\/span><\/p>\n<p><span style=\"font-family: verdana, geneva, sans-serif; font-size: 12pt; color: #000000;\">\u201cNos \u00faltimos anos aumentou o n\u00famero de peregrinos\u201d, assegurou \u00e0 CNA \u2013 ag\u00eancia em ingl\u00eas do Grupo ACI;<\/span><\/p>\n<p><span style=\"font-family: verdana, geneva, sans-serif; font-size: 12pt; color: #000000;\">O Dr. Pedro Valinho Gomes, diretor de servi\u00e7os de peregrina\u00e7\u00e3o do Santu\u00e1rio de F\u00e1tima.<\/span><\/p>\n<p><span style=\"font-family: verdana, geneva, sans-serif; font-size: 12pt; color: #000000;\">Valinho disse que, embora tenha havido um aumento durante os \u00faltimos 3 a 4 anos, enquanto realizavam os preparativos para a celebra\u00e7\u00e3o do centen\u00e1rio das apari\u00e7\u00f5es de F\u00e1tima;<\/span><\/p>\n<p style=\"padding-left: 90px;\"><strong><span style=\"font-family: verdana, geneva, sans-serif; font-size: 12pt; color: #800080;\"><br \/>\nO n\u00famero de visitantes ao Santu\u00e1rio aumentou constantemente durante algum tempo.<\/span><\/strong><\/p>\n<p><span style=\"font-family: verdana, geneva, sans-serif; font-size: 12pt; color: #000000;\"><br \/>\nAcrescentou que houve entre \u201c5 e 6 milh\u00f5es de peregrinos\u201d por ano;<\/span><\/p>\n<p><span style=\"font-family: verdana, geneva, sans-serif; font-size: 12pt; color: #000000;\">Um c\u00e1lculo que foi feito a partir do n\u00famero de pessoas que participam nas diferentes atividades que o santu\u00e1rio oferece;<\/span><\/p>\n<p style=\"padding-left: 90px;\"><strong><span style=\"font-family: verdana, geneva, sans-serif; font-size: 12pt; color: #000080;\"><br \/>\nEmbora existam muitas pessoas que passam pelo local sem se registrar nem participar de alguma celebra\u00e7\u00e3o formal.<\/span><\/strong><\/p>\n<p><span style=\"font-family: verdana, geneva, sans-serif; font-size: 12pt; color: #000000;\"><br \/>\nEmbora as raz\u00f5es do aumento sejam muitas, Valinho disse que isso pode ser visto como uma resposta n\u00e3o s\u00f3 ao anivers\u00e1rio do centen\u00e1rio;<\/span><\/p>\n<p><span style=\"font-family: verdana, geneva, sans-serif; font-size: 12pt; color: #000000;\">Como tamb\u00e9m \u00e0 \u201crelev\u00e2ncia da mensagem de Nossa Senhora \u00e0 luz das diversas crises que o mundo enfrenta\u201d.<\/span><\/p>\n<p><span style=\"font-family: verdana, geneva, sans-serif; font-size: 12pt; color: #000000;\">Apesar de a maioria dos peregrinos serem provenientes de Portugal e Espanha;<\/span><\/p>\n<p><span style=\"font-family: verdana, geneva, sans-serif; font-size: 12pt; color: #000000;\">Valinho disse que um grande n\u00famero \u00e9 do resto da Europa, especialmente da Pol\u00f4nia e da It\u00e1lia.<\/span><\/p>\n<p style=\"padding-left: 90px;\"><strong><span style=\"font-family: verdana, geneva, sans-serif; font-size: 12pt; color: #800080;\"><br \/>\n\u201cAcreditamos que existe uma forte liga\u00e7\u00e3o entre a Pol\u00f4nia e o Santu\u00e1rio de Nossa Senhora de F\u00e1tima, atrav\u00e9s da presen\u00e7a de Jo\u00e3o Paulo II\u201d;<\/span><\/strong><\/p>\n<p><span style=\"font-family: verdana, geneva, sans-serif; font-size: 12pt; color: #000000;\"><br \/>\nDisse e acrescentou que um grande n\u00famero tamb\u00e9m \u00e9 da Am\u00e9rica, especialmente dos Estados Unidos e do Brasil.<\/span><\/p>\n<p><span style=\"font-family: verdana, geneva, sans-serif; font-size: 12pt; color: #000000;\">Entretanto, Valinho assinalou que o n\u00famero de grupos e peregrinos da \u00c1sia tamb\u00e9m aumentou significativamente;<\/span><\/p>\n<p style=\"padding-left: 90px;\"><strong><span style=\"font-family: verdana, geneva, sans-serif; font-size: 12pt; color: #800080;\"><br \/>\n\u201cAlgo novo, que come\u00e7ou nos \u00faltimos 10 anos\u201d.<\/span><\/strong><\/p>\n<p><span style=\"font-family: verdana, geneva, sans-serif; font-size: 12pt; color: #000000;\"><br \/>\n\u201cRealmente aumentou o n\u00famero ao ponto de estar entre os dez melhores grupos\u201d, disse;<\/span><\/p>\n<p><span style=\"font-family: verdana, geneva, sans-serif; font-size: 12pt; color: #000000;\">Explicando que o n\u00famero de peregrinos da Coreia do Sul \u00e9 um dos mais altos, com pelo menos um grupo quase semanalmente. <\/span><\/p>\n<p><span style=\"font-family: verdana, geneva, sans-serif; font-size: 12pt; color: #000000;\">Tamb\u00e9m se somam os peregrinos das Filipinas, da \u00cdndia e at\u00e9 mesmo da China.<\/span><\/p>\n<p style=\"padding-left: 90px;\"><strong><span style=\"font-family: verdana, geneva, sans-serif; font-size: 12pt; color: #800080;\"><br \/>\nEm termos de n\u00fameros para a visita do Papa Francisco a F\u00e1tima nos dias 12 e 13 de maio;<\/span><\/strong><\/p>\n<p><span style=\"font-family: verdana, geneva, sans-serif; font-size: 12pt; color: #000000;\"><br \/>\nValinho disse que n\u00e3o fizeram nenhum tipo de previs\u00e3o oficial;<\/span><\/p>\n<p><span style=\"font-family: verdana, geneva, sans-serif; font-size: 12pt; color: #000000;\">Embora outras fontes do Santu\u00e1rio tenham dito que esperam aproximadamente 800.000 peregrinos para a Missa do Pont\u00edfice e a Vig\u00edlia na noite anterior.<\/span><\/p>\n<p><span style=\"font-family: verdana, geneva, sans-serif; font-size: 12pt; color: #000000;\">O diretor acrescentou que muitos grupos j\u00e1 se inscreveram \u201cdesde os primeiros meses de 2017\u201d e est\u00e3o;<\/span><\/p>\n<h5 style=\"padding-left: 90px;\"><strong><span style=\"font-family: verdana, geneva, sans-serif; font-size: 12pt; color: #800080;\"><br \/>\n\u201cSentindo um aumento exponencial dos grupos registrados no Santu\u00e1rio em janeiro, fevereiro e meses seguintes\u201d;<\/span><\/strong><\/h5>\n<p><span style=\"font-family: verdana, geneva, sans-serif; font-size: 12pt; color: #000000;\"><br \/>\nPor isso, esperam que \u201cmaio seja um m\u00eas maravilhoso com muitos peregrinos\u201d.<\/span><\/p>\n<p><span style=\"font-family: verdana, geneva, sans-serif; font-size: 12pt; color: #ffffff;\">.<\/span><br \/>\n<em><span style=\"font-family: verdana, geneva, sans-serif; font-size: 10pt; color: #000000;\"> Fonte: acidigital.com<\/span><\/em><\/p>\n<p style=\"text-align: center;\"><span style=\"font-family: verdana, geneva, sans-serif; font-size: 12pt; color: #ffffff;\">.<\/span><br \/>\n<span style=\"font-family: verdana, geneva, sans-serif; font-size: 12pt; color: #ffffff;\"> .<\/span><br \/>\n<strong><span style=\"font-family: verdana, geneva, sans-serif; font-size: 12pt; color: #000000;\"> * \u00a0* \u00a0*<\/span><\/strong><\/p>\n<p><span style=\"font-family: verdana, geneva, sans-serif; font-size: 12pt; color: #ffffff;\">.<\/span><br \/>\n<span style=\"font-family: verdana, geneva, sans-serif; font-size: 12pt; color: #000000;\"> Aproveitamos a oportunidade para convid\u00e1-lo \u00e0 Missa de Abertura das Comemora\u00e7\u00f5es do Centen\u00e1rio de F\u00e1tima.<\/span><\/p>\n<p><span style=\"font-family: verdana, geneva, sans-serif; font-size: 12pt; color: #800080;\"><strong>A Missa ser\u00e1 realizada na Par\u00f3quia Santa Terezinha.<\/strong><\/span><\/p>\n<p><span style=\"font-family: verdana, geneva, sans-serif; font-size: 12pt; color: #800080;\"><strong>No dia 13 de Maio;<\/strong><\/span><\/p>\n<p><span style=\"font-family: verdana, geneva, sans-serif; font-size: 12pt; color: #800080;\"><strong>\u00c0s 16h30.<\/strong><\/span><\/p>\n<p><span style=\"font-family: verdana, geneva, sans-serif; font-size: 12pt; color: #800080;\"><strong>End: Rua Maranh\u00e3o, 617 &#8211; Higien\u00f3polis &#8211; S\u00e3o Paulo &#8211; SP<\/strong><\/span><\/p>\n<p>.<br \/>\n<iframe loading=\"lazy\" style=\"border: 0;\" src=\"https:\/\/www.google.com\/maps\/embed?pb=!1m18!1m12!1m3!1d3657.6749207305643!2d-46.66076588555871!3d-23.544191784691407!2m3!1f0!2f0!3f0!3m2!1i1024!2i768!4f13.1!3m3!1m2!1s0x94ce583b07a02a27%3A0x6364b081657421d!2sR.+Maranh%C3%A3o%2C+617+-+Higien%C3%B3polis%2C+S%C3%A3o+Paulo+-+SP%2C+01240-001!5e0!3m2!1spt-BR!2sbr!4v1493985894747\" width=\"400\" height=\"300\" frameborder=\"0\" allowfullscreen=\"allowfullscreen\"><\/iframe><\/p>\n<p style=\"text-align: center;\"><span style=\"font-family: verdana, geneva, sans-serif; font-size: 12pt; color: #ffffff;\">.<\/span><br \/>\n<span style=\"color: #000000; font-family: verdana, geneva, sans-serif;\"><b><span style=\"color: #ffffff;\">.<\/span><\/p>\n<p><\/b><\/span><\/p>\n","protected":false},"excerpt":{"rendered":"<p>Nos \u00faltimos 10 anos, o Santu\u00e1rio de F\u00e1tima, em Portugal, percebeu um aumento no n\u00famero de peregrinos de todo o mundo que o visitam;<\/p>\n","protected":false},"author":31,"featured_media":43879,"comment_status":"open","ping_status":"open","sticky":false,"template":"","format":"standard","meta":[],"categories":[20],"tags":[2150,2223,1972,57],"yoast_head":"<!-- This site is optimized with the Yoast SEO plugin v17.4 - https:\/\/yoast.com\/wordpress\/plugins\/seo\/ -->\n<title>Peregrinos em F\u00e1tima - Cresce o n\u00famero nos \u00faltimos anos!<\/title>\n<meta name=\"description\" content=\"Peregrinos em F\u00e1tima - Cresce o n\u00famero nos \u00faltimos anos! N\u00e3o apenas ao fato da festa, mas sim pela devo\u00e7\u00e3o popular.\" \/>\n<meta name=\"robots\" content=\"index, follow, max-snippet:-1, max-image-preview:large, max-video-preview:-1\" \/>\n<link rel=\"canonical\" href=\"https:\/\/www.adf.org.br\/home\/peregrinos-fatima\/\" \/>\n<meta property=\"og:locale\" content=\"pt_BR\" \/>\n<meta property=\"og:type\" content=\"article\" \/>\n<meta property=\"og:title\" content=\"Peregrinos em F\u00e1tima - Cresce o n\u00famero nos \u00faltimos anos!\" \/>\n<meta property=\"og:description\" content=\"Peregrinos em F\u00e1tima - Cresce o n\u00famero nos \u00faltimos anos! N\u00e3o apenas ao fato da festa, mas sim pela devo\u00e7\u00e3o popular.\" \/>\n<meta property=\"og:url\" content=\"https:\/\/www.adf.org.br\/home\/peregrinos-fatima\/\" \/>\n<meta property=\"og:site_name\" content=\"Associa\u00e7\u00e3o Devotos de F\u00e1tima\" \/>\n<meta property=\"article:published_time\" content=\"2017-05-10T15:30:53+00:00\" \/>\n<meta name=\"twitter:card\" content=\"summary_large_image\" \/>\n<meta name=\"twitter:label1\" content=\"Escrito por\" \/>\n\t<meta name=\"twitter:data1\" content=\"Gabriel Barbosa\" \/>\n\t<meta name=\"twitter:label2\" content=\"Est. tempo de leitura\" \/>\n\t<meta name=\"twitter:data2\" content=\"3 minutos\" \/>\n<script type=\"application\/ld+json\" class=\"yoast-schema-graph\">{\"@context\":\"https:\/\/schema.org\",\"@graph\":[{\"@type\":\"WebSite\",\"@id\":\"https:\/\/www.adf.org.br\/home\/#website\",\"url\":\"https:\/\/www.adf.org.br\/home\/\",\"name\":\"Associa\\u00e7\\u00e3o Devotos de F\\u00e1tima\",\"description\":\"Associa\\u00e7\\u00e3o Devotos de F\\u00e1tima\",\"potentialAction\":[{\"@type\":\"SearchAction\",\"target\":{\"@type\":\"EntryPoint\",\"urlTemplate\":\"https:\/\/www.adf.org.br\/home\/?s={search_term_string}\"},\"query-input\":\"required name=search_term_string\"}],\"inLanguage\":\"pt-BR\"},{\"@type\":\"ImageObject\",\"@id\":\"https:\/\/www.adf.org.br\/home\/peregrinos-fatima\/#primaryimage\",\"inLanguage\":\"pt-BR\",\"url\":\"\",\"contentUrl\":\"\"},{\"@type\":\"WebPage\",\"@id\":\"https:\/\/www.adf.org.br\/home\/peregrinos-fatima\/#webpage\",\"url\":\"https:\/\/www.adf.org.br\/home\/peregrinos-fatima\/\",\"name\":\"Peregrinos em F\\u00e1tima - Cresce o n\\u00famero nos \\u00faltimos anos!\",\"isPartOf\":{\"@id\":\"https:\/\/www.adf.org.br\/home\/#website\"},\"primaryImageOfPage\":{\"@id\":\"https:\/\/www.adf.org.br\/home\/peregrinos-fatima\/#primaryimage\"},\"datePublished\":\"2017-05-10T15:30:53+00:00\",\"dateModified\":\"2017-05-10T15:30:53+00:00\",\"author\":{\"@id\":\"https:\/\/www.adf.org.br\/home\/#\/schema\/person\/f35a5c5aa7728a3dedf4ea9aa1fc2753\"},\"description\":\"Peregrinos em F\\u00e1tima - Cresce o n\\u00famero nos \\u00faltimos anos! N\\u00e3o apenas ao fato da festa, mas sim pela devo\\u00e7\\u00e3o popular.\",\"breadcrumb\":{\"@id\":\"https:\/\/www.adf.org.br\/home\/peregrinos-fatima\/#breadcrumb\"},\"inLanguage\":\"pt-BR\",\"potentialAction\":[{\"@type\":\"ReadAction\",\"target\":[\"https:\/\/www.adf.org.br\/home\/peregrinos-fatima\/\"]}]},{\"@type\":\"BreadcrumbList\",\"@id\":\"https:\/\/www.adf.org.br\/home\/peregrinos-fatima\/#breadcrumb\",\"itemListElement\":[{\"@type\":\"ListItem\",\"position\":1,\"name\":\"Home\",\"item\":\"https:\/\/www.adf.org.br\/home\/\"},{\"@type\":\"ListItem\",\"position\":2,\"name\":\"Peregrinos em F\\u00e1tima &#8211; Cresce o n\\u00famero nos \\u00faltimos anos!\"}]},{\"@type\":\"Person\",\"@id\":\"https:\/\/www.adf.org.br\/home\/#\/schema\/person\/f35a5c5aa7728a3dedf4ea9aa1fc2753\",\"name\":\"Gabriel Barbosa\",\"image\":{\"@type\":\"ImageObject\",\"@id\":\"https:\/\/www.adf.org.br\/home\/#personlogo\",\"inLanguage\":\"pt-BR\",\"url\":\"https:\/\/secure.gravatar.com\/avatar\/2b2cb2f4637682c5605e8d36818f51ef?s=96&d=mm&r=g\",\"contentUrl\":\"https:\/\/secure.gravatar.com\/avatar\/2b2cb2f4637682c5605e8d36818f51ef?s=96&d=mm&r=g\",\"caption\":\"Gabriel Barbosa\"},\"url\":\"https:\/\/www.adf.org.br\/home\/author\/gabrielpmk-com-br\/\"}]}<\/script>\n<!-- \/ Yoast SEO plugin. -->","yoast_head_json":{"title":"Peregrinos em F\u00e1tima - Cresce o n\u00famero nos \u00faltimos anos!","description":"Peregrinos em F\u00e1tima - Cresce o n\u00famero nos \u00faltimos anos! N\u00e3o apenas ao fato da festa, mas sim pela devo\u00e7\u00e3o popular.","robots":{"index":"index","follow":"follow","max-snippet":"max-snippet:-1","max-image-preview":"max-image-preview:large","max-video-preview":"max-video-preview:-1"},"canonical":"https:\/\/www.adf.org.br\/home\/peregrinos-fatima\/","og_locale":"pt_BR","og_type":"article","og_title":"Peregrinos em F\u00e1tima - Cresce o n\u00famero nos \u00faltimos anos!","og_description":"Peregrinos em F\u00e1tima - Cresce o n\u00famero nos \u00faltimos anos! N\u00e3o apenas ao fato da festa, mas sim pela devo\u00e7\u00e3o popular.","og_url":"https:\/\/www.adf.org.br\/home\/peregrinos-fatima\/","og_site_name":"Associa\u00e7\u00e3o Devotos de F\u00e1tima","article_published_time":"2017-05-10T15:30:53+00:00","twitter_card":"summary_large_image","twitter_misc":{"Escrito por":"Gabriel Barbosa","Est. tempo de leitura":"3 minutos"},"schema":{"@context":"https:\/\/schema.org","@graph":[{"@type":"WebSite","@id":"https:\/\/www.adf.org.br\/home\/#website","url":"https:\/\/www.adf.org.br\/home\/","name":"Associa\u00e7\u00e3o Devotos de F\u00e1tima","description":"Associa\u00e7\u00e3o Devotos de F\u00e1tima","potentialAction":[{"@type":"SearchAction","target":{"@type":"EntryPoint","urlTemplate":"https:\/\/www.adf.org.br\/home\/?s={search_term_string}"},"query-input":"required name=search_term_string"}],"inLanguage":"pt-BR"},{"@type":"ImageObject","@id":"https:\/\/www.adf.org.br\/home\/peregrinos-fatima\/#primaryimage","inLanguage":"pt-BR","url":"","contentUrl":""},{"@type":"WebPage","@id":"https:\/\/www.adf.org.br\/home\/peregrinos-fatima\/#webpage","url":"https:\/\/www.adf.org.br\/home\/peregrinos-fatima\/","name":"Peregrinos em F\u00e1tima - Cresce o n\u00famero nos \u00faltimos anos!","isPartOf":{"@id":"https:\/\/www.adf.org.br\/home\/#website"},"primaryImageOfPage":{"@id":"https:\/\/www.adf.org.br\/home\/peregrinos-fatima\/#primaryimage"},"datePublished":"2017-05-10T15:30:53+00:00","dateModified":"2017-05-10T15:30:53+00:00","author":{"@id":"https:\/\/www.adf.org.br\/home\/#\/schema\/person\/f35a5c5aa7728a3dedf4ea9aa1fc2753"},"description":"Peregrinos em F\u00e1tima - Cresce o n\u00famero nos \u00faltimos anos! N\u00e3o apenas ao fato da festa, mas sim pela devo\u00e7\u00e3o popular.","breadcrumb":{"@id":"https:\/\/www.adf.org.br\/home\/peregrinos-fatima\/#breadcrumb"},"inLanguage":"pt-BR","potentialAction":[{"@type":"ReadAction","target":["https:\/\/www.adf.org.br\/home\/peregrinos-fatima\/"]}]},{"@type":"BreadcrumbList","@id":"https:\/\/www.adf.org.br\/home\/peregrinos-fatima\/#breadcrumb","itemListElement":[{"@type":"ListItem","position":1,"name":"Home","item":"https:\/\/www.adf.org.br\/home\/"},{"@type":"ListItem","position":2,"name":"Peregrinos em F\u00e1tima &#8211; Cresce o n\u00famero nos \u00faltimos anos!"}]},{"@type":"Person","@id":"https:\/\/www.adf.org.br\/home\/#\/schema\/person\/f35a5c5aa7728a3dedf4ea9aa1fc2753","name":"Gabriel Barbosa","image":{"@type":"ImageObject","@id":"https:\/\/www.adf.org.br\/home\/#personlogo","inLanguage":"pt-BR","url":"https:\/\/secure.gravatar.com\/avatar\/2b2cb2f4637682c5605e8d36818f51ef?s=96&d=mm&r=g","contentUrl":"https:\/\/secure.gravatar.com\/avatar\/2b2cb2f4637682c5605e8d36818f51ef?s=96&d=mm&r=g","caption":"Gabriel Barbosa"},"url":"https:\/\/www.adf.org.br\/home\/author\/gabrielpmk-com-br\/"}]}},"_links":{"self":[{"href":"https:\/\/www.adf.org.br\/home\/wp-json\/wp\/v2\/posts\/43877"}],"collection":[{"href":"https:\/\/www.adf.org.br\/home\/wp-json\/wp\/v2\/posts"}],"about":[{"href":"https:\/\/www.adf.org.br\/home\/wp-json\/wp\/v2\/types\/post"}],"author":[{"embeddable":true,"href":"https:\/\/www.adf.org.br\/home\/wp-json\/wp\/v2\/users\/31"}],"replies":[{"embeddable":true,"href":"https:\/\/www.adf.org.br\/home\/wp-json\/wp\/v2\/comments?post=43877"}],"version-history":[{"count":0,"href":"https:\/\/www.adf.org.br\/home\/wp-json\/wp\/v2\/posts\/43877\/revisions"}],"wp:featuredmedia":[{"embeddable":true,"href":"https:\/\/www.adf.org.br\/home\/wp-json\/wp\/v2\/media\/43879"}],"wp:attachment":[{"href":"https:\/\/www.adf.org.br\/home\/wp-json\/wp\/v2\/media?parent=43877"}],"wp:term":[{"taxonomy":"category","embeddable":true,"href":"https:\/\/www.adf.org.br\/home\/wp-json\/wp\/v2\/categories?post=43877"},{"taxonomy":"post_tag","embeddable":true,"href":"https:\/\/www.adf.org.br\/home\/wp-json\/wp\/v2\/tags?post=43877"}],"curies":[{"name":"wp","href":"https:\/\/api.w.org\/{rel}","templated":true}]}}