{"id":43791,"date":"2017-05-14T00:00:29","date_gmt":"2017-05-14T03:00:29","guid":{"rendered":"http:\/\/www.adf.org.br\/home\/?p=43791"},"modified":"2017-05-14T00:00:29","modified_gmt":"2017-05-14T03:00:29","slug":"atacada-por-explosivos","status":"publish","type":"post","link":"https:\/\/www.adf.org.br\/home\/atacada-por-explosivos\/","title":{"rendered":"Atacada por explosivos imagem de Nossa Senhora na Espanha, leia!"},"content":{"rendered":"<figure id=\"attachment_43792\" aria-describedby=\"caption-attachment-43792\" style=\"width: 560px\" class=\"wp-caption aligncenter\"><img loading=\"lazy\" class=\"wp-image-43792\" src=\"http:\/\/www.adf.org.br\/home\/wp-content\/uploads\/2017\/05\/virgem-dos-desamparados.jpg\" alt=\"Imagem da Virgem dos Desamparados atacada na Espanha.\" width=\"560\" height=\"311\" \/><figcaption id=\"caption-attachment-43792\" class=\"wp-caption-text\">Imagem da Virgem dos Desamparados atacada na Espanha.<\/figcaption><\/figure>\n<p style=\"padding-left: 90px;\"><span style=\"font-family: verdana, geneva, sans-serif; font-size: 12pt; color: #000000;\"><span style=\"color: #ffffff;\">.<\/span><br \/>\n<strong><span style=\"color: #800080;\">No dia 2 de maio, um desconhecido atacou com um dispositivo explosivo uma imagem da Virgem dos Desamparados;<\/span><\/strong><\/span><\/p>\n<p><span style=\"font-family: verdana, geneva, sans-serif; font-size: 12pt; color: #000000;\"><span style=\"font-size: 14pt;\"><strong><br \/>\nN<\/strong><\/span>a igreja do Real Convento de S\u00e3o Francisco, em Velez-M\u00e1laga, M\u00e1laga (Espanha). <\/span><\/p>\n<p><span style=\"font-family: verdana, geneva, sans-serif; font-size: 12pt; color: #000000;\">Felizmente, os danos foram pequenos e a pol\u00edcia est\u00e1 trabalhando para identificar o respons\u00e1vel.<\/span><\/p>\n<p><span style=\"font-family: verdana, geneva, sans-serif; font-size: 12pt; color: #000000;\">Segundo informa\u00e7\u00f5es do jornal \u2018ABC\u2019, o barulho alertou os frades franciscanos que estavam na sacristia e viram que um jovem saiu correndo de dentro da igreja.<\/span><\/p>\n<p style=\"padding-left: 90px;\"><strong><span style=\"font-family: verdana, geneva, sans-serif; font-size: 12pt; color: #000080;\"><br \/>\nFoi quando descobriram o ataque \u00e0 imagem da Virgem com um \u201ccoquetel molotov\u201d;<\/span><\/strong><\/p>\n<p><span style=\"font-family: verdana, geneva, sans-serif; font-size: 12pt; color: #000000;\"><br \/>\nUm artefato explosivo fabricado com uma garrafa de vidro com gasolina, o qual \u00e9 aceso e, em seguida, lan\u00e7ado ao alvo, quando se quebra e explode.<\/span><\/p>\n<p><span style=\"font-family: verdana, geneva, sans-serif; font-size: 12pt; color: #000000;\">Entretanto, nesta ocasi\u00e3o, o coquetel motolov n\u00e3o chegou a quebrar nem explodiu, por isso n\u00e3o causou danos \u00e0 igreja, mas no manto da imagem, segundo o jornal.<\/span><\/p>\n<p style=\"padding-left: 90px;\"><strong><span style=\"font-family: verdana, geneva, sans-serif; font-size: 12pt; color: #800080;\"><br \/>\nO irm\u00e3o mais velho da \u2018Cofrad\u00eda del Huerto e los Desamparados\u2019, Francisco Ruiz;<\/span><\/strong><\/p>\n<p><span style=\"font-family: verdana, geneva, sans-serif; font-size: 12pt; color: #000000;\"><br \/>\nDeclarou aos meios de comunica\u00e7\u00e3o que a gasolina que havia no coquetel molotov manchou quase todo o manto da Virgem.<\/span><\/p>\n<p style=\"padding-left: 90px;\"><strong><span style=\"font-family: verdana, geneva, sans-serif; font-size: 12pt; color: #800080;\"><br \/>\nPor enquanto, o autor deste ataque n\u00e3o foi identificado nem detido. <\/span><\/strong><\/p>\n<p><span style=\"font-family: verdana, geneva, sans-serif; font-size: 12pt; color: #000000;\"><br \/>\nSegundo o jornal \u2018ABC\u2019, fontes da investiga\u00e7\u00e3o relataram que est\u00e3o analisando as imagens das c\u00e2meras de vigil\u00e2ncia para encontrar o respons\u00e1vel.<\/span><\/p>\n<p><span style=\"font-family: verdana, geneva, sans-serif; font-size: 12pt; color: #000000;\">A \u2018Cofrad\u00eda del Huerto e Desamparados\u2019 de V\u00e9lez-M\u00e1laga enviou uma mensagem atrav\u00e9s do seu perfil de Facebook;<\/span><\/p>\n<h5 style=\"padding-left: 90px;\"><strong><span style=\"font-family: verdana, geneva, sans-serif; font-size: 12pt; color: #000080;\"><br \/>\nNa qual agradece pelo apoio que est\u00e3o recebendo depois do ataque.<\/span><\/strong><\/h5>\n<p><span style=\"font-family: verdana, geneva, sans-serif; font-size: 12pt; color: #000000;\"><br \/>\n\u201cAinda estamos assustados pelos acontecimentos de hoje. <\/span><\/p>\n<p><span style=\"font-family: verdana, geneva, sans-serif; font-size: 12pt; color: #000000;\">Mas, as mensagens que nos enviam de toda a regi\u00e3o de Andaluzia tornam este peso mais leve\u201d;<\/span><\/p>\n<p><span style=\"font-family: verdana, geneva, sans-serif; font-size: 12pt; color: #000000;\">Apontam e dizem que \u201choje mais do que nunca faremos uma ora\u00e7\u00e3o a fim de que esses atos sem motivos n\u00e3o se repitam\u201d.<\/span><\/p>\n<p><span style=\"font-family: verdana, geneva, sans-serif; font-size: 12pt; color: #ffffff;\">.<\/span><br \/>\n<em><span style=\"font-family: verdana, geneva, sans-serif; font-size: 10pt; color: #000000;\">Fonte: acidigital.com<\/span><\/em><\/p>\n<p style=\"text-align: center;\"><span style=\"font-family: verdana, geneva, sans-serif; font-size: 12pt; color: #ffffff;\">.<\/span><br \/>\n<span style=\"font-family: verdana, geneva, sans-serif; font-size: 12pt; color: #ffffff;\">.<\/span><br \/>\n<strong><span style=\"font-family: verdana, geneva, sans-serif; font-size: 12pt; color: #000000;\">* \u00a0* \u00a0*<\/span><\/strong><\/p>\n<p><span style=\"font-family: verdana, geneva, sans-serif; font-size: 12pt; color: #ffffff;\">.<\/span><\/p>\n<p style=\"text-align: left;\"><span style=\"color: #000000; font-family: verdana, geneva, sans-serif; font-size: 12pt;\">Por isso, voc\u00ea Devoto de Nossa Senhora, filho de Nossa Senhora n\u00e3o deixe de rezar e reparar essa tristeza que Nossa M\u00e3e Sant\u00edssima est\u00e1 sentindo.<\/span><\/p>\n<p style=\"text-align: center;\"><strong><span style=\"color: #0000ff;\"><a style=\"color: #0000ff;\" href=\"https:\/\/adf.org.br\/velario\/reparacao?origem=1025\" target=\"_blank\" rel=\"noopener noreferrer\"><span style=\"font-family: verdana, geneva, sans-serif; font-size: 12pt;\"><br \/>\nAcenda agora mesmo a Vela da Repara\u00e7\u00e3o a Nossa Senhora.<\/span><\/a><\/span><\/strong><\/p>\n<p style=\"text-align: left;\"><span style=\"color: #000000; font-family: verdana, geneva, sans-serif; font-size: 12pt;\"><br \/>\nVamos consolar e reparar esse ultraje contra a fam\u00edlia crist\u00e3.<\/span><\/p>\n<p style=\"text-align: left;\"><span style=\"color: #000000; font-family: verdana, geneva, sans-serif; font-size: 12pt;\">Clique no link abaixo e acenda a vela agora mesmo.<\/span><\/p>\n<p style=\"text-align: center;\"><span style=\"color: #ffffff; font-family: verdana, geneva, sans-serif; font-size: 12pt;\">.<\/span><br \/>\n<span style=\"color: #ffffff; font-family: verdana, geneva, sans-serif; font-size: 12pt;\">.<\/span><br \/>\n<a href=\"https:\/\/adf.org.br\/velario\/reparacao?origem=1025\" target=\"_blank\" rel=\"noopener noreferrer\"><span style=\"color: #0000ff;\"><strong><span style=\"font-family: verdana, geneva, sans-serif; font-size: 18pt;\">adf.org.br\/velario\/reparacao<\/span><\/strong><\/span><\/a><\/p>\n<p style=\"text-align: center;\"><span style=\"color: #ffffff;\">.<\/span><\/p>\n<p style=\"text-align: center;\"><span style=\"color: #ffffff;\">.<\/span><\/p>\n<p style=\"text-align: center;\"><span style=\"color: #ffffff; font-size: 12pt; font-family: verdana, geneva, sans-serif;\">.<\/span><\/p>\n<p>&nbsp;<\/p>\n","protected":false},"excerpt":{"rendered":"<p>No dia 2 de maio, um desconhecido atacou com um dispositivo explosivo uma imagem da Virgem dos Desamparados;<\/p>\n","protected":false},"author":31,"featured_media":43793,"comment_status":"open","ping_status":"open","sticky":false,"template":"","format":"standard","meta":[],"categories":[20],"tags":[2218,797,183,2126,1053],"yoast_head":"<!-- This site is optimized with the Yoast SEO plugin v17.4 - https:\/\/yoast.com\/wordpress\/plugins\/seo\/ -->\n<title>Atacada por explosivos imagem de Nossa Senhora na Espanha, leia!<\/title>\n<meta name=\"description\" content=\"Atacada por explosivos imagem de Nossa Senhora na Espanha, leia! Mais um triste caso de viol\u00eancia contra os crist\u00e3os na Europa.\" \/>\n<meta name=\"robots\" content=\"index, follow, max-snippet:-1, max-image-preview:large, max-video-preview:-1\" \/>\n<link rel=\"canonical\" href=\"https:\/\/www.adf.org.br\/home\/atacada-por-explosivos\/\" \/>\n<meta property=\"og:locale\" content=\"pt_BR\" \/>\n<meta property=\"og:type\" content=\"article\" \/>\n<meta property=\"og:title\" content=\"Atacada por explosivos imagem de Nossa Senhora na Espanha, leia!\" \/>\n<meta property=\"og:description\" content=\"Atacada por explosivos imagem de Nossa Senhora na Espanha, leia! Mais um triste caso de viol\u00eancia contra os crist\u00e3os na Europa.\" \/>\n<meta property=\"og:url\" content=\"https:\/\/www.adf.org.br\/home\/atacada-por-explosivos\/\" \/>\n<meta property=\"og:site_name\" content=\"Associa\u00e7\u00e3o Devotos de F\u00e1tima\" \/>\n<meta property=\"article:published_time\" content=\"2017-05-14T03:00:29+00:00\" \/>\n<meta name=\"twitter:card\" content=\"summary_large_image\" \/>\n<meta name=\"twitter:label1\" content=\"Escrito por\" \/>\n\t<meta name=\"twitter:data1\" content=\"Gabriel Barbosa\" \/>\n\t<meta name=\"twitter:label2\" content=\"Est. tempo de leitura\" \/>\n\t<meta name=\"twitter:data2\" content=\"2 minutos\" \/>\n<script type=\"application\/ld+json\" class=\"yoast-schema-graph\">{\"@context\":\"https:\/\/schema.org\",\"@graph\":[{\"@type\":\"WebSite\",\"@id\":\"https:\/\/www.adf.org.br\/home\/#website\",\"url\":\"https:\/\/www.adf.org.br\/home\/\",\"name\":\"Associa\\u00e7\\u00e3o Devotos de F\\u00e1tima\",\"description\":\"Associa\\u00e7\\u00e3o Devotos de F\\u00e1tima\",\"potentialAction\":[{\"@type\":\"SearchAction\",\"target\":{\"@type\":\"EntryPoint\",\"urlTemplate\":\"https:\/\/www.adf.org.br\/home\/?s={search_term_string}\"},\"query-input\":\"required name=search_term_string\"}],\"inLanguage\":\"pt-BR\"},{\"@type\":\"ImageObject\",\"@id\":\"https:\/\/www.adf.org.br\/home\/atacada-por-explosivos\/#primaryimage\",\"inLanguage\":\"pt-BR\",\"url\":\"\",\"contentUrl\":\"\"},{\"@type\":\"WebPage\",\"@id\":\"https:\/\/www.adf.org.br\/home\/atacada-por-explosivos\/#webpage\",\"url\":\"https:\/\/www.adf.org.br\/home\/atacada-por-explosivos\/\",\"name\":\"Atacada por explosivos imagem de Nossa Senhora na Espanha, leia!\",\"isPartOf\":{\"@id\":\"https:\/\/www.adf.org.br\/home\/#website\"},\"primaryImageOfPage\":{\"@id\":\"https:\/\/www.adf.org.br\/home\/atacada-por-explosivos\/#primaryimage\"},\"datePublished\":\"2017-05-14T03:00:29+00:00\",\"dateModified\":\"2017-05-14T03:00:29+00:00\",\"author\":{\"@id\":\"https:\/\/www.adf.org.br\/home\/#\/schema\/person\/f35a5c5aa7728a3dedf4ea9aa1fc2753\"},\"description\":\"Atacada por explosivos imagem de Nossa Senhora na Espanha, leia! Mais um triste caso de viol\\u00eancia contra os crist\\u00e3os na Europa.\",\"breadcrumb\":{\"@id\":\"https:\/\/www.adf.org.br\/home\/atacada-por-explosivos\/#breadcrumb\"},\"inLanguage\":\"pt-BR\",\"potentialAction\":[{\"@type\":\"ReadAction\",\"target\":[\"https:\/\/www.adf.org.br\/home\/atacada-por-explosivos\/\"]}]},{\"@type\":\"BreadcrumbList\",\"@id\":\"https:\/\/www.adf.org.br\/home\/atacada-por-explosivos\/#breadcrumb\",\"itemListElement\":[{\"@type\":\"ListItem\",\"position\":1,\"name\":\"Home\",\"item\":\"https:\/\/www.adf.org.br\/home\/\"},{\"@type\":\"ListItem\",\"position\":2,\"name\":\"Atacada por explosivos imagem de Nossa Senhora na Espanha, leia!\"}]},{\"@type\":\"Person\",\"@id\":\"https:\/\/www.adf.org.br\/home\/#\/schema\/person\/f35a5c5aa7728a3dedf4ea9aa1fc2753\",\"name\":\"Gabriel Barbosa\",\"image\":{\"@type\":\"ImageObject\",\"@id\":\"https:\/\/www.adf.org.br\/home\/#personlogo\",\"inLanguage\":\"pt-BR\",\"url\":\"https:\/\/secure.gravatar.com\/avatar\/2b2cb2f4637682c5605e8d36818f51ef?s=96&d=mm&r=g\",\"contentUrl\":\"https:\/\/secure.gravatar.com\/avatar\/2b2cb2f4637682c5605e8d36818f51ef?s=96&d=mm&r=g\",\"caption\":\"Gabriel Barbosa\"},\"url\":\"https:\/\/www.adf.org.br\/home\/author\/gabrielpmk-com-br\/\"}]}<\/script>\n<!-- \/ Yoast SEO plugin. -->","yoast_head_json":{"title":"Atacada por explosivos imagem de Nossa Senhora na Espanha, leia!","description":"Atacada por explosivos imagem de Nossa Senhora na Espanha, leia! Mais um triste caso de viol\u00eancia contra os crist\u00e3os na Europa.","robots":{"index":"index","follow":"follow","max-snippet":"max-snippet:-1","max-image-preview":"max-image-preview:large","max-video-preview":"max-video-preview:-1"},"canonical":"https:\/\/www.adf.org.br\/home\/atacada-por-explosivos\/","og_locale":"pt_BR","og_type":"article","og_title":"Atacada por explosivos imagem de Nossa Senhora na Espanha, leia!","og_description":"Atacada por explosivos imagem de Nossa Senhora na Espanha, leia! Mais um triste caso de viol\u00eancia contra os crist\u00e3os na Europa.","og_url":"https:\/\/www.adf.org.br\/home\/atacada-por-explosivos\/","og_site_name":"Associa\u00e7\u00e3o Devotos de F\u00e1tima","article_published_time":"2017-05-14T03:00:29+00:00","twitter_card":"summary_large_image","twitter_misc":{"Escrito por":"Gabriel Barbosa","Est. tempo de leitura":"2 minutos"},"schema":{"@context":"https:\/\/schema.org","@graph":[{"@type":"WebSite","@id":"https:\/\/www.adf.org.br\/home\/#website","url":"https:\/\/www.adf.org.br\/home\/","name":"Associa\u00e7\u00e3o Devotos de F\u00e1tima","description":"Associa\u00e7\u00e3o Devotos de F\u00e1tima","potentialAction":[{"@type":"SearchAction","target":{"@type":"EntryPoint","urlTemplate":"https:\/\/www.adf.org.br\/home\/?s={search_term_string}"},"query-input":"required name=search_term_string"}],"inLanguage":"pt-BR"},{"@type":"ImageObject","@id":"https:\/\/www.adf.org.br\/home\/atacada-por-explosivos\/#primaryimage","inLanguage":"pt-BR","url":"","contentUrl":""},{"@type":"WebPage","@id":"https:\/\/www.adf.org.br\/home\/atacada-por-explosivos\/#webpage","url":"https:\/\/www.adf.org.br\/home\/atacada-por-explosivos\/","name":"Atacada por explosivos imagem de Nossa Senhora na Espanha, leia!","isPartOf":{"@id":"https:\/\/www.adf.org.br\/home\/#website"},"primaryImageOfPage":{"@id":"https:\/\/www.adf.org.br\/home\/atacada-por-explosivos\/#primaryimage"},"datePublished":"2017-05-14T03:00:29+00:00","dateModified":"2017-05-14T03:00:29+00:00","author":{"@id":"https:\/\/www.adf.org.br\/home\/#\/schema\/person\/f35a5c5aa7728a3dedf4ea9aa1fc2753"},"description":"Atacada por explosivos imagem de Nossa Senhora na Espanha, leia! Mais um triste caso de viol\u00eancia contra os crist\u00e3os na Europa.","breadcrumb":{"@id":"https:\/\/www.adf.org.br\/home\/atacada-por-explosivos\/#breadcrumb"},"inLanguage":"pt-BR","potentialAction":[{"@type":"ReadAction","target":["https:\/\/www.adf.org.br\/home\/atacada-por-explosivos\/"]}]},{"@type":"BreadcrumbList","@id":"https:\/\/www.adf.org.br\/home\/atacada-por-explosivos\/#breadcrumb","itemListElement":[{"@type":"ListItem","position":1,"name":"Home","item":"https:\/\/www.adf.org.br\/home\/"},{"@type":"ListItem","position":2,"name":"Atacada por explosivos imagem de Nossa Senhora na Espanha, leia!"}]},{"@type":"Person","@id":"https:\/\/www.adf.org.br\/home\/#\/schema\/person\/f35a5c5aa7728a3dedf4ea9aa1fc2753","name":"Gabriel Barbosa","image":{"@type":"ImageObject","@id":"https:\/\/www.adf.org.br\/home\/#personlogo","inLanguage":"pt-BR","url":"https:\/\/secure.gravatar.com\/avatar\/2b2cb2f4637682c5605e8d36818f51ef?s=96&d=mm&r=g","contentUrl":"https:\/\/secure.gravatar.com\/avatar\/2b2cb2f4637682c5605e8d36818f51ef?s=96&d=mm&r=g","caption":"Gabriel Barbosa"},"url":"https:\/\/www.adf.org.br\/home\/author\/gabrielpmk-com-br\/"}]}},"_links":{"self":[{"href":"https:\/\/www.adf.org.br\/home\/wp-json\/wp\/v2\/posts\/43791"}],"collection":[{"href":"https:\/\/www.adf.org.br\/home\/wp-json\/wp\/v2\/posts"}],"about":[{"href":"https:\/\/www.adf.org.br\/home\/wp-json\/wp\/v2\/types\/post"}],"author":[{"embeddable":true,"href":"https:\/\/www.adf.org.br\/home\/wp-json\/wp\/v2\/users\/31"}],"replies":[{"embeddable":true,"href":"https:\/\/www.adf.org.br\/home\/wp-json\/wp\/v2\/comments?post=43791"}],"version-history":[{"count":0,"href":"https:\/\/www.adf.org.br\/home\/wp-json\/wp\/v2\/posts\/43791\/revisions"}],"wp:featuredmedia":[{"embeddable":true,"href":"https:\/\/www.adf.org.br\/home\/wp-json\/wp\/v2\/media\/43793"}],"wp:attachment":[{"href":"https:\/\/www.adf.org.br\/home\/wp-json\/wp\/v2\/media?parent=43791"}],"wp:term":[{"taxonomy":"category","embeddable":true,"href":"https:\/\/www.adf.org.br\/home\/wp-json\/wp\/v2\/categories?post=43791"},{"taxonomy":"post_tag","embeddable":true,"href":"https:\/\/www.adf.org.br\/home\/wp-json\/wp\/v2\/tags?post=43791"}],"curies":[{"name":"wp","href":"https:\/\/api.w.org\/{rel}","templated":true}]}}