{"id":43676,"date":"2017-04-26T10:30:18","date_gmt":"2017-04-26T13:30:18","guid":{"rendered":"http:\/\/www.adf.org.br\/home\/?p=43676"},"modified":"2017-04-26T10:30:18","modified_gmt":"2017-04-26T13:30:18","slug":"550-anos","status":"publish","type":"post","link":"https:\/\/www.adf.org.br\/home\/550-anos\/","title":{"rendered":"550 anos! Hoje se celebra da chegada da imagem de Nossa Senhora do Bom Conselho \u00e0 cidade de Genazzano (It\u00e1lia)."},"content":{"rendered":"<figure id=\"attachment_43677\" aria-describedby=\"caption-attachment-43677\" style=\"width: 560px\" class=\"wp-caption aligncenter\"><img loading=\"lazy\" class=\"wp-image-43677\" src=\"http:\/\/www.adf.org.br\/home\/wp-content\/uploads\/2017\/04\/nossa-senhora-do-bom-conselho-de-genazzano.jpg\" alt=\"nossa-senhora-do-bom-conselho-de-genazzano\" width=\"560\" height=\"265\" \/><figcaption id=\"caption-attachment-43677\" class=\"wp-caption-text\">\u00cdcone de Genazzano<\/figcaption><\/figure>\n<p style=\"padding-left: 90px;\"><span style=\"font-family: verdana, geneva, sans-serif; font-size: 12pt; color: #000000;\"><span style=\"color: #ffffff;\">.<\/span><br \/>\n<strong><span style=\"color: #800080;\">Numa pequena localidade da It\u00e1lia a gra\u00e7a faz germinar, em substitui\u00e7\u00e3o a um velho culto pag\u00e3o, uma terna devo\u00e7\u00e3o a Nossa Senhora sob o t\u00edtulo do Bom Conselho.<\/span><\/strong><\/span><\/p>\n<p><span style=\"font-family: verdana, geneva, sans-serif; font-size: 12pt; color: #000000;\"><br \/>\n<span style=\"font-size: 14pt;\"><strong>S<\/strong><\/span>\u00e9culos mais tarde, um reino valoroso se encontra em triste decl\u00ednio. <\/span><\/p>\n<p><span style=\"font-family: verdana, geneva, sans-serif; font-size: 12pt; color: #000000;\">Decl\u00ednio pol\u00edtico e militar, por certo, mas tamb\u00e9m e principalmente decl\u00ednio religioso. <\/span><\/p>\n<p><span style=\"font-family: verdana, geneva, sans-serif; font-size: 12pt; color: #000000;\">Os cat\u00f3licos albaneses oferecem ao Isl\u00e3 a resist\u00eancia ineficaz de um povo tornado t\u00edbio.<\/span><\/p>\n<p><span style=\"font-family: verdana, geneva, sans-serif; font-size: 12pt; color: #000000;\"> Com isto, a vit\u00f3ria das hostes de Mafoma resulta inevit\u00e1vel.<\/span><\/p>\n<p style=\"padding-left: 90px;\"><strong><span style=\"font-family: verdana, geneva, sans-serif; font-size: 12pt; color: #000080;\"><br \/>\nDois homens fi\u00e9is \u00e0 Virgem se sentem perplexos, e v\u00e3o ao santu\u00e1rio nacional da Alb\u00e2nia, em Sc\u00fatari, a fim de implorar \u00e0 imagem d\u00b4Ela que ali se venera um bom conselho;<\/span><\/strong><\/p>\n<p><span style=\"font-family: verdana, geneva, sans-serif; font-size: 12pt; color: #000000;\"><br \/>\nO que fazer, permanecer na na\u00e7\u00e3o dominada pelos turcos, a fim de ali servir \u00e0 Sant\u00edssima Virgem, ou deixar a p\u00e1tria rumo a plagas em que possam viver sem grave perigo para a f\u00e9?<\/span><\/p>\n<p><span style=\"font-family: verdana, geneva, sans-serif; font-size: 12pt; color: #000000;\">O bom conselho implorado lhes foi concedido sob a forma mais estupenda e inesperada. <\/span><\/p>\n<p><span style=\"font-family: verdana, geneva, sans-serif; font-size: 12pt; color: #000000;\">A imagem deixa Sc\u00fatari, e em p\u00f3s dela partem os nossos dois albaneses.<\/span><\/p>\n<p style=\"padding-left: 90px;\"><strong><span style=\"font-family: verdana, geneva, sans-serif; font-size: 12pt; color: #800080;\"><br \/>\nA confirmar a autenticidade e o acerto deste conselho, a sagrada Ef\u00edgie baixa maravilhosamente no local de Genazzano onde se cultuava a M\u00e3e do Bom Conselho.<\/span><\/strong><\/p>\n<h1><span style=\"font-family: verdana, geneva, sans-serif; font-size: 14pt; color: #000080;\"><b><i>Expans\u00e3o universal da devo\u00e7\u00e3o a Nossa Senhora do Bom Conselho<\/i><\/b><\/span><\/h1>\n<div id=\"attachment_8852\" class=\"wp-caption alignleft\">\n<figure id=\"attachment_8852\" aria-describedby=\"caption-attachment-8852\" style=\"width: 249px\" class=\"wp-caption alignleft\"><img loading=\"lazy\" class=\"wp-image-8852 size-medium\" src=\"http:\/\/www.abim.inf.br\/wp-content\/uploads\/2017\/04\/Genazzano-5-249x300.jpg\" alt=\"Quadro que se venera na capela do Col\u00e9gio S\u00e3o Lu\u00eds, em S\u00e3o Paulo\" width=\"249\" height=\"300\" \/><figcaption id=\"caption-attachment-8852\" class=\"wp-caption-text\"><\/span> Quadro que se venera na capela do Col\u00e9gio S\u00e3o Lu\u00eds, em S\u00e3o Paulo<\/figcaption><\/figure>\n<p class=\"wp-caption-text\">\n<\/div>\n<p><span style=\"font-family: verdana, geneva, sans-serif; font-size: 12pt; color: #000000;\">Da\u00ed para diante, a hist\u00f3ria da Madonna trasladada de Sc\u00fatari n\u00e3o foi sen\u00e3o uma sucess\u00e3o de triunfos.<\/span><\/p>\n<p><span style=\"font-family: verdana, geneva, sans-serif; font-size: 12pt; color: #000000;\"> Quer em Genazzano, quer em outras cidades onde reprodu\u00e7\u00f5es do quadro alban\u00eas foram expostas \u00e0 venera\u00e7\u00e3o dos fi\u00e9is;<\/span><\/p>\n<p><strong><span style=\"font-family: verdana, geneva, sans-serif; font-size: 12pt; color: #800080;\"><br \/>\nAs gra\u00e7as de toda ordem se multiplicaram incont\u00e1veis. <\/span><\/strong><\/p>\n<p><span style=\"font-family: verdana, geneva, sans-serif; font-size: 12pt; color: #000000;\"><br \/>\nE entre elas o atendimento frequente das pessoas que, desejosas de um bom conselho, acorrem \u00e0 Virgem, implorando a gra\u00e7a de uma luz para sua perplexidade.<\/span><\/p>\n<p>&nbsp;<\/p>\n<p>&nbsp;<\/p>\n<p><span style=\"font-family: verdana, geneva, sans-serif; font-size: 12pt; color: #000000;\">Entre essas imagens, importa lembrar a que se encontra na cidade de S\u00e3o Paulo, na imponente Capela do Col\u00e9gio S\u00e3o Lu\u00eds, dos RR. PP. Jesu\u00edtas;<\/span><\/p>\n<p><span style=\"font-family: verdana, geneva, sans-serif; font-size: 12pt; color: #000000;\">Pois o modo pelo qual chegou a nosso Pa\u00eds \u00e9 verdadeiramente digno de especial aten\u00e7\u00e3o.<\/span><\/p>\n<p><span style=\"font-family: verdana, geneva, sans-serif; font-size: 12pt; color: #000000;\">Antes de prosseguir conv\u00e9m salientar uma peculiaridade da devo\u00e7\u00e3o a Nossa Senhora de Genazzano.<\/span><\/p>\n<p style=\"padding-left: 90px;\"><strong><span style=\"font-family: verdana, geneva, sans-serif; font-size: 12pt; color: #000080;\"><br \/>\nN\u00e3o \u00e9 poss\u00edvel, com efeito, tratar d\u00b4Ela sem p\u00f4r em realce uma de suas peculiaridades mais importantes. <\/span><\/strong><\/p>\n<p><span style=\"font-family: verdana, geneva, sans-serif; font-size: 12pt; color: #000000;\"><br \/>\nMuitas das pessoas que recorrem \u00e0 Virgem diante da Imagem de Genazzano ou de r\u00e9plicas desta, t\u00eam afirmado que o semblante da Senhora lhes \u201cresponde\u201d \u00e0s ora\u00e7\u00f5es. <\/span><\/p>\n<p><span style=\"font-family: verdana, geneva, sans-serif; font-size: 12pt; color: #000000;\">N\u00e3o que o fa\u00e7a falando ou movendo-se, o que constituiria manifesto milagre. <\/span><\/p>\n<p><span style=\"font-family: verdana, geneva, sans-serif; font-size: 12pt; color: #000000;\">Mas, sem nenhuma altera\u00e7\u00e3o propriamente miraculosa, algo do olhar e da express\u00e3o da Divina M\u00e3e toma car\u00e1ter particularmente vivo e impregnado de maternal alegria quando o fiel \u00e9 atendido. <\/span><\/p>\n<p><span style=\"font-family: verdana, geneva, sans-serif; font-size: 12pt; color: #000000;\">E \u00e9 \u00e0 multiplica\u00e7\u00e3o deste favor que em boa parte se deve a expans\u00e3o universal da devo\u00e7\u00e3o a Nossa Senhora do Bom Conselho de Genazzano.<\/span><\/p>\n<p><span style=\"font-family: verdana, geneva, sans-serif; font-size: 12pt; color: #000000;\"><b><i>\u00a0<\/i><\/b><\/span><\/p>\n<h1><span style=\"font-family: verdana, geneva, sans-serif; font-size: 14pt; color: #000080;\"><b><i>A humanidade precisa como nunca de um bom conselho<\/i><\/b><\/span><\/h1>\n<p><span style=\"font-family: verdana, geneva, sans-serif; font-size: 12pt; color: #000000;\"><a style=\"color: #000000;\" href=\"http:\/\/www.abim.inf.br\/wp-content\/uploads\/2017\/04\/PRC-Genazzano-8.jpg\"><img loading=\"lazy\" class=\"alignright size-medium wp-image-8853\" src=\"http:\/\/www.abim.inf.br\/wp-content\/uploads\/2017\/04\/PRC-Genazzano-8-229x300.jpg\" alt=\"Nossa Senhora do Bom Conselho\" width=\"229\" height=\"300\" \/><\/a>Qual a atualidade desta devo\u00e7\u00e3o? <\/span><\/p>\n<p><span style=\"font-family: verdana, geneva, sans-serif; font-size: 12pt; color: #800080;\">Sem d\u00favida, em nossa \u00e9poca t\u00e3o aflita e conturbada, incont\u00e1veis s\u00e3o as almas que precisam, a este ou aquele t\u00edtulo, de um bom conselho.<\/span><\/p>\n<p><span style=\"font-family: verdana, geneva, sans-serif; font-size: 12pt; color: #000000;\"> Nada de melhor podem elas fazer do que implorar o aux\u00edlio d\u00b4Aquela que a Santa Igreja, na Ladainha lauretana, invoca como <i>Mater Boni Consilii<\/i>.<\/span><\/p>\n<p><span style=\"font-family: verdana, geneva, sans-serif; font-size: 12pt; color: #000000;\">Entretanto, cumpre ponderar que um conselho \u00e9 de tanto maior valia quanto maior for a import\u00e2ncia do assunto sobre o qual versa.<\/span><\/p>\n<p><span style=\"font-family: verdana, geneva, sans-serif; font-size: 12pt; color: #000000;\">Por isto, supremamente importantes s\u00e3o para cada um os conselhos necess\u00e1rios para conhecer a respeito de si mesmo;<\/span><\/p>\n<p><span style=\"font-family: verdana, geneva, sans-serif; font-size: 12pt; color: #000000;\">Dentro da tempestade de trevas do s\u00e9culo XX, os des\u00edgnios de Nossa Senhora e os meios aptos para os realizar.<\/span><\/p>\n<p><span style=\"font-family: verdana, geneva, sans-serif; font-size: 12pt; color: #000000;\">Aqui est\u00e1 um primeiro t\u00edtulo para se afirmar a particular atualidade da devo\u00e7\u00e3o a Nossa Senhora de Genazzano neste s\u00e9culo que poder\u00e1 passar para a Hist\u00f3ria como o s\u00e9culo da confus\u00e3o.<\/span><\/p>\n<p><span style=\"font-family: verdana, geneva, sans-serif; font-size: 12pt; color: #000000;\">Todavia, se alargarmos nossos horizontes para al\u00e9m da esfera individual;<\/span><\/p>\n<p style=\"padding-left: 90px;\"><strong><span style=\"font-family: verdana, geneva, sans-serif; font-size: 12pt; color: #800080;\"><br \/>\nE considerarmos numa perspectiva hist\u00f3rica a crise pela qual hoje passa a Igreja de Deus;<\/span><\/strong><\/p>\n<p><span style=\"font-family: verdana, geneva, sans-serif; font-size: 12pt; color: #000000;\"><br \/>\nN\u00e3o poderemos deixar de ponderar que ainda aqui a humanidade precisa como nunca de um bom conselho da Virgem das Virgens.<\/span><\/p>\n<p>&nbsp;<\/p>\n<h1><span style=\"font-family: verdana, geneva, sans-serif; font-size: 14pt; color: #000080;\"><b><i>N\u00e3o sucumbir aos erros espalhados pelo comunismo<\/i><\/b><\/span><\/h1>\n<figure id=\"attachment_8854\" aria-describedby=\"caption-attachment-8854\" style=\"width: 300px\" class=\"wp-caption alignleft\"><img loading=\"lazy\" class=\"wp-image-8854 size-medium\" src=\"http:\/\/www.abim.inf.br\/wp-content\/uploads\/2017\/04\/PRC-Genazzano-3-300x200.jpg\" alt=\"Nossa Senhora do Bom Conselho\" width=\"300\" height=\"200\" \/><figcaption id=\"caption-attachment-8854\" class=\"wp-caption-text\">Igreja Nossa Senhora do Bom Conselho<\/figcaption><\/figure>\n<p><span style=\"font-family: verdana, geneva, sans-serif; font-size: 12pt; color: #000000;\">Encontramo-nos no \u00e1pice de um processo hist\u00f3rico oriundo, na Idade M\u00e9dia;<\/span><\/p>\n<p><span style=\"font-family: verdana, geneva, sans-serif; font-size: 12pt; color: #000080;\">De uma explos\u00e3o de orgulho e de sensualidade. <\/span><\/p>\n<p><span style=\"font-family: verdana, geneva, sans-serif; font-size: 12pt; color: #000000;\">Desta explos\u00e3o nasceram nos s\u00e9culos XV e XVI o Humanismo, a Renascen\u00e7a e a Pseudo-Reforma protestante.<\/span><\/p>\n<p><span style=\"font-family: verdana, geneva, sans-serif; font-size: 12pt; color: #000000;\">Os vagalh\u00f5es produzidos por esses movimentos se projetaram da esfera filos\u00f3fica, cultural e religiosa para a esfera pol\u00edtica e social, ocasionando, no s\u00e9culo XVIII, a Revolu\u00e7\u00e3o Francesa \u00edmpia e igualit\u00e1ria. <\/span><\/p>\n<p><span style=\"font-family: verdana, geneva, sans-serif; font-size: 12pt; color: #000000;\">Esta por sua vez se desdobrou ao longo do s\u00e9culo XIX em movimentos de \u00edndole at\u00e9ia, laicista e revolucion\u00e1ria;<\/span><\/p>\n<p><span style=\"font-family: verdana, geneva, sans-serif; font-size: 12pt; color: #000000;\">Que culminaram na eclos\u00e3o do comunismo, revolu\u00e7\u00e3o social e econ\u00f4mica que por sua vez amea\u00e7a tragar o mundo inteiro.<\/span><\/p>\n<p><span style=\"font-family: verdana, geneva, sans-serif; font-size: 12pt; color: #000000;\">No v\u00e9rtice deste processo, a alternativa se imp\u00f5e:<\/span><\/p>\n<blockquote><p><span style=\"font-family: verdana, geneva, sans-serif; font-size: 12pt; color: #800080;\"><br \/>\nOu sucumbimos ao comunismo como outrora a Alb\u00e2nia ao islamismo;<\/span><\/p>\n<p><span style=\"font-family: verdana, geneva, sans-serif; font-size: 12pt; color: #800080;\">Ou renunciamos inteiramente ao orgulho e \u00e0 sensualidade, extirpando-lhes todos os efeitos, quer na vida religiosa, quer na vida temporal;<\/span><\/p>\n<p><span style=\"font-family: verdana, geneva, sans-serif; font-size: 12pt; color: #800080;\">Efeitos estes dos quais o comunismo n\u00e3o \u00e9 sen\u00e3o a consequ\u00eancia supremamente l\u00f3gica e supremamente maligna. <\/span><\/p><\/blockquote>\n<p><span style=\"font-family: verdana, geneva, sans-serif; font-size: 12pt; color: #000000;\"><br \/>\nMas a rejei\u00e7\u00e3o efetiva e completa de um imenso pecado sup\u00f5e uma imensa contri\u00e7\u00e3o. <\/span><\/p>\n<p><span style=\"font-family: verdana, geneva, sans-serif; font-size: 12pt; color: #000000;\">E uma imensa contri\u00e7\u00e3o sup\u00f5e uma imensa apet\u00eancia da perfei\u00e7\u00e3o na virtude contra a qual se pecou.<\/span><\/p>\n<p><span style=\"font-family: verdana, geneva, sans-serif; font-size: 12pt; color: #000000;\">Assim, a op\u00e7\u00e3o para o mundo moderno \u00e9 entre um porvir tenebroso, feito das \u00faltimas capitula\u00e7\u00f5es ante os extremos do erro e do mal;<\/span><\/p>\n<p style=\"padding-left: 90px;\"><strong><span style=\"font-family: verdana, geneva, sans-serif; font-size: 12pt; color: #800080;\"><br \/>\nE o abra\u00e7ar entusi\u00e1stico da plenitude da verdade e do bem.<\/span><\/strong><\/p>\n<p><span style=\"font-family: verdana, geneva, sans-serif; font-size: 12pt; color: #000000;\"><br \/>\nComo mover a humanidade, de tal maneira atolada no processo hist\u00f3rico que a vem impelindo h\u00e1 tantos s\u00e9culos;<\/span><\/p>\n<p style=\"padding-left: 90px;\"><strong><span style=\"font-family: verdana, geneva, sans-serif; font-size: 12pt; color: #800080;\"><br \/>\nA empreender a trajet\u00f3ria do filho pr\u00f3digo rumo \u00e0 casa paterna?<\/span><\/strong><\/p>\n<p><span style=\"font-family: verdana, geneva, sans-serif; font-size: 12pt; color: #000000;\"><br \/>\nSem um possante aux\u00edlio da gra\u00e7a, a falar no interior de incont\u00e1veis almas, isto n\u00e3o se pode conseguir. <\/span><\/p>\n<p><span style=\"font-family: verdana, geneva, sans-serif; font-size: 12pt; color: #000000;\">Esse bom conselho a ser proferido no \u00edntimo de cada cora\u00e7\u00e3o para a salva\u00e7\u00e3o da humanidade;<\/span><\/p>\n<p style=\"padding-left: 90px;\"><strong><span style=\"font-family: verdana, geneva, sans-serif; font-size: 12pt; color: #800080;\"><br \/>\nQue melhor modo h\u00e1 de obt\u00ea-lo sen\u00e3o implorando \u00e0 M\u00e3e do Bom Conselho para que;<\/span><\/strong><\/p>\n<p><span style=\"font-family: verdana, geneva, sans-serif; font-size: 12pt; color: #000000;\"><br \/>\nPor uma gra\u00e7a nova, converta o b\u00e1rbaro super-civilizado do s\u00e9culo XX? <\/span><\/p>\n<p><span style=\"font-family: verdana, geneva, sans-serif; font-size: 12pt; color: #000000;\">S\u00f3 assim poder\u00e1 este, \u00e0 maneira do b\u00e1rbaro sub-civilizado do s\u00e9culo V;<\/span><\/p>\n<p style=\"padding-left: 90px;\"><strong><span style=\"font-family: verdana, geneva, sans-serif; font-size: 12pt; color: #000080;\"><i><br \/>\n\u201cQueimar o que adorou e adorar o que queimou\u201d.<\/i> <\/span><\/strong><\/p>\n<p><span style=\"font-family: verdana, geneva, sans-serif; font-size: 12pt; color: #000000;\"><br \/>\nE s\u00f3 assim poder\u00e1 ter origem uma nova e ainda mais esplendorosa era de f\u00e9.<\/span><\/p>\n<p><span style=\"font-family: verdana, geneva, sans-serif; font-size: 12pt; color: #000000;\">Esse \u00e9 o bom conselho por excel\u00eancia que os devotos de Maria devem pedir para si e para todos os homens nos dias que correm.<\/span><\/p>\n<figure id=\"attachment_8855\" aria-describedby=\"caption-attachment-8855\" style=\"width: 491px\" class=\"wp-caption aligncenter\"><img loading=\"lazy\" class=\"wp-image-8855\" src=\"http:\/\/www.abim.inf.br\/wp-content\/uploads\/2017\/04\/PRC-Genazzano-5-1024x683.jpg\" alt=\"Nossa Senhora do Bom Conselho\" width=\"491\" height=\"328\" \/><figcaption id=\"caption-attachment-8855\" class=\"wp-caption-text\">Altar de Nossa Senhora do Bom Conselho<\/figcaption><\/figure>\n<h1><span style=\"font-family: verdana, geneva, sans-serif; font-size: 14pt; color: #000080;\"><b><i>Erros crassos encontram livre tr\u00e2nsito nos ambientes cat\u00f3licos<\/i><\/b><\/span><\/h1>\n<p><span style=\"font-family: verdana, geneva, sans-serif; font-size: 12pt; color: #000000;\">Parecer\u00e1 talvez excessivo, a alguns leitores, que afirmemos ser este o s\u00e9culo mais confuso da Hist\u00f3ria.<\/span><\/p>\n<p><span style=\"font-family: verdana, geneva, sans-serif; font-size: 12pt; color: #000000;\"> No entanto, entre as m\u00faltiplas provas que a asser\u00e7\u00e3o comporta, \u00e9 mister sobrelevar uma, a qual por si s\u00f3 justifica nossa afirma\u00e7\u00e3o.<\/span><\/p>\n<p><span style=\"font-family: verdana, geneva, sans-serif; font-size: 12pt; color: #000000;\">Com efeito, seria dif\u00edcil contestar que em algum tempo a confus\u00e3o tenha sido maior nos meios cat\u00f3licos, do que no nosso.<\/span><\/p>\n<blockquote><p><span style=\"font-family: verdana, geneva, sans-serif; font-size: 12pt; color: #000080;\"><br \/>\nPor certo, houve \u00e9pocas em que a Igreja pareceu afetada por uma confus\u00e3o mais grave.<\/span><\/p>\n<p><span style=\"font-family: verdana, geneva, sans-serif; font-size: 12pt; color: #000080;\"> Assim, as crises ao longo das quais os antipapas dilaceravam o Corpo M\u00edstico de Cristo;<\/span><\/p>\n<p><span style=\"font-family: verdana, geneva, sans-serif; font-size: 12pt; color: #000080;\">Ou a luta das Investiduras que cindiu durante muito tempo o Ocidente crist\u00e3o, lan\u00e7ando o Sacro Imp\u00e9rio contra o Papado. <\/span><\/p><\/blockquote>\n<p><span style=\"font-family: verdana, geneva, sans-serif; font-size: 12pt; color: #000000;\"><br \/>\nMas essas crises, ou eram mais de rivalidades pessoais que de princ\u00edpios;<\/span><\/p>\n<p><span style=\"font-family: verdana, geneva, sans-serif; font-size: 12pt; color: #000000;\">Ou punham em jogo apenas alguns princ\u00edpios, se bem que b\u00e1sicos, da doutrina cat\u00f3lica.<\/span><\/p>\n<p><span style=\"font-family: verdana, geneva, sans-serif; font-size: 12pt; color: #000000;\">Presentemente, pelo contr\u00e1rio, n\u00e3o h\u00e1 erro, por mais crasso e rotundo, que n\u00e3o procure revestir-se de uma roupagem mais ou menos nova para obter livre tr\u00e2nsito nos ambientes cat\u00f3licos. <\/span><\/p>\n<p style=\"padding-left: 90px;\"><strong><span style=\"font-family: verdana, geneva, sans-serif; font-size: 12pt; color: #000080;\"><br \/>\nPode-se dizer que assistimos em nosso pr\u00f3prio meio ao desfile de todos os erros, faceiramente disfar\u00e7ados com pele de ovelha;<\/span><\/strong><\/p>\n<p><span style=\"font-family: verdana, geneva, sans-serif; font-size: 12pt; color: #000000;\"><br \/>\nA solicitar a ades\u00e3o de cat\u00f3licos incautos, superficiais, ou pouco amorosos de nossa F\u00e9.<\/span><\/p>\n<figure id=\"attachment_8856\" aria-describedby=\"caption-attachment-8856\" style=\"width: 553px\" class=\"wp-caption aligncenter\"><img loading=\"lazy\" class=\"wp-image-8856\" src=\"http:\/\/www.abim.inf.br\/wp-content\/uploads\/2017\/04\/PRC-Genazzano-9-1024x471.jpg\" alt=\"Nossa Senhora do Bom Conselho\" width=\"553\" height=\"255\" \/><figcaption id=\"caption-attachment-8856\" class=\"wp-caption-text\">Nossa Senhora do Bom Conselho<\/figcaption><\/figure>\n<h1><span style=\"font-family: verdana, geneva, sans-serif; font-size: 14pt; color: #000080;\"><b><i>Quando nos ambientes cat\u00f3licos sopra a confus\u00e3o\u2026<\/i><\/b><\/span><\/h1>\n<p><span style=\"font-family: verdana, geneva, sans-serif; font-size: 12pt; color: #000000;\">E, ante essas manobras quantas concess\u00f5es, quanta falsa prud\u00eancia, quanto criminoso namoriscar com a heterodoxia!<\/span><\/p>\n<p><span style=\"font-family: verdana, geneva, sans-serif; font-size: 12pt; color: #000000;\"> Nesta atmosfera, que j\u00e1 sugeriu a Paulo VI algumas graves advert\u00eancias;<\/span><\/p>\n<p style=\"padding-left: 90px;\"><strong><span style=\"font-family: verdana, geneva, sans-serif; font-size: 12pt; color: #800080;\"><br \/>\nA confus\u00e3o \u00e9 t\u00e3o grande, que em n\u00e3o poucos c\u00edrculos os cat\u00f3licos zelosos da ortodoxia s\u00e3o mal vistos e suspeitos;<\/span><\/strong><\/p>\n<p><span style=\"font-family: verdana, geneva, sans-serif; font-size: 12pt; color: #000000;\"><br \/>\nEnquanto a turbamulta das v\u00edtimas dos erros embu\u00e7ados se porta com a desenvoltura de quem fosse dono da casa! <\/span><\/p>\n<p><span style=\"font-family: verdana, geneva, sans-serif; font-size: 12pt; color: #000000;\">Tra\u00e7ado este quadro, pensamos com afeto e com apreens\u00e3o nas muitas almas modestas a quem as circunst\u00e2ncias da vida n\u00e3o permitem maiores estudos religiosos.<\/span><\/p>\n<p style=\"padding-left: 90px;\"><strong><span style=\"font-family: verdana, geneva, sans-serif; font-size: 12pt; color: #800080;\"><br \/>\nQu\u00e3o necess\u00e1rio lhes \u00e9 o bom conselho de Nossa Senhora, para vencer a confus\u00e3o!<\/span><\/strong><\/p>\n<p><span style=\"font-family: verdana, geneva, sans-serif; font-size: 12pt; color: #000000;\"><br \/>\nA Igreja pode dizer de Si, analogicamente, as palavras de Nosso Senhor: <\/span><\/p>\n<p style=\"padding-left: 90px;\"><strong><span style=\"font-family: verdana, geneva, sans-serif; font-size: 12pt; color: #000080;\"><i><br \/>\n\u201cEu sou o Caminho, a Verdade e a Vida\u201d<\/i> (Jo.14,6). <\/span><\/strong><\/p>\n<p><span style=\"font-family: verdana, geneva, sans-serif; font-size: 12pt; color: #000000;\"><br \/>\nSe nos ambientes cat\u00f3licos sopra a confus\u00e3o, \u00e9 inevit\u00e1vel que esta se estenda por todos os outros dom\u00ednios da exist\u00eancia.<\/span><\/p>\n<p><span style=\"font-family: verdana, geneva, sans-serif; font-size: 12pt; color: #000000;\"> E na Igreja n\u00e3o pode haver confus\u00e3o pior do que a dos princ\u00edpios.<\/span><\/p>\n<p><span style=\"font-family: verdana, geneva, sans-serif; font-size: 12pt; color: #000000;\">\u00c9 natural, pois, que afirmemos ser nosso s\u00e9culo o s\u00e9culo da confus\u00e3o, e que de nossos l\u00e1bios se evole para a M\u00e3e de Deus uma s\u00faplica:<\/span><\/p>\n<h5 style=\"padding-left: 90px;\"><strong><span style=\"font-family: verdana, geneva, sans-serif; font-size: 12pt; color: #800080;\"><br \/>\nNossa Senhora do Bom Conselho, rogai por n\u00f3s, e ajudai-nos a permanecer fi\u00e9is ao Caminho, \u00e0 Verdade e \u00e0 Vida, em meio a tanto extravio, a tanto embuste e a tanta morte.<\/span><\/strong><\/h5>\n<p><span style=\"font-family: verdana, geneva, sans-serif; font-size: 12pt; color: #000000;\"><br \/>\n<span style=\"color: #ffffff;\">.<\/span><\/span><br \/>\n<em><span style=\"font-family: verdana, geneva, sans-serif; font-size: 10pt; color: #000000;\">Fonte:\u00a0abim.inf.br<\/span><\/em><\/p>\n<p style=\"text-align: center;\"><span style=\"font-family: verdana, geneva, sans-serif; font-size: 12pt; color: #ffffff;\">.<\/span><br \/>\n<span style=\"font-family: verdana, geneva, sans-serif; font-size: 12pt; color: #ffffff;\">.<\/span><br \/>\n<strong><span style=\"font-family: verdana, geneva, sans-serif; font-size: 12pt; color: #000000;\">* \u00a0* \u00a0*<\/span><\/strong><\/p>\n<p><span style=\"font-family: verdana, geneva, sans-serif; font-size: 12pt; color: #ffffff;\">.<\/span><\/p>\n<p style=\"text-align: center;\"><span style=\"font-family: verdana, geneva, sans-serif; font-size: 12pt; color: #000000;\">Receba Gra\u00e7as e Ben\u00e7\u00e3o de Nossa Senhora agora mesmo<\/span><\/p>\n<h5 style=\"text-align: center;\"><span style=\"font-family: verdana, geneva, sans-serif; font-size: 12pt; color: #000000;\">Veja como receber sua Medalha Milagrosa pelos correios agora mesmo.<\/span><\/h5>\n<p style=\"text-align: center;\"><span style=\"font-family: verdana, geneva, sans-serif; font-size: 12pt; color: #000000;\"><strong><span style=\"color: #0000ff;\"><a style=\"color: #0000ff;\" href=\"http:\/\/oratoriodamedalhamilagrosa.org.br\/home\/acenda-sua-vela-30\/?origem=1025\" target=\"_blank\" rel=\"noopener noreferrer\">Clique aqui<\/a><\/span><\/strong> e confira.<\/span><\/p>\n<p style=\"text-align: center;\"><span style=\"font-size: 8pt; color: #ffffff;\">.<\/span><br \/>\n<span style=\"font-size: 8pt; color: #ffffff;\">.<\/span><\/p>\n<figure id=\"attachment_35437\" aria-describedby=\"caption-attachment-35437\" style=\"width: 400px\" class=\"wp-caption aligncenter\"><a href=\"http:\/\/oratoriodamedalhamilagrosa.org.br\/home\/acenda-sua-vela-30\/?origem=1025\" target=\"_blank\" rel=\"noopener noreferrer\"><img loading=\"lazy\" class=\"wp-image-35437 size-full\" title=\"Clique aqui e receba a Medalha Milagrosa\" src=\"http:\/\/www.adf.org.br\/home\/wp-content\/uploads\/2015\/11\/banner_medalha_milagrosa13.gif\" alt=\"Clique aqui para receber sua Medalha Milagrosa pelos correios.\" width=\"400\" height=\"146\" \/><\/a><figcaption id=\"caption-attachment-35437\" class=\"wp-caption-text\">Clique aqui para receber sua Medalha Milagrosa pelos correios.<\/figcaption><\/figure>\n<p><span style=\"color: #0000ff;\"><strong style=\"color: #0000ff;\"><span style=\"color: #ffffff;\">.<\/span><\/strong><\/span><\/p>\n<p>&nbsp;<\/p>\n","protected":false},"excerpt":{"rendered":"<p>Numa pequena localidade da It\u00e1lia a gra\u00e7a faz germinar, em substitui\u00e7\u00e3o a um velho culto pag\u00e3o, uma terna devo\u00e7\u00e3o a Nossa Senhora sob o t\u00edtulo do Bom Conselho.<\/p>\n","protected":false},"author":31,"featured_media":43678,"comment_status":"open","ping_status":"open","sticky":false,"template":"","format":"standard","meta":[],"categories":[20],"tags":[1952,2220,38,1918],"yoast_head":"<!-- This site is optimized with the Yoast SEO plugin v17.4 - https:\/\/yoast.com\/wordpress\/plugins\/seo\/ -->\n<title>550 anos! Hoje se celebra da chegada de Nossa senhora.<\/title>\n<meta name=\"description\" content=\"550 anos! Hoje se celebra da chegada da imagem de Nossa Senhora do bom Conselho \u00e0 cidade de Genazzano (It\u00e1lia)\" \/>\n<meta name=\"robots\" content=\"index, follow, max-snippet:-1, max-image-preview:large, max-video-preview:-1\" \/>\n<link rel=\"canonical\" href=\"https:\/\/www.adf.org.br\/home\/550-anos\/\" \/>\n<meta property=\"og:locale\" content=\"pt_BR\" \/>\n<meta property=\"og:type\" content=\"article\" \/>\n<meta property=\"og:title\" content=\"550 anos! Hoje se celebra da chegada de Nossa senhora.\" \/>\n<meta property=\"og:description\" content=\"550 anos! Hoje se celebra da chegada da imagem de Nossa Senhora do bom Conselho \u00e0 cidade de Genazzano (It\u00e1lia)\" \/>\n<meta property=\"og:url\" content=\"https:\/\/www.adf.org.br\/home\/550-anos\/\" \/>\n<meta property=\"og:site_name\" content=\"Associa\u00e7\u00e3o Devotos de F\u00e1tima\" \/>\n<meta property=\"article:published_time\" content=\"2017-04-26T13:30:18+00:00\" \/>\n<meta name=\"twitter:card\" content=\"summary_large_image\" \/>\n<meta name=\"twitter:label1\" content=\"Escrito por\" \/>\n\t<meta name=\"twitter:data1\" content=\"Gabriel Barbosa\" \/>\n\t<meta name=\"twitter:label2\" content=\"Est. tempo de leitura\" \/>\n\t<meta name=\"twitter:data2\" content=\"9 minutos\" \/>\n<script type=\"application\/ld+json\" class=\"yoast-schema-graph\">{\"@context\":\"https:\/\/schema.org\",\"@graph\":[{\"@type\":\"WebSite\",\"@id\":\"https:\/\/www.adf.org.br\/home\/#website\",\"url\":\"https:\/\/www.adf.org.br\/home\/\",\"name\":\"Associa\\u00e7\\u00e3o Devotos de F\\u00e1tima\",\"description\":\"Associa\\u00e7\\u00e3o Devotos de F\\u00e1tima\",\"potentialAction\":[{\"@type\":\"SearchAction\",\"target\":{\"@type\":\"EntryPoint\",\"urlTemplate\":\"https:\/\/www.adf.org.br\/home\/?s={search_term_string}\"},\"query-input\":\"required name=search_term_string\"}],\"inLanguage\":\"pt-BR\"},{\"@type\":\"ImageObject\",\"@id\":\"https:\/\/www.adf.org.br\/home\/550-anos\/#primaryimage\",\"inLanguage\":\"pt-BR\",\"url\":\"\",\"contentUrl\":\"\"},{\"@type\":\"WebPage\",\"@id\":\"https:\/\/www.adf.org.br\/home\/550-anos\/#webpage\",\"url\":\"https:\/\/www.adf.org.br\/home\/550-anos\/\",\"name\":\"550 anos! Hoje se celebra da chegada de Nossa senhora.\",\"isPartOf\":{\"@id\":\"https:\/\/www.adf.org.br\/home\/#website\"},\"primaryImageOfPage\":{\"@id\":\"https:\/\/www.adf.org.br\/home\/550-anos\/#primaryimage\"},\"datePublished\":\"2017-04-26T13:30:18+00:00\",\"dateModified\":\"2017-04-26T13:30:18+00:00\",\"author\":{\"@id\":\"https:\/\/www.adf.org.br\/home\/#\/schema\/person\/f35a5c5aa7728a3dedf4ea9aa1fc2753\"},\"description\":\"550 anos! Hoje se celebra da chegada da imagem de Nossa Senhora do bom Conselho \\u00e0 cidade de Genazzano (It\\u00e1lia)\",\"breadcrumb\":{\"@id\":\"https:\/\/www.adf.org.br\/home\/550-anos\/#breadcrumb\"},\"inLanguage\":\"pt-BR\",\"potentialAction\":[{\"@type\":\"ReadAction\",\"target\":[\"https:\/\/www.adf.org.br\/home\/550-anos\/\"]}]},{\"@type\":\"BreadcrumbList\",\"@id\":\"https:\/\/www.adf.org.br\/home\/550-anos\/#breadcrumb\",\"itemListElement\":[{\"@type\":\"ListItem\",\"position\":1,\"name\":\"Home\",\"item\":\"https:\/\/www.adf.org.br\/home\/\"},{\"@type\":\"ListItem\",\"position\":2,\"name\":\"550 anos! Hoje se celebra da chegada da imagem de Nossa Senhora do Bom Conselho \\u00e0 cidade de Genazzano (It\\u00e1lia).\"}]},{\"@type\":\"Person\",\"@id\":\"https:\/\/www.adf.org.br\/home\/#\/schema\/person\/f35a5c5aa7728a3dedf4ea9aa1fc2753\",\"name\":\"Gabriel Barbosa\",\"image\":{\"@type\":\"ImageObject\",\"@id\":\"https:\/\/www.adf.org.br\/home\/#personlogo\",\"inLanguage\":\"pt-BR\",\"url\":\"https:\/\/secure.gravatar.com\/avatar\/2b2cb2f4637682c5605e8d36818f51ef?s=96&d=mm&r=g\",\"contentUrl\":\"https:\/\/secure.gravatar.com\/avatar\/2b2cb2f4637682c5605e8d36818f51ef?s=96&d=mm&r=g\",\"caption\":\"Gabriel Barbosa\"},\"url\":\"https:\/\/www.adf.org.br\/home\/author\/gabrielpmk-com-br\/\"}]}<\/script>\n<!-- \/ Yoast SEO plugin. -->","yoast_head_json":{"title":"550 anos! Hoje se celebra da chegada de Nossa senhora.","description":"550 anos! Hoje se celebra da chegada da imagem de Nossa Senhora do bom Conselho \u00e0 cidade de Genazzano (It\u00e1lia)","robots":{"index":"index","follow":"follow","max-snippet":"max-snippet:-1","max-image-preview":"max-image-preview:large","max-video-preview":"max-video-preview:-1"},"canonical":"https:\/\/www.adf.org.br\/home\/550-anos\/","og_locale":"pt_BR","og_type":"article","og_title":"550 anos! Hoje se celebra da chegada de Nossa senhora.","og_description":"550 anos! Hoje se celebra da chegada da imagem de Nossa Senhora do bom Conselho \u00e0 cidade de Genazzano (It\u00e1lia)","og_url":"https:\/\/www.adf.org.br\/home\/550-anos\/","og_site_name":"Associa\u00e7\u00e3o Devotos de F\u00e1tima","article_published_time":"2017-04-26T13:30:18+00:00","twitter_card":"summary_large_image","twitter_misc":{"Escrito por":"Gabriel Barbosa","Est. tempo de leitura":"9 minutos"},"schema":{"@context":"https:\/\/schema.org","@graph":[{"@type":"WebSite","@id":"https:\/\/www.adf.org.br\/home\/#website","url":"https:\/\/www.adf.org.br\/home\/","name":"Associa\u00e7\u00e3o Devotos de F\u00e1tima","description":"Associa\u00e7\u00e3o Devotos de F\u00e1tima","potentialAction":[{"@type":"SearchAction","target":{"@type":"EntryPoint","urlTemplate":"https:\/\/www.adf.org.br\/home\/?s={search_term_string}"},"query-input":"required name=search_term_string"}],"inLanguage":"pt-BR"},{"@type":"ImageObject","@id":"https:\/\/www.adf.org.br\/home\/550-anos\/#primaryimage","inLanguage":"pt-BR","url":"","contentUrl":""},{"@type":"WebPage","@id":"https:\/\/www.adf.org.br\/home\/550-anos\/#webpage","url":"https:\/\/www.adf.org.br\/home\/550-anos\/","name":"550 anos! Hoje se celebra da chegada de Nossa senhora.","isPartOf":{"@id":"https:\/\/www.adf.org.br\/home\/#website"},"primaryImageOfPage":{"@id":"https:\/\/www.adf.org.br\/home\/550-anos\/#primaryimage"},"datePublished":"2017-04-26T13:30:18+00:00","dateModified":"2017-04-26T13:30:18+00:00","author":{"@id":"https:\/\/www.adf.org.br\/home\/#\/schema\/person\/f35a5c5aa7728a3dedf4ea9aa1fc2753"},"description":"550 anos! Hoje se celebra da chegada da imagem de Nossa Senhora do bom Conselho \u00e0 cidade de Genazzano (It\u00e1lia)","breadcrumb":{"@id":"https:\/\/www.adf.org.br\/home\/550-anos\/#breadcrumb"},"inLanguage":"pt-BR","potentialAction":[{"@type":"ReadAction","target":["https:\/\/www.adf.org.br\/home\/550-anos\/"]}]},{"@type":"BreadcrumbList","@id":"https:\/\/www.adf.org.br\/home\/550-anos\/#breadcrumb","itemListElement":[{"@type":"ListItem","position":1,"name":"Home","item":"https:\/\/www.adf.org.br\/home\/"},{"@type":"ListItem","position":2,"name":"550 anos! Hoje se celebra da chegada da imagem de Nossa Senhora do Bom Conselho \u00e0 cidade de Genazzano (It\u00e1lia)."}]},{"@type":"Person","@id":"https:\/\/www.adf.org.br\/home\/#\/schema\/person\/f35a5c5aa7728a3dedf4ea9aa1fc2753","name":"Gabriel Barbosa","image":{"@type":"ImageObject","@id":"https:\/\/www.adf.org.br\/home\/#personlogo","inLanguage":"pt-BR","url":"https:\/\/secure.gravatar.com\/avatar\/2b2cb2f4637682c5605e8d36818f51ef?s=96&d=mm&r=g","contentUrl":"https:\/\/secure.gravatar.com\/avatar\/2b2cb2f4637682c5605e8d36818f51ef?s=96&d=mm&r=g","caption":"Gabriel Barbosa"},"url":"https:\/\/www.adf.org.br\/home\/author\/gabrielpmk-com-br\/"}]}},"_links":{"self":[{"href":"https:\/\/www.adf.org.br\/home\/wp-json\/wp\/v2\/posts\/43676"}],"collection":[{"href":"https:\/\/www.adf.org.br\/home\/wp-json\/wp\/v2\/posts"}],"about":[{"href":"https:\/\/www.adf.org.br\/home\/wp-json\/wp\/v2\/types\/post"}],"author":[{"embeddable":true,"href":"https:\/\/www.adf.org.br\/home\/wp-json\/wp\/v2\/users\/31"}],"replies":[{"embeddable":true,"href":"https:\/\/www.adf.org.br\/home\/wp-json\/wp\/v2\/comments?post=43676"}],"version-history":[{"count":0,"href":"https:\/\/www.adf.org.br\/home\/wp-json\/wp\/v2\/posts\/43676\/revisions"}],"wp:featuredmedia":[{"embeddable":true,"href":"https:\/\/www.adf.org.br\/home\/wp-json\/wp\/v2\/media\/43678"}],"wp:attachment":[{"href":"https:\/\/www.adf.org.br\/home\/wp-json\/wp\/v2\/media?parent=43676"}],"wp:term":[{"taxonomy":"category","embeddable":true,"href":"https:\/\/www.adf.org.br\/home\/wp-json\/wp\/v2\/categories?post=43676"},{"taxonomy":"post_tag","embeddable":true,"href":"https:\/\/www.adf.org.br\/home\/wp-json\/wp\/v2\/tags?post=43676"}],"curies":[{"name":"wp","href":"https:\/\/api.w.org\/{rel}","templated":true}]}}