{"id":43659,"date":"2017-04-29T00:00:03","date_gmt":"2017-04-29T03:00:03","guid":{"rendered":"http:\/\/www.adf.org.br\/home\/?p=43659"},"modified":"2017-04-29T00:00:03","modified_gmt":"2017-04-29T03:00:03","slug":"curada-por-intercessao","status":"publish","type":"post","link":"https:\/\/www.adf.org.br\/home\/curada-por-intercessao\/","title":{"rendered":"Crian\u00e7a curada por intercess\u00e3o dos pastorinhos assistir\u00e1 \u00e0 cerim\u00f4nia de canoniza\u00e7\u00e3o em F\u00e1tima."},"content":{"rendered":"<figure id=\"attachment_43660\" aria-describedby=\"caption-attachment-43660\" style=\"width: 560px\" class=\"wp-caption aligncenter\"><img loading=\"lazy\" class=\"wp-image-43660\" src=\"http:\/\/www.adf.org.br\/home\/wp-content\/uploads\/2017\/04\/pastorinhos_09.jpg\" alt=\"Os tr\u00eas videntes de F\u00e1tima\" width=\"560\" height=\"547\" \/><figcaption id=\"caption-attachment-43660\" class=\"wp-caption-text\">Os tr\u00eas videntes de F\u00e1tima<\/figcaption><\/figure>\n<p style=\"padding-left: 90px;\"><span style=\"font-family: verdana, geneva, sans-serif; font-size: 12pt; color: #000000;\"><span style=\"color: #ffffff;\">.<\/span><br \/>\n<strong><span style=\"color: #800080;\">A crian\u00e7a brasileira curada por intercess\u00e3o dos Beatos Francisco e Jacinta Marto estar\u00e1 na canoniza\u00e7\u00e3o desses dois videntes da Virgem Maria, no dia 13 de maio, em F\u00e1tima, Portugal.<\/span><\/strong><\/span><\/p>\n<p><span style=\"font-family: verdana, geneva, sans-serif; font-size: 12pt; color: #000000;\"><br \/>\n<span style=\"font-size: 14pt;\"><strong>A<\/strong><\/span> informa\u00e7\u00e3o foi confirmada pelo site oficial da visita do Papa a F\u00e1tima, segundo o qual;<\/span><\/p>\n<p><span style=\"font-family: verdana, geneva, sans-serif; font-size: 12pt; color: #000000;\">A crian\u00e7a que recebeu a cura milagrosa acompanhar\u00e1 a celebra\u00e7\u00e3o junto com sua fam\u00edlia.<\/span><\/p>\n<p><span style=\"font-family: verdana, geneva, sans-serif; font-size: 12pt; color: #000000;\">\u201cNo dia 11 de maio, a fam\u00edlia vai fazer uma declara\u00e7\u00e3o em F\u00e1tima sobre o milagre;<\/span><\/p>\n<p><span style=\"font-family: verdana, geneva, sans-serif; font-size: 12pt; color: #000000;\">Estando dispon\u00edvel para falar com a Comunica\u00e7\u00e3o Social, assistindo, no dia 13, \u00e0 canoniza\u00e7\u00e3o dos dois Pastorinhos\u201d;<\/span><\/p>\n<p><span style=\"font-family: verdana, geneva, sans-serif; font-size: 12pt; color: #000000;\">Informa o comunicado no site.<\/span><\/p>\n<p><span style=\"font-family: verdana, geneva, sans-serif; font-size: 12pt; color: #000000;\">Entretanto, ressalta que:<\/span><\/p>\n<p><span style=\"font-family: verdana, geneva, sans-serif; font-size: 12pt; color: #000000;\"> \u201cAt\u00e9 l\u00e1, a fam\u00edlia n\u00e3o vai dar entrevistas nem fazer declara\u00e7\u00f5es, por pretender que o seu testemunho seja feito no Santu\u00e1rio de F\u00e1tima\u201d.<\/span><\/p>\n<p><span style=\"font-family: verdana, geneva, sans-serif; font-size: 12pt; color: #000000;\">Explicam ainda que:<\/span><\/p>\n<p style=\"padding-left: 90px;\"><strong><span style=\"font-family: verdana, geneva, sans-serif; font-size: 12pt; color: #000080;\"><br \/>\n\u201cA identidade da crian\u00e7a, por ser menor, e pormenores exatos da cura est\u00e3o sob reserva, n\u00e3o podendo ser divulgados pela Postula\u00e7\u00e3o da Causa da Canoniza\u00e7\u00e3o dos Santos\u201d.<\/span><\/strong><\/p>\n<p><span style=\"font-family: verdana, geneva, sans-serif; font-size: 12pt; color: #000000;\"><br \/>\nO milagre reconhecido pelo Papa e que levar\u00e1 \u00e0 canoniza\u00e7\u00e3o de Francisco e Jacinta, segundo a R\u00e1dio Vaticano;<\/span><\/p>\n<p><span style=\"font-family: verdana, geneva, sans-serif; font-size: 12pt; color: #000000;\">Diz respeito a uma crian\u00e7a que ficou em coma ap\u00f3s cair por acidente de uma janela de cerca de sete metros de altura e teve que ser operada.<\/span><\/p>\n<p style=\"padding-left: 90px;\"><strong><span style=\"font-family: verdana, geneva, sans-serif; font-size: 12pt; color: #800080;\"><br \/>\nEmbora os m\u00e9dicos tenham previsto que a crian\u00e7a ficaria com graves sequelas por conta do traumatismo cr\u00e2nio-encef\u00e1lico;<\/span><\/strong><\/p>\n<p style=\"padding-left: 90px;\"><strong><span style=\"font-family: verdana, geneva, sans-serif; font-size: 12pt; color: #800080;\">Tr\u00eas dias depois, recebeu alta e n\u00e3o ficou com qualquer dano.<\/span><\/strong><\/p>\n<p><span style=\"font-family: verdana, geneva, sans-serif; font-size: 12pt; color: #000000;\"><br \/>\nO reconhecimento de um milagre realizado por sua intercess\u00e3o depois da beatifica\u00e7\u00e3o \u00e9 um processo de compet\u00eancia da Congrega\u00e7\u00e3o para a Causa dos Santos;<\/span><\/p>\n<p><span style=\"font-family: verdana, geneva, sans-serif; font-size: 12pt; color: #000000;\">Regulado pela Constitui\u00e7\u00e3o Apost\u00f3lica <em>Divinus Perfectionis Magister<\/em> , promulgada pelo Papa S\u00e3o Jo\u00e3o Paulo II em 1983.<\/span><\/p>\n<p><span style=\"font-family: verdana, geneva, sans-serif; font-size: 12pt; color: #000000;\">Uma comiss\u00e3o de te\u00f3logos analisou a decis\u00e3o da comiss\u00e3o de peritos ou cient\u00edfica sobre o milagre e recomendou \u00e0 Congrega\u00e7\u00e3o a aceita\u00e7\u00e3o do mesmo.<\/span><\/p>\n<p><span style=\"font-family: verdana, geneva, sans-serif; font-size: 12pt; color: #000000;\">Em seguida, o decreto da Congrega\u00e7\u00e3o para a Causa dos Santos;<\/span><\/p>\n<p><span style=\"font-family: verdana, geneva, sans-serif; font-size: 12pt; color: #000000;\">Declarando como santos os dois beatos foi submetido \u00e0 aprova\u00e7\u00e3o do Papa Francisco no dia 23 de mar\u00e7o.<\/span><\/p>\n<p><span style=\"font-family: verdana, geneva, sans-serif; font-size: 12pt; color: #000000;\">No \u00faltimo dia 20 de abril, durante o Consist\u00f3rio Ordin\u00e1rio P\u00fablico para a Canoniza\u00e7\u00e3o dos Beatos, no Vaticano;<\/span><\/p>\n<h5 style=\"padding-left: 90px;\"><strong><span style=\"font-family: verdana, geneva, sans-serif; font-size: 12pt; color: #800080;\"><br \/>\nO Pont\u00edfice confirmou que a canoniza\u00e7\u00e3o de Francisco e Jacinta ser\u00e1 no dia 13 de maio, em F\u00e1tima.<\/span><\/strong><\/h5>\n<p><span style=\"font-family: verdana, geneva, sans-serif; font-size: 12pt; color: #ffffff;\">.<\/span><br \/>\n<span style=\"font-size: 10pt;\"><em><span style=\"font-family: verdana, geneva, sans-serif; color: #000000;\">Fonte: acidigital.com<\/span><\/em><\/span><\/p>\n<p style=\"text-align: center;\"><span style=\"font-family: verdana, geneva, sans-serif; font-size: 12pt; color: #ffffff;\">.<\/span><br \/>\n<span style=\"font-family: verdana, geneva, sans-serif; font-size: 12pt; color: #ffffff;\">.<\/span><br \/>\n<strong><span style=\"font-family: verdana, geneva, sans-serif; font-size: 12pt; color: #000000;\">* \u00a0* \u00a0*<\/span><\/strong><\/p>\n<p><span style=\"font-family: verdana, geneva, sans-serif; font-size: 12pt; color: #ffffff;\">.<\/span><\/p>\n<p style=\"text-align: center;\"><span style=\"font-family: verdana, geneva, sans-serif; font-size: 12pt; color: #000000;\">Receba Gra\u00e7as e Ben\u00e7\u00e3o de Nossa Senhora agora mesmo<\/span><\/p>\n<h5 style=\"text-align: center;\"><span style=\"font-family: verdana, geneva, sans-serif; font-size: 12pt; color: #000000;\">Veja como receber sua Medalha Milagrosa pelos correios agora mesmo.<\/span><\/h5>\n<p style=\"text-align: center;\"><span style=\"font-family: verdana, geneva, sans-serif; font-size: 12pt; color: #000000;\"><strong><span style=\"color: #0000ff;\"><a style=\"color: #0000ff;\" href=\"http:\/\/oratoriodamedalhamilagrosa.org.br\/home\/acenda-sua-vela-30\/?origem=1025\" target=\"_blank\" rel=\"noopener noreferrer\">Clique aqui<\/a><\/span><\/strong> e confira.<\/span><\/p>\n<p style=\"text-align: center;\"><span style=\"font-size: 8pt; color: #ffffff;\">.<\/span><br \/>\n<span style=\"font-size: 8pt; color: #ffffff;\">.<\/span><\/p>\n<figure id=\"attachment_35437\" aria-describedby=\"caption-attachment-35437\" style=\"width: 400px\" class=\"wp-caption aligncenter\"><a href=\"http:\/\/oratoriodamedalhamilagrosa.org.br\/home\/acenda-sua-vela-30\/?origem=1025\" target=\"_blank\" rel=\"noopener noreferrer\"><img loading=\"lazy\" class=\"wp-image-35437 size-full\" title=\"Clique aqui e receba a Medalha Milagrosa\" src=\"http:\/\/www.adf.org.br\/home\/wp-content\/uploads\/2015\/11\/banner_medalha_milagrosa13.gif\" alt=\"Clique aqui para receber sua Medalha Milagrosa pelos correios.\" width=\"400\" height=\"146\" \/><\/a><figcaption id=\"caption-attachment-35437\" class=\"wp-caption-text\">Clique aqui para receber sua Medalha Milagrosa pelos correios.<\/figcaption><\/figure>\n<p><span style=\"color: #0000ff;\"><strong style=\"color: #0000ff;\"><span style=\"color: #ffffff;\">.<\/span><\/strong><\/span><\/p>\n<p>&nbsp;<\/p>\n","protected":false},"excerpt":{"rendered":"<p>A crian\u00e7a brasileira curada por intercess\u00e3o dos Beatos Francisco e Jacinta Marto estar\u00e1 na canoniza\u00e7\u00e3o desses dois videntes da Virgem Maria, no dia 13 de maio, em F\u00e1tima, Portugal.<\/p>\n","protected":false},"author":31,"featured_media":43661,"comment_status":"open","ping_status":"open","sticky":false,"template":"","format":"standard","meta":[],"categories":[20],"tags":[251,43,1972,58,166],"yoast_head":"<!-- This site is optimized with the Yoast SEO plugin v17.4 - https:\/\/yoast.com\/wordpress\/plugins\/seo\/ -->\n<title>Crian\u00e7a curada por intercess\u00e3o dos pastorinhos<\/title>\n<meta name=\"description\" content=\"Crian\u00e7a curada por intercess\u00e3o dos pastorinhos assistir\u00e1 \u00e0 cerim\u00f4nia de canoniza\u00e7\u00e3o em F\u00e1tima. Foi confirma a presen\u00e7a.\" \/>\n<meta name=\"robots\" content=\"index, follow, max-snippet:-1, max-image-preview:large, max-video-preview:-1\" \/>\n<link rel=\"canonical\" href=\"https:\/\/www.adf.org.br\/home\/curada-por-intercessao\/\" \/>\n<meta property=\"og:locale\" content=\"pt_BR\" \/>\n<meta property=\"og:type\" content=\"article\" \/>\n<meta property=\"og:title\" content=\"Crian\u00e7a curada por intercess\u00e3o dos pastorinhos\" \/>\n<meta property=\"og:description\" content=\"Crian\u00e7a curada por intercess\u00e3o dos pastorinhos assistir\u00e1 \u00e0 cerim\u00f4nia de canoniza\u00e7\u00e3o em F\u00e1tima. Foi confirma a presen\u00e7a.\" \/>\n<meta property=\"og:url\" content=\"https:\/\/www.adf.org.br\/home\/curada-por-intercessao\/\" \/>\n<meta property=\"og:site_name\" content=\"Associa\u00e7\u00e3o Devotos de F\u00e1tima\" \/>\n<meta property=\"article:published_time\" content=\"2017-04-29T03:00:03+00:00\" \/>\n<meta name=\"twitter:card\" content=\"summary_large_image\" \/>\n<meta name=\"twitter:label1\" content=\"Escrito por\" \/>\n\t<meta name=\"twitter:data1\" content=\"Gabriel Barbosa\" \/>\n\t<meta name=\"twitter:label2\" content=\"Est. tempo de leitura\" \/>\n\t<meta name=\"twitter:data2\" content=\"2 minutos\" \/>\n<script type=\"application\/ld+json\" class=\"yoast-schema-graph\">{\"@context\":\"https:\/\/schema.org\",\"@graph\":[{\"@type\":\"WebSite\",\"@id\":\"https:\/\/www.adf.org.br\/home\/#website\",\"url\":\"https:\/\/www.adf.org.br\/home\/\",\"name\":\"Associa\\u00e7\\u00e3o Devotos de F\\u00e1tima\",\"description\":\"Associa\\u00e7\\u00e3o Devotos de F\\u00e1tima\",\"potentialAction\":[{\"@type\":\"SearchAction\",\"target\":{\"@type\":\"EntryPoint\",\"urlTemplate\":\"https:\/\/www.adf.org.br\/home\/?s={search_term_string}\"},\"query-input\":\"required name=search_term_string\"}],\"inLanguage\":\"pt-BR\"},{\"@type\":\"ImageObject\",\"@id\":\"https:\/\/www.adf.org.br\/home\/curada-por-intercessao\/#primaryimage\",\"inLanguage\":\"pt-BR\",\"url\":\"\",\"contentUrl\":\"\"},{\"@type\":\"WebPage\",\"@id\":\"https:\/\/www.adf.org.br\/home\/curada-por-intercessao\/#webpage\",\"url\":\"https:\/\/www.adf.org.br\/home\/curada-por-intercessao\/\",\"name\":\"Crian\\u00e7a curada por intercess\\u00e3o dos pastorinhos\",\"isPartOf\":{\"@id\":\"https:\/\/www.adf.org.br\/home\/#website\"},\"primaryImageOfPage\":{\"@id\":\"https:\/\/www.adf.org.br\/home\/curada-por-intercessao\/#primaryimage\"},\"datePublished\":\"2017-04-29T03:00:03+00:00\",\"dateModified\":\"2017-04-29T03:00:03+00:00\",\"author\":{\"@id\":\"https:\/\/www.adf.org.br\/home\/#\/schema\/person\/f35a5c5aa7728a3dedf4ea9aa1fc2753\"},\"description\":\"Crian\\u00e7a curada por intercess\\u00e3o dos pastorinhos assistir\\u00e1 \\u00e0 cerim\\u00f4nia de canoniza\\u00e7\\u00e3o em F\\u00e1tima. Foi confirma a presen\\u00e7a.\",\"breadcrumb\":{\"@id\":\"https:\/\/www.adf.org.br\/home\/curada-por-intercessao\/#breadcrumb\"},\"inLanguage\":\"pt-BR\",\"potentialAction\":[{\"@type\":\"ReadAction\",\"target\":[\"https:\/\/www.adf.org.br\/home\/curada-por-intercessao\/\"]}]},{\"@type\":\"BreadcrumbList\",\"@id\":\"https:\/\/www.adf.org.br\/home\/curada-por-intercessao\/#breadcrumb\",\"itemListElement\":[{\"@type\":\"ListItem\",\"position\":1,\"name\":\"Home\",\"item\":\"https:\/\/www.adf.org.br\/home\/\"},{\"@type\":\"ListItem\",\"position\":2,\"name\":\"Crian\\u00e7a curada por intercess\\u00e3o dos pastorinhos assistir\\u00e1 \\u00e0 cerim\\u00f4nia de canoniza\\u00e7\\u00e3o em F\\u00e1tima.\"}]},{\"@type\":\"Person\",\"@id\":\"https:\/\/www.adf.org.br\/home\/#\/schema\/person\/f35a5c5aa7728a3dedf4ea9aa1fc2753\",\"name\":\"Gabriel Barbosa\",\"image\":{\"@type\":\"ImageObject\",\"@id\":\"https:\/\/www.adf.org.br\/home\/#personlogo\",\"inLanguage\":\"pt-BR\",\"url\":\"https:\/\/secure.gravatar.com\/avatar\/2b2cb2f4637682c5605e8d36818f51ef?s=96&d=mm&r=g\",\"contentUrl\":\"https:\/\/secure.gravatar.com\/avatar\/2b2cb2f4637682c5605e8d36818f51ef?s=96&d=mm&r=g\",\"caption\":\"Gabriel Barbosa\"},\"url\":\"https:\/\/www.adf.org.br\/home\/author\/gabrielpmk-com-br\/\"}]}<\/script>\n<!-- \/ Yoast SEO plugin. -->","yoast_head_json":{"title":"Crian\u00e7a curada por intercess\u00e3o dos pastorinhos","description":"Crian\u00e7a curada por intercess\u00e3o dos pastorinhos assistir\u00e1 \u00e0 cerim\u00f4nia de canoniza\u00e7\u00e3o em F\u00e1tima. Foi confirma a presen\u00e7a.","robots":{"index":"index","follow":"follow","max-snippet":"max-snippet:-1","max-image-preview":"max-image-preview:large","max-video-preview":"max-video-preview:-1"},"canonical":"https:\/\/www.adf.org.br\/home\/curada-por-intercessao\/","og_locale":"pt_BR","og_type":"article","og_title":"Crian\u00e7a curada por intercess\u00e3o dos pastorinhos","og_description":"Crian\u00e7a curada por intercess\u00e3o dos pastorinhos assistir\u00e1 \u00e0 cerim\u00f4nia de canoniza\u00e7\u00e3o em F\u00e1tima. Foi confirma a presen\u00e7a.","og_url":"https:\/\/www.adf.org.br\/home\/curada-por-intercessao\/","og_site_name":"Associa\u00e7\u00e3o Devotos de F\u00e1tima","article_published_time":"2017-04-29T03:00:03+00:00","twitter_card":"summary_large_image","twitter_misc":{"Escrito por":"Gabriel Barbosa","Est. tempo de leitura":"2 minutos"},"schema":{"@context":"https:\/\/schema.org","@graph":[{"@type":"WebSite","@id":"https:\/\/www.adf.org.br\/home\/#website","url":"https:\/\/www.adf.org.br\/home\/","name":"Associa\u00e7\u00e3o Devotos de F\u00e1tima","description":"Associa\u00e7\u00e3o Devotos de F\u00e1tima","potentialAction":[{"@type":"SearchAction","target":{"@type":"EntryPoint","urlTemplate":"https:\/\/www.adf.org.br\/home\/?s={search_term_string}"},"query-input":"required name=search_term_string"}],"inLanguage":"pt-BR"},{"@type":"ImageObject","@id":"https:\/\/www.adf.org.br\/home\/curada-por-intercessao\/#primaryimage","inLanguage":"pt-BR","url":"","contentUrl":""},{"@type":"WebPage","@id":"https:\/\/www.adf.org.br\/home\/curada-por-intercessao\/#webpage","url":"https:\/\/www.adf.org.br\/home\/curada-por-intercessao\/","name":"Crian\u00e7a curada por intercess\u00e3o dos pastorinhos","isPartOf":{"@id":"https:\/\/www.adf.org.br\/home\/#website"},"primaryImageOfPage":{"@id":"https:\/\/www.adf.org.br\/home\/curada-por-intercessao\/#primaryimage"},"datePublished":"2017-04-29T03:00:03+00:00","dateModified":"2017-04-29T03:00:03+00:00","author":{"@id":"https:\/\/www.adf.org.br\/home\/#\/schema\/person\/f35a5c5aa7728a3dedf4ea9aa1fc2753"},"description":"Crian\u00e7a curada por intercess\u00e3o dos pastorinhos assistir\u00e1 \u00e0 cerim\u00f4nia de canoniza\u00e7\u00e3o em F\u00e1tima. Foi confirma a presen\u00e7a.","breadcrumb":{"@id":"https:\/\/www.adf.org.br\/home\/curada-por-intercessao\/#breadcrumb"},"inLanguage":"pt-BR","potentialAction":[{"@type":"ReadAction","target":["https:\/\/www.adf.org.br\/home\/curada-por-intercessao\/"]}]},{"@type":"BreadcrumbList","@id":"https:\/\/www.adf.org.br\/home\/curada-por-intercessao\/#breadcrumb","itemListElement":[{"@type":"ListItem","position":1,"name":"Home","item":"https:\/\/www.adf.org.br\/home\/"},{"@type":"ListItem","position":2,"name":"Crian\u00e7a curada por intercess\u00e3o dos pastorinhos assistir\u00e1 \u00e0 cerim\u00f4nia de canoniza\u00e7\u00e3o em F\u00e1tima."}]},{"@type":"Person","@id":"https:\/\/www.adf.org.br\/home\/#\/schema\/person\/f35a5c5aa7728a3dedf4ea9aa1fc2753","name":"Gabriel Barbosa","image":{"@type":"ImageObject","@id":"https:\/\/www.adf.org.br\/home\/#personlogo","inLanguage":"pt-BR","url":"https:\/\/secure.gravatar.com\/avatar\/2b2cb2f4637682c5605e8d36818f51ef?s=96&d=mm&r=g","contentUrl":"https:\/\/secure.gravatar.com\/avatar\/2b2cb2f4637682c5605e8d36818f51ef?s=96&d=mm&r=g","caption":"Gabriel Barbosa"},"url":"https:\/\/www.adf.org.br\/home\/author\/gabrielpmk-com-br\/"}]}},"_links":{"self":[{"href":"https:\/\/www.adf.org.br\/home\/wp-json\/wp\/v2\/posts\/43659"}],"collection":[{"href":"https:\/\/www.adf.org.br\/home\/wp-json\/wp\/v2\/posts"}],"about":[{"href":"https:\/\/www.adf.org.br\/home\/wp-json\/wp\/v2\/types\/post"}],"author":[{"embeddable":true,"href":"https:\/\/www.adf.org.br\/home\/wp-json\/wp\/v2\/users\/31"}],"replies":[{"embeddable":true,"href":"https:\/\/www.adf.org.br\/home\/wp-json\/wp\/v2\/comments?post=43659"}],"version-history":[{"count":0,"href":"https:\/\/www.adf.org.br\/home\/wp-json\/wp\/v2\/posts\/43659\/revisions"}],"wp:featuredmedia":[{"embeddable":true,"href":"https:\/\/www.adf.org.br\/home\/wp-json\/wp\/v2\/media\/43661"}],"wp:attachment":[{"href":"https:\/\/www.adf.org.br\/home\/wp-json\/wp\/v2\/media?parent=43659"}],"wp:term":[{"taxonomy":"category","embeddable":true,"href":"https:\/\/www.adf.org.br\/home\/wp-json\/wp\/v2\/categories?post=43659"},{"taxonomy":"post_tag","embeddable":true,"href":"https:\/\/www.adf.org.br\/home\/wp-json\/wp\/v2\/tags?post=43659"}],"curies":[{"name":"wp","href":"https:\/\/api.w.org\/{rel}","templated":true}]}}