{"id":43505,"date":"2017-03-28T14:38:48","date_gmt":"2017-03-28T17:38:48","guid":{"rendered":"http:\/\/www.adf.org.br\/home\/?p=43505"},"modified":"2017-03-28T14:38:48","modified_gmt":"2017-03-28T17:38:48","slug":"prazo-para-o-governo","status":"publish","type":"post","link":"https:\/\/www.adf.org.br\/home\/prazo-para-o-governo\/","title":{"rendered":"URGENTE. Relatora do STF determina prazo para o governo se posicionar frente a legaliza\u00e7\u00e3o do ABORTO no Brasil. N\u00e3o deixe de se opor \u00e0 este ato, acenda aqui uma vela pela vida!"},"content":{"rendered":"<figure id=\"attachment_43507\" aria-describedby=\"caption-attachment-43507\" style=\"width: 560px\" class=\"wp-caption aligncenter\"><img loading=\"lazy\" class=\"wp-image-43507\" src=\"http:\/\/www.adf.org.br\/home\/wp-content\/uploads\/2017\/03\/rosa-weber.jpg\" alt=\"rosa-weber\" width=\"560\" height=\"389\" \/><figcaption id=\"caption-attachment-43507\" class=\"wp-caption-text\">Rosa Weber, relatora do STF<\/figcaption><\/figure>\n<p style=\"padding-left: 90px;\"><span style=\"font-family: verdana, geneva, sans-serif; font-size: 12pt; color: #000000;\"><span style=\"color: #ffffff;\">.<\/span><br \/>\n<\/span><span style=\"font-family: verdana, geneva, sans-serif; color: #000000;\"><span style=\"font-size: 12pt;\"><strong>Rosa Weber, relatora no STF de uma a\u00e7\u00e3o do PSOL, p<\/strong><\/span><strong><span style=\"font-size: 12pt;\">ara autorizar o aborto no brasil at\u00e9 a 12\u00aa semana de gravidez, d<\/span><span style=\"font-size: 12pt;\">eterminou hoje, dia 28 de Mar\u00e7o, um prazo de cinco dias para que Michel Temer, o Senado e a C\u00e2mara se posicionem sobre o tema.<\/span><\/strong><\/span><\/p>\n<p style=\"padding-left: 90px;\"><span style=\"font-family: verdana, geneva, sans-serif; font-size: 12pt; color: #000000;\"><br \/>\n<span style=\"color: #800080;\"><strong>A Advocacia-Geral da Uni\u00e3o e a Procuradoria Geral da Rep\u00fablica tamb\u00e9m enviar\u00e3o seus pareceres.<\/strong><\/span><\/span><\/p>\n<p><span style=\"font-family: verdana, geneva, sans-serif; font-size: 12pt; color: #ffffff;\">.<\/span><br \/>\n<span style=\"font-size: 10pt;\"><em><span style=\"font-family: verdana, geneva, sans-serif; color: #000000;\">Fonte:\u00a0oantagonista.com<\/span><\/em><\/span><\/p>\n<p><span style=\"font-family: verdana, geneva, sans-serif; font-size: 12pt; color: #ffffff;\">.<\/span><\/p>\n<p style=\"text-align: center;\"><strong><span style=\"font-family: verdana, geneva, sans-serif; font-size: 12pt; color: #000000;\">Diante dessa triste not\u00edcia, n\u00e3o devemos parar de rezar.<\/span><\/strong><\/p>\n<h5 style=\"text-align: center;\"><span style=\"font-family: verdana, geneva, sans-serif; font-size: 12pt; color: #000000;\">Por isso vamos acender uma <span style=\"color: #0000ff;\"><a style=\"color: #0000ff;\" href=\"https:\/\/adf.org.br\/velario\/vida\" target=\"_blank\" rel=\"noopener noreferrer\"><strong>Vela virtual pela Vida<\/strong><\/a><\/span>, ser\u00e1 nosso s\u00edmbolo de rejei\u00e7\u00e3o \u00e0 legaliza\u00e7\u00e3o do aborto no Brasil.<\/span><\/h5>\n<p style=\"text-align: center;\"><span style=\"font-family: verdana, geneva, sans-serif; font-size: 12pt; color: #000000;\">Clique no link abaixo para acender sua vela.<\/span><\/p>\n<p style=\"text-align: center;\"><span style=\"font-family: verdana, geneva, sans-serif; font-size: 12pt; color: #ffffff;\">.<\/span><br \/>\n<a href=\"https:\/\/adf.org.br\/velario\/vida\" target=\"_blank\" rel=\"noopener noreferrer\"><span style=\"color: #0000ff;\"><strong><span style=\"font-family: verdana, geneva, sans-serif; font-size: 18pt;\">www.velapelavida.com.br<\/span><\/strong><\/span><\/a><\/p>\n<p><span style=\"color: #ffffff;\">.<\/span><\/p>\n<p style=\"text-align: center;\"><strong><span style=\"font-family: verdana, geneva, sans-serif; font-size: 12pt; color: #000000;\"><span style=\"color: #ffffff;\">.<\/span><br \/>\n<span style=\"color: #ffffff;\">.<\/span><br \/>\nAproveite tamb\u00e9m para se unir a milhares de brasileiros e rezar uma<span style=\"color: #0000ff;\"> <u>Ave-Maria pelo Brasil<\/u><\/span>, para livrar nosso pa\u00eds dos maus pol\u00edticos e suplicar \u00e0 Nossa Senhora Aparecida, Nossa Padroeira, para que tenha piedade de n\u00f3s.<\/span><\/strong><\/p>\n<p style=\"text-align: center;\"><span style=\"font-family: verdana, geneva, sans-serif; font-size: 12pt; color: #000000;\"><strong>Essa \u00e9 uma iniciativa da<\/strong><\/span><\/p>\n<p style=\"text-align: center;\"><span style=\"font-family: verdana, geneva, sans-serif; font-size: 12pt; color: #000000;\"><span style=\"color: #800000;\"><span style=\"color: #0000ff;\"><strong><span style=\"font-size: 14pt;\"> <a style=\"color: #0000ff;\" href=\"http:\/\/www.avemariapelobrasil.com.br\">Associa\u00e7\u00e3o Apostolado do Sagrado Cora\u00e7\u00e3o de Jesus<\/a><\/span><\/strong><\/span>, <\/span><\/span><\/p>\n<p style=\"text-align: center;\"><strong><span style=\"font-family: verdana, geneva, sans-serif; font-size: 12pt; color: #000000;\">de S\u00e3o Paulo.<\/span><\/strong><\/p>\n<p style=\"text-align: center;\"><span style=\"font-family: verdana, geneva, sans-serif; font-size: 12pt; color: #000000;\"><br \/>\n<\/span><\/p>\n<figure id=\"attachment_43513\" aria-describedby=\"caption-attachment-43513\" style=\"width: 453px\" class=\"wp-caption aligncenter\"><a href=\"http:\/\/www.avemariapelobrasil.com.br\"><img loading=\"lazy\" class=\"wp-image-43513 \" src=\"http:\/\/www.adf.org.br\/home\/wp-content\/uploads\/2017\/03\/Blue-button.png\" alt=\"Blue-button\" width=\"453\" height=\"151\" \/><\/a><figcaption id=\"caption-attachment-43513\" class=\"wp-caption-text\">Clique Acima<\/figcaption><\/figure>\n","protected":false},"excerpt":{"rendered":"<p>Rosa Weber, relatora no STF de uma a\u00e7\u00e3o do PSOL;<\/p>\n","protected":false},"author":31,"featured_media":43508,"comment_status":"open","ping_status":"open","sticky":false,"template":"","format":"standard","meta":[],"categories":[20],"tags":[47,1437],"yoast_head":"<!-- This site is optimized with the Yoast SEO plugin v17.4 - https:\/\/yoast.com\/wordpress\/plugins\/seo\/ -->\n<title>URGENTE. Rosa Weber do STF determina prazo para o governo posi\u00e7\u00e3o<\/title>\n<meta name=\"description\" content=\"URGENTE. Rosa Weber do STF determina prazo para o governo se posicionar frente a legaliza\u00e7\u00e3o do ABORTO no Brasil. Manifeste-se contra aqui.\" \/>\n<meta name=\"robots\" content=\"index, follow, max-snippet:-1, max-image-preview:large, max-video-preview:-1\" \/>\n<link rel=\"canonical\" href=\"https:\/\/www.adf.org.br\/home\/prazo-para-o-governo\/\" \/>\n<meta property=\"og:locale\" content=\"pt_BR\" \/>\n<meta property=\"og:type\" content=\"article\" \/>\n<meta property=\"og:title\" content=\"URGENTE. Rosa Weber do STF determina prazo para o governo posi\u00e7\u00e3o\" \/>\n<meta property=\"og:description\" content=\"URGENTE. Rosa Weber do STF determina prazo para o governo se posicionar frente a legaliza\u00e7\u00e3o do ABORTO no Brasil. Manifeste-se contra aqui.\" \/>\n<meta property=\"og:url\" content=\"https:\/\/www.adf.org.br\/home\/prazo-para-o-governo\/\" \/>\n<meta property=\"og:site_name\" content=\"Associa\u00e7\u00e3o Devotos de F\u00e1tima\" \/>\n<meta property=\"article:published_time\" content=\"2017-03-28T17:38:48+00:00\" \/>\n<meta name=\"twitter:card\" content=\"summary_large_image\" \/>\n<meta name=\"twitter:label1\" content=\"Escrito por\" \/>\n\t<meta name=\"twitter:data1\" content=\"Gabriel Barbosa\" \/>\n\t<meta name=\"twitter:label2\" content=\"Est. tempo de leitura\" \/>\n\t<meta name=\"twitter:data2\" content=\"1 minuto\" \/>\n<script type=\"application\/ld+json\" class=\"yoast-schema-graph\">{\"@context\":\"https:\/\/schema.org\",\"@graph\":[{\"@type\":\"WebSite\",\"@id\":\"https:\/\/www.adf.org.br\/home\/#website\",\"url\":\"https:\/\/www.adf.org.br\/home\/\",\"name\":\"Associa\\u00e7\\u00e3o Devotos de F\\u00e1tima\",\"description\":\"Associa\\u00e7\\u00e3o Devotos de F\\u00e1tima\",\"potentialAction\":[{\"@type\":\"SearchAction\",\"target\":{\"@type\":\"EntryPoint\",\"urlTemplate\":\"https:\/\/www.adf.org.br\/home\/?s={search_term_string}\"},\"query-input\":\"required name=search_term_string\"}],\"inLanguage\":\"pt-BR\"},{\"@type\":\"ImageObject\",\"@id\":\"https:\/\/www.adf.org.br\/home\/prazo-para-o-governo\/#primaryimage\",\"inLanguage\":\"pt-BR\",\"url\":\"\",\"contentUrl\":\"\"},{\"@type\":\"WebPage\",\"@id\":\"https:\/\/www.adf.org.br\/home\/prazo-para-o-governo\/#webpage\",\"url\":\"https:\/\/www.adf.org.br\/home\/prazo-para-o-governo\/\",\"name\":\"URGENTE. Rosa Weber do STF determina prazo para o governo posi\\u00e7\\u00e3o\",\"isPartOf\":{\"@id\":\"https:\/\/www.adf.org.br\/home\/#website\"},\"primaryImageOfPage\":{\"@id\":\"https:\/\/www.adf.org.br\/home\/prazo-para-o-governo\/#primaryimage\"},\"datePublished\":\"2017-03-28T17:38:48+00:00\",\"dateModified\":\"2017-03-28T17:38:48+00:00\",\"author\":{\"@id\":\"https:\/\/www.adf.org.br\/home\/#\/schema\/person\/f35a5c5aa7728a3dedf4ea9aa1fc2753\"},\"description\":\"URGENTE. Rosa Weber do STF determina prazo para o governo se posicionar frente a legaliza\\u00e7\\u00e3o do ABORTO no Brasil. Manifeste-se contra aqui.\",\"breadcrumb\":{\"@id\":\"https:\/\/www.adf.org.br\/home\/prazo-para-o-governo\/#breadcrumb\"},\"inLanguage\":\"pt-BR\",\"potentialAction\":[{\"@type\":\"ReadAction\",\"target\":[\"https:\/\/www.adf.org.br\/home\/prazo-para-o-governo\/\"]}]},{\"@type\":\"BreadcrumbList\",\"@id\":\"https:\/\/www.adf.org.br\/home\/prazo-para-o-governo\/#breadcrumb\",\"itemListElement\":[{\"@type\":\"ListItem\",\"position\":1,\"name\":\"Home\",\"item\":\"https:\/\/www.adf.org.br\/home\/\"},{\"@type\":\"ListItem\",\"position\":2,\"name\":\"URGENTE. Relatora do STF determina prazo para o governo se posicionar frente a legaliza\\u00e7\\u00e3o do ABORTO no Brasil. N\\u00e3o deixe de se opor \\u00e0 este ato, acenda aqui uma vela pela vida!\"}]},{\"@type\":\"Person\",\"@id\":\"https:\/\/www.adf.org.br\/home\/#\/schema\/person\/f35a5c5aa7728a3dedf4ea9aa1fc2753\",\"name\":\"Gabriel Barbosa\",\"image\":{\"@type\":\"ImageObject\",\"@id\":\"https:\/\/www.adf.org.br\/home\/#personlogo\",\"inLanguage\":\"pt-BR\",\"url\":\"https:\/\/secure.gravatar.com\/avatar\/2b2cb2f4637682c5605e8d36818f51ef?s=96&d=mm&r=g\",\"contentUrl\":\"https:\/\/secure.gravatar.com\/avatar\/2b2cb2f4637682c5605e8d36818f51ef?s=96&d=mm&r=g\",\"caption\":\"Gabriel Barbosa\"},\"url\":\"https:\/\/www.adf.org.br\/home\/author\/gabrielpmk-com-br\/\"}]}<\/script>\n<!-- \/ Yoast SEO plugin. -->","yoast_head_json":{"title":"URGENTE. Rosa Weber do STF determina prazo para o governo posi\u00e7\u00e3o","description":"URGENTE. Rosa Weber do STF determina prazo para o governo se posicionar frente a legaliza\u00e7\u00e3o do ABORTO no Brasil. Manifeste-se contra aqui.","robots":{"index":"index","follow":"follow","max-snippet":"max-snippet:-1","max-image-preview":"max-image-preview:large","max-video-preview":"max-video-preview:-1"},"canonical":"https:\/\/www.adf.org.br\/home\/prazo-para-o-governo\/","og_locale":"pt_BR","og_type":"article","og_title":"URGENTE. Rosa Weber do STF determina prazo para o governo posi\u00e7\u00e3o","og_description":"URGENTE. Rosa Weber do STF determina prazo para o governo se posicionar frente a legaliza\u00e7\u00e3o do ABORTO no Brasil. Manifeste-se contra aqui.","og_url":"https:\/\/www.adf.org.br\/home\/prazo-para-o-governo\/","og_site_name":"Associa\u00e7\u00e3o Devotos de F\u00e1tima","article_published_time":"2017-03-28T17:38:48+00:00","twitter_card":"summary_large_image","twitter_misc":{"Escrito por":"Gabriel Barbosa","Est. tempo de leitura":"1 minuto"},"schema":{"@context":"https:\/\/schema.org","@graph":[{"@type":"WebSite","@id":"https:\/\/www.adf.org.br\/home\/#website","url":"https:\/\/www.adf.org.br\/home\/","name":"Associa\u00e7\u00e3o Devotos de F\u00e1tima","description":"Associa\u00e7\u00e3o Devotos de F\u00e1tima","potentialAction":[{"@type":"SearchAction","target":{"@type":"EntryPoint","urlTemplate":"https:\/\/www.adf.org.br\/home\/?s={search_term_string}"},"query-input":"required name=search_term_string"}],"inLanguage":"pt-BR"},{"@type":"ImageObject","@id":"https:\/\/www.adf.org.br\/home\/prazo-para-o-governo\/#primaryimage","inLanguage":"pt-BR","url":"","contentUrl":""},{"@type":"WebPage","@id":"https:\/\/www.adf.org.br\/home\/prazo-para-o-governo\/#webpage","url":"https:\/\/www.adf.org.br\/home\/prazo-para-o-governo\/","name":"URGENTE. Rosa Weber do STF determina prazo para o governo posi\u00e7\u00e3o","isPartOf":{"@id":"https:\/\/www.adf.org.br\/home\/#website"},"primaryImageOfPage":{"@id":"https:\/\/www.adf.org.br\/home\/prazo-para-o-governo\/#primaryimage"},"datePublished":"2017-03-28T17:38:48+00:00","dateModified":"2017-03-28T17:38:48+00:00","author":{"@id":"https:\/\/www.adf.org.br\/home\/#\/schema\/person\/f35a5c5aa7728a3dedf4ea9aa1fc2753"},"description":"URGENTE. Rosa Weber do STF determina prazo para o governo se posicionar frente a legaliza\u00e7\u00e3o do ABORTO no Brasil. Manifeste-se contra aqui.","breadcrumb":{"@id":"https:\/\/www.adf.org.br\/home\/prazo-para-o-governo\/#breadcrumb"},"inLanguage":"pt-BR","potentialAction":[{"@type":"ReadAction","target":["https:\/\/www.adf.org.br\/home\/prazo-para-o-governo\/"]}]},{"@type":"BreadcrumbList","@id":"https:\/\/www.adf.org.br\/home\/prazo-para-o-governo\/#breadcrumb","itemListElement":[{"@type":"ListItem","position":1,"name":"Home","item":"https:\/\/www.adf.org.br\/home\/"},{"@type":"ListItem","position":2,"name":"URGENTE. Relatora do STF determina prazo para o governo se posicionar frente a legaliza\u00e7\u00e3o do ABORTO no Brasil. N\u00e3o deixe de se opor \u00e0 este ato, acenda aqui uma vela pela vida!"}]},{"@type":"Person","@id":"https:\/\/www.adf.org.br\/home\/#\/schema\/person\/f35a5c5aa7728a3dedf4ea9aa1fc2753","name":"Gabriel Barbosa","image":{"@type":"ImageObject","@id":"https:\/\/www.adf.org.br\/home\/#personlogo","inLanguage":"pt-BR","url":"https:\/\/secure.gravatar.com\/avatar\/2b2cb2f4637682c5605e8d36818f51ef?s=96&d=mm&r=g","contentUrl":"https:\/\/secure.gravatar.com\/avatar\/2b2cb2f4637682c5605e8d36818f51ef?s=96&d=mm&r=g","caption":"Gabriel Barbosa"},"url":"https:\/\/www.adf.org.br\/home\/author\/gabrielpmk-com-br\/"}]}},"_links":{"self":[{"href":"https:\/\/www.adf.org.br\/home\/wp-json\/wp\/v2\/posts\/43505"}],"collection":[{"href":"https:\/\/www.adf.org.br\/home\/wp-json\/wp\/v2\/posts"}],"about":[{"href":"https:\/\/www.adf.org.br\/home\/wp-json\/wp\/v2\/types\/post"}],"author":[{"embeddable":true,"href":"https:\/\/www.adf.org.br\/home\/wp-json\/wp\/v2\/users\/31"}],"replies":[{"embeddable":true,"href":"https:\/\/www.adf.org.br\/home\/wp-json\/wp\/v2\/comments?post=43505"}],"version-history":[{"count":0,"href":"https:\/\/www.adf.org.br\/home\/wp-json\/wp\/v2\/posts\/43505\/revisions"}],"wp:featuredmedia":[{"embeddable":true,"href":"https:\/\/www.adf.org.br\/home\/wp-json\/wp\/v2\/media\/43508"}],"wp:attachment":[{"href":"https:\/\/www.adf.org.br\/home\/wp-json\/wp\/v2\/media?parent=43505"}],"wp:term":[{"taxonomy":"category","embeddable":true,"href":"https:\/\/www.adf.org.br\/home\/wp-json\/wp\/v2\/categories?post=43505"},{"taxonomy":"post_tag","embeddable":true,"href":"https:\/\/www.adf.org.br\/home\/wp-json\/wp\/v2\/tags?post=43505"}],"curies":[{"name":"wp","href":"https:\/\/api.w.org\/{rel}","templated":true}]}}