{"id":43376,"date":"2017-03-16T02:00:28","date_gmt":"2017-03-16T05:00:28","guid":{"rendered":"http:\/\/www.adf.org.br\/home\/?p=43376"},"modified":"2017-03-16T02:00:28","modified_gmt":"2017-03-16T05:00:28","slug":"4-meditacao-da-via-sacra-veja-o-que-nosso-senhor-fez-ao-encontrar-sua-mae-maria-santissima","status":"publish","type":"post","link":"https:\/\/www.adf.org.br\/home\/4-meditacao-da-via-sacra-veja-o-que-nosso-senhor-fez-ao-encontrar-sua-mae-maria-santissima\/","title":{"rendered":"Medita\u00e7\u00e3o da 4\u00b0 Esta\u00e7\u00e3o da Via Sacra. Veja o que Nosso Senhor fez ao encontrar sua M\u00e3e Maria Sant\u00edssima."},"content":{"rendered":"<p><span style=\"color: #ffffff;\">.<\/span><\/p>\n<div class=\"video-container\"><iframe loading=\"lazy\" src=\"https:\/\/www.youtube.com\/embed\/RHAsE6bGnzM?rel=0&amp;modestbranding=1&amp;showinfo=0&amp;controls=0\" width=\"560\" height=\"315\" frameborder=\"0\" allowfullscreen=\"allowfullscreen\"><\/iframe><\/div>\n<p><span style=\"color: #ffffff;\">.<\/span><br \/>\n<span style=\"color: #ffffff;\">.<\/span><br \/>\n<span style=\"font-family: verdana, geneva, sans-serif; font-size: 12pt;\">Nesta 4\u00b0 Esta\u00e7\u00e3o da Via Sacra, ouvimos o que aconteceu no encontro de Nosso Senhor com sua m\u00e3e Maria Sant\u00edssima.<\/span><\/p>\n<p><span style=\"font-family: verdana, geneva, sans-serif; font-size: 12pt;\">Aproveite que est\u00e1 acompanhando a Via Sacra e saiba como ganhar in\u00fameras gra\u00e7as tendo seu nome inscrito em mais de 60 Missas por ano. Clique no link abaixo e confira:<\/span><\/p>\n<p><span style=\"font-family: verdana, geneva, sans-serif; font-size: 12pt; color: #ffffff;\">.<\/span><\/p>\n<h5 style=\"text-align: center;\"><span style=\"font-size: 24pt; font-family: verdana, geneva, sans-serif; color: #0000ff;\"><a style=\"color: #0000ff;\" href=\"https:\/\/adf.org.br\/apostolosdefatima\/2\/?origem=4008#ChanceUnica\" target=\"_blank\" rel=\"noopener noreferrer\"><strong>adf.org.br\/apostolosdefatima<\/strong><\/a><\/span><\/h5>\n<p><span style=\"font-family: verdana, geneva, sans-serif; font-size: 12pt; color: #ffffff;\">.<\/span><\/p>\n<p><span style=\"font-family: verdana, geneva, sans-serif; font-size: 12pt;\"><a class=\"link-origem\" href=\"https:\/\/feedburner.google.com\/fb\/a\/mailverify?uri=devotosdefatima\" target=\"_blank\" rel=\"noopener noreferrer\">Clique aqui<\/a> para receber em primeira m\u00e3o e de forma gratuita as pr\u00f3ximas Esta\u00e7\u00f5es da Via Sacra.\u00a0<\/span><\/p>\n<p><span style=\"font-family: verdana, geneva, sans-serif; font-size: 12pt;\">(Ao preencher seu e-mail n\u00e3o esque\u00e7a de confirm\u00e1-lo em sua caixa de entrada.)<img loading=\"lazy\" class=\"aligncenter wp-image-43378\" src=\"http:\/\/www.adf.org.br\/home\/wp-content\/uploads\/2017\/03\/Capas-para-Via-Sacra-ADF-3-1.jpg\" alt=\"Capas para Via Sacra - ADF (3) (1)\" width=\"1\" height=\"1\" \/><\/span><br \/>\n<span style=\"color: #ffffff;\">.<\/span><\/p>\n","protected":false},"excerpt":{"rendered":"<p>Nesta 4\u00b0 Esta\u00e7\u00e3o da Via Sacra, ouvimos o que aconteceu no encontro de Nosso Senhor com sua m\u00e3e Maria Sant\u00edssima.<\/p>\n","protected":false},"author":31,"featured_media":43378,"comment_status":"open","ping_status":"open","sticky":false,"template":"","format":"standard","meta":[],"categories":[20,1882],"tags":[366,434],"yoast_head":"<!-- This site is optimized with the Yoast SEO plugin v17.4 - https:\/\/yoast.com\/wordpress\/plugins\/seo\/ -->\n<title>Medita\u00e7\u00e3o da 4\u00b0 Esta\u00e7\u00e3o da Via Sacra. Veja o que Nosso Senhor fez ao encontrar sua M\u00e3e Maria Sant\u00edssima. - Associa\u00e7\u00e3o Devotos de F\u00e1tima<\/title>\n<meta name=\"robots\" content=\"index, follow, max-snippet:-1, max-image-preview:large, max-video-preview:-1\" \/>\n<link rel=\"canonical\" href=\"https:\/\/www.adf.org.br\/home\/4-meditacao-da-via-sacra-veja-o-que-nosso-senhor-fez-ao-encontrar-sua-mae-maria-santissima\/\" \/>\n<meta property=\"og:locale\" content=\"pt_BR\" \/>\n<meta property=\"og:type\" content=\"article\" \/>\n<meta property=\"og:title\" content=\"Medita\u00e7\u00e3o da 4\u00b0 Esta\u00e7\u00e3o da Via Sacra. Veja o que Nosso Senhor fez ao encontrar sua M\u00e3e Maria Sant\u00edssima. - Associa\u00e7\u00e3o Devotos de F\u00e1tima\" \/>\n<meta property=\"og:description\" content=\"Nesta 4\u00b0 Esta\u00e7\u00e3o da Via Sacra, ouvimos o que aconteceu no encontro de Nosso Senhor com sua m\u00e3e Maria Sant\u00edssima.\" \/>\n<meta property=\"og:url\" content=\"https:\/\/www.adf.org.br\/home\/4-meditacao-da-via-sacra-veja-o-que-nosso-senhor-fez-ao-encontrar-sua-mae-maria-santissima\/\" \/>\n<meta property=\"og:site_name\" content=\"Associa\u00e7\u00e3o Devotos de F\u00e1tima\" \/>\n<meta property=\"article:published_time\" content=\"2017-03-16T05:00:28+00:00\" \/>\n<meta name=\"twitter:card\" content=\"summary_large_image\" \/>\n<meta name=\"twitter:label1\" content=\"Escrito por\" \/>\n\t<meta name=\"twitter:data1\" content=\"Gabriel Barbosa\" \/>\n<script type=\"application\/ld+json\" class=\"yoast-schema-graph\">{\"@context\":\"https:\/\/schema.org\",\"@graph\":[{\"@type\":\"WebSite\",\"@id\":\"https:\/\/www.adf.org.br\/home\/#website\",\"url\":\"https:\/\/www.adf.org.br\/home\/\",\"name\":\"Associa\\u00e7\\u00e3o Devotos de F\\u00e1tima\",\"description\":\"Associa\\u00e7\\u00e3o Devotos de F\\u00e1tima\",\"potentialAction\":[{\"@type\":\"SearchAction\",\"target\":{\"@type\":\"EntryPoint\",\"urlTemplate\":\"https:\/\/www.adf.org.br\/home\/?s={search_term_string}\"},\"query-input\":\"required name=search_term_string\"}],\"inLanguage\":\"pt-BR\"},{\"@type\":\"ImageObject\",\"@id\":\"https:\/\/www.adf.org.br\/home\/4-meditacao-da-via-sacra-veja-o-que-nosso-senhor-fez-ao-encontrar-sua-mae-maria-santissima\/#primaryimage\",\"inLanguage\":\"pt-BR\",\"url\":\"\",\"contentUrl\":\"\"},{\"@type\":\"WebPage\",\"@id\":\"https:\/\/www.adf.org.br\/home\/4-meditacao-da-via-sacra-veja-o-que-nosso-senhor-fez-ao-encontrar-sua-mae-maria-santissima\/#webpage\",\"url\":\"https:\/\/www.adf.org.br\/home\/4-meditacao-da-via-sacra-veja-o-que-nosso-senhor-fez-ao-encontrar-sua-mae-maria-santissima\/\",\"name\":\"Medita\\u00e7\\u00e3o da 4\\u00b0 Esta\\u00e7\\u00e3o da Via Sacra. Veja o que Nosso Senhor fez ao encontrar sua M\\u00e3e Maria Sant\\u00edssima. - Associa\\u00e7\\u00e3o Devotos de F\\u00e1tima\",\"isPartOf\":{\"@id\":\"https:\/\/www.adf.org.br\/home\/#website\"},\"primaryImageOfPage\":{\"@id\":\"https:\/\/www.adf.org.br\/home\/4-meditacao-da-via-sacra-veja-o-que-nosso-senhor-fez-ao-encontrar-sua-mae-maria-santissima\/#primaryimage\"},\"datePublished\":\"2017-03-16T05:00:28+00:00\",\"dateModified\":\"2017-03-16T05:00:28+00:00\",\"author\":{\"@id\":\"https:\/\/www.adf.org.br\/home\/#\/schema\/person\/f35a5c5aa7728a3dedf4ea9aa1fc2753\"},\"breadcrumb\":{\"@id\":\"https:\/\/www.adf.org.br\/home\/4-meditacao-da-via-sacra-veja-o-que-nosso-senhor-fez-ao-encontrar-sua-mae-maria-santissima\/#breadcrumb\"},\"inLanguage\":\"pt-BR\",\"potentialAction\":[{\"@type\":\"ReadAction\",\"target\":[\"https:\/\/www.adf.org.br\/home\/4-meditacao-da-via-sacra-veja-o-que-nosso-senhor-fez-ao-encontrar-sua-mae-maria-santissima\/\"]}]},{\"@type\":\"BreadcrumbList\",\"@id\":\"https:\/\/www.adf.org.br\/home\/4-meditacao-da-via-sacra-veja-o-que-nosso-senhor-fez-ao-encontrar-sua-mae-maria-santissima\/#breadcrumb\",\"itemListElement\":[{\"@type\":\"ListItem\",\"position\":1,\"name\":\"Home\",\"item\":\"https:\/\/www.adf.org.br\/home\/\"},{\"@type\":\"ListItem\",\"position\":2,\"name\":\"Medita\\u00e7\\u00e3o da 4\\u00b0 Esta\\u00e7\\u00e3o da Via Sacra. Veja o que Nosso Senhor fez ao encontrar sua M\\u00e3e Maria Sant\\u00edssima.\"}]},{\"@type\":\"Person\",\"@id\":\"https:\/\/www.adf.org.br\/home\/#\/schema\/person\/f35a5c5aa7728a3dedf4ea9aa1fc2753\",\"name\":\"Gabriel Barbosa\",\"image\":{\"@type\":\"ImageObject\",\"@id\":\"https:\/\/www.adf.org.br\/home\/#personlogo\",\"inLanguage\":\"pt-BR\",\"url\":\"https:\/\/secure.gravatar.com\/avatar\/2b2cb2f4637682c5605e8d36818f51ef?s=96&d=mm&r=g\",\"contentUrl\":\"https:\/\/secure.gravatar.com\/avatar\/2b2cb2f4637682c5605e8d36818f51ef?s=96&d=mm&r=g\",\"caption\":\"Gabriel Barbosa\"},\"url\":\"https:\/\/www.adf.org.br\/home\/author\/gabrielpmk-com-br\/\"}]}<\/script>\n<!-- \/ Yoast SEO plugin. -->","yoast_head_json":{"title":"Medita\u00e7\u00e3o da 4\u00b0 Esta\u00e7\u00e3o da Via Sacra. Veja o que Nosso Senhor fez ao encontrar sua M\u00e3e Maria Sant\u00edssima. - Associa\u00e7\u00e3o Devotos de F\u00e1tima","robots":{"index":"index","follow":"follow","max-snippet":"max-snippet:-1","max-image-preview":"max-image-preview:large","max-video-preview":"max-video-preview:-1"},"canonical":"https:\/\/www.adf.org.br\/home\/4-meditacao-da-via-sacra-veja-o-que-nosso-senhor-fez-ao-encontrar-sua-mae-maria-santissima\/","og_locale":"pt_BR","og_type":"article","og_title":"Medita\u00e7\u00e3o da 4\u00b0 Esta\u00e7\u00e3o da Via Sacra. Veja o que Nosso Senhor fez ao encontrar sua M\u00e3e Maria Sant\u00edssima. - Associa\u00e7\u00e3o Devotos de F\u00e1tima","og_description":"Nesta 4\u00b0 Esta\u00e7\u00e3o da Via Sacra, ouvimos o que aconteceu no encontro de Nosso Senhor com sua m\u00e3e Maria Sant\u00edssima.","og_url":"https:\/\/www.adf.org.br\/home\/4-meditacao-da-via-sacra-veja-o-que-nosso-senhor-fez-ao-encontrar-sua-mae-maria-santissima\/","og_site_name":"Associa\u00e7\u00e3o Devotos de F\u00e1tima","article_published_time":"2017-03-16T05:00:28+00:00","twitter_card":"summary_large_image","twitter_misc":{"Escrito por":"Gabriel Barbosa"},"schema":{"@context":"https:\/\/schema.org","@graph":[{"@type":"WebSite","@id":"https:\/\/www.adf.org.br\/home\/#website","url":"https:\/\/www.adf.org.br\/home\/","name":"Associa\u00e7\u00e3o Devotos de F\u00e1tima","description":"Associa\u00e7\u00e3o Devotos de F\u00e1tima","potentialAction":[{"@type":"SearchAction","target":{"@type":"EntryPoint","urlTemplate":"https:\/\/www.adf.org.br\/home\/?s={search_term_string}"},"query-input":"required name=search_term_string"}],"inLanguage":"pt-BR"},{"@type":"ImageObject","@id":"https:\/\/www.adf.org.br\/home\/4-meditacao-da-via-sacra-veja-o-que-nosso-senhor-fez-ao-encontrar-sua-mae-maria-santissima\/#primaryimage","inLanguage":"pt-BR","url":"","contentUrl":""},{"@type":"WebPage","@id":"https:\/\/www.adf.org.br\/home\/4-meditacao-da-via-sacra-veja-o-que-nosso-senhor-fez-ao-encontrar-sua-mae-maria-santissima\/#webpage","url":"https:\/\/www.adf.org.br\/home\/4-meditacao-da-via-sacra-veja-o-que-nosso-senhor-fez-ao-encontrar-sua-mae-maria-santissima\/","name":"Medita\u00e7\u00e3o da 4\u00b0 Esta\u00e7\u00e3o da Via Sacra. Veja o que Nosso Senhor fez ao encontrar sua M\u00e3e Maria Sant\u00edssima. - Associa\u00e7\u00e3o Devotos de F\u00e1tima","isPartOf":{"@id":"https:\/\/www.adf.org.br\/home\/#website"},"primaryImageOfPage":{"@id":"https:\/\/www.adf.org.br\/home\/4-meditacao-da-via-sacra-veja-o-que-nosso-senhor-fez-ao-encontrar-sua-mae-maria-santissima\/#primaryimage"},"datePublished":"2017-03-16T05:00:28+00:00","dateModified":"2017-03-16T05:00:28+00:00","author":{"@id":"https:\/\/www.adf.org.br\/home\/#\/schema\/person\/f35a5c5aa7728a3dedf4ea9aa1fc2753"},"breadcrumb":{"@id":"https:\/\/www.adf.org.br\/home\/4-meditacao-da-via-sacra-veja-o-que-nosso-senhor-fez-ao-encontrar-sua-mae-maria-santissima\/#breadcrumb"},"inLanguage":"pt-BR","potentialAction":[{"@type":"ReadAction","target":["https:\/\/www.adf.org.br\/home\/4-meditacao-da-via-sacra-veja-o-que-nosso-senhor-fez-ao-encontrar-sua-mae-maria-santissima\/"]}]},{"@type":"BreadcrumbList","@id":"https:\/\/www.adf.org.br\/home\/4-meditacao-da-via-sacra-veja-o-que-nosso-senhor-fez-ao-encontrar-sua-mae-maria-santissima\/#breadcrumb","itemListElement":[{"@type":"ListItem","position":1,"name":"Home","item":"https:\/\/www.adf.org.br\/home\/"},{"@type":"ListItem","position":2,"name":"Medita\u00e7\u00e3o da 4\u00b0 Esta\u00e7\u00e3o da Via Sacra. Veja o que Nosso Senhor fez ao encontrar sua M\u00e3e Maria Sant\u00edssima."}]},{"@type":"Person","@id":"https:\/\/www.adf.org.br\/home\/#\/schema\/person\/f35a5c5aa7728a3dedf4ea9aa1fc2753","name":"Gabriel Barbosa","image":{"@type":"ImageObject","@id":"https:\/\/www.adf.org.br\/home\/#personlogo","inLanguage":"pt-BR","url":"https:\/\/secure.gravatar.com\/avatar\/2b2cb2f4637682c5605e8d36818f51ef?s=96&d=mm&r=g","contentUrl":"https:\/\/secure.gravatar.com\/avatar\/2b2cb2f4637682c5605e8d36818f51ef?s=96&d=mm&r=g","caption":"Gabriel Barbosa"},"url":"https:\/\/www.adf.org.br\/home\/author\/gabrielpmk-com-br\/"}]}},"_links":{"self":[{"href":"https:\/\/www.adf.org.br\/home\/wp-json\/wp\/v2\/posts\/43376"}],"collection":[{"href":"https:\/\/www.adf.org.br\/home\/wp-json\/wp\/v2\/posts"}],"about":[{"href":"https:\/\/www.adf.org.br\/home\/wp-json\/wp\/v2\/types\/post"}],"author":[{"embeddable":true,"href":"https:\/\/www.adf.org.br\/home\/wp-json\/wp\/v2\/users\/31"}],"replies":[{"embeddable":true,"href":"https:\/\/www.adf.org.br\/home\/wp-json\/wp\/v2\/comments?post=43376"}],"version-history":[{"count":0,"href":"https:\/\/www.adf.org.br\/home\/wp-json\/wp\/v2\/posts\/43376\/revisions"}],"wp:featuredmedia":[{"embeddable":true,"href":"https:\/\/www.adf.org.br\/home\/wp-json\/wp\/v2\/media\/43378"}],"wp:attachment":[{"href":"https:\/\/www.adf.org.br\/home\/wp-json\/wp\/v2\/media?parent=43376"}],"wp:term":[{"taxonomy":"category","embeddable":true,"href":"https:\/\/www.adf.org.br\/home\/wp-json\/wp\/v2\/categories?post=43376"},{"taxonomy":"post_tag","embeddable":true,"href":"https:\/\/www.adf.org.br\/home\/wp-json\/wp\/v2\/tags?post=43376"}],"curies":[{"name":"wp","href":"https:\/\/api.w.org\/{rel}","templated":true}]}}