{"id":43372,"date":"2017-03-15T02:00:07","date_gmt":"2017-03-15T05:00:07","guid":{"rendered":"http:\/\/www.adf.org.br\/home\/?p=43372"},"modified":"2017-03-15T02:00:07","modified_gmt":"2017-03-15T05:00:07","slug":"3-estacao-da-via-sacra-veja-o-sofrimento-de-nosso-senhor-ao-cair-com-pesada-cruz-pela-primeira-vez","status":"publish","type":"post","link":"https:\/\/www.adf.org.br\/home\/3-estacao-da-via-sacra-veja-o-sofrimento-de-nosso-senhor-ao-cair-com-pesada-cruz-pela-primeira-vez\/","title":{"rendered":"3\u00b0 Esta\u00e7\u00e3o da Via Sacra. Veja o Sofrimento de Nosso Senhor ao cair com a pesada Cruz pela primeira vez."},"content":{"rendered":"<p><span style=\"color: #ffffff;\">.<\/span><\/p>\n<div class=\"video-container\"><iframe loading=\"lazy\" src=\"https:\/\/www.youtube.com\/embed\/sv4MgiZn1PM?rel=0&amp;modestbranding=1&amp;showinfo=0&amp;controls=0\" width=\"560\" height=\"315\" frameborder=\"0\" allowfullscreen=\"allowfullscreen\"><\/iframe><\/div>\n<p><span style=\"color: #ffffff;\">.<\/span><br \/>\n<span style=\"color: #ffffff;\">.<\/span><br \/>\n<span style=\"font-family: verdana, geneva, sans-serif; font-size: 12pt; color: #000000;\">Neste medita\u00e7\u00e3o pudemos ver o quanto Nosso Senhor sofreu ao cair no ch\u00e3o com a pesada Cruz nas costas.<\/span><\/p>\n<p><span style=\"font-family: verdana, geneva, sans-serif; font-size: 12pt; color: #000000;\">Aproveite que est\u00e1 acompanhando a Via Sacra e saiba como ganhar in\u00fameras gra\u00e7as tendo seu nome inscrito em mais de 60 Missas por ano. Clique no link abaixo e confira:<\/span><\/p>\n<p><span style=\"font-family: verdana, geneva, sans-serif; font-size: 12pt; color: #ffffff;\">.<\/span><\/p>\n<h5 style=\"text-align: center;\"><a href=\"https:\/\/adf.org.br\/apostolosdefatima\/2\/?origem=4008#ChanceUnica\" target=\"_blank\" rel=\"noopener noreferrer\"><span style=\"font-family: verdana, geneva, sans-serif; font-size: 24pt; color: #0000ff;\"><strong>adf.org.br\/apostolosdefatima<\/strong><\/span><\/a><\/h5>\n<p><span style=\"font-family: verdana, geneva, sans-serif; font-size: 12pt; color: #ffffff;\">.<\/span><\/p>\n<p><span style=\"font-family: verdana, geneva, sans-serif; font-size: 12pt;\"><a class=\"link-origem\" href=\"https:\/\/feedburner.google.com\/fb\/a\/mailverify?uri=devotosdefatima\" target=\"_blank\" rel=\"noopener noreferrer\">Clique aqui<\/a> <span style=\"color: #000000;\">para receber em primeira m\u00e3o e de forma gratuita as pr\u00f3ximas Esta\u00e7\u00f5es da Via Sacra.\u00a0<\/span><\/span><\/p>\n<p><span style=\"font-family: verdana, geneva, sans-serif; font-size: 12pt; color: #000000;\">(Ao preencher seu e-mail n\u00e3o esque\u00e7a de confirm\u00e1-lo em sua caixa de entrada.)<\/span><br \/>\n<span style=\"color: #ffffff;\">.<\/span><\/p>\n","protected":false},"excerpt":{"rendered":"<p>. . . Neste medita\u00e7\u00e3o pudemos ver o quanto Nosso Senhor sofreu ao cair no ch\u00e3o com a pesada Cruz nas costas. Aproveite que est\u00e1 acompanhando a Via Sacra e saiba como ganhar in\u00fameras gra\u00e7as tendo seu nome inscrito em mais de 60 Missas por ano. Clique no link abaixo e confira: . adf.org.br\/apostolosdefatima . [&hellip;]<\/p>\n","protected":false},"author":31,"featured_media":43374,"comment_status":"open","ping_status":"open","sticky":false,"template":"","format":"standard","meta":[],"categories":[20,1882],"tags":[366,434],"yoast_head":"<!-- This site is optimized with the Yoast SEO plugin v17.4 - https:\/\/yoast.com\/wordpress\/plugins\/seo\/ -->\n<title>3\u00b0 Esta\u00e7\u00e3o da Via Sacra. Veja o Sofrimento de Nosso Senhor ao cair com a pesada Cruz pela primeira vez. - Associa\u00e7\u00e3o Devotos de F\u00e1tima<\/title>\n<meta name=\"robots\" content=\"index, follow, max-snippet:-1, max-image-preview:large, max-video-preview:-1\" \/>\n<link rel=\"canonical\" href=\"https:\/\/www.adf.org.br\/home\/3-estacao-da-via-sacra-veja-o-sofrimento-de-nosso-senhor-ao-cair-com-pesada-cruz-pela-primeira-vez\/\" \/>\n<meta property=\"og:locale\" content=\"pt_BR\" \/>\n<meta property=\"og:type\" content=\"article\" \/>\n<meta property=\"og:title\" content=\"3\u00b0 Esta\u00e7\u00e3o da Via Sacra. Veja o Sofrimento de Nosso Senhor ao cair com a pesada Cruz pela primeira vez. - Associa\u00e7\u00e3o Devotos de F\u00e1tima\" \/>\n<meta property=\"og:description\" content=\". . . Neste medita\u00e7\u00e3o pudemos ver o quanto Nosso Senhor sofreu ao cair no ch\u00e3o com a pesada Cruz nas costas. Aproveite que est\u00e1 acompanhando a Via Sacra e saiba como ganhar in\u00fameras gra\u00e7as tendo seu nome inscrito em mais de 60 Missas por ano. Clique no link abaixo e confira: . adf.org.br\/apostolosdefatima . [&hellip;]\" \/>\n<meta property=\"og:url\" content=\"https:\/\/www.adf.org.br\/home\/3-estacao-da-via-sacra-veja-o-sofrimento-de-nosso-senhor-ao-cair-com-pesada-cruz-pela-primeira-vez\/\" \/>\n<meta property=\"og:site_name\" content=\"Associa\u00e7\u00e3o Devotos de F\u00e1tima\" \/>\n<meta property=\"article:published_time\" content=\"2017-03-15T05:00:07+00:00\" \/>\n<meta name=\"twitter:card\" content=\"summary_large_image\" \/>\n<meta name=\"twitter:label1\" content=\"Escrito por\" \/>\n\t<meta name=\"twitter:data1\" content=\"Gabriel Barbosa\" \/>\n<script type=\"application\/ld+json\" class=\"yoast-schema-graph\">{\"@context\":\"https:\/\/schema.org\",\"@graph\":[{\"@type\":\"WebSite\",\"@id\":\"https:\/\/www.adf.org.br\/home\/#website\",\"url\":\"https:\/\/www.adf.org.br\/home\/\",\"name\":\"Associa\\u00e7\\u00e3o Devotos de F\\u00e1tima\",\"description\":\"Associa\\u00e7\\u00e3o Devotos de F\\u00e1tima\",\"potentialAction\":[{\"@type\":\"SearchAction\",\"target\":{\"@type\":\"EntryPoint\",\"urlTemplate\":\"https:\/\/www.adf.org.br\/home\/?s={search_term_string}\"},\"query-input\":\"required name=search_term_string\"}],\"inLanguage\":\"pt-BR\"},{\"@type\":\"ImageObject\",\"@id\":\"https:\/\/www.adf.org.br\/home\/3-estacao-da-via-sacra-veja-o-sofrimento-de-nosso-senhor-ao-cair-com-pesada-cruz-pela-primeira-vez\/#primaryimage\",\"inLanguage\":\"pt-BR\",\"url\":\"\",\"contentUrl\":\"\"},{\"@type\":\"WebPage\",\"@id\":\"https:\/\/www.adf.org.br\/home\/3-estacao-da-via-sacra-veja-o-sofrimento-de-nosso-senhor-ao-cair-com-pesada-cruz-pela-primeira-vez\/#webpage\",\"url\":\"https:\/\/www.adf.org.br\/home\/3-estacao-da-via-sacra-veja-o-sofrimento-de-nosso-senhor-ao-cair-com-pesada-cruz-pela-primeira-vez\/\",\"name\":\"3\\u00b0 Esta\\u00e7\\u00e3o da Via Sacra. Veja o Sofrimento de Nosso Senhor ao cair com a pesada Cruz pela primeira vez. - Associa\\u00e7\\u00e3o Devotos de F\\u00e1tima\",\"isPartOf\":{\"@id\":\"https:\/\/www.adf.org.br\/home\/#website\"},\"primaryImageOfPage\":{\"@id\":\"https:\/\/www.adf.org.br\/home\/3-estacao-da-via-sacra-veja-o-sofrimento-de-nosso-senhor-ao-cair-com-pesada-cruz-pela-primeira-vez\/#primaryimage\"},\"datePublished\":\"2017-03-15T05:00:07+00:00\",\"dateModified\":\"2017-03-15T05:00:07+00:00\",\"author\":{\"@id\":\"https:\/\/www.adf.org.br\/home\/#\/schema\/person\/f35a5c5aa7728a3dedf4ea9aa1fc2753\"},\"breadcrumb\":{\"@id\":\"https:\/\/www.adf.org.br\/home\/3-estacao-da-via-sacra-veja-o-sofrimento-de-nosso-senhor-ao-cair-com-pesada-cruz-pela-primeira-vez\/#breadcrumb\"},\"inLanguage\":\"pt-BR\",\"potentialAction\":[{\"@type\":\"ReadAction\",\"target\":[\"https:\/\/www.adf.org.br\/home\/3-estacao-da-via-sacra-veja-o-sofrimento-de-nosso-senhor-ao-cair-com-pesada-cruz-pela-primeira-vez\/\"]}]},{\"@type\":\"BreadcrumbList\",\"@id\":\"https:\/\/www.adf.org.br\/home\/3-estacao-da-via-sacra-veja-o-sofrimento-de-nosso-senhor-ao-cair-com-pesada-cruz-pela-primeira-vez\/#breadcrumb\",\"itemListElement\":[{\"@type\":\"ListItem\",\"position\":1,\"name\":\"Home\",\"item\":\"https:\/\/www.adf.org.br\/home\/\"},{\"@type\":\"ListItem\",\"position\":2,\"name\":\"3\\u00b0 Esta\\u00e7\\u00e3o da Via Sacra. Veja o Sofrimento de Nosso Senhor ao cair com a pesada Cruz pela primeira vez.\"}]},{\"@type\":\"Person\",\"@id\":\"https:\/\/www.adf.org.br\/home\/#\/schema\/person\/f35a5c5aa7728a3dedf4ea9aa1fc2753\",\"name\":\"Gabriel Barbosa\",\"image\":{\"@type\":\"ImageObject\",\"@id\":\"https:\/\/www.adf.org.br\/home\/#personlogo\",\"inLanguage\":\"pt-BR\",\"url\":\"https:\/\/secure.gravatar.com\/avatar\/2b2cb2f4637682c5605e8d36818f51ef?s=96&d=mm&r=g\",\"contentUrl\":\"https:\/\/secure.gravatar.com\/avatar\/2b2cb2f4637682c5605e8d36818f51ef?s=96&d=mm&r=g\",\"caption\":\"Gabriel Barbosa\"},\"url\":\"https:\/\/www.adf.org.br\/home\/author\/gabrielpmk-com-br\/\"}]}<\/script>\n<!-- \/ Yoast SEO plugin. -->","yoast_head_json":{"title":"3\u00b0 Esta\u00e7\u00e3o da Via Sacra. Veja o Sofrimento de Nosso Senhor ao cair com a pesada Cruz pela primeira vez. - Associa\u00e7\u00e3o Devotos de F\u00e1tima","robots":{"index":"index","follow":"follow","max-snippet":"max-snippet:-1","max-image-preview":"max-image-preview:large","max-video-preview":"max-video-preview:-1"},"canonical":"https:\/\/www.adf.org.br\/home\/3-estacao-da-via-sacra-veja-o-sofrimento-de-nosso-senhor-ao-cair-com-pesada-cruz-pela-primeira-vez\/","og_locale":"pt_BR","og_type":"article","og_title":"3\u00b0 Esta\u00e7\u00e3o da Via Sacra. Veja o Sofrimento de Nosso Senhor ao cair com a pesada Cruz pela primeira vez. - Associa\u00e7\u00e3o Devotos de F\u00e1tima","og_description":". . . Neste medita\u00e7\u00e3o pudemos ver o quanto Nosso Senhor sofreu ao cair no ch\u00e3o com a pesada Cruz nas costas. Aproveite que est\u00e1 acompanhando a Via Sacra e saiba como ganhar in\u00fameras gra\u00e7as tendo seu nome inscrito em mais de 60 Missas por ano. Clique no link abaixo e confira: . adf.org.br\/apostolosdefatima . [&hellip;]","og_url":"https:\/\/www.adf.org.br\/home\/3-estacao-da-via-sacra-veja-o-sofrimento-de-nosso-senhor-ao-cair-com-pesada-cruz-pela-primeira-vez\/","og_site_name":"Associa\u00e7\u00e3o Devotos de F\u00e1tima","article_published_time":"2017-03-15T05:00:07+00:00","twitter_card":"summary_large_image","twitter_misc":{"Escrito por":"Gabriel Barbosa"},"schema":{"@context":"https:\/\/schema.org","@graph":[{"@type":"WebSite","@id":"https:\/\/www.adf.org.br\/home\/#website","url":"https:\/\/www.adf.org.br\/home\/","name":"Associa\u00e7\u00e3o Devotos de F\u00e1tima","description":"Associa\u00e7\u00e3o Devotos de F\u00e1tima","potentialAction":[{"@type":"SearchAction","target":{"@type":"EntryPoint","urlTemplate":"https:\/\/www.adf.org.br\/home\/?s={search_term_string}"},"query-input":"required name=search_term_string"}],"inLanguage":"pt-BR"},{"@type":"ImageObject","@id":"https:\/\/www.adf.org.br\/home\/3-estacao-da-via-sacra-veja-o-sofrimento-de-nosso-senhor-ao-cair-com-pesada-cruz-pela-primeira-vez\/#primaryimage","inLanguage":"pt-BR","url":"","contentUrl":""},{"@type":"WebPage","@id":"https:\/\/www.adf.org.br\/home\/3-estacao-da-via-sacra-veja-o-sofrimento-de-nosso-senhor-ao-cair-com-pesada-cruz-pela-primeira-vez\/#webpage","url":"https:\/\/www.adf.org.br\/home\/3-estacao-da-via-sacra-veja-o-sofrimento-de-nosso-senhor-ao-cair-com-pesada-cruz-pela-primeira-vez\/","name":"3\u00b0 Esta\u00e7\u00e3o da Via Sacra. Veja o Sofrimento de Nosso Senhor ao cair com a pesada Cruz pela primeira vez. - Associa\u00e7\u00e3o Devotos de F\u00e1tima","isPartOf":{"@id":"https:\/\/www.adf.org.br\/home\/#website"},"primaryImageOfPage":{"@id":"https:\/\/www.adf.org.br\/home\/3-estacao-da-via-sacra-veja-o-sofrimento-de-nosso-senhor-ao-cair-com-pesada-cruz-pela-primeira-vez\/#primaryimage"},"datePublished":"2017-03-15T05:00:07+00:00","dateModified":"2017-03-15T05:00:07+00:00","author":{"@id":"https:\/\/www.adf.org.br\/home\/#\/schema\/person\/f35a5c5aa7728a3dedf4ea9aa1fc2753"},"breadcrumb":{"@id":"https:\/\/www.adf.org.br\/home\/3-estacao-da-via-sacra-veja-o-sofrimento-de-nosso-senhor-ao-cair-com-pesada-cruz-pela-primeira-vez\/#breadcrumb"},"inLanguage":"pt-BR","potentialAction":[{"@type":"ReadAction","target":["https:\/\/www.adf.org.br\/home\/3-estacao-da-via-sacra-veja-o-sofrimento-de-nosso-senhor-ao-cair-com-pesada-cruz-pela-primeira-vez\/"]}]},{"@type":"BreadcrumbList","@id":"https:\/\/www.adf.org.br\/home\/3-estacao-da-via-sacra-veja-o-sofrimento-de-nosso-senhor-ao-cair-com-pesada-cruz-pela-primeira-vez\/#breadcrumb","itemListElement":[{"@type":"ListItem","position":1,"name":"Home","item":"https:\/\/www.adf.org.br\/home\/"},{"@type":"ListItem","position":2,"name":"3\u00b0 Esta\u00e7\u00e3o da Via Sacra. Veja o Sofrimento de Nosso Senhor ao cair com a pesada Cruz pela primeira vez."}]},{"@type":"Person","@id":"https:\/\/www.adf.org.br\/home\/#\/schema\/person\/f35a5c5aa7728a3dedf4ea9aa1fc2753","name":"Gabriel Barbosa","image":{"@type":"ImageObject","@id":"https:\/\/www.adf.org.br\/home\/#personlogo","inLanguage":"pt-BR","url":"https:\/\/secure.gravatar.com\/avatar\/2b2cb2f4637682c5605e8d36818f51ef?s=96&d=mm&r=g","contentUrl":"https:\/\/secure.gravatar.com\/avatar\/2b2cb2f4637682c5605e8d36818f51ef?s=96&d=mm&r=g","caption":"Gabriel Barbosa"},"url":"https:\/\/www.adf.org.br\/home\/author\/gabrielpmk-com-br\/"}]}},"_links":{"self":[{"href":"https:\/\/www.adf.org.br\/home\/wp-json\/wp\/v2\/posts\/43372"}],"collection":[{"href":"https:\/\/www.adf.org.br\/home\/wp-json\/wp\/v2\/posts"}],"about":[{"href":"https:\/\/www.adf.org.br\/home\/wp-json\/wp\/v2\/types\/post"}],"author":[{"embeddable":true,"href":"https:\/\/www.adf.org.br\/home\/wp-json\/wp\/v2\/users\/31"}],"replies":[{"embeddable":true,"href":"https:\/\/www.adf.org.br\/home\/wp-json\/wp\/v2\/comments?post=43372"}],"version-history":[{"count":0,"href":"https:\/\/www.adf.org.br\/home\/wp-json\/wp\/v2\/posts\/43372\/revisions"}],"wp:featuredmedia":[{"embeddable":true,"href":"https:\/\/www.adf.org.br\/home\/wp-json\/wp\/v2\/media\/43374"}],"wp:attachment":[{"href":"https:\/\/www.adf.org.br\/home\/wp-json\/wp\/v2\/media?parent=43372"}],"wp:term":[{"taxonomy":"category","embeddable":true,"href":"https:\/\/www.adf.org.br\/home\/wp-json\/wp\/v2\/categories?post=43372"},{"taxonomy":"post_tag","embeddable":true,"href":"https:\/\/www.adf.org.br\/home\/wp-json\/wp\/v2\/tags?post=43372"}],"curies":[{"name":"wp","href":"https:\/\/api.w.org\/{rel}","templated":true}]}}