{"id":43335,"date":"2017-03-13T10:26:20","date_gmt":"2017-03-13T13:26:20","guid":{"rendered":"http:\/\/www.adf.org.br\/home\/?p=43335"},"modified":"2017-03-13T10:26:20","modified_gmt":"2017-03-13T13:26:20","slug":"vergonha-parodia-aborto","status":"publish","type":"post","link":"https:\/\/www.adf.org.br\/home\/vergonha-parodia-aborto\/","title":{"rendered":"Profana\u00e7\u00e3o e Vergonha! Par\u00f3dia de \u201caborto\u201d da Virgem Maria em manifesta\u00e7\u00e3o feminista."},"content":{"rendered":"<figure id=\"attachment_43336\" aria-describedby=\"caption-attachment-43336\" style=\"width: 560px\" class=\"wp-caption aligncenter\"><img loading=\"lazy\" class=\"wp-image-43336\" src=\"http:\/\/www.adf.org.br\/home\/wp-content\/uploads\/2017\/03\/AbortoVirgenMariaProfanacao.jpg\" alt=\"Imagem da triste profana\u00e7\u00e3o\" width=\"560\" height=\"311\" \/><figcaption id=\"caption-attachment-43336\" class=\"wp-caption-text\">Imagem da triste profana\u00e7\u00e3o. Em respeito \u00e0 sensibilidade de nossos leitores foi editada.<\/figcaption><\/figure>\n<p style=\"padding-left: 90px;\"><span style=\"font-family: verdana, geneva, sans-serif; font-size: 12pt; color: #000000;\"><span style=\"color: #ffffff;\">.<\/span><br \/>\n<strong><span style=\"color: #800080;\">O Arcebispo de Tucum\u00e1n (Argentina), Dom Alfredo Zecca;<\/span><\/strong><\/span><\/p>\n<p><span style=\"font-family: verdana, geneva, sans-serif; font-size: 12pt; color: #000000;\"><br \/>\n<span style=\"font-size: 14pt;\"><strong>E<\/strong><\/span>xpressou seu rep\u00fadio \u00e0 par\u00f3dia de \u201caborto\u201d da Virgem Maria, representada durante uma marcha feminista no dia 8 de mar\u00e7o, Dia Internacional da Mulher.<\/span><\/p>\n<p><span style=\"font-family: verdana, geneva, sans-serif; font-size: 12pt; color: #000000;\">Em um comunicado divulgado em 9 de mar\u00e7o, Dom Zecca assinalou: <\/span><\/p>\n<p><span style=\"font-family: verdana, geneva, sans-serif; font-size: 12pt; color: #000000;\">\u201cRepudiamos com profunda tristeza os lament\u00e1veis acontecimentos realizados na tarde do dia 8 de mar\u00e7o, em frente \u00e0 Catedral de Tucum\u00e1n;<\/span><\/p>\n<p style=\"padding-left: 90px;\"><strong><span style=\"font-family: verdana, geneva, sans-serif; font-size: 12pt; color: #000080;\"><br \/>\nQue agravam profundamente a pessoa e a imagem da Virgem Maria, M\u00e3e de Deus, assim como a f\u00e9 dos cat\u00f3licos tucumanos\u201d.<\/span><\/strong><\/p>\n<p><span style=\"font-family: verdana, geneva, sans-serif; font-size: 12pt; color: #000000;\"><br \/>\nPor ocasi\u00e3o do Dia da Mulher, um grupo feminista fez uma manifesta\u00e7\u00e3o pelas ruas principais de Tucum\u00e1n.<\/span><\/p>\n<p><span style=\"font-family: verdana, geneva, sans-serif; font-size: 12pt; color: #000000;\">Manifestantes representaram o aborto da Virgem Maria, com muita tinta vermelha para simular o sangramento, em frente \u00e0 Catedral de Tucum\u00e1n.<\/span><\/p>\n<p><span style=\"font-family: verdana, geneva, sans-serif; font-size: 12pt; color: #000000;\">No Facebook, o grupo feminista Socorro Rosa Tucum\u00e1n celebrou a imagem;<\/span><\/p>\n<p><span style=\"font-family: verdana, geneva, sans-serif; font-size: 12pt; color: #000000;\">Assegurando que:<\/span><\/p>\n<p><span style=\"font-family: verdana, geneva, sans-serif; font-size: 12pt; color: #000000;\"> \u201cA Virgem abortou na catedral o patriarcado, a heterossexualidade obrigat\u00f3ria e os mandatos desta sociedade repressora;<\/span><\/p>\n<p><span style=\"font-family: verdana, geneva, sans-serif; font-size: 12pt; color: #000000;\">E exigiu a todos os mis\u00f3ginos desta prov\u00edncia medieval que tirem a sua imagem das maternidades, que n\u00e3o pro\u00edbam mais os abortos em seu nome\u201d.<\/span><\/p>\n<p><span style=\"font-family: verdana, geneva, sans-serif; font-size: 12pt; color: #000000;\">As feministas tamb\u00e9m se referiram ao \u201csistema violador que nos obriga a maternidade for\u00e7ada\u201d.<\/span><\/p>\n<p><span style=\"font-family: verdana, geneva, sans-serif; font-size: 12pt; color: #000000;\">Em seu comunicado, o Arcebispo de Tucum\u00e1n assinalou que:<\/span><\/p>\n<p style=\"padding-left: 90px;\"><strong><span style=\"font-family: verdana, geneva, sans-serif; font-size: 12pt; color: #000080;\"><br \/>\n\u201cOs fatos agravantes n\u00e3o s\u00e3o somente ofensivos para todos os crentes, como tamb\u00e9m para a dignidade das mulheres\u201d.<\/span><\/strong><\/p>\n<p><span style=\"font-family: verdana, geneva, sans-serif; font-size: 12pt; color: #000000;\"><br \/>\nEm seguida, Dom Zecca recordou que mar\u00e7o \u00e9;<\/span><\/p>\n<p><span style=\"font-family: verdana, geneva, sans-serif; font-size: 12pt; color: #000000;\">\u201cO m\u00eas de reflex\u00e3o sobre os direitos do nascituro\u201d;<\/span><\/p>\n<p><span style=\"font-family: verdana, geneva, sans-serif; font-size: 12pt; color: #000000;\">E convidou os fi\u00e9is cat\u00f3licos e a comunidade em geral \u00e0 Marcha pela Vida e pela Fam\u00edlia, no dia 25 de mar\u00e7o, \u00e0s 18h.<\/span><\/p>\n<p><span style=\"font-family: verdana, geneva, sans-serif; font-size: 12pt; color: #000000;\">Neste dia, indicou, ir\u00e3o se mobilizar da Pra\u00e7a Urquiza at\u00e9 a Catedral;<\/span><\/p>\n<p style=\"padding-left: 90px;\"><strong><span style=\"font-family: verdana, geneva, sans-serif; font-size: 12pt; color: #800080;\"><br \/>\n\u201cPara celebrar juntos a Eucaristia e realizar um ato de desagravo ao Doce Nome de Maria e seu Filho, nosso Redentor\u201d.<\/span><\/strong><\/p>\n<p><span style=\"font-family: verdana, geneva, sans-serif; font-size: 12pt; color: #000000;\"><strong><br \/>\nPedem san\u00e7\u00e3o<\/strong><\/span><\/p>\n<p><span style=\"font-family: verdana, geneva, sans-serif; font-size: 12pt; color: #000000;\">\u2018ArgentinosAlerta\u2019, atrav\u00e9s da plataforma internacional CitizenGO, lan\u00e7ou um abaixo-assinado dirigido a Jos\u00e9 Ramiro Granado;<\/span><\/p>\n<p><span style=\"font-family: verdana, geneva, sans-serif; font-size: 12pt; color: #000000;\">Delegado do Instituto Nacional contra a Discrimina\u00e7\u00e3o, a Xenofobia e Racismo (INADI) em Tucum\u00e1n, solicitando que;<\/span><\/p>\n<h5 style=\"padding-left: 90px;\"><strong><span style=\"font-family: verdana, geneva, sans-serif; font-size: 12pt; color: #800080;\"><br \/>\n\u201cInvestigue os fatos e sejam sancionados;<\/span><\/strong><\/h5>\n<h5 style=\"padding-left: 90px;\"><strong><span style=\"font-family: verdana, geneva, sans-serif; font-size: 12pt; color: #800080;\">\u00a0A fim de que a discrimina\u00e7\u00e3o e o \u00f3dio por motivo de f\u00e9 n\u00e3o impe\u00e7am a conviv\u00eancia pac\u00edfica da Argentina\u201d.<\/span><\/strong><\/h5>\n<p><span style=\"font-family: verdana, geneva, sans-serif; font-size: 12pt; color: #ffffff;\">.<\/span><\/p>\n<p><span style=\"font-size: 10pt;\"><em><span style=\"font-family: verdana, geneva, sans-serif; color: #000000;\">Fonte: acidigital.com<\/span><\/em><\/span><\/p>\n<p style=\"text-align: center;\"><span style=\"font-family: verdana, geneva, sans-serif; font-size: 12pt; color: #ffffff;\">.<\/span><br \/>\n<span style=\"font-family: verdana, geneva, sans-serif; font-size: 12pt; color: #ffffff;\">.<\/span><br \/>\n<strong><span style=\"font-family: verdana, geneva, sans-serif; font-size: 12pt; color: #000000;\">* \u00a0* \u00a0*<\/span><\/strong><\/p>\n<p><span style=\"font-family: verdana, geneva, sans-serif; font-size: 12pt; color: #ffffff;\">.<\/span><\/p>\n<p style=\"text-align: left;\"><span style=\"color: #000000; font-family: verdana, geneva, sans-serif; font-size: 12pt;\">Por isso, voc\u00ea Devoto de Nossa Senhora, filho de Nossa Senhora n\u00e3o deixe de rezar e reparar essa tristeza que Nossa M\u00e3e Sant\u00edssima est\u00e1 sentindo.<\/span><\/p>\n<p style=\"text-align: center;\"><strong><span style=\"color: #0000ff;\"><a style=\"color: #0000ff;\" href=\"https:\/\/adf.org.br\/velario\/reparacao?origem=1025\" target=\"_blank\" rel=\"noopener noreferrer\"><span style=\"font-family: verdana, geneva, sans-serif; font-size: 12pt;\"><br \/>\nAcenda agora mesmo a Vela da Repara\u00e7\u00e3o a Nossa Senhora.<\/span><\/a><\/span><\/strong><\/p>\n<p style=\"text-align: left;\"><span style=\"color: #000000; font-family: verdana, geneva, sans-serif; font-size: 12pt;\"><br \/>\nVamos consolar e reparar esse ultraje contra a fam\u00edlia crist\u00e3.<\/span><\/p>\n<p style=\"text-align: left;\"><span style=\"color: #000000; font-family: verdana, geneva, sans-serif; font-size: 12pt;\">Clique no link abaixo e acenda a vela agora mesmo.<\/span><\/p>\n<p style=\"text-align: center;\"><span style=\"color: #ffffff; font-family: verdana, geneva, sans-serif; font-size: 12pt;\">.<\/span><br \/>\n<span style=\"color: #ffffff; font-family: verdana, geneva, sans-serif; font-size: 12pt;\">.<\/span><br \/>\n<a href=\"https:\/\/adf.org.br\/velario\/reparacao?origem=1025\" target=\"_blank\" rel=\"noopener noreferrer\"><span style=\"color: #0000ff;\"><strong><span style=\"font-family: verdana, geneva, sans-serif; font-size: 18pt;\">adf.org.br\/velario\/reparacao<\/span><\/strong><\/span><\/a><\/p>\n<p style=\"text-align: center;\"><span style=\"color: #ffffff;\">.<\/span><\/p>\n<p style=\"text-align: center;\"><span style=\"color: #ffffff;\">.<\/span><\/p>\n<p style=\"text-align: center;\"><span style=\"color: #ffffff; font-size: 12pt; font-family: verdana, geneva, sans-serif;\">.<\/span><\/p>\n","protected":false},"excerpt":{"rendered":"<p>O Arcebispo de Tucum\u00e1n (Argentina), Dom Alfredo Zecca;<\/p>\n","protected":false},"author":31,"featured_media":43337,"comment_status":"open","ping_status":"open","sticky":false,"template":"","format":"standard","meta":[],"categories":[20],"tags":[47,784,91],"yoast_head":"<!-- This site is optimized with the Yoast SEO plugin v17.4 - https:\/\/yoast.com\/wordpress\/plugins\/seo\/ -->\n<title>Profana\u00e7\u00e3o e Vergonha! Par\u00f3dia de \u201caborto\u201d da Virgem Maria<\/title>\n<meta name=\"description\" content=\"Profana\u00e7\u00e3o e Vergonha! Par\u00f3dia de \u201caborto\u201d da Virgem Maria em manifesta\u00e7\u00e3o feminista. Aconteceu na Argentina no ultimo dia 8 de mar\u00e7o.\" \/>\n<meta name=\"robots\" content=\"index, follow, max-snippet:-1, max-image-preview:large, max-video-preview:-1\" \/>\n<link rel=\"canonical\" href=\"https:\/\/www.adf.org.br\/home\/vergonha-parodia-aborto\/\" \/>\n<meta property=\"og:locale\" content=\"pt_BR\" \/>\n<meta property=\"og:type\" content=\"article\" \/>\n<meta property=\"og:title\" content=\"Profana\u00e7\u00e3o e Vergonha! Par\u00f3dia de \u201caborto\u201d da Virgem Maria\" \/>\n<meta property=\"og:description\" content=\"Profana\u00e7\u00e3o e Vergonha! Par\u00f3dia de \u201caborto\u201d da Virgem Maria em manifesta\u00e7\u00e3o feminista. Aconteceu na Argentina no ultimo dia 8 de mar\u00e7o.\" \/>\n<meta property=\"og:url\" content=\"https:\/\/www.adf.org.br\/home\/vergonha-parodia-aborto\/\" \/>\n<meta property=\"og:site_name\" content=\"Associa\u00e7\u00e3o Devotos de F\u00e1tima\" \/>\n<meta property=\"article:published_time\" content=\"2017-03-13T13:26:20+00:00\" \/>\n<meta name=\"twitter:card\" content=\"summary_large_image\" \/>\n<meta name=\"twitter:label1\" content=\"Escrito por\" \/>\n\t<meta name=\"twitter:data1\" content=\"Gabriel Barbosa\" \/>\n\t<meta name=\"twitter:label2\" content=\"Est. tempo de leitura\" \/>\n\t<meta name=\"twitter:data2\" content=\"2 minutos\" \/>\n<script type=\"application\/ld+json\" class=\"yoast-schema-graph\">{\"@context\":\"https:\/\/schema.org\",\"@graph\":[{\"@type\":\"WebSite\",\"@id\":\"https:\/\/www.adf.org.br\/home\/#website\",\"url\":\"https:\/\/www.adf.org.br\/home\/\",\"name\":\"Associa\\u00e7\\u00e3o Devotos de F\\u00e1tima\",\"description\":\"Associa\\u00e7\\u00e3o Devotos de F\\u00e1tima\",\"potentialAction\":[{\"@type\":\"SearchAction\",\"target\":{\"@type\":\"EntryPoint\",\"urlTemplate\":\"https:\/\/www.adf.org.br\/home\/?s={search_term_string}\"},\"query-input\":\"required name=search_term_string\"}],\"inLanguage\":\"pt-BR\"},{\"@type\":\"ImageObject\",\"@id\":\"https:\/\/www.adf.org.br\/home\/vergonha-parodia-aborto\/#primaryimage\",\"inLanguage\":\"pt-BR\",\"url\":\"\",\"contentUrl\":\"\"},{\"@type\":\"WebPage\",\"@id\":\"https:\/\/www.adf.org.br\/home\/vergonha-parodia-aborto\/#webpage\",\"url\":\"https:\/\/www.adf.org.br\/home\/vergonha-parodia-aborto\/\",\"name\":\"Profana\\u00e7\\u00e3o e Vergonha! Par\\u00f3dia de \\u201caborto\\u201d da Virgem Maria\",\"isPartOf\":{\"@id\":\"https:\/\/www.adf.org.br\/home\/#website\"},\"primaryImageOfPage\":{\"@id\":\"https:\/\/www.adf.org.br\/home\/vergonha-parodia-aborto\/#primaryimage\"},\"datePublished\":\"2017-03-13T13:26:20+00:00\",\"dateModified\":\"2017-03-13T13:26:20+00:00\",\"author\":{\"@id\":\"https:\/\/www.adf.org.br\/home\/#\/schema\/person\/f35a5c5aa7728a3dedf4ea9aa1fc2753\"},\"description\":\"Profana\\u00e7\\u00e3o e Vergonha! Par\\u00f3dia de \\u201caborto\\u201d da Virgem Maria em manifesta\\u00e7\\u00e3o feminista. Aconteceu na Argentina no ultimo dia 8 de mar\\u00e7o.\",\"breadcrumb\":{\"@id\":\"https:\/\/www.adf.org.br\/home\/vergonha-parodia-aborto\/#breadcrumb\"},\"inLanguage\":\"pt-BR\",\"potentialAction\":[{\"@type\":\"ReadAction\",\"target\":[\"https:\/\/www.adf.org.br\/home\/vergonha-parodia-aborto\/\"]}]},{\"@type\":\"BreadcrumbList\",\"@id\":\"https:\/\/www.adf.org.br\/home\/vergonha-parodia-aborto\/#breadcrumb\",\"itemListElement\":[{\"@type\":\"ListItem\",\"position\":1,\"name\":\"Home\",\"item\":\"https:\/\/www.adf.org.br\/home\/\"},{\"@type\":\"ListItem\",\"position\":2,\"name\":\"Profana\\u00e7\\u00e3o e Vergonha! Par\\u00f3dia de \\u201caborto\\u201d da Virgem Maria em manifesta\\u00e7\\u00e3o feminista.\"}]},{\"@type\":\"Person\",\"@id\":\"https:\/\/www.adf.org.br\/home\/#\/schema\/person\/f35a5c5aa7728a3dedf4ea9aa1fc2753\",\"name\":\"Gabriel Barbosa\",\"image\":{\"@type\":\"ImageObject\",\"@id\":\"https:\/\/www.adf.org.br\/home\/#personlogo\",\"inLanguage\":\"pt-BR\",\"url\":\"https:\/\/secure.gravatar.com\/avatar\/2b2cb2f4637682c5605e8d36818f51ef?s=96&d=mm&r=g\",\"contentUrl\":\"https:\/\/secure.gravatar.com\/avatar\/2b2cb2f4637682c5605e8d36818f51ef?s=96&d=mm&r=g\",\"caption\":\"Gabriel Barbosa\"},\"url\":\"https:\/\/www.adf.org.br\/home\/author\/gabrielpmk-com-br\/\"}]}<\/script>\n<!-- \/ Yoast SEO plugin. -->","yoast_head_json":{"title":"Profana\u00e7\u00e3o e Vergonha! Par\u00f3dia de \u201caborto\u201d da Virgem Maria","description":"Profana\u00e7\u00e3o e Vergonha! Par\u00f3dia de \u201caborto\u201d da Virgem Maria em manifesta\u00e7\u00e3o feminista. Aconteceu na Argentina no ultimo dia 8 de mar\u00e7o.","robots":{"index":"index","follow":"follow","max-snippet":"max-snippet:-1","max-image-preview":"max-image-preview:large","max-video-preview":"max-video-preview:-1"},"canonical":"https:\/\/www.adf.org.br\/home\/vergonha-parodia-aborto\/","og_locale":"pt_BR","og_type":"article","og_title":"Profana\u00e7\u00e3o e Vergonha! Par\u00f3dia de \u201caborto\u201d da Virgem Maria","og_description":"Profana\u00e7\u00e3o e Vergonha! Par\u00f3dia de \u201caborto\u201d da Virgem Maria em manifesta\u00e7\u00e3o feminista. Aconteceu na Argentina no ultimo dia 8 de mar\u00e7o.","og_url":"https:\/\/www.adf.org.br\/home\/vergonha-parodia-aborto\/","og_site_name":"Associa\u00e7\u00e3o Devotos de F\u00e1tima","article_published_time":"2017-03-13T13:26:20+00:00","twitter_card":"summary_large_image","twitter_misc":{"Escrito por":"Gabriel Barbosa","Est. tempo de leitura":"2 minutos"},"schema":{"@context":"https:\/\/schema.org","@graph":[{"@type":"WebSite","@id":"https:\/\/www.adf.org.br\/home\/#website","url":"https:\/\/www.adf.org.br\/home\/","name":"Associa\u00e7\u00e3o Devotos de F\u00e1tima","description":"Associa\u00e7\u00e3o Devotos de F\u00e1tima","potentialAction":[{"@type":"SearchAction","target":{"@type":"EntryPoint","urlTemplate":"https:\/\/www.adf.org.br\/home\/?s={search_term_string}"},"query-input":"required name=search_term_string"}],"inLanguage":"pt-BR"},{"@type":"ImageObject","@id":"https:\/\/www.adf.org.br\/home\/vergonha-parodia-aborto\/#primaryimage","inLanguage":"pt-BR","url":"","contentUrl":""},{"@type":"WebPage","@id":"https:\/\/www.adf.org.br\/home\/vergonha-parodia-aborto\/#webpage","url":"https:\/\/www.adf.org.br\/home\/vergonha-parodia-aborto\/","name":"Profana\u00e7\u00e3o e Vergonha! Par\u00f3dia de \u201caborto\u201d da Virgem Maria","isPartOf":{"@id":"https:\/\/www.adf.org.br\/home\/#website"},"primaryImageOfPage":{"@id":"https:\/\/www.adf.org.br\/home\/vergonha-parodia-aborto\/#primaryimage"},"datePublished":"2017-03-13T13:26:20+00:00","dateModified":"2017-03-13T13:26:20+00:00","author":{"@id":"https:\/\/www.adf.org.br\/home\/#\/schema\/person\/f35a5c5aa7728a3dedf4ea9aa1fc2753"},"description":"Profana\u00e7\u00e3o e Vergonha! Par\u00f3dia de \u201caborto\u201d da Virgem Maria em manifesta\u00e7\u00e3o feminista. Aconteceu na Argentina no ultimo dia 8 de mar\u00e7o.","breadcrumb":{"@id":"https:\/\/www.adf.org.br\/home\/vergonha-parodia-aborto\/#breadcrumb"},"inLanguage":"pt-BR","potentialAction":[{"@type":"ReadAction","target":["https:\/\/www.adf.org.br\/home\/vergonha-parodia-aborto\/"]}]},{"@type":"BreadcrumbList","@id":"https:\/\/www.adf.org.br\/home\/vergonha-parodia-aborto\/#breadcrumb","itemListElement":[{"@type":"ListItem","position":1,"name":"Home","item":"https:\/\/www.adf.org.br\/home\/"},{"@type":"ListItem","position":2,"name":"Profana\u00e7\u00e3o e Vergonha! Par\u00f3dia de \u201caborto\u201d da Virgem Maria em manifesta\u00e7\u00e3o feminista."}]},{"@type":"Person","@id":"https:\/\/www.adf.org.br\/home\/#\/schema\/person\/f35a5c5aa7728a3dedf4ea9aa1fc2753","name":"Gabriel Barbosa","image":{"@type":"ImageObject","@id":"https:\/\/www.adf.org.br\/home\/#personlogo","inLanguage":"pt-BR","url":"https:\/\/secure.gravatar.com\/avatar\/2b2cb2f4637682c5605e8d36818f51ef?s=96&d=mm&r=g","contentUrl":"https:\/\/secure.gravatar.com\/avatar\/2b2cb2f4637682c5605e8d36818f51ef?s=96&d=mm&r=g","caption":"Gabriel Barbosa"},"url":"https:\/\/www.adf.org.br\/home\/author\/gabrielpmk-com-br\/"}]}},"_links":{"self":[{"href":"https:\/\/www.adf.org.br\/home\/wp-json\/wp\/v2\/posts\/43335"}],"collection":[{"href":"https:\/\/www.adf.org.br\/home\/wp-json\/wp\/v2\/posts"}],"about":[{"href":"https:\/\/www.adf.org.br\/home\/wp-json\/wp\/v2\/types\/post"}],"author":[{"embeddable":true,"href":"https:\/\/www.adf.org.br\/home\/wp-json\/wp\/v2\/users\/31"}],"replies":[{"embeddable":true,"href":"https:\/\/www.adf.org.br\/home\/wp-json\/wp\/v2\/comments?post=43335"}],"version-history":[{"count":0,"href":"https:\/\/www.adf.org.br\/home\/wp-json\/wp\/v2\/posts\/43335\/revisions"}],"wp:featuredmedia":[{"embeddable":true,"href":"https:\/\/www.adf.org.br\/home\/wp-json\/wp\/v2\/media\/43337"}],"wp:attachment":[{"href":"https:\/\/www.adf.org.br\/home\/wp-json\/wp\/v2\/media?parent=43335"}],"wp:term":[{"taxonomy":"category","embeddable":true,"href":"https:\/\/www.adf.org.br\/home\/wp-json\/wp\/v2\/categories?post=43335"},{"taxonomy":"post_tag","embeddable":true,"href":"https:\/\/www.adf.org.br\/home\/wp-json\/wp\/v2\/tags?post=43335"}],"curies":[{"name":"wp","href":"https:\/\/api.w.org\/{rel}","templated":true}]}}