{"id":43249,"date":"2018-04-28T00:00:04","date_gmt":"2018-04-28T03:00:04","guid":{"rendered":"http:\/\/www.adf.org.br\/home\/?p=43249"},"modified":"2018-04-28T00:00:04","modified_gmt":"2018-04-28T03:00:04","slug":"amor-e-temor","status":"publish","type":"post","link":"https:\/\/www.adf.org.br\/home\/amor-e-temor\/","title":{"rendered":"Amor e temor na piedade crist\u00e3!"},"content":{"rendered":"<figure id=\"attachment_43251\" aria-describedby=\"caption-attachment-43251\" style=\"width: 283px\" class=\"wp-caption aligncenter\"><img loading=\"lazy\" class=\"wp-image-43251 size-full\" title=\"flagelacao-giotto-2\" src=\"http:\/\/www.adf.org.br\/home\/wp-content\/uploads\/2017\/03\/flagelacao-giotto-2.jpg\" alt=\"flagelacao-giotto-2\" width=\"283\" height=\"387\" \/><figcaption id=\"caption-attachment-43251\" class=\"wp-caption-text\">Flagela\u00e7\u00e3o segundo Giotto<\/figcaption><\/figure>\n<p style=\"padding-left: 90px;\"><span style=\"font-family: verdana, geneva, sans-serif; font-size: 12pt; color: #ffffff;\">.<\/span><br \/>\n<span style=\"color: #800080;\"><strong><span style=\"font-family: verdana, geneva, sans-serif; font-size: 12pt;\">Segundo o ensinamento da Igreja, o amor e o temor de Deus s\u00e3o virtudes. <\/span><\/strong><\/span><\/p>\n<p><span style=\"font-family: verdana, geneva, sans-serif; font-size: 12pt; color: #000000;\"><br \/>\n<span style=\"font-size: 14pt;\"><strong>E<\/strong><\/span> como entre as virtudes n\u00e3o pode haver antagonismo nem contradi\u00e7\u00e3o, nem o amor exclui o temor, nem o temor exclui o amor.<\/span><\/p>\n<p><span style=\"font-family: verdana, geneva, sans-serif; font-size: 12pt; color: #000000;\">Mais ainda. <\/span><\/p>\n<p style=\"padding-left: 90px;\"><strong><span style=\"font-family: verdana, geneva, sans-serif; font-size: 12pt; color: #000080;\"><br \/>\nAmbas estas virtudes s\u00e3o essenciais \u00e0 salva\u00e7\u00e3o.<\/span><\/strong><\/p>\n<p><span style=\"font-family: verdana, geneva, sans-serif; font-size: 12pt; color: #000000;\"><br \/>\nSe n\u00e3o se compreende um Santo sem amor de Deus, igualmente n\u00e3o se compreende um Santo sem temor.<\/span><\/p>\n<p><span style=\"font-family: verdana, geneva, sans-serif; font-size: 12pt; color: #000000;\">Pode-se afirmar que o amor \u00e9 virtude mais alta que o temor.<\/span><\/p>\n<p><span style=\"font-family: verdana, geneva, sans-serif; font-size: 12pt; color: #000000;\"> Pode-se afirmar que estas virtudes influenciam em propor\u00e7\u00f5es diferentes cada alma, conforme seu feitio e as vias da gra\u00e7a.<\/span><\/p>\n<p><span style=\"font-family: verdana, geneva, sans-serif; font-size: 12pt; color: #000000;\"> Mas abstrair de uma virtude sob pretexto de estimular a outra, calar sobre o temor para desenvolver o amor, ou vice-versa, \u00e9, normalmente, infligir \u00e0s almas um irremedi\u00e1vel preju\u00edzo.<\/span><\/p>\n<p style=\"padding-left: 90px;\"><strong><span style=\"font-family: verdana, geneva, sans-serif; font-size: 12pt; color: #000080;\"><br \/>\nOra, tempo houve em que a piedade dos fi\u00e9is, profundamente equilibrada;<\/span><\/strong><\/p>\n<p><span style=\"font-family: verdana, geneva, sans-serif; font-size: 12pt; color: #000000;\"><br \/>\nEstimou devidamente o amor e o temor, de onde um reflexo muito proporcionado de um e de outro na orat\u00f3ria sagrada, na arte, na literatura religiosa. <\/span><\/p>\n<p><span style=\"font-family: verdana, geneva, sans-serif; font-size: 12pt; color: #000000;\">Com o correr do tempo, o jansenismo acentuou at\u00e9 o exagero, e o del\u00edrio, o papel do temor. <\/span><\/p>\n<p><span style=\"font-family: verdana, geneva, sans-serif; font-size: 12pt; color: #000000;\">Reagindo contra este exagero, Santos, te\u00f3logos, pregadores, escritores insistiram \u00e0 porfia no papel do amor. <\/span><\/p>\n<p><span style=\"font-family: verdana, geneva, sans-serif; font-size: 12pt; color: #000000;\">In\u00fatil \u00e9 dizer quantos tesouros de gra\u00e7a, de sabedoria teol\u00f3gica e pastoral, de beleza art\u00edstica, foram assim engendrados na Santa Igreja, pelo que esta tinha de mais representativo e melhor.<\/span><\/p>\n<p><span style=\"font-family: verdana, geneva, sans-serif; font-size: 12pt; color: #000000;\">Aplicou-se assim o s\u00e1bio princ\u00edpio estrat\u00e9gico segundo o qual sempre que se pronuncia um exagero num sentido, se deve insistir no sentido oposto.<\/span><\/p>\n<p style=\"padding-left: 90px;\"><strong><span style=\"font-family: verdana, geneva, sans-serif; font-size: 12pt; color: #800080;\"><br \/>\nSejamos de nosso tempo.<\/span><\/strong><\/p>\n<p><span style=\"font-family: verdana, geneva, sans-serif; font-size: 12pt; color: #000000;\"><br \/>\nApliquemos este princ\u00edpio a nossos dias. <\/span><\/p>\n<blockquote><p><span style=\"font-family: verdana, geneva, sans-serif; font-size: 12pt; color: #000080;\"><br \/>\nDe que lado est\u00e1 o exagero? <\/span><\/p>\n<p><span style=\"font-family: verdana, geneva, sans-serif; font-size: 12pt; color: #000080;\">Do lado do amor?<\/span><\/p>\n<p><span style=\"font-family: verdana, geneva, sans-serif; font-size: 12pt; color: #000080;\"> Do lado do temor? <\/span><\/p><\/blockquote>\n<p><span style=\"font-family: verdana, geneva, sans-serif; font-size: 12pt; color: #000000;\"><br \/>\nParece-nos que o homem contempor\u00e2neo n\u00e3o peca pelo excesso, nem do amor, nem do temor.<\/span><\/p>\n<p><span style=\"font-family: verdana, geneva, sans-serif; font-size: 12pt; color: #000000;\"> Muito pelo contr\u00e1rio, esquecido de Deus, encharcado de laicismo, de naturalismo e de Indiferentismo n\u00e3o se incomoda com Deus, quer para O amar, quer para O temer.<\/span><\/p>\n<p><span style=\"font-family: verdana, geneva, sans-serif; font-size: 12pt; color: #000000;\">De onde, nesta car\u00eancia total de amor e de temor, o rem\u00e9dio est\u00e1 em chamar a Deus os homens pela atra\u00e7\u00e3o de uma e outra destas virtudes. <\/span><\/p>\n<p style=\"padding-left: 90px;\"><strong><span style=\"font-family: verdana, geneva, sans-serif; font-size: 12pt; color: #800080;\"><br \/>\nPois o temor, tamb\u00e9m o temor atrai para Deus: o in\u00edcio da Sabedoria \u00e9 precisamente o temor.<\/span><\/strong><\/p>\n<p><span style=\"font-family: verdana, geneva, sans-serif; font-size: 12pt; color: #000000;\"><br \/>\nPara isto muito pode auxiliar a arte religiosa, meio maravilhoso para nos mostrar como amar e como temer a Jesus Cristo, Senhor Nosso.<\/span><\/p>\n<p><span style=\"font-family: verdana, geneva, sans-serif; font-size: 12pt; color: #000000;\">Na famosa Capela Scrovegni, de P\u00e1dua;<\/span><\/p>\n<p><span style=\"font-family: verdana, geneva, sans-serif; font-size: 12pt; color: #000000;\">O pincel imortal de Giotto nos deixou Cristo Escarnecido, admir\u00e1vel representa\u00e7\u00e3o da paci\u00eancia do Divino Mestre. <\/span><\/p>\n<p><span style=\"font-family: verdana, geneva, sans-serif; font-size: 12pt; color: #000000;\">Sua Face ador\u00e1vel est\u00e1 barbaramente ferida.<\/span><\/p>\n<p><span style=\"font-family: verdana, geneva, sans-serif; font-size: 12pt; color: #000000;\"> M\u00e3os sacr\u00edlegas puxam-Lhe os cabelos e a barba. <\/span><\/p>\n<p><span style=\"font-family: verdana, geneva, sans-serif; font-size: 12pt; color: #000000;\">A coroa de espinhos, emblema irris\u00f3rio de sua realeza, Lhe cinge a fronte vener\u00e1vel. <\/span><\/p>\n<p><span style=\"font-family: verdana, geneva, sans-serif; font-size: 12pt; color: #000000;\">Mas Jesus, de olhos baixo como que n\u00e3o v\u00ea seus inimigos;<\/span><\/p>\n<p><span style=\"font-family: verdana, geneva, sans-serif; font-size: 12pt; color: #000000;\">Nem sente o extremo da afronta sen\u00e3o para sentir uma tristeza sem fim.<\/span><\/p>\n<p><span style=\"font-family: verdana, geneva, sans-serif; font-size: 12pt; color: #000000;\"> \u00c9 bem o Salvador meiguissimo, que tudo sofre de cora\u00e7\u00e3o manso e humilde, para nos remir.<\/span><\/p>\n<p style=\"padding-left: 90px;\"><span style=\"font-family: verdana, geneva, sans-serif; font-size: 12pt; color: #800080;\"><strong><br \/>\n\u201cJudas, com um \u00f3sculo trais o Filho do homem?\u201d<\/strong><\/span><\/p>\n<p><span style=\"font-family: verdana, geneva, sans-serif; font-size: 12pt; color: #000000;\"><br \/>\nNo momento memor\u00e1vel deste beijo infame e desta pergunta terr\u00edvel as duas faces estavam pr\u00f3ximas.<\/span><\/p>\n<p><span style=\"font-family: verdana, geneva, sans-serif; font-size: 12pt; color: #000000;\"> Giotto figura a cena em outro quadro da mesma capela. <\/span><\/p>\n<p style=\"padding-left: 90px;\"><strong><span style=\"font-family: verdana, geneva, sans-serif; font-size: 12pt; color: #800080;\"><br \/>\nJudas, a fronte baixa, carnes fl\u00e1cidas, olhar torvo, nariz vulgar, l\u00e1bios asquerosamente moles e derramados;<\/span><\/strong><\/p>\n<h5 style=\"padding-left: 90px;\"><strong><span style=\"font-family: verdana, geneva, sans-serif; font-size: 12pt; color: #800080;\">Revela no seu todo uma inf\u00e2mia inexprim\u00edvel.<\/span><\/strong><\/h5>\n<p><span style=\"font-family: verdana, geneva, sans-serif; font-size: 12pt; color: #000000;\"><br \/>\nJesus, nobre, de uma superioridade infinita, de uma eleva\u00e7\u00e3o moral inef\u00e1vel, o fita com um olhar em que h\u00e1 um doce lampejo de amor, uma censura, uma severidade, uma repulsa sem fim.<\/span><\/p>\n<p><span style=\"font-family: verdana, geneva, sans-serif; font-size: 12pt; color: #000000;\"> Pobre e miser\u00e1vel Judas, que n\u00e3o quis abrir sua alma, nem ao amor nem ao temor que este olhar suscitava, a que a pergunta melanc\u00f3lica e pungente convidava.<\/span><\/p>\n<p><span style=\"font-family: verdana, geneva, sans-serif; font-size: 12pt; color: #000000;\">E porque sua alma resistiu a todos os convites do amor e temor, caminhou do furto para o deic\u00eddio, e do deic\u00eddio para o desespero\u2026<\/span><\/p>\n<p><span style=\"font-family: verdana, geneva, sans-serif; font-size: 12pt; color: #ffffff;\">.<\/span><br \/>\n<span style=\"font-size: 10pt;\"><em><span style=\"font-family: verdana, geneva, sans-serif; color: #000000;\">Fonte: ipco.org.br<\/span><\/em><\/span><\/p>\n<p style=\"text-align: center;\"><span style=\"font-family: verdana, geneva, sans-serif; font-size: 12pt; color: #ffffff;\">.<\/span><br \/>\n<span style=\"font-family: verdana, geneva, sans-serif; font-size: 12pt; color: #ffffff;\">.<\/span><br \/>\n<strong><span style=\"font-family: verdana, geneva, sans-serif; font-size: 12pt; color: #000000;\">* \u00a0* \u00a0*<\/span><\/strong><\/p>\n<p style=\"text-align: center;\"><span style=\"color: #ffffff;\">.<\/span><br \/>\n<a href=\"https:\/\/adf.org.br\/minhaoferta\/?origem=6667\" target=\"_blank\" rel=\"noopener noreferrer\"><img loading=\"lazy\" class=\"aligncenter wp-image-46602 size-full\" title=\"bot\u00e3o sacolinha adf\" src=\"http:\/\/www.adf.org.br\/home\/wp-content\/uploads\/2017\/04\/bt_oferta_ADF-3-1-3.png\" alt=\"bt_oferta_ADF-3 (1)\" width=\"600\" height=\"190\" \/><\/a><\/p>\n","protected":false},"excerpt":{"rendered":"<p>Segundo o ensinamento da Igreja, o amor e o temor de Deus s\u00e3o virtudes.<\/p>\n","protected":false},"author":31,"featured_media":43252,"comment_status":"open","ping_status":"open","sticky":false,"template":"","format":"standard","meta":[],"categories":[20],"tags":[1186,1174,2164,1373],"yoast_head":"<!-- This site is optimized with the Yoast SEO plugin v17.4 - https:\/\/yoast.com\/wordpress\/plugins\/seo\/ -->\n<title>Amor e temor na piedade crist\u00e3, veja o exemplo de Nosso Senhor<\/title>\n<meta name=\"description\" content=\"Amor e temor na piedade crist\u00e3, veja o exemplo de Nosso Senhor, de Seu grande amor pelo g\u00eanero humano, e o temor do homem para com Deus.\" \/>\n<meta name=\"robots\" content=\"index, follow, max-snippet:-1, max-image-preview:large, max-video-preview:-1\" \/>\n<link rel=\"canonical\" href=\"https:\/\/www.adf.org.br\/home\/amor-e-temor\/\" \/>\n<meta property=\"og:locale\" content=\"pt_BR\" \/>\n<meta property=\"og:type\" content=\"article\" \/>\n<meta property=\"og:title\" content=\"Amor e temor na piedade crist\u00e3, veja o exemplo de Nosso Senhor\" \/>\n<meta property=\"og:description\" content=\"Amor e temor na piedade crist\u00e3, veja o exemplo de Nosso Senhor, de Seu grande amor pelo g\u00eanero humano, e o temor do homem para com Deus.\" \/>\n<meta property=\"og:url\" content=\"https:\/\/www.adf.org.br\/home\/amor-e-temor\/\" \/>\n<meta property=\"og:site_name\" content=\"Associa\u00e7\u00e3o Devotos de F\u00e1tima\" \/>\n<meta property=\"article:published_time\" content=\"2018-04-28T03:00:04+00:00\" \/>\n<meta name=\"twitter:card\" content=\"summary_large_image\" \/>\n<meta name=\"twitter:label1\" content=\"Escrito por\" \/>\n\t<meta name=\"twitter:data1\" content=\"Gabriel Barbosa\" \/>\n\t<meta name=\"twitter:label2\" content=\"Est. tempo de leitura\" \/>\n\t<meta name=\"twitter:data2\" content=\"3 minutos\" \/>\n<script type=\"application\/ld+json\" class=\"yoast-schema-graph\">{\"@context\":\"https:\/\/schema.org\",\"@graph\":[{\"@type\":\"WebSite\",\"@id\":\"https:\/\/www.adf.org.br\/home\/#website\",\"url\":\"https:\/\/www.adf.org.br\/home\/\",\"name\":\"Associa\\u00e7\\u00e3o Devotos de F\\u00e1tima\",\"description\":\"Associa\\u00e7\\u00e3o Devotos de F\\u00e1tima\",\"potentialAction\":[{\"@type\":\"SearchAction\",\"target\":{\"@type\":\"EntryPoint\",\"urlTemplate\":\"https:\/\/www.adf.org.br\/home\/?s={search_term_string}\"},\"query-input\":\"required name=search_term_string\"}],\"inLanguage\":\"pt-BR\"},{\"@type\":\"ImageObject\",\"@id\":\"https:\/\/www.adf.org.br\/home\/amor-e-temor\/#primaryimage\",\"inLanguage\":\"pt-BR\",\"url\":\"\",\"contentUrl\":\"\"},{\"@type\":\"WebPage\",\"@id\":\"https:\/\/www.adf.org.br\/home\/amor-e-temor\/#webpage\",\"url\":\"https:\/\/www.adf.org.br\/home\/amor-e-temor\/\",\"name\":\"Amor e temor na piedade crist\\u00e3, veja o exemplo de Nosso Senhor\",\"isPartOf\":{\"@id\":\"https:\/\/www.adf.org.br\/home\/#website\"},\"primaryImageOfPage\":{\"@id\":\"https:\/\/www.adf.org.br\/home\/amor-e-temor\/#primaryimage\"},\"datePublished\":\"2018-04-28T03:00:04+00:00\",\"dateModified\":\"2018-04-28T03:00:04+00:00\",\"author\":{\"@id\":\"https:\/\/www.adf.org.br\/home\/#\/schema\/person\/f35a5c5aa7728a3dedf4ea9aa1fc2753\"},\"description\":\"Amor e temor na piedade crist\\u00e3, veja o exemplo de Nosso Senhor, de Seu grande amor pelo g\\u00eanero humano, e o temor do homem para com Deus.\",\"breadcrumb\":{\"@id\":\"https:\/\/www.adf.org.br\/home\/amor-e-temor\/#breadcrumb\"},\"inLanguage\":\"pt-BR\",\"potentialAction\":[{\"@type\":\"ReadAction\",\"target\":[\"https:\/\/www.adf.org.br\/home\/amor-e-temor\/\"]}]},{\"@type\":\"BreadcrumbList\",\"@id\":\"https:\/\/www.adf.org.br\/home\/amor-e-temor\/#breadcrumb\",\"itemListElement\":[{\"@type\":\"ListItem\",\"position\":1,\"name\":\"Home\",\"item\":\"https:\/\/www.adf.org.br\/home\/\"},{\"@type\":\"ListItem\",\"position\":2,\"name\":\"Amor e temor na piedade crist\\u00e3!\"}]},{\"@type\":\"Person\",\"@id\":\"https:\/\/www.adf.org.br\/home\/#\/schema\/person\/f35a5c5aa7728a3dedf4ea9aa1fc2753\",\"name\":\"Gabriel Barbosa\",\"image\":{\"@type\":\"ImageObject\",\"@id\":\"https:\/\/www.adf.org.br\/home\/#personlogo\",\"inLanguage\":\"pt-BR\",\"url\":\"https:\/\/secure.gravatar.com\/avatar\/2b2cb2f4637682c5605e8d36818f51ef?s=96&d=mm&r=g\",\"contentUrl\":\"https:\/\/secure.gravatar.com\/avatar\/2b2cb2f4637682c5605e8d36818f51ef?s=96&d=mm&r=g\",\"caption\":\"Gabriel Barbosa\"},\"url\":\"https:\/\/www.adf.org.br\/home\/author\/gabrielpmk-com-br\/\"}]}<\/script>\n<!-- \/ Yoast SEO plugin. -->","yoast_head_json":{"title":"Amor e temor na piedade crist\u00e3, veja o exemplo de Nosso Senhor","description":"Amor e temor na piedade crist\u00e3, veja o exemplo de Nosso Senhor, de Seu grande amor pelo g\u00eanero humano, e o temor do homem para com Deus.","robots":{"index":"index","follow":"follow","max-snippet":"max-snippet:-1","max-image-preview":"max-image-preview:large","max-video-preview":"max-video-preview:-1"},"canonical":"https:\/\/www.adf.org.br\/home\/amor-e-temor\/","og_locale":"pt_BR","og_type":"article","og_title":"Amor e temor na piedade crist\u00e3, veja o exemplo de Nosso Senhor","og_description":"Amor e temor na piedade crist\u00e3, veja o exemplo de Nosso Senhor, de Seu grande amor pelo g\u00eanero humano, e o temor do homem para com Deus.","og_url":"https:\/\/www.adf.org.br\/home\/amor-e-temor\/","og_site_name":"Associa\u00e7\u00e3o Devotos de F\u00e1tima","article_published_time":"2018-04-28T03:00:04+00:00","twitter_card":"summary_large_image","twitter_misc":{"Escrito por":"Gabriel Barbosa","Est. tempo de leitura":"3 minutos"},"schema":{"@context":"https:\/\/schema.org","@graph":[{"@type":"WebSite","@id":"https:\/\/www.adf.org.br\/home\/#website","url":"https:\/\/www.adf.org.br\/home\/","name":"Associa\u00e7\u00e3o Devotos de F\u00e1tima","description":"Associa\u00e7\u00e3o Devotos de F\u00e1tima","potentialAction":[{"@type":"SearchAction","target":{"@type":"EntryPoint","urlTemplate":"https:\/\/www.adf.org.br\/home\/?s={search_term_string}"},"query-input":"required name=search_term_string"}],"inLanguage":"pt-BR"},{"@type":"ImageObject","@id":"https:\/\/www.adf.org.br\/home\/amor-e-temor\/#primaryimage","inLanguage":"pt-BR","url":"","contentUrl":""},{"@type":"WebPage","@id":"https:\/\/www.adf.org.br\/home\/amor-e-temor\/#webpage","url":"https:\/\/www.adf.org.br\/home\/amor-e-temor\/","name":"Amor e temor na piedade crist\u00e3, veja o exemplo de Nosso Senhor","isPartOf":{"@id":"https:\/\/www.adf.org.br\/home\/#website"},"primaryImageOfPage":{"@id":"https:\/\/www.adf.org.br\/home\/amor-e-temor\/#primaryimage"},"datePublished":"2018-04-28T03:00:04+00:00","dateModified":"2018-04-28T03:00:04+00:00","author":{"@id":"https:\/\/www.adf.org.br\/home\/#\/schema\/person\/f35a5c5aa7728a3dedf4ea9aa1fc2753"},"description":"Amor e temor na piedade crist\u00e3, veja o exemplo de Nosso Senhor, de Seu grande amor pelo g\u00eanero humano, e o temor do homem para com Deus.","breadcrumb":{"@id":"https:\/\/www.adf.org.br\/home\/amor-e-temor\/#breadcrumb"},"inLanguage":"pt-BR","potentialAction":[{"@type":"ReadAction","target":["https:\/\/www.adf.org.br\/home\/amor-e-temor\/"]}]},{"@type":"BreadcrumbList","@id":"https:\/\/www.adf.org.br\/home\/amor-e-temor\/#breadcrumb","itemListElement":[{"@type":"ListItem","position":1,"name":"Home","item":"https:\/\/www.adf.org.br\/home\/"},{"@type":"ListItem","position":2,"name":"Amor e temor na piedade crist\u00e3!"}]},{"@type":"Person","@id":"https:\/\/www.adf.org.br\/home\/#\/schema\/person\/f35a5c5aa7728a3dedf4ea9aa1fc2753","name":"Gabriel Barbosa","image":{"@type":"ImageObject","@id":"https:\/\/www.adf.org.br\/home\/#personlogo","inLanguage":"pt-BR","url":"https:\/\/secure.gravatar.com\/avatar\/2b2cb2f4637682c5605e8d36818f51ef?s=96&d=mm&r=g","contentUrl":"https:\/\/secure.gravatar.com\/avatar\/2b2cb2f4637682c5605e8d36818f51ef?s=96&d=mm&r=g","caption":"Gabriel Barbosa"},"url":"https:\/\/www.adf.org.br\/home\/author\/gabrielpmk-com-br\/"}]}},"_links":{"self":[{"href":"https:\/\/www.adf.org.br\/home\/wp-json\/wp\/v2\/posts\/43249"}],"collection":[{"href":"https:\/\/www.adf.org.br\/home\/wp-json\/wp\/v2\/posts"}],"about":[{"href":"https:\/\/www.adf.org.br\/home\/wp-json\/wp\/v2\/types\/post"}],"author":[{"embeddable":true,"href":"https:\/\/www.adf.org.br\/home\/wp-json\/wp\/v2\/users\/31"}],"replies":[{"embeddable":true,"href":"https:\/\/www.adf.org.br\/home\/wp-json\/wp\/v2\/comments?post=43249"}],"version-history":[{"count":0,"href":"https:\/\/www.adf.org.br\/home\/wp-json\/wp\/v2\/posts\/43249\/revisions"}],"wp:featuredmedia":[{"embeddable":true,"href":"https:\/\/www.adf.org.br\/home\/wp-json\/wp\/v2\/media\/43252"}],"wp:attachment":[{"href":"https:\/\/www.adf.org.br\/home\/wp-json\/wp\/v2\/media?parent=43249"}],"wp:term":[{"taxonomy":"category","embeddable":true,"href":"https:\/\/www.adf.org.br\/home\/wp-json\/wp\/v2\/categories?post=43249"},{"taxonomy":"post_tag","embeddable":true,"href":"https:\/\/www.adf.org.br\/home\/wp-json\/wp\/v2\/tags?post=43249"}],"curies":[{"name":"wp","href":"https:\/\/api.w.org\/{rel}","templated":true}]}}