{"id":43234,"date":"2017-02-23T00:00:48","date_gmt":"2017-02-23T03:00:48","guid":{"rendered":"http:\/\/www.adf.org.br\/home\/?p=43234"},"modified":"2017-02-23T00:00:48","modified_gmt":"2017-02-23T03:00:48","slug":"bem-disfarcado-de-mal","status":"publish","type":"post","link":"https:\/\/www.adf.org.br\/home\/bem-disfarcado-de-mal\/","title":{"rendered":"Um bem disfar\u00e7ado de mal! Leia e entenda esse projeto de lei."},"content":{"rendered":"<figure id=\"attachment_43235\" aria-describedby=\"caption-attachment-43235\" style=\"width: 560px\" class=\"wp-caption aligncenter\"><img loading=\"lazy\" class=\"wp-image-43235\" src=\"http:\/\/www.adf.org.br\/home\/wp-content\/uploads\/2017\/02\/aborto-2.jpg\" alt=\"aborto-2\" width=\"560\" height=\"315\" \/><figcaption id=\"caption-attachment-43235\" class=\"wp-caption-text\">Luta contra o aborto no Brasil<\/figcaption><\/figure>\n<p style=\"padding-left: 90px;\"><span style=\"font-family: verdana, geneva, sans-serif; font-size: 12pt; color: #000000;\"><span style=\"color: #ffffff;\">.<\/span><br \/>\n<strong><span style=\"color: #800080;\">Um projeto de lei que pretende criar um fundo para combater a viol\u00eancia contra mulheres;<\/span><\/strong><\/span><\/p>\n<p><span style=\"font-family: verdana, geneva, sans-serif; font-size: 12pt; color: #000000;\"><br \/>\n<span style=\"font-size: 14pt;\"><strong>T<\/strong><\/span>raz em suas entrelinhas uma abertura para liberar o acesso ao aborto no Brasil, como denunciou em um recente v\u00eddeo o Padre Paulo Ricardo.<\/span><\/p>\n<p><span style=\"font-family: verdana, geneva, sans-serif; font-size: 12pt; color: #000000;\">Conhecido por sua luta pr\u00f3-vida, o sacerdote explicou tamb\u00e9m em um recente artigo que o PL 7371\/2014 vem complementar a Lei 12.8457\/2013;<\/span><\/p>\n<p><span style=\"font-family: verdana, geneva, sans-serif; font-size: 12pt; color: #000000;\">O qual considerou como viol\u00eancia sexual \u201cqualquer forma de atividade sexual n\u00e3o consentida\u201d.<\/span><\/p>\n<p style=\"padding-left: 90px;\"><strong><span style=\"font-family: verdana, geneva, sans-serif; font-size: 12pt; color: #000080;\"><br \/>\n\u201cIsto possibilitou uma enorme amplia\u00e7\u00e3o do acesso ao aborto, tornando-o literalmente livre;<\/span><\/strong><\/p>\n<p><span style=\"font-family: verdana, geneva, sans-serif; font-size: 12pt; color: #000000;\"><br \/>\nNa medida em que qualquer pessoa, mesmo dentro de um matrim\u00f4nio, mas, que esteja desejando o aborto;<\/span><\/p>\n<p><span style=\"font-family: verdana, geneva, sans-serif; font-size: 12pt; color: #000000;\">Possa se dirigir a qualquer unidade de sa\u00fade equipada para este servi\u00e7o, afirmando que teve uma rela\u00e7\u00e3o sexual n\u00e3o consentida\u201d, explicou.<\/span><\/p>\n<p><span style=\"font-family: verdana, geneva, sans-serif; font-size: 12pt; color: #000000;\">Ao determinar \u201co atendimento imediato, obrigat\u00f3rio em todos os hospitais integrantes da rede do SUS\u201d;<\/span><\/p>\n<p><span style=\"font-family: verdana, geneva, sans-serif; font-size: 12pt; color: #000000;\">A lei sancionada em 2013 ampliou a oferta de aborto no Brasil de 200 unidades para mais de 6 mil hospitais.<\/span><\/p>\n<p><span style=\"font-family: verdana, geneva, sans-serif; font-size: 12pt; color: #000000;\">Nesse sentido, Pe. Paulo Ricardo alertou que, sobre o novo projeto de lei em debate;<\/span><\/p>\n<p style=\"padding-left: 90px;\"><strong><span style=\"font-family: verdana, geneva, sans-serif; font-size: 12pt; color: #000080;\"><br \/>\n\u201cEste fundo que se pretende criar n\u00e3o \u00e9 para combater a viol\u00eancia contra as mulheres;<\/span><\/strong><\/p>\n<p style=\"padding-left: 90px;\"><strong><span style=\"font-family: verdana, geneva, sans-serif; font-size: 12pt; color: #000080;\">Mas ser\u00e1 usado para expandir estas unidades, construir \u2018salas de parto\u2019;<\/span><\/strong><\/p>\n<p style=\"padding-left: 90px;\"><strong><span style=\"font-family: verdana, geneva, sans-serif; font-size: 12pt; color: #000080;\">E financiar a compra de equipamentos e treinamento dos profissionais de sa\u00fade para o aborto\u201d.<\/span><\/strong><\/p>\n<p><span style=\"font-family: verdana, geneva, sans-serif; font-size: 12pt; color: #000000;\"><br \/>\nPara esclarecer esses pontos, citou o artigo terceiro do projeto, o qual afirma que:<\/span><\/p>\n<blockquote><p><span style=\"font-family: verdana, geneva, sans-serif; font-size: 12pt; color: #000080;\"><br \/>\n\u201cOs recursos do Fundo Nacional de Enfrentamento \u00e0 Viol\u00eancia Contra as Mulheres ser\u00e3o aplicados em:<\/span><\/p>\n<p><span style=\"font-family: verdana, geneva, sans-serif; font-size: 12pt; color: #000080;\"> I &#8211; implanta\u00e7\u00e3o, reforma, manuten\u00e7\u00e3o, amplia\u00e7\u00e3o e aprimoramento dos servi\u00e7os e equipamentos;<\/span><\/p>\n<p><span style=\"font-family: verdana, geneva, sans-serif; font-size: 12pt; color: #000080;\"> II &#8211; forma\u00e7\u00e3o, aperfei\u00e7oamento e especializa\u00e7\u00e3o dos servi\u00e7os de garantia de direitos e assist\u00eancia \u00e0s mulheres; <\/span><\/p>\n<p><span style=\"font-family: verdana, geneva, sans-serif; font-size: 12pt; color: #000080;\">III &#8211; aquisi\u00e7\u00e3o de material permanente, equipamentos imprescind\u00edveis ao funcionamento dos servi\u00e7os\u201d.<\/span><\/p><\/blockquote>\n<p><span style=\"font-family: verdana, geneva, sans-serif; font-size: 12pt; color: #000000;\"><br \/>\nAl\u00e9m disso, explicou que esses t\u00f3picos podem levar \u00e0 amplia\u00e7\u00e3o do aborto;<\/span><\/p>\n<p><span style=\"font-family: verdana, geneva, sans-serif; font-size: 12pt; color: #000000;\">Tendo como exemplo o que aconteceu ap\u00f3s a san\u00e7\u00e3o da Lei 12.845\/2013;<\/span><\/p>\n<p><span style=\"font-family: verdana, geneva, sans-serif; font-size: 12pt; color: #000000;\">Quando se publicou a Portaria 415, a qual inclui o procedimento;<\/span><\/p>\n<p style=\"padding-left: 90px;\"><strong><span style=\"font-family: verdana, geneva, sans-serif; font-size: 12pt; color: #000080;\"><br \/>\n\u201cInterrup\u00e7\u00e3o da gesta\u00e7\u00e3o\/antecipa\u00e7\u00e3o terap\u00eautica do parto previstas em lei e todos os seus atributos\u201d<\/span><\/strong><\/p>\n<p><span style=\"font-family: verdana, geneva, sans-serif; font-size: 12pt; color: #000000;\"><br \/>\nNa Tabela de Procedimentos, Medicamentos, \u00d3rteses\/Pr\u00f3teses e Materiais Especiais do SUS.<\/span><\/p>\n<p><span style=\"font-family: verdana, geneva, sans-serif; font-size: 12pt; color: #000000;\">Para fazer frente a esta possibilidade se liberar o acesso ao aborto com este projeto, o deputado Diego Garcia (PHS-PR) prop\u00f4s uma emenda que acrescenta ao texto o seguinte par\u00e1grafo:<\/span><\/p>\n<p><span style=\"font-family: verdana, geneva, sans-serif; font-size: 12pt; color: #000000;\">\u201cNenhum dos recursos especificados neste artigo poder\u00e1 ser aplicado em equipamentos, servi\u00e7os ou atividades relacionados, direta ou indiretamente;<\/span><\/p>\n<p><span style=\"font-family: verdana, geneva, sans-serif; font-size: 12pt; color: #000000;\">Ao aborto provocado, incluindo os casos especificados no artigo 128 do Decreto Lei 2848\/1940\u201d.<\/span><\/p>\n<h5 style=\"padding-left: 90px;\"><strong><span style=\"font-family: verdana, geneva, sans-serif; font-size: 12pt; color: #800080;\"><br \/>\nO PL 7371\/2014 estava pautado para vota\u00e7\u00e3o no plen\u00e1rio na ter\u00e7a-feira, 21 de fevereiro, mas foi retirado da pauta.<\/span><\/strong><\/h5>\n<p><span style=\"font-family: verdana, geneva, sans-serif; font-size: 12pt; color: #ffffff;\">.<\/span><br \/>\n<span style=\"font-size: 10pt;\"><em><span style=\"font-family: verdana, geneva, sans-serif; color: #000000;\">Fonte: acidigital.com.br<\/span><\/em><\/span><\/p>\n<p style=\"text-align: center;\"><span style=\"font-family: verdana, geneva, sans-serif; font-size: 12pt; color: #ffffff;\">.<\/span><br \/>\n<span style=\"font-family: verdana, geneva, sans-serif; font-size: 12pt; color: #ffffff;\">.<\/span><br \/>\n<strong><span style=\"font-family: verdana, geneva, sans-serif; font-size: 12pt; color: #000000;\">* \u00a0* \u00a0*<\/span><\/strong><\/p>\n<p><span style=\"font-family: verdana, geneva, sans-serif; font-size: 12pt; color: #ffffff;\">.<\/span><\/p>\n<p style=\"text-align: center;\"><strong><span style=\"font-family: verdana, geneva, sans-serif; font-size: 12pt; color: #000000;\">Diante dessa triste not\u00edcia, n\u00e3o devemos parar de rezar.<\/span><\/strong><\/p>\n<h5 style=\"text-align: center;\"><span style=\"font-family: verdana, geneva, sans-serif; font-size: 12pt; color: #000000;\">Por isso vamos acendeu uma <span style=\"color: #0000ff;\"><a style=\"color: #0000ff;\" href=\"http:\/\/www.velapelavida.com.br\/?origem=1025\" target=\"_blank\" rel=\"noopener noreferrer\"><strong>Vela virtual pela Vida<\/strong><\/a><\/span>, ser\u00e1 nosso s\u00edmbolo de rejei\u00e7\u00e3o \u00e0 legaliza\u00e7\u00e3o do aborto no Brasil.<\/span><\/h5>\n<p style=\"text-align: center;\"><span style=\"font-family: verdana, geneva, sans-serif; font-size: 12pt; color: #000000;\">Clique no link abaixo para acender sua vela.<\/span><\/p>\n<p style=\"text-align: center;\"><span style=\"font-family: verdana, geneva, sans-serif; font-size: 12pt; color: #ffffff;\">.<\/span><br \/>\n<span style=\"font-family: verdana, geneva, sans-serif; font-size: 12pt; color: #ffffff;\">.<\/span><br \/>\n<a href=\"http:\/\/www.velapelavida.com.br\/?origem=1025\" target=\"_blank\" rel=\"noopener noreferrer\"><span style=\"color: #0000ff;\"><strong><span style=\"font-family: verdana, geneva, sans-serif; font-size: 18pt;\">www.velapelavida.com.br<\/span><\/strong><\/span><\/a><\/p>\n<p><span style=\"color: #ffffff;\">.<\/span><\/p>\n","protected":false},"excerpt":{"rendered":"<p>Um projeto de lei que pretende criar um fundo para combater a viol\u00eancia contra mulheres;<\/p>\n","protected":false},"author":31,"featured_media":43236,"comment_status":"open","ping_status":"open","sticky":false,"template":"","format":"standard","meta":[],"categories":[20],"tags":[1735,975,47,1437],"yoast_head":"<!-- This site is optimized with the Yoast SEO plugin v17.4 - https:\/\/yoast.com\/wordpress\/plugins\/seo\/ -->\n<title>Um bem disfar\u00e7ado de mal! Leia e entenda esse projeto de lei.<\/title>\n<meta name=\"description\" content=\"Um bem disfar\u00e7ado de mal! Leia e entenda esse projeto de lei, que busca proteger as mulheres, mas abre uma brecha para o aborto no Brasil.\" \/>\n<meta name=\"robots\" content=\"index, follow, max-snippet:-1, max-image-preview:large, max-video-preview:-1\" \/>\n<link rel=\"canonical\" href=\"https:\/\/www.adf.org.br\/home\/bem-disfarcado-de-mal\/\" \/>\n<meta property=\"og:locale\" content=\"pt_BR\" \/>\n<meta property=\"og:type\" content=\"article\" \/>\n<meta property=\"og:title\" content=\"Um bem disfar\u00e7ado de mal! Leia e entenda esse projeto de lei.\" \/>\n<meta property=\"og:description\" content=\"Um bem disfar\u00e7ado de mal! Leia e entenda esse projeto de lei, que busca proteger as mulheres, mas abre uma brecha para o aborto no Brasil.\" \/>\n<meta property=\"og:url\" content=\"https:\/\/www.adf.org.br\/home\/bem-disfarcado-de-mal\/\" \/>\n<meta property=\"og:site_name\" content=\"Associa\u00e7\u00e3o Devotos de F\u00e1tima\" \/>\n<meta property=\"article:published_time\" content=\"2017-02-23T03:00:48+00:00\" \/>\n<meta name=\"twitter:card\" content=\"summary_large_image\" \/>\n<meta name=\"twitter:label1\" content=\"Escrito por\" \/>\n\t<meta name=\"twitter:data1\" content=\"Gabriel Barbosa\" \/>\n\t<meta name=\"twitter:label2\" content=\"Est. tempo de leitura\" \/>\n\t<meta name=\"twitter:data2\" content=\"3 minutos\" \/>\n<script type=\"application\/ld+json\" class=\"yoast-schema-graph\">{\"@context\":\"https:\/\/schema.org\",\"@graph\":[{\"@type\":\"WebSite\",\"@id\":\"https:\/\/www.adf.org.br\/home\/#website\",\"url\":\"https:\/\/www.adf.org.br\/home\/\",\"name\":\"Associa\\u00e7\\u00e3o Devotos de F\\u00e1tima\",\"description\":\"Associa\\u00e7\\u00e3o Devotos de F\\u00e1tima\",\"potentialAction\":[{\"@type\":\"SearchAction\",\"target\":{\"@type\":\"EntryPoint\",\"urlTemplate\":\"https:\/\/www.adf.org.br\/home\/?s={search_term_string}\"},\"query-input\":\"required name=search_term_string\"}],\"inLanguage\":\"pt-BR\"},{\"@type\":\"ImageObject\",\"@id\":\"https:\/\/www.adf.org.br\/home\/bem-disfarcado-de-mal\/#primaryimage\",\"inLanguage\":\"pt-BR\",\"url\":\"\",\"contentUrl\":\"\"},{\"@type\":\"WebPage\",\"@id\":\"https:\/\/www.adf.org.br\/home\/bem-disfarcado-de-mal\/#webpage\",\"url\":\"https:\/\/www.adf.org.br\/home\/bem-disfarcado-de-mal\/\",\"name\":\"Um bem disfar\\u00e7ado de mal! Leia e entenda esse projeto de lei.\",\"isPartOf\":{\"@id\":\"https:\/\/www.adf.org.br\/home\/#website\"},\"primaryImageOfPage\":{\"@id\":\"https:\/\/www.adf.org.br\/home\/bem-disfarcado-de-mal\/#primaryimage\"},\"datePublished\":\"2017-02-23T03:00:48+00:00\",\"dateModified\":\"2017-02-23T03:00:48+00:00\",\"author\":{\"@id\":\"https:\/\/www.adf.org.br\/home\/#\/schema\/person\/f35a5c5aa7728a3dedf4ea9aa1fc2753\"},\"description\":\"Um bem disfar\\u00e7ado de mal! Leia e entenda esse projeto de lei, que busca proteger as mulheres, mas abre uma brecha para o aborto no Brasil.\",\"breadcrumb\":{\"@id\":\"https:\/\/www.adf.org.br\/home\/bem-disfarcado-de-mal\/#breadcrumb\"},\"inLanguage\":\"pt-BR\",\"potentialAction\":[{\"@type\":\"ReadAction\",\"target\":[\"https:\/\/www.adf.org.br\/home\/bem-disfarcado-de-mal\/\"]}]},{\"@type\":\"BreadcrumbList\",\"@id\":\"https:\/\/www.adf.org.br\/home\/bem-disfarcado-de-mal\/#breadcrumb\",\"itemListElement\":[{\"@type\":\"ListItem\",\"position\":1,\"name\":\"Home\",\"item\":\"https:\/\/www.adf.org.br\/home\/\"},{\"@type\":\"ListItem\",\"position\":2,\"name\":\"Um bem disfar\\u00e7ado de mal! Leia e entenda esse projeto de lei.\"}]},{\"@type\":\"Person\",\"@id\":\"https:\/\/www.adf.org.br\/home\/#\/schema\/person\/f35a5c5aa7728a3dedf4ea9aa1fc2753\",\"name\":\"Gabriel Barbosa\",\"image\":{\"@type\":\"ImageObject\",\"@id\":\"https:\/\/www.adf.org.br\/home\/#personlogo\",\"inLanguage\":\"pt-BR\",\"url\":\"https:\/\/secure.gravatar.com\/avatar\/2b2cb2f4637682c5605e8d36818f51ef?s=96&d=mm&r=g\",\"contentUrl\":\"https:\/\/secure.gravatar.com\/avatar\/2b2cb2f4637682c5605e8d36818f51ef?s=96&d=mm&r=g\",\"caption\":\"Gabriel Barbosa\"},\"url\":\"https:\/\/www.adf.org.br\/home\/author\/gabrielpmk-com-br\/\"}]}<\/script>\n<!-- \/ Yoast SEO plugin. -->","yoast_head_json":{"title":"Um bem disfar\u00e7ado de mal! Leia e entenda esse projeto de lei.","description":"Um bem disfar\u00e7ado de mal! Leia e entenda esse projeto de lei, que busca proteger as mulheres, mas abre uma brecha para o aborto no Brasil.","robots":{"index":"index","follow":"follow","max-snippet":"max-snippet:-1","max-image-preview":"max-image-preview:large","max-video-preview":"max-video-preview:-1"},"canonical":"https:\/\/www.adf.org.br\/home\/bem-disfarcado-de-mal\/","og_locale":"pt_BR","og_type":"article","og_title":"Um bem disfar\u00e7ado de mal! Leia e entenda esse projeto de lei.","og_description":"Um bem disfar\u00e7ado de mal! Leia e entenda esse projeto de lei, que busca proteger as mulheres, mas abre uma brecha para o aborto no Brasil.","og_url":"https:\/\/www.adf.org.br\/home\/bem-disfarcado-de-mal\/","og_site_name":"Associa\u00e7\u00e3o Devotos de F\u00e1tima","article_published_time":"2017-02-23T03:00:48+00:00","twitter_card":"summary_large_image","twitter_misc":{"Escrito por":"Gabriel Barbosa","Est. tempo de leitura":"3 minutos"},"schema":{"@context":"https:\/\/schema.org","@graph":[{"@type":"WebSite","@id":"https:\/\/www.adf.org.br\/home\/#website","url":"https:\/\/www.adf.org.br\/home\/","name":"Associa\u00e7\u00e3o Devotos de F\u00e1tima","description":"Associa\u00e7\u00e3o Devotos de F\u00e1tima","potentialAction":[{"@type":"SearchAction","target":{"@type":"EntryPoint","urlTemplate":"https:\/\/www.adf.org.br\/home\/?s={search_term_string}"},"query-input":"required name=search_term_string"}],"inLanguage":"pt-BR"},{"@type":"ImageObject","@id":"https:\/\/www.adf.org.br\/home\/bem-disfarcado-de-mal\/#primaryimage","inLanguage":"pt-BR","url":"","contentUrl":""},{"@type":"WebPage","@id":"https:\/\/www.adf.org.br\/home\/bem-disfarcado-de-mal\/#webpage","url":"https:\/\/www.adf.org.br\/home\/bem-disfarcado-de-mal\/","name":"Um bem disfar\u00e7ado de mal! Leia e entenda esse projeto de lei.","isPartOf":{"@id":"https:\/\/www.adf.org.br\/home\/#website"},"primaryImageOfPage":{"@id":"https:\/\/www.adf.org.br\/home\/bem-disfarcado-de-mal\/#primaryimage"},"datePublished":"2017-02-23T03:00:48+00:00","dateModified":"2017-02-23T03:00:48+00:00","author":{"@id":"https:\/\/www.adf.org.br\/home\/#\/schema\/person\/f35a5c5aa7728a3dedf4ea9aa1fc2753"},"description":"Um bem disfar\u00e7ado de mal! Leia e entenda esse projeto de lei, que busca proteger as mulheres, mas abre uma brecha para o aborto no Brasil.","breadcrumb":{"@id":"https:\/\/www.adf.org.br\/home\/bem-disfarcado-de-mal\/#breadcrumb"},"inLanguage":"pt-BR","potentialAction":[{"@type":"ReadAction","target":["https:\/\/www.adf.org.br\/home\/bem-disfarcado-de-mal\/"]}]},{"@type":"BreadcrumbList","@id":"https:\/\/www.adf.org.br\/home\/bem-disfarcado-de-mal\/#breadcrumb","itemListElement":[{"@type":"ListItem","position":1,"name":"Home","item":"https:\/\/www.adf.org.br\/home\/"},{"@type":"ListItem","position":2,"name":"Um bem disfar\u00e7ado de mal! Leia e entenda esse projeto de lei."}]},{"@type":"Person","@id":"https:\/\/www.adf.org.br\/home\/#\/schema\/person\/f35a5c5aa7728a3dedf4ea9aa1fc2753","name":"Gabriel Barbosa","image":{"@type":"ImageObject","@id":"https:\/\/www.adf.org.br\/home\/#personlogo","inLanguage":"pt-BR","url":"https:\/\/secure.gravatar.com\/avatar\/2b2cb2f4637682c5605e8d36818f51ef?s=96&d=mm&r=g","contentUrl":"https:\/\/secure.gravatar.com\/avatar\/2b2cb2f4637682c5605e8d36818f51ef?s=96&d=mm&r=g","caption":"Gabriel Barbosa"},"url":"https:\/\/www.adf.org.br\/home\/author\/gabrielpmk-com-br\/"}]}},"_links":{"self":[{"href":"https:\/\/www.adf.org.br\/home\/wp-json\/wp\/v2\/posts\/43234"}],"collection":[{"href":"https:\/\/www.adf.org.br\/home\/wp-json\/wp\/v2\/posts"}],"about":[{"href":"https:\/\/www.adf.org.br\/home\/wp-json\/wp\/v2\/types\/post"}],"author":[{"embeddable":true,"href":"https:\/\/www.adf.org.br\/home\/wp-json\/wp\/v2\/users\/31"}],"replies":[{"embeddable":true,"href":"https:\/\/www.adf.org.br\/home\/wp-json\/wp\/v2\/comments?post=43234"}],"version-history":[{"count":0,"href":"https:\/\/www.adf.org.br\/home\/wp-json\/wp\/v2\/posts\/43234\/revisions"}],"wp:featuredmedia":[{"embeddable":true,"href":"https:\/\/www.adf.org.br\/home\/wp-json\/wp\/v2\/media\/43236"}],"wp:attachment":[{"href":"https:\/\/www.adf.org.br\/home\/wp-json\/wp\/v2\/media?parent=43234"}],"wp:term":[{"taxonomy":"category","embeddable":true,"href":"https:\/\/www.adf.org.br\/home\/wp-json\/wp\/v2\/categories?post=43234"},{"taxonomy":"post_tag","embeddable":true,"href":"https:\/\/www.adf.org.br\/home\/wp-json\/wp\/v2\/tags?post=43234"}],"curies":[{"name":"wp","href":"https:\/\/api.w.org\/{rel}","templated":true}]}}