{"id":43204,"date":"2017-02-21T00:00:41","date_gmt":"2017-02-21T03:00:41","guid":{"rendered":"http:\/\/www.adf.org.br\/home\/?p=43204"},"modified":"2017-02-21T00:00:41","modified_gmt":"2017-02-21T03:00:41","slug":"nossa-senhora-carnaval","status":"publish","type":"post","link":"https:\/\/www.adf.org.br\/home\/nossa-senhora-carnaval\/","title":{"rendered":"Nossa Senhora Aparecida, rogai por n\u00f3s! Voltemo-nos a Ela e pe\u00e7amos que tenha compaix\u00e3o do Brasil e dos brasileiros inconformes com esse sacril\u00e9gio."},"content":{"rendered":"<figure id=\"attachment_43206\" aria-describedby=\"caption-attachment-43206\" style=\"width: 560px\" class=\"wp-caption aligncenter\"><img loading=\"lazy\" class=\"wp-image-43206\" src=\"http:\/\/www.adf.org.br\/home\/wp-content\/uploads\/2017\/02\/nossa-senhora-aparecida.jpg\" alt=\"nossa-senhora-aparecida\" width=\"560\" height=\"354\" \/><figcaption id=\"caption-attachment-43206\" class=\"wp-caption-text\">Imagem de Nossa Senhora Aparecida, padroeira do Brasil.<\/figcaption><\/figure>\n<p style=\"padding-left: 90px;\"><span style=\"font-family: verdana, geneva, sans-serif; font-size: 12pt; color: #000000;\"><strong><span style=\"color: #ffffff;\">.<\/span><br \/>\n<span style=\"color: #800080;\">Anunciou-se h\u00e1 alguns meses que uma imagem de Nossa Senhora Aparecida seria levada no carnaval deste ano ao Samb\u00f3dromo de S\u00e3o Paulo;<\/span><\/strong><\/span><\/p>\n<p><span style=\"font-family: verdana, geneva, sans-serif; font-size: 12pt; color: #000000;\"><br \/>\n<span style=\"font-size: 14pt;\"><strong>C<\/strong><\/span>omo tema de um carro aleg\u00f3rico da Escola de Samba Unidos da Vila Maria.<\/span><\/p>\n<p><span style=\"font-family: verdana, geneva, sans-serif; font-size: 12pt; color: #000000;\">Por absurdo que seja, a m\u00eddia noticiou que essa presen\u00e7a foi autorizada por altas personalidades eclesi\u00e1sticas.<\/span><\/p>\n<p style=\"padding-left: 90px;\"><strong><span style=\"font-family: verdana, geneva, sans-serif; font-size: 12pt; color: #000080;\"><br \/>\nA desculpa que d\u00e3o \u00e9 de que a referida escola de samba garantiu que no carro aleg\u00f3rico da Vila Maria n\u00e3o haver\u00e1 cenas de nudez ao redor da imagem. <\/span><\/strong><\/p>\n<p><span style=\"font-family: verdana, geneva, sans-serif; font-size: 12pt; color: #000000;\"><br \/>\nNada diz sobre os outros carros da mesma escola\u2026<\/span><\/p>\n<p><span style=\"font-family: verdana, geneva, sans-serif; font-size: 12pt; color: #000000;\">Ora, essas autoridades eclesi\u00e1sticas sabem perfeitamente que nesse Samb\u00f3dromo ocorrer\u00e3o cenas das mais l\u00fabricas;<\/span><\/p>\n<p><span style=\"font-family: verdana, geneva, sans-serif; font-size: 12pt; color: #000000;\">De passistas em trajes sum\u00e1rios, quando n\u00e3o completamente nuas, em dan\u00e7as imorais que ofendem gravemente a Deus. <\/span><\/p>\n<p><span style=\"font-family: verdana, geneva, sans-serif; font-size: 12pt; color: #000000;\">Isso a tal ponto, que \u00e9 imposs\u00edvel ilustrar esse fato inconteste.<\/span><\/p>\n<p><span style=\"font-family: verdana, geneva, sans-serif; font-size: 12pt; color: #000000;\">Nem h\u00e1 necessidade disso: <\/span><\/p>\n<p><span style=\"font-family: verdana, geneva, sans-serif; font-size: 12pt; color: #000000;\">Est\u00e1 na Internet, portanto ao alcance de qualquer pessoa, a informa\u00e7\u00e3o de que a mencionada escola de samba sempre desfilou ostentando o mesmo grau de imoralidade das demais. <\/span><\/p>\n<p><span style=\"font-family: verdana, geneva, sans-serif; font-size: 12pt; color: #000000;\">As chamadas musas do carnaval exibem-se escandalosamente, conscientes de que assim satisfazem os desejos baixos da maioria do p\u00fablico ali presente. <\/span><\/p>\n<p style=\"padding-left: 90px;\"><strong><span style=\"font-family: verdana, geneva, sans-serif; font-size: 12pt; color: #000080;\"><br \/>\nQuem vai ao carnaval vai atr\u00e1s disso\u2026<\/span><\/strong><\/p>\n<p><span style=\"font-family: verdana, geneva, sans-serif; font-size: 12pt; color: #000000;\"><br \/>\nDe nada adianta dizer que a Escola de Samba Unidos da Vila Maria far\u00e1 uma como que \u201cbolha moralizada\u201d (moralizada?);<\/span><\/p>\n<p><span style=\"font-family: verdana, geneva, sans-serif; font-size: 12pt; color: #000000;\">Que s\u00f3 existir\u00e1 junto \u00e0 imagem, e n\u00e3o no carnaval que se desenrolar\u00e1 em torno dela. <\/span><\/p>\n<p style=\"padding-left: 90px;\"><strong><span style=\"font-family: verdana, geneva, sans-serif; font-size: 12pt; color: #800080;\"><br \/>\nAlegar essa \u201catenuante\u201d n\u00e3o passa de uma imensa hipocrisia.<\/span><\/strong><\/p>\n<p><span style=\"font-family: verdana, geneva, sans-serif; font-size: 12pt; color: #000000;\"><br \/>\nSeria algo como levar a imagem a uma praia nudista, garantindo que os que a carregarem n\u00e3o estar\u00e3o nus.<\/span><\/p>\n<p><span style=\"font-family: verdana, geneva, sans-serif; font-size: 12pt; color: #000000;\"> Por a\u00ed vemos o insustent\u00e1vel dessa autoriza\u00e7\u00e3o absurda, que p\u00f5e \u00e0 sombra a imoralidade gigantesca reinante nesses eventos;<\/span><\/p>\n<p><span style=\"font-family: verdana, geneva, sans-serif; font-size: 12pt; color: #000000;\">\u00c0 qual se soma o consumo de drogas, destemperos sexuais, bebedeiras desenfreadas, numa atmosfera de bacanal.<\/span><\/p>\n<p style=\"padding-left: 90px;\"><strong><span style=\"font-family: verdana, geneva, sans-serif; font-size: 12pt; color: #000080;\"><br \/>\nMas n\u00e3o \u00e9 s\u00f3 isso. <\/span><\/strong><\/p>\n<p style=\"padding-left: 90px;\"><strong><span style=\"font-family: verdana, geneva, sans-serif; font-size: 12pt; color: #000080;\">H\u00e1 uma enorme agravante, no caso.<\/span><\/strong><\/p>\n<p><span style=\"font-family: verdana, geneva, sans-serif; font-size: 12pt; color: #000000;\"><br \/>\nFicar\u00e1 a impress\u00e3o extremamente danosa para os cat\u00f3licos, e mesmo para os n\u00e3o cat\u00f3licos, de que a Igreja j\u00e1 n\u00e3o censura a imoralidade carnavalesca.<\/span><\/p>\n<p><span style=\"font-family: verdana, geneva, sans-serif; font-size: 12pt; color: #000000;\"> E que tudo aquilo que acontece no Samb\u00f3dromo n\u00e3o \u00e9 mais considerado uma grave ofensa a Deus e a Nossa Senhora. <\/span><\/p>\n<p><span style=\"font-family: verdana, geneva, sans-serif; font-size: 12pt; color: #000000;\">Portanto, o carnaval tal como vemos hoje, com suas cenas de nudez e imoralidade, n\u00e3o tem nada de mais.<\/span><\/p>\n<p><span style=\"font-family: verdana, geneva, sans-serif; font-size: 12pt; color: #000000;\">Ora, \u00e9 evidente que esse endosso eclesi\u00e1stico ao carnaval vai estimular a ousadia rumo ao nudismo total.<\/span><\/p>\n<p style=\"padding-left: 90px;\"><strong><span style=\"font-family: verdana, geneva, sans-serif; font-size: 12pt; color: #000080;\"><br \/>\nE nas ruas, e at\u00e9 mesmo dentro das igrejas, como infelizmente estamos vendo, o despudor ir\u00e1 aumentar ainda mais.<\/span><\/strong><\/p>\n<p><span style=\"font-family: verdana, geneva, sans-serif; font-size: 12pt; color: #000000;\"><br \/>\n\u00c9 francamente inacredit\u00e1vel que a maioria dos pastores de almas n\u00e3o d\u00ea import\u00e2ncia a isso.<\/span><\/p>\n<p><span style=\"font-family: verdana, geneva, sans-serif; font-size: 12pt; color: #000000;\"> H\u00e1 n\u00e3o sei quantos anos a omiss\u00e3o deles em rela\u00e7\u00e3o \u00e0 progressiva imoralidade do carnaval e dos trajes civis vem chamando a aten\u00e7\u00e3o.<\/span><\/p>\n<p style=\"padding-left: 90px;\"><strong><span style=\"font-family: verdana, geneva, sans-serif; font-size: 12pt; color: #800080;\"><br \/>\nNo que dar\u00e1 isso?<\/span><\/strong><\/p>\n<p><span style=\"font-family: verdana, geneva, sans-serif; font-size: 12pt; color: #000000;\"><br \/>\nDar\u00e1 na estat\u00edstica que a revista \u201cCarta Capital\u201d publicou em novembro \u00faltimo:<\/span><\/p>\n<p><span style=\"font-family: verdana, geneva, sans-serif; font-size: 12pt; color: #000000;\">A cada 11 minutos uma mulher \u00e9 estuprada no Brasil!<\/span><\/p>\n<p><span style=\"font-family: verdana, geneva, sans-serif; font-size: 12pt; color: #000000;\">O estupro \u00e9 uma coisa abomin\u00e1vel e deve ser severamente punido. <\/span><\/p>\n<p><span style=\"font-family: verdana, geneva, sans-serif; font-size: 12pt; color: #000000;\">Mas a culpa \u00e9 s\u00f3 dos estupradores? <\/span><\/p>\n<p><span style=\"font-family: verdana, geneva, sans-serif; font-size: 12pt; color: #000000;\">A atra\u00e7\u00e3o exercida pela maneira provocativa de certas modas n\u00e3o tem tamb\u00e9m responsabilidade nisso? <\/span><\/p>\n<p style=\"padding-left: 90px;\"><strong><span style=\"font-family: verdana, geneva, sans-serif; font-size: 12pt; color: #800080;\"><br \/>\nUma vez que o senso moral e religioso est\u00e1 desaparecendo, o que deter\u00e1 as pessoas que n\u00e3o p\u00f5em freio a seus instintos baixos?<\/span><\/strong><\/p>\n<p><span style=\"font-family: verdana, geneva, sans-serif; font-size: 12pt; color: #000000;\"><br \/>\nImaginemos que aparecesse a moda de, durante a noite, as casas ficarem com as portas visivelmente abertas.<\/span><\/p>\n<p><span style=\"font-family: verdana, geneva, sans-serif; font-size: 12pt; color: #000000;\"> Haveria espanto em se constatar um aumento de roubos nelas?<\/span><\/p>\n<p><span style=\"font-family: verdana, geneva, sans-serif; font-size: 12pt; color: #000000;\">Na l\u00f3gica dessa argumenta\u00e7\u00e3o, esse imenso pecado\u00a0de permitir a condu\u00e7\u00e3o ao Samb\u00f3dromo de uma imagem sacrossanta de nossa Rainha e Padroeira;<\/span><\/p>\n<p><span style=\"font-family: verdana, geneva, sans-serif; font-size: 12pt; color: #000000;\">\u00c9 pr\u00f3prio a acarretar consequ\u00eancias imprevis\u00edveis, caso os brasileiros n\u00e3o reajam \u00e0 altura.<\/span><\/p>\n<p style=\"padding-left: 90px;\"><strong><span style=\"font-family: verdana, geneva, sans-serif; font-size: 12pt; color: #000080;\"><br \/>\nHouve tempo em que n\u00f3s, cat\u00f3licos, \u00e9ramos 97% dos brasileiros. <\/span><\/strong><\/p>\n<p style=\"padding-left: 90px;\"><strong><span style=\"font-family: verdana, geneva, sans-serif; font-size: 12pt; color: #000080;\">Hoje, por causa da crise p\u00f3s\u00a0Conc\u00edlio Vaticano II, minguamos para o p\u00edfio \u00edndice de 50%.<\/span><\/strong><\/p>\n<p><span style=\"font-family: verdana, geneva, sans-serif; font-size: 12pt; color: #000000;\"><br \/>\nComo consequ\u00eancia, agora h\u00e1 ambiente para se fazer o que h\u00e1 10 ou 20 anos era inimagin\u00e1vel:<\/span><\/p>\n<p><span style=\"font-family: verdana, geneva, sans-serif; font-size: 12pt; color: #000000;\">Expor Nossa Senhora ao vilip\u00eandio de desfilar num bloco de carnaval;<\/span><\/p>\n<h5 style=\"padding-left: 90px;\"><strong><span style=\"font-family: verdana, geneva, sans-serif; font-size: 12pt; color: #800080;\"><br \/>\nE assim jogar lama na aura de santidade e respeitabilidade d\u2019Aquela que foi a tal ponto pura, que foi Virgem antes, durante e depois do parto.<\/span><\/strong><\/h5>\n<p><span style=\"font-family: verdana, geneva, sans-serif; font-size: 12pt; color: #000000;\"><br \/>\nVoltemo-nos a Ela e pe\u00e7amos que tenha compaix\u00e3o do Brasil e dos brasileiros inconformes com esse sacr\u00edlego vilip\u00eandio, que j\u00e1 come\u00e7aram a protestar.<\/span><\/p>\n<p><span style=\"font-family: verdana, geneva, sans-serif; font-size: 12pt; color: #ffffff;\">.<\/span><br \/>\n<span style=\"font-size: 10pt;\"><em><span style=\"font-family: verdana, geneva, sans-serif; color: #000000;\">Fonte: ipco.org.br<\/span><\/em><\/span><\/p>\n<p style=\"text-align: center;\"><span style=\"font-family: verdana, geneva, sans-serif; font-size: 12pt; color: #ffffff;\">.<\/span><br \/>\n<span style=\"font-family: verdana, geneva, sans-serif; font-size: 12pt; color: #ffffff;\">.<\/span><br \/>\n<strong><span style=\"font-family: verdana, geneva, sans-serif; font-size: 12pt; color: #000000;\">* \u00a0* \u00a0*<\/span><\/strong><\/p>\n<p><span style=\"font-family: verdana, geneva, sans-serif; font-size: 12pt; color: #ffffff;\">.<\/span><\/p>\n<p style=\"text-align: center;\"><span style=\"font-family: verdana, geneva, sans-serif; font-size: 12pt; color: #000000;\">Por isso, voc\u00ea Devoto de Nossa Senhora, filho de Nossa Senhora n\u00e3o deixe de rezar e reparar essa tristeza que Nossa M\u00e3e Sant\u00edssima est\u00e1 sentindo.<\/span><\/p>\n<p style=\"text-align: center;\"><span style=\"font-family: verdana, geneva, sans-serif; font-size: 12pt; color: #000000;\">Clique na imagem abaixo para deixar sua indigna\u00e7\u00e3o contra esse ultraje.<\/span><\/p>\n<p><span style=\"color: #ffffff; font-size: 8pt;\">.<\/span><\/p>\n<p><a href=\"http:\/\/ipco.org.br\/ipco\/51985-2\/?origem=banner#.WJ3-jm8rLIU\"><img loading=\"lazy\" class=\"aligncenter wp-image-43152 size-full\" src=\"http:\/\/www.adf.org.br\/home\/wp-content\/uploads\/2017\/02\/BannerBlasf\u00eamiaAparecida.jpg\" alt=\"BannerBlasf\u00eamiaAparecida\" width=\"528\" height=\"163\" \/><\/a><\/p>\n<p><span style=\"color: #ffffff; font-size: 8pt;\">.<\/span><br \/>\n<span style=\"color: #ffffff;\">.<\/span><\/p>\n","protected":false},"excerpt":{"rendered":"<p>Anunciou-se h\u00e1 alguns meses que uma imagem de Nossa Senhora Aparecida seria levada no carnaval deste ano ao Samb\u00f3dromo de S\u00e3o Paulo;<\/p>\n","protected":false},"author":31,"featured_media":43213,"comment_status":"open","ping_status":"open","sticky":false,"template":"","format":"standard","meta":[],"categories":[20],"tags":[867,385,2180,92],"yoast_head":"<!-- This site is optimized with the Yoast SEO plugin v17.4 - https:\/\/yoast.com\/wordpress\/plugins\/seo\/ -->\n<title>Nossa Senhora Aparecida, rogai por n\u00f3s! Voltemo-nos a Ela.<\/title>\n<meta name=\"description\" content=\"Nossa Senhora Aparecida, rogai por n\u00f3s! Voltemo-nos a Ela e pe\u00e7amos que tenha compaix\u00e3o do Brasil e dos brasileiros inconformes com isso.\" \/>\n<meta name=\"robots\" content=\"index, follow, max-snippet:-1, max-image-preview:large, max-video-preview:-1\" \/>\n<link rel=\"canonical\" href=\"https:\/\/www.adf.org.br\/home\/nossa-senhora-carnaval\/\" \/>\n<meta property=\"og:locale\" content=\"pt_BR\" \/>\n<meta property=\"og:type\" content=\"article\" \/>\n<meta property=\"og:title\" content=\"Nossa Senhora Aparecida, rogai por n\u00f3s! Voltemo-nos a Ela.\" \/>\n<meta property=\"og:description\" content=\"Nossa Senhora Aparecida, rogai por n\u00f3s! Voltemo-nos a Ela e pe\u00e7amos que tenha compaix\u00e3o do Brasil e dos brasileiros inconformes com isso.\" \/>\n<meta property=\"og:url\" content=\"https:\/\/www.adf.org.br\/home\/nossa-senhora-carnaval\/\" \/>\n<meta property=\"og:site_name\" content=\"Associa\u00e7\u00e3o Devotos de F\u00e1tima\" \/>\n<meta property=\"article:published_time\" content=\"2017-02-21T03:00:41+00:00\" \/>\n<meta name=\"twitter:card\" content=\"summary_large_image\" \/>\n<meta name=\"twitter:label1\" content=\"Escrito por\" \/>\n\t<meta name=\"twitter:data1\" content=\"Gabriel Barbosa\" \/>\n\t<meta name=\"twitter:label2\" content=\"Est. tempo de leitura\" \/>\n\t<meta name=\"twitter:data2\" content=\"4 minutos\" \/>\n<script type=\"application\/ld+json\" class=\"yoast-schema-graph\">{\"@context\":\"https:\/\/schema.org\",\"@graph\":[{\"@type\":\"WebSite\",\"@id\":\"https:\/\/www.adf.org.br\/home\/#website\",\"url\":\"https:\/\/www.adf.org.br\/home\/\",\"name\":\"Associa\\u00e7\\u00e3o Devotos de F\\u00e1tima\",\"description\":\"Associa\\u00e7\\u00e3o Devotos de F\\u00e1tima\",\"potentialAction\":[{\"@type\":\"SearchAction\",\"target\":{\"@type\":\"EntryPoint\",\"urlTemplate\":\"https:\/\/www.adf.org.br\/home\/?s={search_term_string}\"},\"query-input\":\"required name=search_term_string\"}],\"inLanguage\":\"pt-BR\"},{\"@type\":\"ImageObject\",\"@id\":\"https:\/\/www.adf.org.br\/home\/nossa-senhora-carnaval\/#primaryimage\",\"inLanguage\":\"pt-BR\",\"url\":\"\",\"contentUrl\":\"\"},{\"@type\":\"WebPage\",\"@id\":\"https:\/\/www.adf.org.br\/home\/nossa-senhora-carnaval\/#webpage\",\"url\":\"https:\/\/www.adf.org.br\/home\/nossa-senhora-carnaval\/\",\"name\":\"Nossa Senhora Aparecida, rogai por n\\u00f3s! Voltemo-nos a Ela.\",\"isPartOf\":{\"@id\":\"https:\/\/www.adf.org.br\/home\/#website\"},\"primaryImageOfPage\":{\"@id\":\"https:\/\/www.adf.org.br\/home\/nossa-senhora-carnaval\/#primaryimage\"},\"datePublished\":\"2017-02-21T03:00:41+00:00\",\"dateModified\":\"2017-02-21T03:00:41+00:00\",\"author\":{\"@id\":\"https:\/\/www.adf.org.br\/home\/#\/schema\/person\/f35a5c5aa7728a3dedf4ea9aa1fc2753\"},\"description\":\"Nossa Senhora Aparecida, rogai por n\\u00f3s! Voltemo-nos a Ela e pe\\u00e7amos que tenha compaix\\u00e3o do Brasil e dos brasileiros inconformes com isso.\",\"breadcrumb\":{\"@id\":\"https:\/\/www.adf.org.br\/home\/nossa-senhora-carnaval\/#breadcrumb\"},\"inLanguage\":\"pt-BR\",\"potentialAction\":[{\"@type\":\"ReadAction\",\"target\":[\"https:\/\/www.adf.org.br\/home\/nossa-senhora-carnaval\/\"]}]},{\"@type\":\"BreadcrumbList\",\"@id\":\"https:\/\/www.adf.org.br\/home\/nossa-senhora-carnaval\/#breadcrumb\",\"itemListElement\":[{\"@type\":\"ListItem\",\"position\":1,\"name\":\"Home\",\"item\":\"https:\/\/www.adf.org.br\/home\/\"},{\"@type\":\"ListItem\",\"position\":2,\"name\":\"Nossa Senhora Aparecida, rogai por n\\u00f3s! Voltemo-nos a Ela e pe\\u00e7amos que tenha compaix\\u00e3o do Brasil e dos brasileiros inconformes com esse sacril\\u00e9gio.\"}]},{\"@type\":\"Person\",\"@id\":\"https:\/\/www.adf.org.br\/home\/#\/schema\/person\/f35a5c5aa7728a3dedf4ea9aa1fc2753\",\"name\":\"Gabriel Barbosa\",\"image\":{\"@type\":\"ImageObject\",\"@id\":\"https:\/\/www.adf.org.br\/home\/#personlogo\",\"inLanguage\":\"pt-BR\",\"url\":\"https:\/\/secure.gravatar.com\/avatar\/2b2cb2f4637682c5605e8d36818f51ef?s=96&d=mm&r=g\",\"contentUrl\":\"https:\/\/secure.gravatar.com\/avatar\/2b2cb2f4637682c5605e8d36818f51ef?s=96&d=mm&r=g\",\"caption\":\"Gabriel Barbosa\"},\"url\":\"https:\/\/www.adf.org.br\/home\/author\/gabrielpmk-com-br\/\"}]}<\/script>\n<!-- \/ Yoast SEO plugin. -->","yoast_head_json":{"title":"Nossa Senhora Aparecida, rogai por n\u00f3s! Voltemo-nos a Ela.","description":"Nossa Senhora Aparecida, rogai por n\u00f3s! Voltemo-nos a Ela e pe\u00e7amos que tenha compaix\u00e3o do Brasil e dos brasileiros inconformes com isso.","robots":{"index":"index","follow":"follow","max-snippet":"max-snippet:-1","max-image-preview":"max-image-preview:large","max-video-preview":"max-video-preview:-1"},"canonical":"https:\/\/www.adf.org.br\/home\/nossa-senhora-carnaval\/","og_locale":"pt_BR","og_type":"article","og_title":"Nossa Senhora Aparecida, rogai por n\u00f3s! Voltemo-nos a Ela.","og_description":"Nossa Senhora Aparecida, rogai por n\u00f3s! Voltemo-nos a Ela e pe\u00e7amos que tenha compaix\u00e3o do Brasil e dos brasileiros inconformes com isso.","og_url":"https:\/\/www.adf.org.br\/home\/nossa-senhora-carnaval\/","og_site_name":"Associa\u00e7\u00e3o Devotos de F\u00e1tima","article_published_time":"2017-02-21T03:00:41+00:00","twitter_card":"summary_large_image","twitter_misc":{"Escrito por":"Gabriel Barbosa","Est. tempo de leitura":"4 minutos"},"schema":{"@context":"https:\/\/schema.org","@graph":[{"@type":"WebSite","@id":"https:\/\/www.adf.org.br\/home\/#website","url":"https:\/\/www.adf.org.br\/home\/","name":"Associa\u00e7\u00e3o Devotos de F\u00e1tima","description":"Associa\u00e7\u00e3o Devotos de F\u00e1tima","potentialAction":[{"@type":"SearchAction","target":{"@type":"EntryPoint","urlTemplate":"https:\/\/www.adf.org.br\/home\/?s={search_term_string}"},"query-input":"required name=search_term_string"}],"inLanguage":"pt-BR"},{"@type":"ImageObject","@id":"https:\/\/www.adf.org.br\/home\/nossa-senhora-carnaval\/#primaryimage","inLanguage":"pt-BR","url":"","contentUrl":""},{"@type":"WebPage","@id":"https:\/\/www.adf.org.br\/home\/nossa-senhora-carnaval\/#webpage","url":"https:\/\/www.adf.org.br\/home\/nossa-senhora-carnaval\/","name":"Nossa Senhora Aparecida, rogai por n\u00f3s! Voltemo-nos a Ela.","isPartOf":{"@id":"https:\/\/www.adf.org.br\/home\/#website"},"primaryImageOfPage":{"@id":"https:\/\/www.adf.org.br\/home\/nossa-senhora-carnaval\/#primaryimage"},"datePublished":"2017-02-21T03:00:41+00:00","dateModified":"2017-02-21T03:00:41+00:00","author":{"@id":"https:\/\/www.adf.org.br\/home\/#\/schema\/person\/f35a5c5aa7728a3dedf4ea9aa1fc2753"},"description":"Nossa Senhora Aparecida, rogai por n\u00f3s! Voltemo-nos a Ela e pe\u00e7amos que tenha compaix\u00e3o do Brasil e dos brasileiros inconformes com isso.","breadcrumb":{"@id":"https:\/\/www.adf.org.br\/home\/nossa-senhora-carnaval\/#breadcrumb"},"inLanguage":"pt-BR","potentialAction":[{"@type":"ReadAction","target":["https:\/\/www.adf.org.br\/home\/nossa-senhora-carnaval\/"]}]},{"@type":"BreadcrumbList","@id":"https:\/\/www.adf.org.br\/home\/nossa-senhora-carnaval\/#breadcrumb","itemListElement":[{"@type":"ListItem","position":1,"name":"Home","item":"https:\/\/www.adf.org.br\/home\/"},{"@type":"ListItem","position":2,"name":"Nossa Senhora Aparecida, rogai por n\u00f3s! Voltemo-nos a Ela e pe\u00e7amos que tenha compaix\u00e3o do Brasil e dos brasileiros inconformes com esse sacril\u00e9gio."}]},{"@type":"Person","@id":"https:\/\/www.adf.org.br\/home\/#\/schema\/person\/f35a5c5aa7728a3dedf4ea9aa1fc2753","name":"Gabriel Barbosa","image":{"@type":"ImageObject","@id":"https:\/\/www.adf.org.br\/home\/#personlogo","inLanguage":"pt-BR","url":"https:\/\/secure.gravatar.com\/avatar\/2b2cb2f4637682c5605e8d36818f51ef?s=96&d=mm&r=g","contentUrl":"https:\/\/secure.gravatar.com\/avatar\/2b2cb2f4637682c5605e8d36818f51ef?s=96&d=mm&r=g","caption":"Gabriel Barbosa"},"url":"https:\/\/www.adf.org.br\/home\/author\/gabrielpmk-com-br\/"}]}},"_links":{"self":[{"href":"https:\/\/www.adf.org.br\/home\/wp-json\/wp\/v2\/posts\/43204"}],"collection":[{"href":"https:\/\/www.adf.org.br\/home\/wp-json\/wp\/v2\/posts"}],"about":[{"href":"https:\/\/www.adf.org.br\/home\/wp-json\/wp\/v2\/types\/post"}],"author":[{"embeddable":true,"href":"https:\/\/www.adf.org.br\/home\/wp-json\/wp\/v2\/users\/31"}],"replies":[{"embeddable":true,"href":"https:\/\/www.adf.org.br\/home\/wp-json\/wp\/v2\/comments?post=43204"}],"version-history":[{"count":0,"href":"https:\/\/www.adf.org.br\/home\/wp-json\/wp\/v2\/posts\/43204\/revisions"}],"wp:featuredmedia":[{"embeddable":true,"href":"https:\/\/www.adf.org.br\/home\/wp-json\/wp\/v2\/media\/43213"}],"wp:attachment":[{"href":"https:\/\/www.adf.org.br\/home\/wp-json\/wp\/v2\/media?parent=43204"}],"wp:term":[{"taxonomy":"category","embeddable":true,"href":"https:\/\/www.adf.org.br\/home\/wp-json\/wp\/v2\/categories?post=43204"},{"taxonomy":"post_tag","embeddable":true,"href":"https:\/\/www.adf.org.br\/home\/wp-json\/wp\/v2\/tags?post=43204"}],"curies":[{"name":"wp","href":"https:\/\/api.w.org\/{rel}","templated":true}]}}