{"id":43070,"date":"2017-01-31T07:00:50","date_gmt":"2017-01-31T09:00:50","guid":{"rendered":"http:\/\/www.adf.org.br\/home\/?p=43070"},"modified":"2017-01-31T07:00:50","modified_gmt":"2017-01-31T09:00:50","slug":"agressao-padre","status":"publish","type":"post","link":"https:\/\/www.adf.org.br\/home\/agressao-padre\/","title":{"rendered":"Algo horr\u00edvel aconteceu com esse bispo! Veja."},"content":{"rendered":"<figure id=\"attachment_43071\" aria-describedby=\"caption-attachment-43071\" style=\"width: 530px\" class=\"wp-caption aligncenter\"><img loading=\"lazy\" class=\"wp-image-43071\" src=\"http:\/\/www.adf.org.br\/home\/wp-content\/uploads\/2017\/01\/bispo-agredido.jpg\" alt=\"bispo-agredido\" width=\"530\" height=\"353\" \/><figcaption id=\"caption-attachment-43071\" class=\"wp-caption-text\">O bispo auxiliar de Newark.<\/figcaption><\/figure>\n<p class=\"t-article-content-intro-1\" style=\"padding-left: 90px;\"><span style=\"font-family: verdana, geneva, sans-serif; font-size: 12pt; color: #000000;\"><b><span style=\"color: #ffffff;\">.<\/span><br \/>\n<span style=\"color: #800080;\">Homem levantou-se, dirigiu-se ao altar e esmurrou o padre<\/span><\/b><\/span><\/p>\n<p><span style=\"font-family: verdana, geneva, sans-serif; font-size: 12pt; color: #000000;\"><br \/>\n<span style=\"font-size: 14pt;\"><strong>U<\/strong><\/span>m bispo auxiliar da arquidiocese de Newark foi agredido durante uma missa de s\u00e1bado;<\/span><\/p>\n<p><span style=\"font-family: verdana, geneva, sans-serif; font-size: 12pt; color: #000000;\">Na catedral bas\u00edlica do sagrado cora\u00e7\u00e3o, disseram as autoridades do condado de Essex.<\/span><\/p>\n<p style=\"padding-left: 90px;\"><strong><span style=\"font-family: verdana, geneva, sans-serif; font-size: 12pt; color: #000080;\"><br \/>\nUm residente de Newark, Charles Miller, de 48 anos, levantou-se;<\/span><\/strong><\/p>\n<p><span style=\"font-family: verdana, geneva, sans-serif; font-size: 12pt; color: #000000;\"><br \/>\nDirigiu-se ao altar e esmurrou o padre Manuel Cruz na boca, durante uma cerim\u00f4nia em mem\u00f3ria do jogador de basebol Roberto Clemente, morto em 1972.<\/span><\/p>\n<h5 style=\"padding-left: 90px;\"><strong><span style=\"font-family: verdana, geneva, sans-serif; font-size: 12pt; color: #800080;\"><br \/>\nAs autoridades informaram que Cruz foi tratado num hospital, mas os ferimentos n\u00e3o foram considerados graves.<\/span><\/strong><\/h5>\n<p><span style=\"font-family: verdana, geneva, sans-serif; font-size: 12pt; color: #000000;\"><br \/>\nMiller foi acusado de agress\u00e3o e as autoridades n\u00e3o adiantaram o motivo do ataque.<\/span><\/p>\n<p><span style=\"font-family: verdana, geneva, sans-serif; font-size: 12pt; color: #ffffff;\">.<\/span><br \/>\n<em><span style=\"font-family: verdana, geneva, sans-serif; font-size: 10pt; color: #000000;\">Fonte: dn.pt<\/span><\/em><\/p>\n<p style=\"text-align: center;\"><span style=\"font-family: verdana, geneva, sans-serif; font-size: 12pt; color: #ffffff;\">.<\/span><br \/>\n<span style=\"font-family: verdana, geneva, sans-serif; font-size: 12pt; color: #ffffff;\">.<\/span><br \/>\n<strong><span style=\"font-family: verdana, geneva, sans-serif; font-size: 12pt; color: #000000;\">* \u00a0* \u00a0*<\/span><\/strong><\/p>\n<p><span style=\"font-family: verdana, geneva, sans-serif; font-size: 12pt; color: #ffffff;\">.<\/span><\/p>\n<p style=\"text-align: left;\"><span style=\"color: #000000; font-family: verdana, geneva, sans-serif; font-size: 12pt;\">Por isso, voc\u00ea Devoto de Nossa Senhora, filho de Nossa Senhora n\u00e3o deixe de rezar e reparar essa tristeza que Nossa M\u00e3e Sant\u00edssima est\u00e1 sentindo.<\/span><\/p>\n<p style=\"text-align: left;\"><strong><span style=\"color: #0000ff;\"><a style=\"color: #0000ff;\" href=\"https:\/\/adf.org.br\/velario\/reparacao\" target=\"_blank\" rel=\"noopener noreferrer\"><span style=\"font-family: verdana, geneva, sans-serif; font-size: 12pt;\">Acenda agora mesmo a Vela da Repara\u00e7\u00e3o a Nossa Senhora.<\/span><\/a><\/span><\/strong><\/p>\n<p style=\"text-align: left;\"><span style=\"color: #000000; font-family: verdana, geneva, sans-serif; font-size: 12pt;\">Vamos consolar e reparar essa blasf\u00eamia e ultraje que foi cometido.<\/span><\/p>\n<p style=\"text-align: left;\"><span style=\"color: #000000; font-family: verdana, geneva, sans-serif; font-size: 12pt;\">Clique no link abaixo e acenda a vela agora mesmo.<\/span><\/p>\n<p style=\"text-align: center;\"><span style=\"color: #ffffff; font-family: verdana, geneva, sans-serif; font-size: 12pt;\">.<\/span><br \/>\n<span style=\"color: #ffffff; font-family: verdana, geneva, sans-serif; font-size: 12pt;\">.<\/span><br \/>\n<a href=\"https:\/\/adf.org.br\/velario\/reparacao\" target=\"_blank\" rel=\"noopener noreferrer\"><span style=\"color: #0000ff;\"><strong><span style=\"font-family: verdana, geneva, sans-serif; font-size: 18pt;\">adf.org.br\/velario\/reparacao<\/span><\/strong><\/span><\/a><\/p>\n<p style=\"text-align: center;\"><span style=\"color: #ffffff;\">.<\/span><\/p>\n<p style=\"text-align: center;\"><span style=\"color: #ffffff;\">.<\/span><\/p>\n<p style=\"text-align: center;\"><span style=\"color: #ffffff; font-size: 12pt; font-family: verdana, geneva, sans-serif;\">.<\/span><\/p>\n<p>&nbsp;<\/p>\n","protected":false},"excerpt":{"rendered":"<p>Homem levantou-se, dirigiu-se ao altar e esmurrou o padre.<\/p>\n","protected":false},"author":31,"featured_media":43075,"comment_status":"open","ping_status":"open","sticky":false,"template":"","format":"standard","meta":[],"categories":[20],"tags":[1732,1761,1429],"yoast_head":"<!-- This site is optimized with the Yoast SEO plugin v17.4 - https:\/\/yoast.com\/wordpress\/plugins\/seo\/ -->\n<title>N\u00e3o bastasse os casos de ataques \u00e0 imagens e Igrejas! A viol\u00eancia<\/title>\n<meta name=\"description\" content=\"N\u00e3o bastasse os casos de ataques \u00e0 imagens e Igrejas! A viol\u00eancia chaga at\u00e9 seus membros. Veja! Mais um caso de viol\u00eancia religiosa.\" \/>\n<meta name=\"robots\" content=\"index, follow, max-snippet:-1, max-image-preview:large, max-video-preview:-1\" \/>\n<link rel=\"canonical\" href=\"https:\/\/www.adf.org.br\/home\/agressao-padre\/\" \/>\n<meta property=\"og:locale\" content=\"pt_BR\" \/>\n<meta property=\"og:type\" content=\"article\" \/>\n<meta property=\"og:title\" content=\"N\u00e3o bastasse os casos de ataques \u00e0 imagens e Igrejas! A viol\u00eancia\" \/>\n<meta property=\"og:description\" content=\"N\u00e3o bastasse os casos de ataques \u00e0 imagens e Igrejas! A viol\u00eancia chaga at\u00e9 seus membros. Veja! Mais um caso de viol\u00eancia religiosa.\" \/>\n<meta property=\"og:url\" content=\"https:\/\/www.adf.org.br\/home\/agressao-padre\/\" \/>\n<meta property=\"og:site_name\" content=\"Associa\u00e7\u00e3o Devotos de F\u00e1tima\" \/>\n<meta property=\"article:published_time\" content=\"2017-01-31T09:00:50+00:00\" \/>\n<meta name=\"twitter:card\" content=\"summary_large_image\" \/>\n<meta name=\"twitter:label1\" content=\"Escrito por\" \/>\n\t<meta name=\"twitter:data1\" content=\"Gabriel Barbosa\" \/>\n\t<meta name=\"twitter:label2\" content=\"Est. tempo de leitura\" \/>\n\t<meta name=\"twitter:data2\" content=\"1 minuto\" \/>\n<script type=\"application\/ld+json\" class=\"yoast-schema-graph\">{\"@context\":\"https:\/\/schema.org\",\"@graph\":[{\"@type\":\"WebSite\",\"@id\":\"https:\/\/www.adf.org.br\/home\/#website\",\"url\":\"https:\/\/www.adf.org.br\/home\/\",\"name\":\"Associa\\u00e7\\u00e3o Devotos de F\\u00e1tima\",\"description\":\"Associa\\u00e7\\u00e3o Devotos de F\\u00e1tima\",\"potentialAction\":[{\"@type\":\"SearchAction\",\"target\":{\"@type\":\"EntryPoint\",\"urlTemplate\":\"https:\/\/www.adf.org.br\/home\/?s={search_term_string}\"},\"query-input\":\"required name=search_term_string\"}],\"inLanguage\":\"pt-BR\"},{\"@type\":\"ImageObject\",\"@id\":\"https:\/\/www.adf.org.br\/home\/agressao-padre\/#primaryimage\",\"inLanguage\":\"pt-BR\",\"url\":\"\",\"contentUrl\":\"\"},{\"@type\":\"WebPage\",\"@id\":\"https:\/\/www.adf.org.br\/home\/agressao-padre\/#webpage\",\"url\":\"https:\/\/www.adf.org.br\/home\/agressao-padre\/\",\"name\":\"N\\u00e3o bastasse os casos de ataques \\u00e0 imagens e Igrejas! A viol\\u00eancia\",\"isPartOf\":{\"@id\":\"https:\/\/www.adf.org.br\/home\/#website\"},\"primaryImageOfPage\":{\"@id\":\"https:\/\/www.adf.org.br\/home\/agressao-padre\/#primaryimage\"},\"datePublished\":\"2017-01-31T09:00:50+00:00\",\"dateModified\":\"2017-01-31T09:00:50+00:00\",\"author\":{\"@id\":\"https:\/\/www.adf.org.br\/home\/#\/schema\/person\/f35a5c5aa7728a3dedf4ea9aa1fc2753\"},\"description\":\"N\\u00e3o bastasse os casos de ataques \\u00e0 imagens e Igrejas! A viol\\u00eancia chaga at\\u00e9 seus membros. Veja! Mais um caso de viol\\u00eancia religiosa.\",\"breadcrumb\":{\"@id\":\"https:\/\/www.adf.org.br\/home\/agressao-padre\/#breadcrumb\"},\"inLanguage\":\"pt-BR\",\"potentialAction\":[{\"@type\":\"ReadAction\",\"target\":[\"https:\/\/www.adf.org.br\/home\/agressao-padre\/\"]}]},{\"@type\":\"BreadcrumbList\",\"@id\":\"https:\/\/www.adf.org.br\/home\/agressao-padre\/#breadcrumb\",\"itemListElement\":[{\"@type\":\"ListItem\",\"position\":1,\"name\":\"Home\",\"item\":\"https:\/\/www.adf.org.br\/home\/\"},{\"@type\":\"ListItem\",\"position\":2,\"name\":\"Algo horr\\u00edvel aconteceu com esse bispo! Veja.\"}]},{\"@type\":\"Person\",\"@id\":\"https:\/\/www.adf.org.br\/home\/#\/schema\/person\/f35a5c5aa7728a3dedf4ea9aa1fc2753\",\"name\":\"Gabriel Barbosa\",\"image\":{\"@type\":\"ImageObject\",\"@id\":\"https:\/\/www.adf.org.br\/home\/#personlogo\",\"inLanguage\":\"pt-BR\",\"url\":\"https:\/\/secure.gravatar.com\/avatar\/2b2cb2f4637682c5605e8d36818f51ef?s=96&d=mm&r=g\",\"contentUrl\":\"https:\/\/secure.gravatar.com\/avatar\/2b2cb2f4637682c5605e8d36818f51ef?s=96&d=mm&r=g\",\"caption\":\"Gabriel Barbosa\"},\"url\":\"https:\/\/www.adf.org.br\/home\/author\/gabrielpmk-com-br\/\"}]}<\/script>\n<!-- \/ Yoast SEO plugin. -->","yoast_head_json":{"title":"N\u00e3o bastasse os casos de ataques \u00e0 imagens e Igrejas! A viol\u00eancia","description":"N\u00e3o bastasse os casos de ataques \u00e0 imagens e Igrejas! A viol\u00eancia chaga at\u00e9 seus membros. Veja! Mais um caso de viol\u00eancia religiosa.","robots":{"index":"index","follow":"follow","max-snippet":"max-snippet:-1","max-image-preview":"max-image-preview:large","max-video-preview":"max-video-preview:-1"},"canonical":"https:\/\/www.adf.org.br\/home\/agressao-padre\/","og_locale":"pt_BR","og_type":"article","og_title":"N\u00e3o bastasse os casos de ataques \u00e0 imagens e Igrejas! A viol\u00eancia","og_description":"N\u00e3o bastasse os casos de ataques \u00e0 imagens e Igrejas! A viol\u00eancia chaga at\u00e9 seus membros. Veja! Mais um caso de viol\u00eancia religiosa.","og_url":"https:\/\/www.adf.org.br\/home\/agressao-padre\/","og_site_name":"Associa\u00e7\u00e3o Devotos de F\u00e1tima","article_published_time":"2017-01-31T09:00:50+00:00","twitter_card":"summary_large_image","twitter_misc":{"Escrito por":"Gabriel Barbosa","Est. tempo de leitura":"1 minuto"},"schema":{"@context":"https:\/\/schema.org","@graph":[{"@type":"WebSite","@id":"https:\/\/www.adf.org.br\/home\/#website","url":"https:\/\/www.adf.org.br\/home\/","name":"Associa\u00e7\u00e3o Devotos de F\u00e1tima","description":"Associa\u00e7\u00e3o Devotos de F\u00e1tima","potentialAction":[{"@type":"SearchAction","target":{"@type":"EntryPoint","urlTemplate":"https:\/\/www.adf.org.br\/home\/?s={search_term_string}"},"query-input":"required name=search_term_string"}],"inLanguage":"pt-BR"},{"@type":"ImageObject","@id":"https:\/\/www.adf.org.br\/home\/agressao-padre\/#primaryimage","inLanguage":"pt-BR","url":"","contentUrl":""},{"@type":"WebPage","@id":"https:\/\/www.adf.org.br\/home\/agressao-padre\/#webpage","url":"https:\/\/www.adf.org.br\/home\/agressao-padre\/","name":"N\u00e3o bastasse os casos de ataques \u00e0 imagens e Igrejas! A viol\u00eancia","isPartOf":{"@id":"https:\/\/www.adf.org.br\/home\/#website"},"primaryImageOfPage":{"@id":"https:\/\/www.adf.org.br\/home\/agressao-padre\/#primaryimage"},"datePublished":"2017-01-31T09:00:50+00:00","dateModified":"2017-01-31T09:00:50+00:00","author":{"@id":"https:\/\/www.adf.org.br\/home\/#\/schema\/person\/f35a5c5aa7728a3dedf4ea9aa1fc2753"},"description":"N\u00e3o bastasse os casos de ataques \u00e0 imagens e Igrejas! A viol\u00eancia chaga at\u00e9 seus membros. Veja! Mais um caso de viol\u00eancia religiosa.","breadcrumb":{"@id":"https:\/\/www.adf.org.br\/home\/agressao-padre\/#breadcrumb"},"inLanguage":"pt-BR","potentialAction":[{"@type":"ReadAction","target":["https:\/\/www.adf.org.br\/home\/agressao-padre\/"]}]},{"@type":"BreadcrumbList","@id":"https:\/\/www.adf.org.br\/home\/agressao-padre\/#breadcrumb","itemListElement":[{"@type":"ListItem","position":1,"name":"Home","item":"https:\/\/www.adf.org.br\/home\/"},{"@type":"ListItem","position":2,"name":"Algo horr\u00edvel aconteceu com esse bispo! Veja."}]},{"@type":"Person","@id":"https:\/\/www.adf.org.br\/home\/#\/schema\/person\/f35a5c5aa7728a3dedf4ea9aa1fc2753","name":"Gabriel Barbosa","image":{"@type":"ImageObject","@id":"https:\/\/www.adf.org.br\/home\/#personlogo","inLanguage":"pt-BR","url":"https:\/\/secure.gravatar.com\/avatar\/2b2cb2f4637682c5605e8d36818f51ef?s=96&d=mm&r=g","contentUrl":"https:\/\/secure.gravatar.com\/avatar\/2b2cb2f4637682c5605e8d36818f51ef?s=96&d=mm&r=g","caption":"Gabriel Barbosa"},"url":"https:\/\/www.adf.org.br\/home\/author\/gabrielpmk-com-br\/"}]}},"_links":{"self":[{"href":"https:\/\/www.adf.org.br\/home\/wp-json\/wp\/v2\/posts\/43070"}],"collection":[{"href":"https:\/\/www.adf.org.br\/home\/wp-json\/wp\/v2\/posts"}],"about":[{"href":"https:\/\/www.adf.org.br\/home\/wp-json\/wp\/v2\/types\/post"}],"author":[{"embeddable":true,"href":"https:\/\/www.adf.org.br\/home\/wp-json\/wp\/v2\/users\/31"}],"replies":[{"embeddable":true,"href":"https:\/\/www.adf.org.br\/home\/wp-json\/wp\/v2\/comments?post=43070"}],"version-history":[{"count":0,"href":"https:\/\/www.adf.org.br\/home\/wp-json\/wp\/v2\/posts\/43070\/revisions"}],"wp:featuredmedia":[{"embeddable":true,"href":"https:\/\/www.adf.org.br\/home\/wp-json\/wp\/v2\/media\/43075"}],"wp:attachment":[{"href":"https:\/\/www.adf.org.br\/home\/wp-json\/wp\/v2\/media?parent=43070"}],"wp:term":[{"taxonomy":"category","embeddable":true,"href":"https:\/\/www.adf.org.br\/home\/wp-json\/wp\/v2\/categories?post=43070"},{"taxonomy":"post_tag","embeddable":true,"href":"https:\/\/www.adf.org.br\/home\/wp-json\/wp\/v2\/tags?post=43070"}],"curies":[{"name":"wp","href":"https:\/\/api.w.org\/{rel}","templated":true}]}}