{"id":42634,"date":"2019-01-03T00:00:38","date_gmt":"2019-01-03T02:00:38","guid":{"rendered":"http:\/\/www.adf.org.br\/home\/?p=42634"},"modified":"2019-01-03T00:00:38","modified_gmt":"2019-01-03T02:00:38","slug":"sao-nicolau-ou-papai-noel","status":"publish","type":"post","link":"https:\/\/www.adf.org.br\/home\/sao-nicolau-ou-papai-noel\/","title":{"rendered":"6 Pontos incr\u00edveis que diferenciam S\u00e3o Nicolau de uma figura comercial, o Papai Noel. Entenda."},"content":{"rendered":"<figure id=\"attachment_42635\" aria-describedby=\"caption-attachment-42635\" style=\"width: 560px\" class=\"wp-caption aligncenter\"><img loading=\"lazy\" class=\"wp-image-42635\" src=\"http:\/\/www.adf.org.br\/home\/wp-content\/uploads\/2016\/12\/xsanNicolas_vs_SantaClaus.jpg.pagespeed.ic_.GpbXtVF5vq-300x167.jpg\" alt=\"S\u00e3o Nicolau\" width=\"560\" height=\"311\" \/><figcaption id=\"caption-attachment-42635\" class=\"wp-caption-text\">S\u00e3o Nicolau, padroeiro das crian\u00e7as, e Papai Noel<\/figcaption><\/figure>\n<h5 style=\"padding-left: 90px;\"><span style=\"color: #800080;\"><strong><span style=\"font-family: verdana, geneva, sans-serif; font-size: 12pt;\"><br \/>\n<span style=\"color: #ffffff;\">.<\/span><br \/>\nPapai Noel \u00e9 um dos personagens mais emblem\u00e1ticos das festas de final de ano.<\/span><\/strong><\/span><\/h5>\n<p><span style=\"font-weight: 400; color: #000000; font-family: verdana, geneva, sans-serif; font-size: 12pt;\"><br \/>\n<span style=\"font-size: 14pt;\"><strong>N<\/strong><\/span>as \u00faltimas d\u00e9cadas, ganhou tanta fama e se tornou t\u00e3o eficaz para representar a divers\u00e3o e os presentes que desvia o foco da verdadeira raz\u00e3o da alegria: <\/span><\/p>\n<p><span style=\"font-weight: 400; color: #000000; font-family: verdana, geneva, sans-serif; font-size: 12pt;\">Jesus que nasce em Bel\u00e9m.<\/span><\/p>\n<p><span style=\"font-weight: 400; color: #000000; font-family: verdana, geneva, sans-serif; font-size: 12pt;\">De acordo com v\u00e1rios historiadores, Papai Noel \u00e9 a distor\u00e7\u00e3o \u2013 primeiro liter\u00e1ria e depois comercial \u2013 de S\u00e3o Nicolau, o generoso Bispo de Mira;<\/span><\/p>\n<p style=\"padding-left: 90px;\"><span style=\"color: #000080;\"><strong><span style=\"font-family: verdana, geneva, sans-serif; font-size: 12pt;\"><br \/>\n<span style=\"color: #800080;\">Padroeiro das crian\u00e7as, dos marinheiros e dos cativos. Estas s\u00e3o as principais diferen\u00e7as segundo o \u2018St. Nicholas Center\u2019:<\/span><\/span><\/strong><\/span><\/p>\n<p>&nbsp;<\/p>\n<ol>\n<li>\n<blockquote><p><span style=\"color: #000080; font-family: verdana, geneva, sans-serif; font-size: 12pt;\"><span style=\"font-weight: 400;\">&#8220;Papai Noel est\u00e1 associado \u00e0 inf\u00e2ncia, S\u00e3o Nicolau \u00e9 um modelo de crist\u00e3o para toda a vida<\/span><span style=\"font-weight: 400;\">.<br \/>\n<\/span><\/span><\/p><\/blockquote>\n<\/li>\n<li>\n<blockquote><p><span style=\"color: #000080;\"><span style=\"font-family: verdana, geneva, sans-serif; font-size: 12pt;\"><span style=\"font-weight: 400;\"> Papai Noel, como o conhecemos, surgiu para aumentar as vendas e a mensagem comercial do Natal<\/span><span style=\"font-weight: 400;\">;<br \/>\n<\/span><\/span><span style=\"font-family: verdana, geneva, sans-serif; font-size: 12pt;\"><span style=\"font-family: verdana, geneva, sans-serif; font-size: 12pt;\"><span style=\"font-weight: 400;\">S\u00e3o Nicolau levou a mensagem de Cristo e a paz, a bondade e a mensagem crist\u00e3 de esperan\u00e7a que o Natal traz.<\/span><\/span><\/span><\/span><\/p><\/blockquote>\n<\/li>\n<li>\n<blockquote><p><span style=\"font-weight: 400; color: #000080; font-family: verdana, geneva, sans-serif; font-size: 12pt;\"><span style=\"font-weight: 400; font-family: verdana, geneva, sans-serif; font-size: 12pt;\"> Papai Noel incentiva o consumo; S\u00e3o Nicolau promove a compaix\u00e3o.<\/span><\/span><\/p><\/blockquote>\n<\/li>\n<li>\n<blockquote><p><span style=\"font-weight: 400; color: #000080; font-family: verdana, geneva, sans-serif; font-size: 12pt;\"><span style=\"font-weight: 400; font-family: verdana, geneva, sans-serif; font-size: 12pt;\"> Papai Noel aparece a cada ano para \u201cser visto\u201d por um curto per\u00edodo de tempo; S\u00e3o Nicolau \u00e9 parte da comunh\u00e3o dos santos e nos pela ora\u00e7\u00e3o e seu testemunho.<\/span><\/span><\/p><\/blockquote>\n<\/li>\n<li>\n<blockquote><p><span style=\"font-weight: 400; color: #000080; font-family: verdana, geneva, sans-serif; font-size: 12pt;\"><span style=\"font-weight: 400; font-family: verdana, geneva, sans-serif; font-size: 12pt;\"> Papai Noel \u201cvoa\u201d pelos ares, vindo do Polo Norte; S\u00e3o Nicolau caminhou pela terra preocupando-se e ajudando os mais necessitados.<\/span><\/span><\/p><\/blockquote>\n<\/li>\n<li>\n<blockquote><p><span style=\"font-weight: 400; color: #000080; font-family: verdana, geneva, sans-serif; font-size: 12pt;\"> Papai Noel, para alguns, substitui o Menino de Bel\u00e9m; S\u00e3o Nicolau assinala e conduz todos ao Menino de Bel\u00e9m.&#8221;<\/span><\/p><\/blockquote>\n<\/li>\n<\/ol>\n<p style=\"padding-left: 90px;\"><strong><span style=\"color: #000080; font-family: verdana, geneva, sans-serif; font-size: 12pt;\"><br \/>\n<span style=\"color: #800080;\">De S\u00e3o Nicolau a Papai Noel<\/span><\/span><\/strong><\/p>\n<p><span style=\"font-weight: 400; color: #000000; font-family: verdana, geneva, sans-serif; font-size: 12pt;\"><br \/>\nH\u00e1 v\u00e1rias teorias sobre a origem do Papai Noel. A mais difundida \u00e9 que foi a empresa Coca-Cola que inventou o personagem para promover o consumo de sua bebida em 1920.<\/span><\/p>\n<p><span style=\"color: #000000; font-family: verdana, geneva, sans-serif; font-size: 12pt;\">Entretanto, no s\u00e9culo 19, escritores de Nova Iorque tentaram dar um selo nacional \u00e0s festas de Natal;<\/span><\/p>\n<p><strong><span style=\"color: #000000; font-family: verdana, geneva, sans-serif; font-size: 12pt;\">Cheias de tradi\u00e7\u00f5es crist\u00e3s dos migrantes europeus.<\/span><\/strong><\/p>\n<p><span style=\"font-weight: 400; color: #000000; font-family: verdana, geneva, sans-serif; font-size: 12pt;\"> Em pouco tempo, as celebra\u00e7\u00f5es deixaram de lado o car\u00e1ter santo desta data e tornaram-se populares as desenfreadas, com bebedeiras e desordem p\u00fablica.<\/span><\/p>\n<p><span style=\"font-weight: 400; color: #000000; font-family: verdana, geneva, sans-serif; font-size: 12pt;\">Em 1821, foi publicado o livro de litografias para crian\u00e7as \u201cPapai Noel, o amigo das crian\u00e7as\u201d;<\/span><\/p>\n<p><span style=\"font-weight: 400; color: #000000; font-family: verdana, geneva, sans-serif; font-size: 12pt;\">No qual se apresentava um personagem que chegava do Norte em um tren\u00f3 com renas voando.<\/span><\/p>\n<p style=\"padding-left: 90px;\"><strong><span style=\"color: #000080; font-family: verdana, geneva, sans-serif; font-size: 12pt;\"><br \/>\n<span style=\"color: #800080;\">Esta publica\u00e7\u00e3o fez o personagem aparecer a cada v\u00e9spera de natal e n\u00e3o no dia 6 de dezembro, dia da festa do santo bispo. <\/span><\/span><\/strong><\/p>\n<p><span style=\"font-weight: 400; color: #000000; font-family: verdana, geneva, sans-serif; font-size: 12pt;\"><br \/>\nUm poema an\u00f4nimo e as ilustra\u00e7\u00f5es dessa publica\u00e7\u00e3o se tornaram a chave para a distor\u00e7\u00e3o de S\u00e3o Nicolau.<\/span><\/p>\n<p><span style=\"font-weight: 400; color: #000000; font-family: verdana, geneva, sans-serif; font-size: 12pt;\">Segundo especialistas do \u2018St. Nicholas Center\u2019, foi a elite de Nova Iorque que conseguiu nacionalizar o Natal atrav\u00e9s do Papai Noel;<\/span><\/p>\n<p style=\"padding-left: 90px;\"><span style=\"color: #800080;\"><strong><span style=\"font-family: verdana, geneva, sans-serif; font-size: 12pt;\"><br \/>\nE do apoio de artistas e escritores como Washington Irving, John Pintard e Clement Clarke Moore.<\/span><\/strong><\/span><\/p>\n<p><span style=\"font-weight: 400; color: #000000; font-family: verdana, geneva, sans-serif; font-size: 12pt;\"><br \/>\nEm 1863, durante a Guerra Civil, o caricaturista pol\u00edtico Thomas Nast come\u00e7ou a desenhar Papai Noel com os tra\u00e7os que agora lhe atribuem:<\/span><\/p>\n<p><span style=\"font-weight: 400; color: #000000; font-family: verdana, geneva, sans-serif; font-size: 12pt;\">Gorro vermelho, barba branca e barriga saliente.<\/span><\/p>\n<p><span style=\"font-weight: 400; color: #000000; font-family: verdana, geneva, sans-serif; font-size: 12pt;\"> Junto com as mudan\u00e7as de apar\u00eancia, o nome do santo em ingl\u00eas mudou para Santa Claus, uma altera\u00e7\u00e3o fon\u00e9tica do alem\u00e3o \u201cSankt Niklaus\u201d. <\/span><\/p>\n<p><span style=\"font-weight: 400; color: #000000; font-family: verdana, geneva, sans-serif; font-size: 12pt;\">Apenas em 1920, Papai Noel apareceu pela primeira vez em um an\u00fancio da Coca Cola.<\/span><\/p>\n<p><span style=\"color: #ffffff;\">.<\/span><br \/>\n<span style=\"color: #ffffff;\">.<\/span><br \/>\n<span style=\"color: #000000;\"><em><span style=\"font-size: 10pt;\">Fonte: acidigital.com<\/span><\/em><\/span><\/p>\n<p style=\"text-align: center;\"><span style=\"color: #ffffff;\">.<\/span><br \/>\n<span style=\"font-family: verdana, geneva, sans-serif; font-size: 12pt;\"><strong><span style=\"color: #000000;\">* * *<\/span><\/strong><\/span><\/p>\n","protected":false},"excerpt":{"rendered":"<p>Papai Noel \u00e9 um dos personagens mais emblem\u00e1ticos das festas de final de ano.<\/p>\n","protected":false},"author":31,"featured_media":42641,"comment_status":"open","ping_status":"open","sticky":false,"template":"","format":"standard","meta":[],"categories":[20],"tags":[39],"yoast_head":"<!-- This site is optimized with the Yoast SEO plugin v17.4 - https:\/\/yoast.com\/wordpress\/plugins\/seo\/ -->\n<title>S\u00e3o Nicolau ou Papai Noel? 6 diferen\u00e7as entre o santo e a fic\u00e7\u00e3o<\/title>\n<meta name=\"description\" content=\"S\u00e3o Nicolau ou Papai Noel? 6 diferen\u00e7as entre o santo e o personagem de fic\u00e7\u00e3o, entenda como nasceu o personagem comercial mais famoso.\" \/>\n<meta name=\"robots\" content=\"index, follow, max-snippet:-1, max-image-preview:large, max-video-preview:-1\" \/>\n<link rel=\"canonical\" href=\"https:\/\/www.adf.org.br\/home\/sao-nicolau-ou-papai-noel\/\" \/>\n<meta property=\"og:locale\" content=\"pt_BR\" \/>\n<meta property=\"og:type\" content=\"article\" \/>\n<meta property=\"og:title\" content=\"S\u00e3o Nicolau ou Papai Noel? 6 diferen\u00e7as entre o santo e a fic\u00e7\u00e3o\" \/>\n<meta property=\"og:description\" content=\"S\u00e3o Nicolau ou Papai Noel? 6 diferen\u00e7as entre o santo e o personagem de fic\u00e7\u00e3o, entenda como nasceu o personagem comercial mais famoso.\" \/>\n<meta property=\"og:url\" content=\"https:\/\/www.adf.org.br\/home\/sao-nicolau-ou-papai-noel\/\" \/>\n<meta property=\"og:site_name\" content=\"Associa\u00e7\u00e3o Devotos de F\u00e1tima\" \/>\n<meta property=\"article:published_time\" content=\"2019-01-03T02:00:38+00:00\" \/>\n<meta name=\"twitter:card\" content=\"summary_large_image\" \/>\n<meta name=\"twitter:label1\" content=\"Escrito por\" \/>\n\t<meta name=\"twitter:data1\" content=\"Gabriel Barbosa\" \/>\n\t<meta name=\"twitter:label2\" content=\"Est. tempo de leitura\" \/>\n\t<meta name=\"twitter:data2\" content=\"3 minutos\" \/>\n<script type=\"application\/ld+json\" class=\"yoast-schema-graph\">{\"@context\":\"https:\/\/schema.org\",\"@graph\":[{\"@type\":\"WebSite\",\"@id\":\"https:\/\/www.adf.org.br\/home\/#website\",\"url\":\"https:\/\/www.adf.org.br\/home\/\",\"name\":\"Associa\\u00e7\\u00e3o Devotos de F\\u00e1tima\",\"description\":\"Associa\\u00e7\\u00e3o Devotos de F\\u00e1tima\",\"potentialAction\":[{\"@type\":\"SearchAction\",\"target\":{\"@type\":\"EntryPoint\",\"urlTemplate\":\"https:\/\/www.adf.org.br\/home\/?s={search_term_string}\"},\"query-input\":\"required name=search_term_string\"}],\"inLanguage\":\"pt-BR\"},{\"@type\":\"ImageObject\",\"@id\":\"https:\/\/www.adf.org.br\/home\/sao-nicolau-ou-papai-noel\/#primaryimage\",\"inLanguage\":\"pt-BR\",\"url\":\"\",\"contentUrl\":\"\"},{\"@type\":\"WebPage\",\"@id\":\"https:\/\/www.adf.org.br\/home\/sao-nicolau-ou-papai-noel\/#webpage\",\"url\":\"https:\/\/www.adf.org.br\/home\/sao-nicolau-ou-papai-noel\/\",\"name\":\"S\\u00e3o Nicolau ou Papai Noel? 6 diferen\\u00e7as entre o santo e a fic\\u00e7\\u00e3o\",\"isPartOf\":{\"@id\":\"https:\/\/www.adf.org.br\/home\/#website\"},\"primaryImageOfPage\":{\"@id\":\"https:\/\/www.adf.org.br\/home\/sao-nicolau-ou-papai-noel\/#primaryimage\"},\"datePublished\":\"2019-01-03T02:00:38+00:00\",\"dateModified\":\"2019-01-03T02:00:38+00:00\",\"author\":{\"@id\":\"https:\/\/www.adf.org.br\/home\/#\/schema\/person\/f35a5c5aa7728a3dedf4ea9aa1fc2753\"},\"description\":\"S\\u00e3o Nicolau ou Papai Noel? 6 diferen\\u00e7as entre o santo e o personagem de fic\\u00e7\\u00e3o, entenda como nasceu o personagem comercial mais famoso.\",\"breadcrumb\":{\"@id\":\"https:\/\/www.adf.org.br\/home\/sao-nicolau-ou-papai-noel\/#breadcrumb\"},\"inLanguage\":\"pt-BR\",\"potentialAction\":[{\"@type\":\"ReadAction\",\"target\":[\"https:\/\/www.adf.org.br\/home\/sao-nicolau-ou-papai-noel\/\"]}]},{\"@type\":\"BreadcrumbList\",\"@id\":\"https:\/\/www.adf.org.br\/home\/sao-nicolau-ou-papai-noel\/#breadcrumb\",\"itemListElement\":[{\"@type\":\"ListItem\",\"position\":1,\"name\":\"Home\",\"item\":\"https:\/\/www.adf.org.br\/home\/\"},{\"@type\":\"ListItem\",\"position\":2,\"name\":\"6 Pontos incr\\u00edveis que diferenciam S\\u00e3o Nicolau de uma figura comercial, o Papai Noel. Entenda.\"}]},{\"@type\":\"Person\",\"@id\":\"https:\/\/www.adf.org.br\/home\/#\/schema\/person\/f35a5c5aa7728a3dedf4ea9aa1fc2753\",\"name\":\"Gabriel Barbosa\",\"image\":{\"@type\":\"ImageObject\",\"@id\":\"https:\/\/www.adf.org.br\/home\/#personlogo\",\"inLanguage\":\"pt-BR\",\"url\":\"https:\/\/secure.gravatar.com\/avatar\/2b2cb2f4637682c5605e8d36818f51ef?s=96&d=mm&r=g\",\"contentUrl\":\"https:\/\/secure.gravatar.com\/avatar\/2b2cb2f4637682c5605e8d36818f51ef?s=96&d=mm&r=g\",\"caption\":\"Gabriel Barbosa\"},\"url\":\"https:\/\/www.adf.org.br\/home\/author\/gabrielpmk-com-br\/\"}]}<\/script>\n<!-- \/ Yoast SEO plugin. -->","yoast_head_json":{"title":"S\u00e3o Nicolau ou Papai Noel? 6 diferen\u00e7as entre o santo e a fic\u00e7\u00e3o","description":"S\u00e3o Nicolau ou Papai Noel? 6 diferen\u00e7as entre o santo e o personagem de fic\u00e7\u00e3o, entenda como nasceu o personagem comercial mais famoso.","robots":{"index":"index","follow":"follow","max-snippet":"max-snippet:-1","max-image-preview":"max-image-preview:large","max-video-preview":"max-video-preview:-1"},"canonical":"https:\/\/www.adf.org.br\/home\/sao-nicolau-ou-papai-noel\/","og_locale":"pt_BR","og_type":"article","og_title":"S\u00e3o Nicolau ou Papai Noel? 6 diferen\u00e7as entre o santo e a fic\u00e7\u00e3o","og_description":"S\u00e3o Nicolau ou Papai Noel? 6 diferen\u00e7as entre o santo e o personagem de fic\u00e7\u00e3o, entenda como nasceu o personagem comercial mais famoso.","og_url":"https:\/\/www.adf.org.br\/home\/sao-nicolau-ou-papai-noel\/","og_site_name":"Associa\u00e7\u00e3o Devotos de F\u00e1tima","article_published_time":"2019-01-03T02:00:38+00:00","twitter_card":"summary_large_image","twitter_misc":{"Escrito por":"Gabriel Barbosa","Est. tempo de leitura":"3 minutos"},"schema":{"@context":"https:\/\/schema.org","@graph":[{"@type":"WebSite","@id":"https:\/\/www.adf.org.br\/home\/#website","url":"https:\/\/www.adf.org.br\/home\/","name":"Associa\u00e7\u00e3o Devotos de F\u00e1tima","description":"Associa\u00e7\u00e3o Devotos de F\u00e1tima","potentialAction":[{"@type":"SearchAction","target":{"@type":"EntryPoint","urlTemplate":"https:\/\/www.adf.org.br\/home\/?s={search_term_string}"},"query-input":"required name=search_term_string"}],"inLanguage":"pt-BR"},{"@type":"ImageObject","@id":"https:\/\/www.adf.org.br\/home\/sao-nicolau-ou-papai-noel\/#primaryimage","inLanguage":"pt-BR","url":"","contentUrl":""},{"@type":"WebPage","@id":"https:\/\/www.adf.org.br\/home\/sao-nicolau-ou-papai-noel\/#webpage","url":"https:\/\/www.adf.org.br\/home\/sao-nicolau-ou-papai-noel\/","name":"S\u00e3o Nicolau ou Papai Noel? 6 diferen\u00e7as entre o santo e a fic\u00e7\u00e3o","isPartOf":{"@id":"https:\/\/www.adf.org.br\/home\/#website"},"primaryImageOfPage":{"@id":"https:\/\/www.adf.org.br\/home\/sao-nicolau-ou-papai-noel\/#primaryimage"},"datePublished":"2019-01-03T02:00:38+00:00","dateModified":"2019-01-03T02:00:38+00:00","author":{"@id":"https:\/\/www.adf.org.br\/home\/#\/schema\/person\/f35a5c5aa7728a3dedf4ea9aa1fc2753"},"description":"S\u00e3o Nicolau ou Papai Noel? 6 diferen\u00e7as entre o santo e o personagem de fic\u00e7\u00e3o, entenda como nasceu o personagem comercial mais famoso.","breadcrumb":{"@id":"https:\/\/www.adf.org.br\/home\/sao-nicolau-ou-papai-noel\/#breadcrumb"},"inLanguage":"pt-BR","potentialAction":[{"@type":"ReadAction","target":["https:\/\/www.adf.org.br\/home\/sao-nicolau-ou-papai-noel\/"]}]},{"@type":"BreadcrumbList","@id":"https:\/\/www.adf.org.br\/home\/sao-nicolau-ou-papai-noel\/#breadcrumb","itemListElement":[{"@type":"ListItem","position":1,"name":"Home","item":"https:\/\/www.adf.org.br\/home\/"},{"@type":"ListItem","position":2,"name":"6 Pontos incr\u00edveis que diferenciam S\u00e3o Nicolau de uma figura comercial, o Papai Noel. Entenda."}]},{"@type":"Person","@id":"https:\/\/www.adf.org.br\/home\/#\/schema\/person\/f35a5c5aa7728a3dedf4ea9aa1fc2753","name":"Gabriel Barbosa","image":{"@type":"ImageObject","@id":"https:\/\/www.adf.org.br\/home\/#personlogo","inLanguage":"pt-BR","url":"https:\/\/secure.gravatar.com\/avatar\/2b2cb2f4637682c5605e8d36818f51ef?s=96&d=mm&r=g","contentUrl":"https:\/\/secure.gravatar.com\/avatar\/2b2cb2f4637682c5605e8d36818f51ef?s=96&d=mm&r=g","caption":"Gabriel Barbosa"},"url":"https:\/\/www.adf.org.br\/home\/author\/gabrielpmk-com-br\/"}]}},"_links":{"self":[{"href":"https:\/\/www.adf.org.br\/home\/wp-json\/wp\/v2\/posts\/42634"}],"collection":[{"href":"https:\/\/www.adf.org.br\/home\/wp-json\/wp\/v2\/posts"}],"about":[{"href":"https:\/\/www.adf.org.br\/home\/wp-json\/wp\/v2\/types\/post"}],"author":[{"embeddable":true,"href":"https:\/\/www.adf.org.br\/home\/wp-json\/wp\/v2\/users\/31"}],"replies":[{"embeddable":true,"href":"https:\/\/www.adf.org.br\/home\/wp-json\/wp\/v2\/comments?post=42634"}],"version-history":[{"count":0,"href":"https:\/\/www.adf.org.br\/home\/wp-json\/wp\/v2\/posts\/42634\/revisions"}],"wp:featuredmedia":[{"embeddable":true,"href":"https:\/\/www.adf.org.br\/home\/wp-json\/wp\/v2\/media\/42641"}],"wp:attachment":[{"href":"https:\/\/www.adf.org.br\/home\/wp-json\/wp\/v2\/media?parent=42634"}],"wp:term":[{"taxonomy":"category","embeddable":true,"href":"https:\/\/www.adf.org.br\/home\/wp-json\/wp\/v2\/categories?post=42634"},{"taxonomy":"post_tag","embeddable":true,"href":"https:\/\/www.adf.org.br\/home\/wp-json\/wp\/v2\/tags?post=42634"}],"curies":[{"name":"wp","href":"https:\/\/api.w.org\/{rel}","templated":true}]}}