{"id":42604,"date":"2016-12-30T00:00:55","date_gmt":"2016-12-30T02:00:55","guid":{"rendered":"http:\/\/www.adf.org.br\/home\/?p=42604"},"modified":"2016-12-30T00:00:55","modified_gmt":"2016-12-30T02:00:55","slug":"padre-usa-seu-carro-pra-fazer-algo","status":"publish","type":"post","link":"https:\/\/www.adf.org.br\/home\/padre-usa-seu-carro-pra-fazer-algo\/","title":{"rendered":"Padre usa seu carro pra fazer algo que surpreendeu a popula\u00e7\u00e3o. Confira."},"content":{"rendered":"<figure id=\"attachment_42607\" aria-describedby=\"caption-attachment-42607\" style=\"width: 500px\" class=\"wp-caption aligncenter\"><img loading=\"lazy\" class=\"wp-image-42607 size-full\" src=\"http:\/\/www.adf.org.br\/home\/wp-content\/uploads\/2016\/12\/Padre-caminhando-de-batina.jpg\" alt=\"sacerdote\" width=\"500\" height=\"375\" \/><figcaption id=\"caption-attachment-42607\" class=\"wp-caption-text\"><span style=\"color: #000000;\">Pe. Krzysztof Kauf<\/span><\/figcaption><\/figure>\n<h5 style=\"padding-left: 90px;\"><span style=\"font-family: verdana, geneva, sans-serif; font-size: 12pt; color: #800080;\"><span style=\"font-weight: 400;\"><br \/>\n<strong><br \/>\nO<\/strong><\/span><strong> Padre Krzysztof Kauf \u00e9 um sacerdote que transformou seu autom\u00f3vel em um \u201cve\u00edculo de urg\u00eancia espiritual\u201d.<\/strong><\/span><\/h5>\n<p><span style=\"font-weight: 400; font-family: verdana, geneva, sans-serif; font-size: 12pt;\"><br \/>\n<span style=\"font-size: 14pt;\"><strong>O<\/strong><\/span> padre disse que sai com o seu carro para atender as \u201curg\u00eancias espirituais\u201d porque \u201cas pessoas necessitam;<\/span><\/p>\n<p><span style=\"font-weight: 400; font-family: verdana, geneva, sans-serif; font-size: 12pt;\">Porque as palavras n\u00e3o podem expressar tudo t\u00e3o bem quanto a presen\u00e7a de um sacerdote, especialmente nas situa\u00e7\u00f5es dif\u00edceis;<\/span><\/p>\n<p><span style=\"font-weight: 400; font-family: verdana, geneva, sans-serif; font-size: 12pt;\">Quando voc\u00ea est\u00e1 com eles e precisam do seu apoio\u201d.<\/span><\/p>\n<p style=\"padding-left: 90px;\"><strong><span style=\"font-family: verdana, geneva, sans-serif; font-size: 12pt; color: #000080;\"><br \/>\nCom seu pequeno carro ele percorre as ruas do povoado de Boleslawow, sul da Pol\u00f4nia. <\/span><\/strong><\/p>\n<p><span style=\"font-weight: 400; font-family: verdana, geneva, sans-serif; font-size: 12pt;\"><br \/>\nO padre j\u00e1 atendeu milhares de fi\u00e9is tanto de seu povoado como de regi\u00f5es vizinhas que vieram ao seu encontro;<\/span><\/p>\n<p><span style=\"font-weight: 400; font-family: verdana, geneva, sans-serif; font-size: 12pt;\">E turistas que ficam sabendo de seu trabalho e v\u00e3o na cidade para conhec\u00ea-lo.<\/span><\/p>\n<p><span style=\"font-family: verdana, geneva, sans-serif; font-size: 12pt; color: #ffffff;\">.<\/span><\/p>\n<p><span style=\"font-family: verdana, geneva, sans-serif; font-size: 12pt; color: #ffffff;\">.<\/span><\/p>\n<p><em><span style=\"font-family: verdana, geneva, sans-serif; font-size: 10pt;\">Fonte: acidigital.com<\/span><\/em><\/p>\n<p><span style=\"font-family: verdana, geneva, sans-serif; font-size: 12pt; color: #ffffff;\">.<\/span><\/p>\n<p style=\"text-align: center;\"><strong><span style=\"font-family: verdana, geneva, sans-serif; font-size: 12pt;\">* * *<\/span><\/strong><\/p>\n<p><span style=\"color: #ffffff;\">.<\/span><\/p>\n<p style=\"text-align: center;\"><span style=\"font-family: verdana, geneva, sans-serif; font-size: 12pt; color: #000000;\">Receba Gra\u00e7as e Ben\u00e7\u00e3o de Nossa Senhora agora mesmo<\/span><\/p>\n<h5 style=\"text-align: center;\"><span style=\"font-family: verdana, geneva, sans-serif; font-size: 12pt; color: #000000;\">Veja como receber sua Medalha Milagrosa pelos correios agora mesmo.<\/span><\/h5>\n<p style=\"text-align: center;\"><span style=\"font-family: verdana, geneva, sans-serif; font-size: 12pt; color: #000000;\"><strong><span style=\"color: #0000ff;\"><a style=\"color: #0000ff;\" href=\"http:\/\/oratoriodamedalhamilagrosa.org.br\/home\/acenda-sua-vela-30\/?origem=1025\" target=\"_blank\" rel=\"noopener noreferrer\">Clique aqui<\/a><\/span><\/strong> e confira.<\/span><\/p>\n<p style=\"text-align: center;\"><span style=\"font-size: 8pt; color: #ffffff;\">.<\/span><br \/>\n<span style=\"font-size: 8pt; color: #ffffff;\">.<\/span><\/p>\n<figure id=\"attachment_35437\" aria-describedby=\"caption-attachment-35437\" style=\"width: 400px\" class=\"wp-caption aligncenter\"><a href=\"http:\/\/oratoriodamedalhamilagrosa.org.br\/home\/acenda-sua-vela-30\/?origem=1025\" target=\"_blank\" rel=\"noopener noreferrer\"><img loading=\"lazy\" class=\"wp-image-35437 size-full\" title=\"Clique aqui e receba a Medalha Milagrosa\" src=\"http:\/\/www.adf.org.br\/home\/wp-content\/uploads\/2015\/11\/banner_medalha_milagrosa13.gif\" alt=\"Clique aqui para receber sua Medalha Milagrosa pelos correios.\" width=\"400\" height=\"146\" \/><\/a><figcaption id=\"caption-attachment-35437\" class=\"wp-caption-text\">Clique aqui para receber sua Medalha Milagrosa pelos correios.<\/figcaption><\/figure>\n<p><span style=\"color: #0000ff;\"><strong style=\"color: #0000ff;\"><span style=\"color: #ffffff;\">.<\/span><\/strong><\/span><\/p>\n","protected":false},"excerpt":{"rendered":"<p>O Pe. Krzysztof Kauf \u00e9 um sacerdote que transformou seu autom\u00f3vel em um \u201cve\u00edculo de urg\u00eancia espiritual\u201d.<\/p>\n","protected":false},"author":31,"featured_media":42610,"comment_status":"open","ping_status":"open","sticky":false,"template":"","format":"standard","meta":[],"categories":[20],"tags":[2219,1444],"yoast_head":"<!-- This site is optimized with the Yoast SEO plugin v17.4 - https:\/\/yoast.com\/wordpress\/plugins\/seo\/ -->\n<title>Padre usa seu carro pra fazer algo que surpreendeu a popula\u00e7\u00e3o.<\/title>\n<meta name=\"description\" content=\"Padre usa seu carro pra fazer algo que surpreendeu a popula\u00e7\u00e3o. Confira como esse padre mudou seu vilarejo e at\u00e9 mesmo os arredores.\" \/>\n<meta name=\"robots\" content=\"index, follow, max-snippet:-1, max-image-preview:large, max-video-preview:-1\" \/>\n<link rel=\"canonical\" href=\"https:\/\/www.adf.org.br\/home\/padre-usa-seu-carro-pra-fazer-algo\/\" \/>\n<meta property=\"og:locale\" content=\"pt_BR\" \/>\n<meta property=\"og:type\" content=\"article\" \/>\n<meta property=\"og:title\" content=\"Padre usa seu carro pra fazer algo que surpreendeu a popula\u00e7\u00e3o.\" \/>\n<meta property=\"og:description\" content=\"Padre usa seu carro pra fazer algo que surpreendeu a popula\u00e7\u00e3o. Confira como esse padre mudou seu vilarejo e at\u00e9 mesmo os arredores.\" \/>\n<meta property=\"og:url\" content=\"https:\/\/www.adf.org.br\/home\/padre-usa-seu-carro-pra-fazer-algo\/\" \/>\n<meta property=\"og:site_name\" content=\"Associa\u00e7\u00e3o Devotos de F\u00e1tima\" \/>\n<meta property=\"article:published_time\" content=\"2016-12-30T02:00:55+00:00\" \/>\n<meta name=\"twitter:card\" content=\"summary_large_image\" \/>\n<meta name=\"twitter:label1\" content=\"Escrito por\" \/>\n\t<meta name=\"twitter:data1\" content=\"Gabriel Barbosa\" \/>\n\t<meta name=\"twitter:label2\" content=\"Est. tempo de leitura\" \/>\n\t<meta name=\"twitter:data2\" content=\"1 minuto\" \/>\n<script type=\"application\/ld+json\" class=\"yoast-schema-graph\">{\"@context\":\"https:\/\/schema.org\",\"@graph\":[{\"@type\":\"WebSite\",\"@id\":\"https:\/\/www.adf.org.br\/home\/#website\",\"url\":\"https:\/\/www.adf.org.br\/home\/\",\"name\":\"Associa\\u00e7\\u00e3o Devotos de F\\u00e1tima\",\"description\":\"Associa\\u00e7\\u00e3o Devotos de F\\u00e1tima\",\"potentialAction\":[{\"@type\":\"SearchAction\",\"target\":{\"@type\":\"EntryPoint\",\"urlTemplate\":\"https:\/\/www.adf.org.br\/home\/?s={search_term_string}\"},\"query-input\":\"required name=search_term_string\"}],\"inLanguage\":\"pt-BR\"},{\"@type\":\"ImageObject\",\"@id\":\"https:\/\/www.adf.org.br\/home\/padre-usa-seu-carro-pra-fazer-algo\/#primaryimage\",\"inLanguage\":\"pt-BR\",\"url\":\"\",\"contentUrl\":\"\"},{\"@type\":\"WebPage\",\"@id\":\"https:\/\/www.adf.org.br\/home\/padre-usa-seu-carro-pra-fazer-algo\/#webpage\",\"url\":\"https:\/\/www.adf.org.br\/home\/padre-usa-seu-carro-pra-fazer-algo\/\",\"name\":\"Padre usa seu carro pra fazer algo que surpreendeu a popula\\u00e7\\u00e3o.\",\"isPartOf\":{\"@id\":\"https:\/\/www.adf.org.br\/home\/#website\"},\"primaryImageOfPage\":{\"@id\":\"https:\/\/www.adf.org.br\/home\/padre-usa-seu-carro-pra-fazer-algo\/#primaryimage\"},\"datePublished\":\"2016-12-30T02:00:55+00:00\",\"dateModified\":\"2016-12-30T02:00:55+00:00\",\"author\":{\"@id\":\"https:\/\/www.adf.org.br\/home\/#\/schema\/person\/f35a5c5aa7728a3dedf4ea9aa1fc2753\"},\"description\":\"Padre usa seu carro pra fazer algo que surpreendeu a popula\\u00e7\\u00e3o. Confira como esse padre mudou seu vilarejo e at\\u00e9 mesmo os arredores.\",\"breadcrumb\":{\"@id\":\"https:\/\/www.adf.org.br\/home\/padre-usa-seu-carro-pra-fazer-algo\/#breadcrumb\"},\"inLanguage\":\"pt-BR\",\"potentialAction\":[{\"@type\":\"ReadAction\",\"target\":[\"https:\/\/www.adf.org.br\/home\/padre-usa-seu-carro-pra-fazer-algo\/\"]}]},{\"@type\":\"BreadcrumbList\",\"@id\":\"https:\/\/www.adf.org.br\/home\/padre-usa-seu-carro-pra-fazer-algo\/#breadcrumb\",\"itemListElement\":[{\"@type\":\"ListItem\",\"position\":1,\"name\":\"Home\",\"item\":\"https:\/\/www.adf.org.br\/home\/\"},{\"@type\":\"ListItem\",\"position\":2,\"name\":\"Padre usa seu carro pra fazer algo que surpreendeu a popula\\u00e7\\u00e3o. Confira.\"}]},{\"@type\":\"Person\",\"@id\":\"https:\/\/www.adf.org.br\/home\/#\/schema\/person\/f35a5c5aa7728a3dedf4ea9aa1fc2753\",\"name\":\"Gabriel Barbosa\",\"image\":{\"@type\":\"ImageObject\",\"@id\":\"https:\/\/www.adf.org.br\/home\/#personlogo\",\"inLanguage\":\"pt-BR\",\"url\":\"https:\/\/secure.gravatar.com\/avatar\/2b2cb2f4637682c5605e8d36818f51ef?s=96&d=mm&r=g\",\"contentUrl\":\"https:\/\/secure.gravatar.com\/avatar\/2b2cb2f4637682c5605e8d36818f51ef?s=96&d=mm&r=g\",\"caption\":\"Gabriel Barbosa\"},\"url\":\"https:\/\/www.adf.org.br\/home\/author\/gabrielpmk-com-br\/\"}]}<\/script>\n<!-- \/ Yoast SEO plugin. -->","yoast_head_json":{"title":"Padre usa seu carro pra fazer algo que surpreendeu a popula\u00e7\u00e3o.","description":"Padre usa seu carro pra fazer algo que surpreendeu a popula\u00e7\u00e3o. Confira como esse padre mudou seu vilarejo e at\u00e9 mesmo os arredores.","robots":{"index":"index","follow":"follow","max-snippet":"max-snippet:-1","max-image-preview":"max-image-preview:large","max-video-preview":"max-video-preview:-1"},"canonical":"https:\/\/www.adf.org.br\/home\/padre-usa-seu-carro-pra-fazer-algo\/","og_locale":"pt_BR","og_type":"article","og_title":"Padre usa seu carro pra fazer algo que surpreendeu a popula\u00e7\u00e3o.","og_description":"Padre usa seu carro pra fazer algo que surpreendeu a popula\u00e7\u00e3o. Confira como esse padre mudou seu vilarejo e at\u00e9 mesmo os arredores.","og_url":"https:\/\/www.adf.org.br\/home\/padre-usa-seu-carro-pra-fazer-algo\/","og_site_name":"Associa\u00e7\u00e3o Devotos de F\u00e1tima","article_published_time":"2016-12-30T02:00:55+00:00","twitter_card":"summary_large_image","twitter_misc":{"Escrito por":"Gabriel Barbosa","Est. tempo de leitura":"1 minuto"},"schema":{"@context":"https:\/\/schema.org","@graph":[{"@type":"WebSite","@id":"https:\/\/www.adf.org.br\/home\/#website","url":"https:\/\/www.adf.org.br\/home\/","name":"Associa\u00e7\u00e3o Devotos de F\u00e1tima","description":"Associa\u00e7\u00e3o Devotos de F\u00e1tima","potentialAction":[{"@type":"SearchAction","target":{"@type":"EntryPoint","urlTemplate":"https:\/\/www.adf.org.br\/home\/?s={search_term_string}"},"query-input":"required name=search_term_string"}],"inLanguage":"pt-BR"},{"@type":"ImageObject","@id":"https:\/\/www.adf.org.br\/home\/padre-usa-seu-carro-pra-fazer-algo\/#primaryimage","inLanguage":"pt-BR","url":"","contentUrl":""},{"@type":"WebPage","@id":"https:\/\/www.adf.org.br\/home\/padre-usa-seu-carro-pra-fazer-algo\/#webpage","url":"https:\/\/www.adf.org.br\/home\/padre-usa-seu-carro-pra-fazer-algo\/","name":"Padre usa seu carro pra fazer algo que surpreendeu a popula\u00e7\u00e3o.","isPartOf":{"@id":"https:\/\/www.adf.org.br\/home\/#website"},"primaryImageOfPage":{"@id":"https:\/\/www.adf.org.br\/home\/padre-usa-seu-carro-pra-fazer-algo\/#primaryimage"},"datePublished":"2016-12-30T02:00:55+00:00","dateModified":"2016-12-30T02:00:55+00:00","author":{"@id":"https:\/\/www.adf.org.br\/home\/#\/schema\/person\/f35a5c5aa7728a3dedf4ea9aa1fc2753"},"description":"Padre usa seu carro pra fazer algo que surpreendeu a popula\u00e7\u00e3o. Confira como esse padre mudou seu vilarejo e at\u00e9 mesmo os arredores.","breadcrumb":{"@id":"https:\/\/www.adf.org.br\/home\/padre-usa-seu-carro-pra-fazer-algo\/#breadcrumb"},"inLanguage":"pt-BR","potentialAction":[{"@type":"ReadAction","target":["https:\/\/www.adf.org.br\/home\/padre-usa-seu-carro-pra-fazer-algo\/"]}]},{"@type":"BreadcrumbList","@id":"https:\/\/www.adf.org.br\/home\/padre-usa-seu-carro-pra-fazer-algo\/#breadcrumb","itemListElement":[{"@type":"ListItem","position":1,"name":"Home","item":"https:\/\/www.adf.org.br\/home\/"},{"@type":"ListItem","position":2,"name":"Padre usa seu carro pra fazer algo que surpreendeu a popula\u00e7\u00e3o. Confira."}]},{"@type":"Person","@id":"https:\/\/www.adf.org.br\/home\/#\/schema\/person\/f35a5c5aa7728a3dedf4ea9aa1fc2753","name":"Gabriel Barbosa","image":{"@type":"ImageObject","@id":"https:\/\/www.adf.org.br\/home\/#personlogo","inLanguage":"pt-BR","url":"https:\/\/secure.gravatar.com\/avatar\/2b2cb2f4637682c5605e8d36818f51ef?s=96&d=mm&r=g","contentUrl":"https:\/\/secure.gravatar.com\/avatar\/2b2cb2f4637682c5605e8d36818f51ef?s=96&d=mm&r=g","caption":"Gabriel Barbosa"},"url":"https:\/\/www.adf.org.br\/home\/author\/gabrielpmk-com-br\/"}]}},"_links":{"self":[{"href":"https:\/\/www.adf.org.br\/home\/wp-json\/wp\/v2\/posts\/42604"}],"collection":[{"href":"https:\/\/www.adf.org.br\/home\/wp-json\/wp\/v2\/posts"}],"about":[{"href":"https:\/\/www.adf.org.br\/home\/wp-json\/wp\/v2\/types\/post"}],"author":[{"embeddable":true,"href":"https:\/\/www.adf.org.br\/home\/wp-json\/wp\/v2\/users\/31"}],"replies":[{"embeddable":true,"href":"https:\/\/www.adf.org.br\/home\/wp-json\/wp\/v2\/comments?post=42604"}],"version-history":[{"count":0,"href":"https:\/\/www.adf.org.br\/home\/wp-json\/wp\/v2\/posts\/42604\/revisions"}],"wp:featuredmedia":[{"embeddable":true,"href":"https:\/\/www.adf.org.br\/home\/wp-json\/wp\/v2\/media\/42610"}],"wp:attachment":[{"href":"https:\/\/www.adf.org.br\/home\/wp-json\/wp\/v2\/media?parent=42604"}],"wp:term":[{"taxonomy":"category","embeddable":true,"href":"https:\/\/www.adf.org.br\/home\/wp-json\/wp\/v2\/categories?post=42604"},{"taxonomy":"post_tag","embeddable":true,"href":"https:\/\/www.adf.org.br\/home\/wp-json\/wp\/v2\/tags?post=42604"}],"curies":[{"name":"wp","href":"https:\/\/api.w.org\/{rel}","templated":true}]}}