{"id":42457,"date":"2016-11-28T00:00:10","date_gmt":"2016-11-28T02:00:10","guid":{"rendered":"http:\/\/www.adf.org.br\/home\/?p=42457"},"modified":"2016-11-28T00:00:10","modified_gmt":"2016-11-28T02:00:10","slug":"ideologia-de-genero-4","status":"publish","type":"post","link":"https:\/\/www.adf.org.br\/home\/ideologia-de-genero-4\/","title":{"rendered":"Cardeal Robert Sarah faz uma declara\u00e7\u00e3o reveladora sobre a Ideologia de g\u00eanero. Confira o que ele disse."},"content":{"rendered":"<figure id=\"attachment_42462\" aria-describedby=\"caption-attachment-42462\" style=\"width: 560px\" class=\"wp-caption aligncenter\"><img loading=\"lazy\" class=\"wp-image-42462\" src=\"http:\/\/www.adf.org.br\/home\/wp-content\/uploads\/2016\/11\/Cardeal-Robert-Sarah-afirmou-que-a-ideologia-de-g\u00eanero-\u00e9-\u201cdemon\u00edaca\u201d-e-um-\u201cimpulso-mortal\u201d-que-ataca-as-fam\u00edlias..jpg\" alt=\"Cardeal Robert Sarah, afirmou que a ideologia de g\u00eanero \u00e9 \u201cdemon\u00edaca\u201d e um \u201cimpulso mortal\u201d que ataca as fam\u00edlias.\" width=\"560\" height=\"311\" \/><figcaption id=\"caption-attachment-42462\" class=\"wp-caption-text\">Cardeal Robert Sarah, afirmou que a ideologia de g\u00eanero \u00e9 \u201cdemon\u00edaca\u201d e um \u201cimpulso mortal\u201d que ataca as fam\u00edlias.<\/figcaption><\/figure>\n<p style=\"padding-left: 90px;\"><span style=\"color: #800080;\"><strong><span style=\"font-family: verdana, geneva, sans-serif; font-size: 12pt;\"><br \/>\n<span style=\"color: #ffffff;\">.<\/span><br \/>\nO Prefeito da Congrega\u00e7\u00e3o para o Culto Divino e a Disciplina dos Sacramentos no Vaticano, Cardeal Robert Sarah;<\/span><\/strong><\/span><\/p>\n<p><span style=\"font-family: verdana, geneva, sans-serif; font-size: 12pt; color: #000000;\"><span style=\"font-size: 14pt;\"><strong><br \/>\nA<\/strong><\/span>firmou que a ideologia de g\u00eanero \u00e9 \u201cdemon\u00edaca\u201d e um \u201cimpulso mortal\u201d que ataca as fam\u00edlias.<\/span><\/p>\n<p><span style=\"font-family: verdana, geneva, sans-serif; font-size: 12pt; color: #000000;\">Assim o indicou o Cardeal africano em sua interven\u00e7\u00e3o no tradicional \u2018National Catholic Prayer Breakfast\u2019, em Washington (Estados Unidos);<\/span><\/p>\n<p><strong><span style=\"font-family: verdana, geneva, sans-serif; font-size: 12pt; color: #000000;\">No qual se reuniram diversos l\u00edderes do pa\u00eds para tratar diversos temas de grande import\u00e2ncia.<\/span><\/strong><\/p>\n<p><span style=\"font-family: verdana, geneva, sans-serif; font-size: 12pt; color: #000000;\">Em sua exposi\u00e7\u00e3o, o Cardeal disse que em nenhum lugar a persegui\u00e7\u00e3o religiosa \u00e9;<\/span><\/p>\n<p style=\"padding-left: 90px;\"><span style=\"font-family: verdana, geneva, sans-serif; font-size: 12pt; color: #800080;\"><strong><br \/>\n\u201cMais clara que na amea\u00e7a das sociedades contra as fam\u00edlias atrav\u00e9s da uma demon\u00edaca ideologia de g\u00eanero;<\/strong><\/span><\/p>\n<p style=\"padding-left: 90px;\"><span style=\"font-family: verdana, geneva, sans-serif; font-size: 12pt; color: #800080;\"><strong>Um impulso mortal que se experimenta em um mundo no qual extirpa cada vez mais Deus atrav\u00e9s da coloniza\u00e7\u00e3o ideol\u00f3gica\u201d denunciada em distintas ocasi\u00f5es pelo Papa Francisco.<\/strong><\/span><\/p>\n<p><span style=\"font-family: verdana, geneva, sans-serif; font-size: 12pt; color: #000000;\"><br \/>\nO Prefeito disse ainda que defender a fam\u00edlia \u00e9 uma tarefa fundamental na sociedade atual: \u201cN\u00e3o \u00e9 uma guerra ideol\u00f3gica. <\/span><\/p>\n<p><span style=\"font-family: verdana, geneva, sans-serif; font-size: 12pt; color: #000000;\">Trata-se na verdade de defender-nos a n\u00f3s mesmos, os nossos filhos e as gera\u00e7\u00f5es futuras ante uma ideologia demon\u00edaca (a ideologia de g\u00eanero);<\/span><\/p>\n<p><span style=\"font-family: verdana, geneva, sans-serif; font-size: 12pt; color: #000000;\">A qual afirma que as crian\u00e7as n\u00e3o necessitam m\u00e3es e pais. <\/span><\/p>\n<p><span style=\"font-family: verdana, geneva, sans-serif; font-size: 12pt; color: #000000;\">Ela nega a natureza humana e quer extirpar Deus de gera\u00e7\u00f5es inteiras\u201d.<\/span><\/p>\n<p style=\"padding-left: 90px;\"><span style=\"font-family: verdana, geneva, sans-serif; font-size: 12pt; color: #000000;\"><strong><br \/>\n<span style=\"color: #800080;\">\u201cA ruptura das rela\u00e7\u00f5es fundamentais na vida da pessoa \u2013 por meio da separa\u00e7\u00e3o, do div\u00f3rcio ou das imposi\u00e7\u00f5es distorcidas da fam\u00edlia como a conviv\u00eancia e as uni\u00f5es do mesmo sexo;<\/span><\/strong><\/span><\/p>\n<p style=\"padding-left: 90px;\"><span style=\"font-family: verdana, geneva, sans-serif; font-size: 12pt; color: #800080;\"><strong>\u00c9 uma ferida profunda que fecha o cora\u00e7\u00e3o ao amor que se entrega at\u00e9 a morte e que leva ao cinismo e \u00e0 desesperan\u00e7a\u201d.<\/strong><\/span><\/p>\n<p><span style=\"font-family: verdana, geneva, sans-serif; font-size: 12pt; color: #000000;\"><br \/>\nEstas situa\u00e7\u00f5es, continuou o Cardeal, \u201cprejudicam as crian\u00e7as pequenas ao deix\u00e1-las com uma d\u00favida existencial profunda sobre o amor. <\/span><\/p>\n<p><span style=\"font-family: verdana, geneva, sans-serif; font-size: 12pt; color: #000000;\">S\u00e3o um esc\u00e2ndalo e um obst\u00e1culo, que faz com que os mais vulner\u00e1veis n\u00e3o acreditem em tal amor, e um peso, que esmaga e que pode impedir que se abram ao poder de cura do Evangelho\u201d.<\/span><\/p>\n<p><span style=\"font-family: verdana, geneva, sans-serif; font-size: 12pt; color: #000000;\">Em meio a tudo isto, disse o Cardeal africano, a Igreja e o Papa Francisco tentam combater a globaliza\u00e7\u00e3o da indiferen\u00e7a.<\/span><\/p>\n<p style=\"padding-left: 90px;\"><strong><span style=\"font-family: verdana, geneva, sans-serif; font-size: 12pt; color: #800080;\"><br \/>\n\u201cPor esta raz\u00e3o o Santo Padre, aberta e vigorosamente, defende o ensinamento da Igreja sobre a anticoncep\u00e7\u00e3o;<\/span><\/strong><\/p>\n<p style=\"padding-left: 90px;\"><strong><span style=\"font-family: verdana, geneva, sans-serif; font-size: 12pt; color: #800080;\">O aborto, a homossexualidade, as tecnologias reprodutivas, a educa\u00e7\u00e3o das crian\u00e7as e muitos outros\u201d, indicou o Cardeal.<\/span><\/strong><\/p>\n<p><span style=\"font-family: verdana, geneva, sans-serif; font-size: 12pt; color: #000000;\"><br \/>\nAtualmente, continuou o Cardeal Sarah, \u201ca viol\u00eancia contra os crist\u00e3os n\u00e3o \u00e9 somente f\u00edsica\u201d como a que sofrem os fi\u00e9is do Oriente M\u00e9dio nas m\u00e3os do Estado Isl\u00e2mico;<\/span><\/p>\n<p><span style=\"color: #ffffff;\">.<\/span><\/p>\n<figure id=\"attachment_42458\" aria-describedby=\"caption-attachment-42458\" style=\"width: 300px\" class=\"wp-caption alignleft\"><img loading=\"lazy\" class=\"size-medium wp-image-42458\" src=\"http:\/\/www.adf.org.br\/home\/wp-content\/uploads\/2016\/11\/ideologia-de-g\u00eanero-2-300x170.jpg\" alt=\"Ideologia de g\u00eanero \u00e9 um grande male em nossos dias.\" width=\"300\" height=\"170\" \/><figcaption id=\"caption-attachment-42458\" class=\"wp-caption-text\">Ideologia de g\u00eanero \u00e9 um grande male em nossos dias.<\/figcaption><\/figure>\n<p><span style=\"font-family: verdana, geneva, sans-serif; font-size: 12pt; color: #000000;\">\u201cMas tamb\u00e9m pol\u00edtica, ideol\u00f3gica e cultural\u201d.<\/span><\/p>\n<p><strong><span style=\"font-family: verdana, geneva, sans-serif; font-size: 12pt; color: #000000;\">\u201cEsta forma de persegui\u00e7\u00e3o religiosa \u00e9 t\u00e3o ou mais prejudicial, mas \u00e9 mais escondida. N\u00e3o destr\u00f3i fisicamente, mas espiritualmente\u201d, precisou.<\/span><\/strong><\/p>\n<p><span style=\"font-family: verdana, geneva, sans-serif; font-size: 12pt; color: #000000;\">Por isso, o Cardeal disse que atualmente e \u201cem nome da \u2018toler\u00e2ncia\u2019 os ensinamentos da Igreja sobre o matrim\u00f4nio, a sexualidade e a pessoa humana est\u00e3o sendo desmanteladas\u201d e;<\/span><\/p>\n<p><span style=\"font-family: verdana, geneva, sans-serif; font-size: 12pt; color: #000000;\"><span style=\"color: #ffffff;\">.<\/span><br \/>\nCriticou a legaliza\u00e7\u00e3o das uni\u00f5es de mesmo sexo, o mandato abortista da administra\u00e7\u00e3o Obama e as leis que permitem o acesso aos banheiros de acordo com a chamada \u201cidentidade de g\u00eanero\u201d.<\/span><\/p>\n<p><span style=\"font-family: verdana, geneva, sans-serif; font-size: 12pt; color: #000000;\">Em seguida, o Cardeal se dirigiu aos participantes do \u2018National Catholic Prayer Breakfast\u2019 ressaltando que chegou aos Estados Unidos para \u201cencoraj\u00e1-los a ser prof\u00e9ticos, fi\u00e9is e sobretudo a fim de que rezem\u201d.<\/span><\/p>\n<p><span style=\"font-family: verdana, geneva, sans-serif; font-size: 12pt; color: #000000;\">\u201cEstas tr\u00eas sugest\u00f5es \u2013 prosseguiu \u2013 demonstram que a batalha pela alma da Am\u00e9rica e a alma do mundo \u00e9 basicamente espiritual. <\/span><\/p>\n<p><span style=\"font-family: verdana, geneva, sans-serif; font-size: 12pt; color: #000000;\">Mostram que a batalha briga primeiro com nossa pr\u00f3pria convers\u00e3o a Deus a cada dia\u201d.<\/span><\/p>\n<p><strong><span style=\"font-family: verdana, geneva, sans-serif; font-size: 12pt; color: #000000;\">\u00c9 importante para esta miss\u00e3o, continuou, um grande discernimento a respeito de como;<\/span><\/strong><\/p>\n<p style=\"padding-left: 90px;\"><span style=\"color: #800080;\"><strong><span style=\"font-family: verdana, geneva, sans-serif; font-size: 12pt;\"><br \/>\n\u201cEm suas vidas, em seus lares, em seus locais de trabalho, em sua na\u00e7\u00e3o, Deus est\u00e1 sendo reduzido, eclipsado e liquidado\u201d.<\/span><\/strong><\/span><\/p>\n<p><span style=\"font-family: verdana, geneva, sans-serif; font-size: 12pt; color: #000000;\"><br \/>\nRecordando o t\u00edtulo do seu livro, o Cardeal concluiu: \u201cao final, \u00e9 Deus ou nada\u201d.<\/span><\/p>\n<p><span style=\"font-family: verdana, geneva, sans-serif; font-size: 12pt; color: #000000;\">\u201cDieu ou rien\u201d (Deus ou nada) \u00e9 o nome do livro no qual aparece a extensa entrevista realizada pelo jornalista franc\u00eas Nicolas Diat ao Cardeal Sarah.<\/span><\/p>\n<p><span style=\"font-family: verdana, geneva, sans-serif; font-size: 12pt; color: #000000;\">Este homem de imprensa tamb\u00e9m escreveu um livro sobre Bento XVI.<\/span><\/p>\n<p><span style=\"font-family: verdana, geneva, sans-serif; font-size: 12pt; color: #000000;\">O Cardeal Sarah foi ordenado sacerdote em 1969 e foi consagrado bispo em 1979, tornando-se o bispo mais jovem do mundo.<\/span><\/p>\n<p><span style=\"font-family: verdana, geneva, sans-serif; font-size: 12pt; color: #000000;\">Em 2001, foi convocado a Roma pelo Papa Jo\u00e3o Paulo II para servir como Secret\u00e1rio da Evangeliza\u00e7\u00e3o dos Povos.<\/span><\/p>\n<p><span style=\"font-family: verdana, geneva, sans-serif; font-size: 12pt; color: #000000;\">Bento XVI o escolheu como presidente do Pontif\u00edcio Conselho Cor Unum em 2010 e em 2014 o Papa Francisco o nomeou Presidente do dicast\u00e9rio vaticano que \u00e9 respons\u00e1vel pela liturgia.<\/span><\/p>\n<p><span style=\"font-family: verdana, geneva, sans-serif; font-size: 12pt; color: #ffffff;\">.<\/span><br \/>\n<span style=\"font-family: verdana, geneva, sans-serif; font-size: 12pt; color: #ffffff;\">.<\/span><br \/>\n<span style=\"font-family: verdana, geneva, sans-serif; font-size: 10pt; color: #000000;\"><em>Fonte: acidigital.com<\/em><\/span><\/p>\n<p style=\"text-align: center;\"><span style=\"font-family: verdana, geneva, sans-serif; font-size: 12pt; color: #ffffff;\">.<\/span><br \/>\n<span style=\"font-family: verdana, geneva, sans-serif; font-size: 12pt; color: #000000;\"><strong>* \u00a0* \u00a0*<\/strong><\/span><\/p>\n<p><span style=\"color: #ffffff;\">.<\/span><\/p>\n<h5 style=\"text-align: center;\"><strong><span style=\"font-family: verdana, geneva, sans-serif; color: #000000; font-size: 12pt;\">Deixe seu lar totalmente cat\u00f3lico neste Natal.<\/span><\/strong><\/h5>\n<p><span style=\"color: #ffffff;\">.<\/span><\/p>\n<p><a href=\"https:\/\/www.kickante.com.br\/campanhas\/vamos-resgatar-o-verdadeiro-espirito-de-natal\/?origem=1025\" target=\"_blank\" rel=\"noopener noreferrer\"><img loading=\"lazy\" class=\"aligncenter wp-image-42453\" src=\"http:\/\/www.adf.org.br\/home\/wp-content\/uploads\/2016\/11\/meme_kickante_03-1-300x300.png\" alt=\"meme_kickante_03\" width=\"400\" height=\"400\" \/><\/a><\/p>\n<p style=\"text-align: center;\"><span style=\"font-family: verdana, geneva, sans-serif; color: #000000; font-size: 12pt;\"><span style=\"color: #ffffff;\">.<\/span><br \/>\nN\u00e3o fique fora dessa, deixe o Menino Jesus reinar em seu lar.<\/span><\/p>\n<p style=\"text-align: center;\"><span style=\"font-family: verdana, geneva, sans-serif; color: #000000; font-size: 12pt;\">Clique no link abaixo e veja como receber pelos correios esse lindo presente.<\/span><\/p>\n<p style=\"text-align: center;\"><span style=\"font-family: verdana, geneva, sans-serif; color: #ffffff; font-size: 12pt;\">.<\/span><br \/>\n<span style=\"font-family: verdana, geneva, sans-serif; color: #ffffff; font-size: 12pt;\">.<\/span><br \/>\n<a href=\"https:\/\/www.kickante.com.br\/campanhas\/vamos-resgatar-o-verdadeiro-espirito-de-natal\/?origem=1025\" target=\"_blank\" rel=\"noopener noreferrer\"><span style=\"font-size: 18pt; color: #0000ff;\"><strong><span style=\"font-family: verdana, geneva, sans-serif;\">www.kickante.com.br\/campanha<\/span><\/strong><\/span><\/a><\/p>\n<p style=\"text-align: center;\"><span style=\"font-family: verdana, geneva, sans-serif; color: #ffffff; font-size: 12pt;\">.<\/span><br \/>\n<span style=\"font-family: verdana, geneva, sans-serif; color: #ffffff; font-size: 12pt;\">.<\/span><\/p>\n","protected":false},"excerpt":{"rendered":"<p>O Prefeito da Congrega\u00e7\u00e3o para o Culto Divino e a Disciplina dos Sacramentos no Vaticano, Cardeal Robert Sarah;<\/p>\n","protected":false},"author":31,"featured_media":42469,"comment_status":"open","ping_status":"open","sticky":false,"template":"","format":"standard","meta":[],"categories":[20],"tags":[2134],"yoast_head":"<!-- This site is optimized with the Yoast SEO plugin v17.4 - https:\/\/yoast.com\/wordpress\/plugins\/seo\/ -->\n<title>Cardeal Sarah faz uma declara\u00e7\u00e3o sobre a Ideologia de g\u00eanero.<\/title>\n<meta name=\"description\" content=\"Cardeal Robert Sarah faz uma declara\u00e7\u00e3o reveladora sobre a Ideologia de g\u00eanero. Confira o que ele disse a respeito.\" \/>\n<meta name=\"robots\" content=\"index, follow, max-snippet:-1, max-image-preview:large, max-video-preview:-1\" \/>\n<link rel=\"canonical\" href=\"https:\/\/www.adf.org.br\/home\/ideologia-de-genero-4\/\" \/>\n<meta property=\"og:locale\" content=\"pt_BR\" \/>\n<meta property=\"og:type\" content=\"article\" \/>\n<meta property=\"og:title\" content=\"Cardeal Sarah faz uma declara\u00e7\u00e3o sobre a Ideologia de g\u00eanero.\" \/>\n<meta property=\"og:description\" content=\"Cardeal Robert Sarah faz uma declara\u00e7\u00e3o reveladora sobre a Ideologia de g\u00eanero. Confira o que ele disse a respeito.\" \/>\n<meta property=\"og:url\" content=\"https:\/\/www.adf.org.br\/home\/ideologia-de-genero-4\/\" \/>\n<meta property=\"og:site_name\" content=\"Associa\u00e7\u00e3o Devotos de F\u00e1tima\" \/>\n<meta property=\"article:published_time\" content=\"2016-11-28T02:00:10+00:00\" \/>\n<meta name=\"twitter:card\" content=\"summary_large_image\" \/>\n<meta name=\"twitter:label1\" content=\"Escrito por\" \/>\n\t<meta name=\"twitter:data1\" content=\"Gabriel Barbosa\" \/>\n\t<meta name=\"twitter:label2\" content=\"Est. tempo de leitura\" \/>\n\t<meta name=\"twitter:data2\" content=\"4 minutos\" \/>\n<script type=\"application\/ld+json\" class=\"yoast-schema-graph\">{\"@context\":\"https:\/\/schema.org\",\"@graph\":[{\"@type\":\"WebSite\",\"@id\":\"https:\/\/www.adf.org.br\/home\/#website\",\"url\":\"https:\/\/www.adf.org.br\/home\/\",\"name\":\"Associa\\u00e7\\u00e3o Devotos de F\\u00e1tima\",\"description\":\"Associa\\u00e7\\u00e3o Devotos de F\\u00e1tima\",\"potentialAction\":[{\"@type\":\"SearchAction\",\"target\":{\"@type\":\"EntryPoint\",\"urlTemplate\":\"https:\/\/www.adf.org.br\/home\/?s={search_term_string}\"},\"query-input\":\"required name=search_term_string\"}],\"inLanguage\":\"pt-BR\"},{\"@type\":\"ImageObject\",\"@id\":\"https:\/\/www.adf.org.br\/home\/ideologia-de-genero-4\/#primaryimage\",\"inLanguage\":\"pt-BR\",\"url\":\"\",\"contentUrl\":\"\"},{\"@type\":\"WebPage\",\"@id\":\"https:\/\/www.adf.org.br\/home\/ideologia-de-genero-4\/#webpage\",\"url\":\"https:\/\/www.adf.org.br\/home\/ideologia-de-genero-4\/\",\"name\":\"Cardeal Sarah faz uma declara\\u00e7\\u00e3o sobre a Ideologia de g\\u00eanero.\",\"isPartOf\":{\"@id\":\"https:\/\/www.adf.org.br\/home\/#website\"},\"primaryImageOfPage\":{\"@id\":\"https:\/\/www.adf.org.br\/home\/ideologia-de-genero-4\/#primaryimage\"},\"datePublished\":\"2016-11-28T02:00:10+00:00\",\"dateModified\":\"2016-11-28T02:00:10+00:00\",\"author\":{\"@id\":\"https:\/\/www.adf.org.br\/home\/#\/schema\/person\/f35a5c5aa7728a3dedf4ea9aa1fc2753\"},\"description\":\"Cardeal Robert Sarah faz uma declara\\u00e7\\u00e3o reveladora sobre a Ideologia de g\\u00eanero. Confira o que ele disse a respeito.\",\"breadcrumb\":{\"@id\":\"https:\/\/www.adf.org.br\/home\/ideologia-de-genero-4\/#breadcrumb\"},\"inLanguage\":\"pt-BR\",\"potentialAction\":[{\"@type\":\"ReadAction\",\"target\":[\"https:\/\/www.adf.org.br\/home\/ideologia-de-genero-4\/\"]}]},{\"@type\":\"BreadcrumbList\",\"@id\":\"https:\/\/www.adf.org.br\/home\/ideologia-de-genero-4\/#breadcrumb\",\"itemListElement\":[{\"@type\":\"ListItem\",\"position\":1,\"name\":\"Home\",\"item\":\"https:\/\/www.adf.org.br\/home\/\"},{\"@type\":\"ListItem\",\"position\":2,\"name\":\"Cardeal Robert Sarah faz uma declara\\u00e7\\u00e3o reveladora sobre a Ideologia de g\\u00eanero. Confira o que ele disse.\"}]},{\"@type\":\"Person\",\"@id\":\"https:\/\/www.adf.org.br\/home\/#\/schema\/person\/f35a5c5aa7728a3dedf4ea9aa1fc2753\",\"name\":\"Gabriel Barbosa\",\"image\":{\"@type\":\"ImageObject\",\"@id\":\"https:\/\/www.adf.org.br\/home\/#personlogo\",\"inLanguage\":\"pt-BR\",\"url\":\"https:\/\/secure.gravatar.com\/avatar\/2b2cb2f4637682c5605e8d36818f51ef?s=96&d=mm&r=g\",\"contentUrl\":\"https:\/\/secure.gravatar.com\/avatar\/2b2cb2f4637682c5605e8d36818f51ef?s=96&d=mm&r=g\",\"caption\":\"Gabriel Barbosa\"},\"url\":\"https:\/\/www.adf.org.br\/home\/author\/gabrielpmk-com-br\/\"}]}<\/script>\n<!-- \/ Yoast SEO plugin. -->","yoast_head_json":{"title":"Cardeal Sarah faz uma declara\u00e7\u00e3o sobre a Ideologia de g\u00eanero.","description":"Cardeal Robert Sarah faz uma declara\u00e7\u00e3o reveladora sobre a Ideologia de g\u00eanero. Confira o que ele disse a respeito.","robots":{"index":"index","follow":"follow","max-snippet":"max-snippet:-1","max-image-preview":"max-image-preview:large","max-video-preview":"max-video-preview:-1"},"canonical":"https:\/\/www.adf.org.br\/home\/ideologia-de-genero-4\/","og_locale":"pt_BR","og_type":"article","og_title":"Cardeal Sarah faz uma declara\u00e7\u00e3o sobre a Ideologia de g\u00eanero.","og_description":"Cardeal Robert Sarah faz uma declara\u00e7\u00e3o reveladora sobre a Ideologia de g\u00eanero. Confira o que ele disse a respeito.","og_url":"https:\/\/www.adf.org.br\/home\/ideologia-de-genero-4\/","og_site_name":"Associa\u00e7\u00e3o Devotos de F\u00e1tima","article_published_time":"2016-11-28T02:00:10+00:00","twitter_card":"summary_large_image","twitter_misc":{"Escrito por":"Gabriel Barbosa","Est. tempo de leitura":"4 minutos"},"schema":{"@context":"https:\/\/schema.org","@graph":[{"@type":"WebSite","@id":"https:\/\/www.adf.org.br\/home\/#website","url":"https:\/\/www.adf.org.br\/home\/","name":"Associa\u00e7\u00e3o Devotos de F\u00e1tima","description":"Associa\u00e7\u00e3o Devotos de F\u00e1tima","potentialAction":[{"@type":"SearchAction","target":{"@type":"EntryPoint","urlTemplate":"https:\/\/www.adf.org.br\/home\/?s={search_term_string}"},"query-input":"required name=search_term_string"}],"inLanguage":"pt-BR"},{"@type":"ImageObject","@id":"https:\/\/www.adf.org.br\/home\/ideologia-de-genero-4\/#primaryimage","inLanguage":"pt-BR","url":"","contentUrl":""},{"@type":"WebPage","@id":"https:\/\/www.adf.org.br\/home\/ideologia-de-genero-4\/#webpage","url":"https:\/\/www.adf.org.br\/home\/ideologia-de-genero-4\/","name":"Cardeal Sarah faz uma declara\u00e7\u00e3o sobre a Ideologia de g\u00eanero.","isPartOf":{"@id":"https:\/\/www.adf.org.br\/home\/#website"},"primaryImageOfPage":{"@id":"https:\/\/www.adf.org.br\/home\/ideologia-de-genero-4\/#primaryimage"},"datePublished":"2016-11-28T02:00:10+00:00","dateModified":"2016-11-28T02:00:10+00:00","author":{"@id":"https:\/\/www.adf.org.br\/home\/#\/schema\/person\/f35a5c5aa7728a3dedf4ea9aa1fc2753"},"description":"Cardeal Robert Sarah faz uma declara\u00e7\u00e3o reveladora sobre a Ideologia de g\u00eanero. Confira o que ele disse a respeito.","breadcrumb":{"@id":"https:\/\/www.adf.org.br\/home\/ideologia-de-genero-4\/#breadcrumb"},"inLanguage":"pt-BR","potentialAction":[{"@type":"ReadAction","target":["https:\/\/www.adf.org.br\/home\/ideologia-de-genero-4\/"]}]},{"@type":"BreadcrumbList","@id":"https:\/\/www.adf.org.br\/home\/ideologia-de-genero-4\/#breadcrumb","itemListElement":[{"@type":"ListItem","position":1,"name":"Home","item":"https:\/\/www.adf.org.br\/home\/"},{"@type":"ListItem","position":2,"name":"Cardeal Robert Sarah faz uma declara\u00e7\u00e3o reveladora sobre a Ideologia de g\u00eanero. Confira o que ele disse."}]},{"@type":"Person","@id":"https:\/\/www.adf.org.br\/home\/#\/schema\/person\/f35a5c5aa7728a3dedf4ea9aa1fc2753","name":"Gabriel Barbosa","image":{"@type":"ImageObject","@id":"https:\/\/www.adf.org.br\/home\/#personlogo","inLanguage":"pt-BR","url":"https:\/\/secure.gravatar.com\/avatar\/2b2cb2f4637682c5605e8d36818f51ef?s=96&d=mm&r=g","contentUrl":"https:\/\/secure.gravatar.com\/avatar\/2b2cb2f4637682c5605e8d36818f51ef?s=96&d=mm&r=g","caption":"Gabriel Barbosa"},"url":"https:\/\/www.adf.org.br\/home\/author\/gabrielpmk-com-br\/"}]}},"_links":{"self":[{"href":"https:\/\/www.adf.org.br\/home\/wp-json\/wp\/v2\/posts\/42457"}],"collection":[{"href":"https:\/\/www.adf.org.br\/home\/wp-json\/wp\/v2\/posts"}],"about":[{"href":"https:\/\/www.adf.org.br\/home\/wp-json\/wp\/v2\/types\/post"}],"author":[{"embeddable":true,"href":"https:\/\/www.adf.org.br\/home\/wp-json\/wp\/v2\/users\/31"}],"replies":[{"embeddable":true,"href":"https:\/\/www.adf.org.br\/home\/wp-json\/wp\/v2\/comments?post=42457"}],"version-history":[{"count":0,"href":"https:\/\/www.adf.org.br\/home\/wp-json\/wp\/v2\/posts\/42457\/revisions"}],"wp:featuredmedia":[{"embeddable":true,"href":"https:\/\/www.adf.org.br\/home\/wp-json\/wp\/v2\/media\/42469"}],"wp:attachment":[{"href":"https:\/\/www.adf.org.br\/home\/wp-json\/wp\/v2\/media?parent=42457"}],"wp:term":[{"taxonomy":"category","embeddable":true,"href":"https:\/\/www.adf.org.br\/home\/wp-json\/wp\/v2\/categories?post=42457"},{"taxonomy":"post_tag","embeddable":true,"href":"https:\/\/www.adf.org.br\/home\/wp-json\/wp\/v2\/tags?post=42457"}],"curies":[{"name":"wp","href":"https:\/\/api.w.org\/{rel}","templated":true}]}}