{"id":42398,"date":"2016-12-20T00:00:04","date_gmt":"2016-12-20T02:00:04","guid":{"rendered":"http:\/\/www.adf.org.br\/home\/?p=42398"},"modified":"2016-12-20T00:00:04","modified_gmt":"2016-12-20T02:00:04","slug":"igreja-catolica-2","status":"publish","type":"post","link":"https:\/\/www.adf.org.br\/home\/igreja-catolica-2\/","title":{"rendered":"Porque a Igreja se chama Cat\u00f3lica? Descubra e veja uma das explica\u00e7\u00f5es mais belas de todos os tempos."},"content":{"rendered":"<figure id=\"attachment_42399\" aria-describedby=\"caption-attachment-42399\" style=\"width: 560px\" class=\"wp-caption aligncenter\"><img loading=\"lazy\" class=\"wp-image-42399\" src=\"http:\/\/www.adf.org.br\/home\/wp-content\/uploads\/2016\/11\/Bas\u00edlica-de-S\u00e3o-Pedro.jpg\" alt=\"Bas\u00edlica de S\u00e3o Pedro no Vaticano. Santa Igreja Cat\u00f3lica Apost\u00f3lica Romana\" width=\"560\" height=\"371\" \/><figcaption id=\"caption-attachment-42399\" class=\"wp-caption-text\">Bas\u00edlica de S\u00e3o Pedro no Vaticano.<\/figcaption><\/figure>\n<p style=\"padding-left: 90px;\"><span style=\"color: #800080;\"><strong><span style=\"font-family: verdana, geneva, sans-serif; font-size: 12pt;\"><br \/>\n<span style=\"color: #ffffff;\">.<\/span><br \/>\nA Igreja \u00e9 chamada cat\u00f3lica ou universal porque est\u00e1 espalhada por todo o mundo;<\/span><\/strong><\/span><\/p>\n<p><span style=\"font-family: verdana, geneva, sans-serif; font-size: 12pt; color: #000000;\"><span style=\"font-size: 14pt;\"><strong><br \/>\nD<\/strong><\/span>e uma \u00e0 outra extremidade da terra, e porque universalmente e sem erro ensina toda a doutrina\u00a0que os homens devem conhecer;<\/span><\/p>\n<p><span style=\"font-family: verdana, geneva, sans-serif; font-size: 12pt; color: #000000;\">Sobre as coisas vis\u00edveis ou invis\u00edveis, celestes ou terrestres.<\/span><\/p>\n<p style=\"padding-left: 90px;\"><span style=\"color: #800080;\"><strong><span style=\"font-family: verdana, geneva, sans-serif; font-size: 12pt;\"><br \/>\n\u00c9 chamada cat\u00f3lica tamb\u00e9m porque conduz ao verdadeiro culto toda a classe de homens, autoridades e s\u00fabditos, doutos e incultos. <\/span><\/strong><\/span><\/p>\n<p><span style=\"font-family: verdana, geneva, sans-serif; font-size: 12pt; color: #000000;\"><br \/>\n\u00c9 cat\u00f3lica finalmente porque cura e sara todo o g\u00e9nero de pecados, tanto os da alma como os do corpo, e possui todo o g\u00eanero de virtudes;<\/span><\/p>\n<p><strong><span style=\"font-family: verdana, geneva, sans-serif; font-size: 12pt; color: #000000;\">Qualquer que seja o seu nome, em obras e palavras e nos mais diversos dons espirituais.<\/span><\/strong><\/p>\n<p><span style=\"font-family: verdana, geneva, sans-serif; font-size: 12pt; color: #000000;\">Com toda a propriedade \u00e9 chamada Igreja, quer dizer, assembleia convocada, porque convoca e re\u00fane a todos na unidade, tal como o Senhor determina no Lev\u00edtico:<\/span><\/p>\n<p><span style=\"font-family: verdana, geneva, sans-serif; font-size: 12pt; color: #000000;\">\u201dConvoca toda a assembleia para a entrada da tenda da reuni\u00e3o\u201d (8,3).<\/span><\/p>\n<p style=\"padding-left: 90px;\"><span style=\"color: #800080;\"><strong><span style=\"font-family: verdana, geneva, sans-serif; font-size: 12pt;\"><br \/>\nE, no Deuteron\u00f4mio, diz Deus a Mois\u00e9s: \u201dconvoca o povo para junto de Mim, a fim de ouvirem as Minhas palavras\u201d (4,10). <\/span><\/strong><\/span><\/p>\n<p><span style=\"font-family: verdana, geneva, sans-serif; font-size: 12pt; color: #000000;\"><br \/>\nTamb\u00e9m o Salmista proclama: \u201deu Te darei gra\u00e7as na solene assembleia, e Te louvarei no meio da multid\u00e3o\u201d (Salmo 35\/34,18).<\/span><\/p>\n<p><span style=\"font-family: verdana, geneva, sans-serif; font-size: 12pt; color: #000000;\">Mas foi a partir das na\u00e7\u00f5es gentias que depois o Salvador instituiu uma segunda assembleia, a nossa Santa Igreja dos crist\u00e3os, acerca da qual disse a Pedro: <\/span><\/p>\n<p style=\"padding-left: 90px;\"><span style=\"color: #800080;\"><strong><span style=\"font-family: verdana, geneva, sans-serif; font-size: 12pt;\"><br \/>\n\u201dE sobre esta Pedra edificarei a Minha Igreja, e as portas do Abismo nada poder\u00e3o contra ela\u201d(Mt 16,18).<\/span><\/strong><\/span><\/p>\n<p><span style=\"font-family: verdana, geneva, sans-serif; font-size: 12pt; color: #000000;\"><br \/>\nE logo que a primeira assembleia fundada na Judeia foi destru\u00edda, multiplicaram-se por toda a terra as Igrejas de Cristo. Delas falam os Salmos, que dizem: <\/span><\/p>\n<p><span style=\"font-family: verdana, geneva, sans-serif; font-size: 12pt; color: #000000;\">\u201dAleluia! Cantai ao Senhor um c\u00e2ntico novo, louvai-O na assembleia dos fi\u00e9is!\u201d(149,1).<\/span><\/p>\n<h5><span style=\"font-family: verdana, geneva, sans-serif; font-size: 12pt; color: #000000;\"> E \u00e9 a respeito desta nova Igreja Santa e Cat\u00f3lica que Paulo escreve a Tim\u00f3teo:<\/span><\/h5>\n<p style=\"padding-left: 90px;\"><span style=\"color: #800080;\"><strong><span style=\"font-family: verdana, geneva, sans-serif; font-size: 12pt;\"><br \/>\n\u201dQuero que saibas como deves proceder na casa de Deus, esta Igreja do Deus vivo, coluna e sustent\u00e1culo da Verdade\u201d (1Tm 3,15).<\/span><\/strong><\/span><\/p>\n<p><span style=\"font-family: verdana, geneva, sans-serif; font-size: 12pt; color: #ffffff;\">.<\/span><br \/>\n<span style=\"font-family: verdana, geneva, sans-serif; font-size: 12pt; color: #ffffff;\">.<\/span><br \/>\n<span style=\"font-family: verdana, geneva, sans-serif; font-size: 10pt; color: #000000;\"><em>Fonte:\u00a0pt.aleteia.org\u00a0S\u00e3o Cirilo de Jerusal\u00e9m (313-350), Bispo de Jerusal\u00e9m e Doutor da Igreja\u00a018.\u00aa Catequese aos Iluminandos, 23-25<\/em><\/span><\/p>\n<p style=\"text-align: center;\"><span style=\"font-family: verdana, geneva, sans-serif; font-size: 12pt; color: #ffffff;\">.<\/span><br \/>\n<span style=\"font-family: verdana, geneva, sans-serif; font-size: 12pt; color: #000000;\"><strong>* \u00a0* \u00a0*<\/strong><\/span><\/p>\n<p><span style=\"color: #ffffff;\">.<\/span><\/p>\n<p style=\"text-align: center;\"><span style=\"font-family: verdana, geneva, sans-serif; font-size: 12pt; color: #000000;\">Receba Gra\u00e7as e Ben\u00e7\u00e3o de Nossa Senhora agora mesmo<\/span><\/p>\n<h5 style=\"text-align: center;\"><span style=\"font-family: verdana, geneva, sans-serif; font-size: 12pt; color: #000000;\">Veja como receber sua Medalha Milagrosa pelos correios agora mesmo.<\/span><\/h5>\n<p style=\"text-align: center;\"><span style=\"font-family: verdana, geneva, sans-serif; font-size: 12pt; color: #000000;\"><strong><span style=\"color: #0000ff;\"><a style=\"color: #0000ff;\" href=\"http:\/\/oratoriodamedalhamilagrosa.org.br\/home\/acenda-sua-vela-30\/?origem=1025\" target=\"_blank\" rel=\"noopener noreferrer\">Clique aqui<\/a><\/span><\/strong> e confira.<\/span><\/p>\n<p style=\"text-align: center;\"><span style=\"font-size: 8pt; color: #ffffff;\">.<\/span><br \/>\n<span style=\"font-size: 8pt; color: #ffffff;\">.<\/span><\/p>\n<figure id=\"attachment_35437\" aria-describedby=\"caption-attachment-35437\" style=\"width: 400px\" class=\"wp-caption aligncenter\"><a href=\"http:\/\/oratoriodamedalhamilagrosa.org.br\/home\/acenda-sua-vela-30\/?origem=1025\" target=\"_blank\" rel=\"noopener noreferrer\"><img loading=\"lazy\" class=\"wp-image-35437 size-full\" title=\"Clique aqui e receba a Medalha Milagrosa\" src=\"http:\/\/www.adf.org.br\/home\/wp-content\/uploads\/2015\/11\/banner_medalha_milagrosa13.gif\" alt=\"Clique aqui para receber sua Medalha Milagrosa pelos correios.\" width=\"400\" height=\"146\" \/><\/a><figcaption id=\"caption-attachment-35437\" class=\"wp-caption-text\">Clique aqui para receber sua Medalha Milagrosa pelos correios.<\/figcaption><\/figure>\n<p><span style=\"color: #0000ff;\"><strong style=\"color: #0000ff;\"><span style=\"color: #ffffff;\">.<\/span><\/strong><\/span><\/p>\n","protected":false},"excerpt":{"rendered":"<p>\u00c9 chamada cat\u00f3lica tamb\u00e9m porque&#8230;<\/p>\n","protected":false},"author":31,"featured_media":0,"comment_status":"open","ping_status":"open","sticky":false,"template":"","format":"standard","meta":[],"categories":[20],"tags":[90,26],"yoast_head":"<!-- This site is optimized with the Yoast SEO plugin v17.4 - https:\/\/yoast.com\/wordpress\/plugins\/seo\/ -->\n<title>Porque a Igreja se chama Cat\u00f3lica? Descubra agora mesmo.<\/title>\n<meta name=\"description\" content=\"Porque a Igreja se chama Cat\u00f3lica? Descubra e veja uma das explica\u00e7\u00f5es mais belas de todos os tempos. Confira.\" \/>\n<meta name=\"robots\" content=\"index, follow, max-snippet:-1, max-image-preview:large, max-video-preview:-1\" \/>\n<link rel=\"canonical\" href=\"https:\/\/www.adf.org.br\/home\/igreja-catolica-2\/\" \/>\n<meta property=\"og:locale\" content=\"pt_BR\" \/>\n<meta property=\"og:type\" content=\"article\" \/>\n<meta property=\"og:title\" content=\"Porque a Igreja se chama Cat\u00f3lica? Descubra agora mesmo.\" \/>\n<meta property=\"og:description\" content=\"Porque a Igreja se chama Cat\u00f3lica? Descubra e veja uma das explica\u00e7\u00f5es mais belas de todos os tempos. Confira.\" \/>\n<meta property=\"og:url\" content=\"https:\/\/www.adf.org.br\/home\/igreja-catolica-2\/\" \/>\n<meta property=\"og:site_name\" content=\"Associa\u00e7\u00e3o Devotos de F\u00e1tima\" \/>\n<meta property=\"article:published_time\" content=\"2016-12-20T02:00:04+00:00\" \/>\n<meta property=\"og:image\" content=\"http:\/\/www.adf.org.br\/home\/wp-content\/uploads\/2016\/11\/Bas\u00edlica-de-S\u00e3o-Pedro.jpg\" \/>\n<meta name=\"twitter:card\" content=\"summary_large_image\" \/>\n<meta name=\"twitter:label1\" content=\"Escrito por\" \/>\n\t<meta name=\"twitter:data1\" content=\"Gabriel Barbosa\" \/>\n\t<meta name=\"twitter:label2\" content=\"Est. tempo de leitura\" \/>\n\t<meta name=\"twitter:data2\" content=\"2 minutos\" \/>\n<script type=\"application\/ld+json\" class=\"yoast-schema-graph\">{\"@context\":\"https:\/\/schema.org\",\"@graph\":[{\"@type\":\"WebSite\",\"@id\":\"https:\/\/www.adf.org.br\/home\/#website\",\"url\":\"https:\/\/www.adf.org.br\/home\/\",\"name\":\"Associa\\u00e7\\u00e3o Devotos de F\\u00e1tima\",\"description\":\"Associa\\u00e7\\u00e3o Devotos de F\\u00e1tima\",\"potentialAction\":[{\"@type\":\"SearchAction\",\"target\":{\"@type\":\"EntryPoint\",\"urlTemplate\":\"https:\/\/www.adf.org.br\/home\/?s={search_term_string}\"},\"query-input\":\"required name=search_term_string\"}],\"inLanguage\":\"pt-BR\"},{\"@type\":\"ImageObject\",\"@id\":\"https:\/\/www.adf.org.br\/home\/igreja-catolica-2\/#primaryimage\",\"inLanguage\":\"pt-BR\",\"url\":\"http:\/\/www.adf.org.br\/home\/wp-content\/uploads\/2016\/11\/Bas\\u00edlica-de-S\\u00e3o-Pedro.jpg\",\"contentUrl\":\"http:\/\/www.adf.org.br\/home\/wp-content\/uploads\/2016\/11\/Bas\\u00edlica-de-S\\u00e3o-Pedro.jpg\"},{\"@type\":\"WebPage\",\"@id\":\"https:\/\/www.adf.org.br\/home\/igreja-catolica-2\/#webpage\",\"url\":\"https:\/\/www.adf.org.br\/home\/igreja-catolica-2\/\",\"name\":\"Porque a Igreja se chama Cat\\u00f3lica? Descubra agora mesmo.\",\"isPartOf\":{\"@id\":\"https:\/\/www.adf.org.br\/home\/#website\"},\"primaryImageOfPage\":{\"@id\":\"https:\/\/www.adf.org.br\/home\/igreja-catolica-2\/#primaryimage\"},\"datePublished\":\"2016-12-20T02:00:04+00:00\",\"dateModified\":\"2016-12-20T02:00:04+00:00\",\"author\":{\"@id\":\"https:\/\/www.adf.org.br\/home\/#\/schema\/person\/f35a5c5aa7728a3dedf4ea9aa1fc2753\"},\"description\":\"Porque a Igreja se chama Cat\\u00f3lica? Descubra e veja uma das explica\\u00e7\\u00f5es mais belas de todos os tempos. Confira.\",\"breadcrumb\":{\"@id\":\"https:\/\/www.adf.org.br\/home\/igreja-catolica-2\/#breadcrumb\"},\"inLanguage\":\"pt-BR\",\"potentialAction\":[{\"@type\":\"ReadAction\",\"target\":[\"https:\/\/www.adf.org.br\/home\/igreja-catolica-2\/\"]}]},{\"@type\":\"BreadcrumbList\",\"@id\":\"https:\/\/www.adf.org.br\/home\/igreja-catolica-2\/#breadcrumb\",\"itemListElement\":[{\"@type\":\"ListItem\",\"position\":1,\"name\":\"Home\",\"item\":\"https:\/\/www.adf.org.br\/home\/\"},{\"@type\":\"ListItem\",\"position\":2,\"name\":\"Porque a Igreja se chama Cat\\u00f3lica? Descubra e veja uma das explica\\u00e7\\u00f5es mais belas de todos os tempos.\"}]},{\"@type\":\"Person\",\"@id\":\"https:\/\/www.adf.org.br\/home\/#\/schema\/person\/f35a5c5aa7728a3dedf4ea9aa1fc2753\",\"name\":\"Gabriel Barbosa\",\"image\":{\"@type\":\"ImageObject\",\"@id\":\"https:\/\/www.adf.org.br\/home\/#personlogo\",\"inLanguage\":\"pt-BR\",\"url\":\"https:\/\/secure.gravatar.com\/avatar\/2b2cb2f4637682c5605e8d36818f51ef?s=96&d=mm&r=g\",\"contentUrl\":\"https:\/\/secure.gravatar.com\/avatar\/2b2cb2f4637682c5605e8d36818f51ef?s=96&d=mm&r=g\",\"caption\":\"Gabriel Barbosa\"},\"url\":\"https:\/\/www.adf.org.br\/home\/author\/gabrielpmk-com-br\/\"}]}<\/script>\n<!-- \/ Yoast SEO plugin. -->","yoast_head_json":{"title":"Porque a Igreja se chama Cat\u00f3lica? Descubra agora mesmo.","description":"Porque a Igreja se chama Cat\u00f3lica? Descubra e veja uma das explica\u00e7\u00f5es mais belas de todos os tempos. Confira.","robots":{"index":"index","follow":"follow","max-snippet":"max-snippet:-1","max-image-preview":"max-image-preview:large","max-video-preview":"max-video-preview:-1"},"canonical":"https:\/\/www.adf.org.br\/home\/igreja-catolica-2\/","og_locale":"pt_BR","og_type":"article","og_title":"Porque a Igreja se chama Cat\u00f3lica? Descubra agora mesmo.","og_description":"Porque a Igreja se chama Cat\u00f3lica? Descubra e veja uma das explica\u00e7\u00f5es mais belas de todos os tempos. Confira.","og_url":"https:\/\/www.adf.org.br\/home\/igreja-catolica-2\/","og_site_name":"Associa\u00e7\u00e3o Devotos de F\u00e1tima","article_published_time":"2016-12-20T02:00:04+00:00","og_image":[{"url":"http:\/\/www.adf.org.br\/home\/wp-content\/uploads\/2016\/11\/Bas\u00edlica-de-S\u00e3o-Pedro.jpg"}],"twitter_card":"summary_large_image","twitter_misc":{"Escrito por":"Gabriel Barbosa","Est. tempo de leitura":"2 minutos"},"schema":{"@context":"https:\/\/schema.org","@graph":[{"@type":"WebSite","@id":"https:\/\/www.adf.org.br\/home\/#website","url":"https:\/\/www.adf.org.br\/home\/","name":"Associa\u00e7\u00e3o Devotos de F\u00e1tima","description":"Associa\u00e7\u00e3o Devotos de F\u00e1tima","potentialAction":[{"@type":"SearchAction","target":{"@type":"EntryPoint","urlTemplate":"https:\/\/www.adf.org.br\/home\/?s={search_term_string}"},"query-input":"required name=search_term_string"}],"inLanguage":"pt-BR"},{"@type":"ImageObject","@id":"https:\/\/www.adf.org.br\/home\/igreja-catolica-2\/#primaryimage","inLanguage":"pt-BR","url":"http:\/\/www.adf.org.br\/home\/wp-content\/uploads\/2016\/11\/Bas\u00edlica-de-S\u00e3o-Pedro.jpg","contentUrl":"http:\/\/www.adf.org.br\/home\/wp-content\/uploads\/2016\/11\/Bas\u00edlica-de-S\u00e3o-Pedro.jpg"},{"@type":"WebPage","@id":"https:\/\/www.adf.org.br\/home\/igreja-catolica-2\/#webpage","url":"https:\/\/www.adf.org.br\/home\/igreja-catolica-2\/","name":"Porque a Igreja se chama Cat\u00f3lica? Descubra agora mesmo.","isPartOf":{"@id":"https:\/\/www.adf.org.br\/home\/#website"},"primaryImageOfPage":{"@id":"https:\/\/www.adf.org.br\/home\/igreja-catolica-2\/#primaryimage"},"datePublished":"2016-12-20T02:00:04+00:00","dateModified":"2016-12-20T02:00:04+00:00","author":{"@id":"https:\/\/www.adf.org.br\/home\/#\/schema\/person\/f35a5c5aa7728a3dedf4ea9aa1fc2753"},"description":"Porque a Igreja se chama Cat\u00f3lica? Descubra e veja uma das explica\u00e7\u00f5es mais belas de todos os tempos. Confira.","breadcrumb":{"@id":"https:\/\/www.adf.org.br\/home\/igreja-catolica-2\/#breadcrumb"},"inLanguage":"pt-BR","potentialAction":[{"@type":"ReadAction","target":["https:\/\/www.adf.org.br\/home\/igreja-catolica-2\/"]}]},{"@type":"BreadcrumbList","@id":"https:\/\/www.adf.org.br\/home\/igreja-catolica-2\/#breadcrumb","itemListElement":[{"@type":"ListItem","position":1,"name":"Home","item":"https:\/\/www.adf.org.br\/home\/"},{"@type":"ListItem","position":2,"name":"Porque a Igreja se chama Cat\u00f3lica? Descubra e veja uma das explica\u00e7\u00f5es mais belas de todos os tempos."}]},{"@type":"Person","@id":"https:\/\/www.adf.org.br\/home\/#\/schema\/person\/f35a5c5aa7728a3dedf4ea9aa1fc2753","name":"Gabriel Barbosa","image":{"@type":"ImageObject","@id":"https:\/\/www.adf.org.br\/home\/#personlogo","inLanguage":"pt-BR","url":"https:\/\/secure.gravatar.com\/avatar\/2b2cb2f4637682c5605e8d36818f51ef?s=96&d=mm&r=g","contentUrl":"https:\/\/secure.gravatar.com\/avatar\/2b2cb2f4637682c5605e8d36818f51ef?s=96&d=mm&r=g","caption":"Gabriel Barbosa"},"url":"https:\/\/www.adf.org.br\/home\/author\/gabrielpmk-com-br\/"}]}},"_links":{"self":[{"href":"https:\/\/www.adf.org.br\/home\/wp-json\/wp\/v2\/posts\/42398"}],"collection":[{"href":"https:\/\/www.adf.org.br\/home\/wp-json\/wp\/v2\/posts"}],"about":[{"href":"https:\/\/www.adf.org.br\/home\/wp-json\/wp\/v2\/types\/post"}],"author":[{"embeddable":true,"href":"https:\/\/www.adf.org.br\/home\/wp-json\/wp\/v2\/users\/31"}],"replies":[{"embeddable":true,"href":"https:\/\/www.adf.org.br\/home\/wp-json\/wp\/v2\/comments?post=42398"}],"version-history":[{"count":0,"href":"https:\/\/www.adf.org.br\/home\/wp-json\/wp\/v2\/posts\/42398\/revisions"}],"wp:attachment":[{"href":"https:\/\/www.adf.org.br\/home\/wp-json\/wp\/v2\/media?parent=42398"}],"wp:term":[{"taxonomy":"category","embeddable":true,"href":"https:\/\/www.adf.org.br\/home\/wp-json\/wp\/v2\/categories?post=42398"},{"taxonomy":"post_tag","embeddable":true,"href":"https:\/\/www.adf.org.br\/home\/wp-json\/wp\/v2\/tags?post=42398"}],"curies":[{"name":"wp","href":"https:\/\/api.w.org\/{rel}","templated":true}]}}