{"id":41136,"date":"2016-07-27T00:00:04","date_gmt":"2016-07-27T03:00:04","guid":{"rendered":"http:\/\/www.adf.org.br\/home\/?p=41136"},"modified":"2016-07-27T00:00:04","modified_gmt":"2016-07-27T03:00:04","slug":"oracao-rarissima","status":"publish","type":"post","link":"https:\/\/www.adf.org.br\/home\/oracao-rarissima\/","title":{"rendered":"Ora\u00e7\u00e3o RAR\u00cdSSIMA para baixar gr\u00e1tis (por tempo limitado): pequeno Of\u00edcio da Imaculada Concei\u00e7\u00e3o"},"content":{"rendered":"<figure id=\"attachment_41137\" aria-describedby=\"caption-attachment-41137\" style=\"width: 353px\" class=\"wp-caption aligncenter\"><a href=\"#\" onclick=\"return false;\" data-id=\"modalgeral\" data-url=\"https:\/\/www.adf.org.br\/transferencia-de-conteudo\/formulario\/cadastro.php\/?COD=590\" data-toggle=\"modal\" data-target=\"#modal\"><img loading=\"lazy\" class=\"wp-image-41137\" src=\"http:\/\/www.adf.org.br\/home\/wp-content\/uploads\/2016\/07\/2016-07-26-1-724x1024.jpg\" alt=\"ora\u00e7\u00e3o\" width=\"353\" height=\"500\" \/><\/a><figcaption id=\"caption-attachment-41137\" class=\"wp-caption-text\">Clique aqui para fazer o download dessa preciosa ora\u00e7\u00e3o.<\/figcaption><\/figure>\n<p>&nbsp;<\/p>\n<p style=\"padding-left: 90px;\"><span style=\"font-family: verdana, geneva, sans-serif; font-size: 12pt; color: #000000;\"><span style=\"color: #ffffff;\">.<\/span><br \/>\n<strong>Voc\u00ea est\u00e1 prestes a conhecer uma ora\u00e7\u00e3o muito rara e BEL\u00cdSSIMA dedicada a Nossa Senhora.<\/strong><\/span><\/p>\n<p><strong><span style=\"font-family: verdana, geneva, sans-serif; font-size: 12pt;\"><a href=\"#\" onclick=\"return false;\" data-id=\"modalgeral\" data-url=\"https:\/\/www.adf.org.br\/transferencia-de-conteudo\/formulario\/cadastro.php\/?COD=590\" data-toggle=\"modal\" data-target=\"#modal\"><br \/>\nClique aqui para fazer o download gratuito desta prece maravilhosa: pequeno Of\u00edcio da Imaculada Concei\u00e7\u00e3o<\/a>.<\/span><\/strong><\/p>\n<p><span style=\"font-family: verdana, geneva, sans-serif; font-size: 12pt; color: #000000;\">O dogma da Imaculada Concei\u00e7\u00e3o foi declarado em 1854 pelo\u00a0Papa Beato Pio IX. Significa que a Virgem Maria foi concebida sem o pecado original.<\/span><\/p>\n<p><span style=\"font-family: verdana, geneva, sans-serif; font-size: 12pt; color: #000000;\">Poucos anos depois, em 1858, Nossa Senhora apareceu em Lourdes e afirmou para a menina Bernadette (que n\u00e3o sabia da exist\u00eancia do dogma):<\/span><\/p>\n<h4 style=\"text-align: center;\"><span style=\"font-family: verdana, geneva, sans-serif; font-size: 12pt; color: #000000;\"><em><strong><br \/>\nEu sou a Imaculada Concei\u00e7\u00e3o.<\/strong><\/em><\/span><\/h4>\n<p><span style=\"font-family: verdana, geneva, sans-serif; font-size: 12pt; color: #000000;\"><br \/>\nEsta ora\u00e7\u00e3o \u00e9 para rezar em diferentes momentos do dia. \u00c9 uma maneira poderos\u00edssima para se\u00a0aproximar\u00a0de nossa M\u00e3e do C\u00e9u.<\/span><\/p>\n<p><strong><span style=\"font-family: verdana, geneva, sans-serif; font-size: 12pt;\"><a href=\"#\" onclick=\"return false;\" data-id=\"modalgeral\" data-url=\"https:\/\/www.adf.org.br\/transferencia-de-conteudo\/formulario\/cadastro.php\/?COD=590\" data-toggle=\"modal\" data-target=\"#modal\">Baixe aqui, gratuitamente, um PDF com a ora\u00e7\u00e3o detalhada para voc\u00ea aprender a rezar.<\/a><\/span><\/strong><\/p>\n<p><span style=\"font-family: verdana, geneva, sans-serif; font-size: 12pt; color: #000000;\">E lembre-se: \u00e9 por meio de Maria que chegaremos a Jesus.<\/span><\/p>\n<p><span style=\"font-family: verdana, geneva, sans-serif; font-size: 12pt; color: #000000;\">Oremos com cada vez mais fervor nesses tempos t\u00e3o dif\u00edceis.<\/span><\/p>\n<p style=\"text-align: center;\"><span style=\"font-family: verdana, geneva, sans-serif; font-size: 12pt;\"><a href=\"#\" onclick=\"return false;\" data-id=\"modalgeral\" data-url=\"https:\/\/www.adf.org.br\/transferencia-de-conteudo\/formulario\/cadastro.php\/?COD=590\" data-toggle=\"modal\" data-target=\"#modal\"><strong><br \/>\n<span style=\"font-size: 14pt;\">EU QUERO ESSA ORA\u00c7\u00c3O ESPECIAL A NOSSA SENHORA<\/span><\/strong><\/a><\/span><\/p>\n<p style=\"text-align: center;\"><span style=\"color: #ffffff;\">.<\/span><br \/>\n<span style=\"color: #ffffff;\">.<\/span><br \/>\n<strong><span style=\"color: #000000; font-family: verdana, geneva, sans-serif; font-size: 12pt;\">* \u00a0* \u00a0*<\/span><\/strong><\/p>\n<p style=\"text-align: center;\"><span style=\"color: #ffffff;\">.<\/span><\/p>\n<p style=\"text-align: center;\"><span style=\"color: #ffffff;\">.<\/span><\/p>\n","protected":false},"excerpt":{"rendered":"<p>Voc\u00ea est\u00e1 prestes a conhecer uma ora\u00e7\u00e3o muito rara e BEL\u00cdSSIMA dedicada a Nossa Senhora.<\/p>\n","protected":false},"author":31,"featured_media":0,"comment_status":"open","ping_status":"open","sticky":false,"template":"","format":"standard","meta":[],"categories":[20],"tags":[773,389,1822,142,195],"yoast_head":"<!-- This site is optimized with the Yoast SEO plugin v17.4 - https:\/\/yoast.com\/wordpress\/plugins\/seo\/ -->\n<title>Ora\u00e7\u00e3o RAR\u00cdSSIMA para baixar gr\u00e1tis (por tempo limitado): Confira<\/title>\n<meta name=\"description\" content=\"Uma rar\u00edssima ora\u00e7\u00e3o a Imaculada Concei\u00e7\u00e3o est\u00e1 dispon\u00edvel por tempo limitado. Garanto que ela ir\u00e1 mudar sua vida pra melhor. Confira.\" \/>\n<meta name=\"robots\" content=\"index, follow, max-snippet:-1, max-image-preview:large, max-video-preview:-1\" \/>\n<link rel=\"canonical\" href=\"https:\/\/www.adf.org.br\/home\/oracao-rarissima\/\" \/>\n<meta property=\"og:locale\" content=\"pt_BR\" \/>\n<meta property=\"og:type\" content=\"article\" \/>\n<meta property=\"og:title\" content=\"Ora\u00e7\u00e3o RAR\u00cdSSIMA para baixar gr\u00e1tis (por tempo limitado): Confira\" \/>\n<meta property=\"og:description\" content=\"Uma rar\u00edssima ora\u00e7\u00e3o a Imaculada Concei\u00e7\u00e3o est\u00e1 dispon\u00edvel por tempo limitado. Garanto que ela ir\u00e1 mudar sua vida pra melhor. Confira.\" \/>\n<meta property=\"og:url\" content=\"https:\/\/www.adf.org.br\/home\/oracao-rarissima\/\" \/>\n<meta property=\"og:site_name\" content=\"Associa\u00e7\u00e3o Devotos de F\u00e1tima\" \/>\n<meta property=\"article:published_time\" content=\"2016-07-27T03:00:04+00:00\" \/>\n<meta property=\"og:image\" content=\"http:\/\/www.adf.org.br\/home\/wp-content\/uploads\/2016\/07\/2016-07-26-1-724x1024.jpg\" \/>\n<meta name=\"twitter:card\" content=\"summary_large_image\" \/>\n<meta name=\"twitter:label1\" content=\"Escrito por\" \/>\n\t<meta name=\"twitter:data1\" content=\"Gabriel Barbosa\" \/>\n\t<meta name=\"twitter:label2\" content=\"Est. tempo de leitura\" \/>\n\t<meta name=\"twitter:data2\" content=\"1 minuto\" \/>\n<script type=\"application\/ld+json\" class=\"yoast-schema-graph\">{\"@context\":\"https:\/\/schema.org\",\"@graph\":[{\"@type\":\"WebSite\",\"@id\":\"https:\/\/www.adf.org.br\/home\/#website\",\"url\":\"https:\/\/www.adf.org.br\/home\/\",\"name\":\"Associa\\u00e7\\u00e3o Devotos de F\\u00e1tima\",\"description\":\"Associa\\u00e7\\u00e3o Devotos de F\\u00e1tima\",\"potentialAction\":[{\"@type\":\"SearchAction\",\"target\":{\"@type\":\"EntryPoint\",\"urlTemplate\":\"https:\/\/www.adf.org.br\/home\/?s={search_term_string}\"},\"query-input\":\"required name=search_term_string\"}],\"inLanguage\":\"pt-BR\"},{\"@type\":\"ImageObject\",\"@id\":\"https:\/\/www.adf.org.br\/home\/oracao-rarissima\/#primaryimage\",\"inLanguage\":\"pt-BR\",\"url\":\"http:\/\/www.adf.org.br\/home\/wp-content\/uploads\/2016\/07\/2016-07-26-1-724x1024.jpg\",\"contentUrl\":\"http:\/\/www.adf.org.br\/home\/wp-content\/uploads\/2016\/07\/2016-07-26-1-724x1024.jpg\"},{\"@type\":\"WebPage\",\"@id\":\"https:\/\/www.adf.org.br\/home\/oracao-rarissima\/#webpage\",\"url\":\"https:\/\/www.adf.org.br\/home\/oracao-rarissima\/\",\"name\":\"Ora\\u00e7\\u00e3o RAR\\u00cdSSIMA para baixar gr\\u00e1tis (por tempo limitado): Confira\",\"isPartOf\":{\"@id\":\"https:\/\/www.adf.org.br\/home\/#website\"},\"primaryImageOfPage\":{\"@id\":\"https:\/\/www.adf.org.br\/home\/oracao-rarissima\/#primaryimage\"},\"datePublished\":\"2016-07-27T03:00:04+00:00\",\"dateModified\":\"2016-07-27T03:00:04+00:00\",\"author\":{\"@id\":\"https:\/\/www.adf.org.br\/home\/#\/schema\/person\/f35a5c5aa7728a3dedf4ea9aa1fc2753\"},\"description\":\"Uma rar\\u00edssima ora\\u00e7\\u00e3o a Imaculada Concei\\u00e7\\u00e3o est\\u00e1 dispon\\u00edvel por tempo limitado. Garanto que ela ir\\u00e1 mudar sua vida pra melhor. Confira.\",\"breadcrumb\":{\"@id\":\"https:\/\/www.adf.org.br\/home\/oracao-rarissima\/#breadcrumb\"},\"inLanguage\":\"pt-BR\",\"potentialAction\":[{\"@type\":\"ReadAction\",\"target\":[\"https:\/\/www.adf.org.br\/home\/oracao-rarissima\/\"]}]},{\"@type\":\"BreadcrumbList\",\"@id\":\"https:\/\/www.adf.org.br\/home\/oracao-rarissima\/#breadcrumb\",\"itemListElement\":[{\"@type\":\"ListItem\",\"position\":1,\"name\":\"Home\",\"item\":\"https:\/\/www.adf.org.br\/home\/\"},{\"@type\":\"ListItem\",\"position\":2,\"name\":\"Ora\\u00e7\\u00e3o RAR\\u00cdSSIMA para baixar gr\\u00e1tis (por tempo limitado): pequeno Of\\u00edcio da Imaculada Concei\\u00e7\\u00e3o\"}]},{\"@type\":\"Person\",\"@id\":\"https:\/\/www.adf.org.br\/home\/#\/schema\/person\/f35a5c5aa7728a3dedf4ea9aa1fc2753\",\"name\":\"Gabriel Barbosa\",\"image\":{\"@type\":\"ImageObject\",\"@id\":\"https:\/\/www.adf.org.br\/home\/#personlogo\",\"inLanguage\":\"pt-BR\",\"url\":\"https:\/\/secure.gravatar.com\/avatar\/2b2cb2f4637682c5605e8d36818f51ef?s=96&d=mm&r=g\",\"contentUrl\":\"https:\/\/secure.gravatar.com\/avatar\/2b2cb2f4637682c5605e8d36818f51ef?s=96&d=mm&r=g\",\"caption\":\"Gabriel Barbosa\"},\"url\":\"https:\/\/www.adf.org.br\/home\/author\/gabrielpmk-com-br\/\"}]}<\/script>\n<!-- \/ Yoast SEO plugin. -->","yoast_head_json":{"title":"Ora\u00e7\u00e3o RAR\u00cdSSIMA para baixar gr\u00e1tis (por tempo limitado): Confira","description":"Uma rar\u00edssima ora\u00e7\u00e3o a Imaculada Concei\u00e7\u00e3o est\u00e1 dispon\u00edvel por tempo limitado. Garanto que ela ir\u00e1 mudar sua vida pra melhor. Confira.","robots":{"index":"index","follow":"follow","max-snippet":"max-snippet:-1","max-image-preview":"max-image-preview:large","max-video-preview":"max-video-preview:-1"},"canonical":"https:\/\/www.adf.org.br\/home\/oracao-rarissima\/","og_locale":"pt_BR","og_type":"article","og_title":"Ora\u00e7\u00e3o RAR\u00cdSSIMA para baixar gr\u00e1tis (por tempo limitado): Confira","og_description":"Uma rar\u00edssima ora\u00e7\u00e3o a Imaculada Concei\u00e7\u00e3o est\u00e1 dispon\u00edvel por tempo limitado. Garanto que ela ir\u00e1 mudar sua vida pra melhor. Confira.","og_url":"https:\/\/www.adf.org.br\/home\/oracao-rarissima\/","og_site_name":"Associa\u00e7\u00e3o Devotos de F\u00e1tima","article_published_time":"2016-07-27T03:00:04+00:00","og_image":[{"url":"http:\/\/www.adf.org.br\/home\/wp-content\/uploads\/2016\/07\/2016-07-26-1-724x1024.jpg"}],"twitter_card":"summary_large_image","twitter_misc":{"Escrito por":"Gabriel Barbosa","Est. tempo de leitura":"1 minuto"},"schema":{"@context":"https:\/\/schema.org","@graph":[{"@type":"WebSite","@id":"https:\/\/www.adf.org.br\/home\/#website","url":"https:\/\/www.adf.org.br\/home\/","name":"Associa\u00e7\u00e3o Devotos de F\u00e1tima","description":"Associa\u00e7\u00e3o Devotos de F\u00e1tima","potentialAction":[{"@type":"SearchAction","target":{"@type":"EntryPoint","urlTemplate":"https:\/\/www.adf.org.br\/home\/?s={search_term_string}"},"query-input":"required name=search_term_string"}],"inLanguage":"pt-BR"},{"@type":"ImageObject","@id":"https:\/\/www.adf.org.br\/home\/oracao-rarissima\/#primaryimage","inLanguage":"pt-BR","url":"http:\/\/www.adf.org.br\/home\/wp-content\/uploads\/2016\/07\/2016-07-26-1-724x1024.jpg","contentUrl":"http:\/\/www.adf.org.br\/home\/wp-content\/uploads\/2016\/07\/2016-07-26-1-724x1024.jpg"},{"@type":"WebPage","@id":"https:\/\/www.adf.org.br\/home\/oracao-rarissima\/#webpage","url":"https:\/\/www.adf.org.br\/home\/oracao-rarissima\/","name":"Ora\u00e7\u00e3o RAR\u00cdSSIMA para baixar gr\u00e1tis (por tempo limitado): Confira","isPartOf":{"@id":"https:\/\/www.adf.org.br\/home\/#website"},"primaryImageOfPage":{"@id":"https:\/\/www.adf.org.br\/home\/oracao-rarissima\/#primaryimage"},"datePublished":"2016-07-27T03:00:04+00:00","dateModified":"2016-07-27T03:00:04+00:00","author":{"@id":"https:\/\/www.adf.org.br\/home\/#\/schema\/person\/f35a5c5aa7728a3dedf4ea9aa1fc2753"},"description":"Uma rar\u00edssima ora\u00e7\u00e3o a Imaculada Concei\u00e7\u00e3o est\u00e1 dispon\u00edvel por tempo limitado. Garanto que ela ir\u00e1 mudar sua vida pra melhor. Confira.","breadcrumb":{"@id":"https:\/\/www.adf.org.br\/home\/oracao-rarissima\/#breadcrumb"},"inLanguage":"pt-BR","potentialAction":[{"@type":"ReadAction","target":["https:\/\/www.adf.org.br\/home\/oracao-rarissima\/"]}]},{"@type":"BreadcrumbList","@id":"https:\/\/www.adf.org.br\/home\/oracao-rarissima\/#breadcrumb","itemListElement":[{"@type":"ListItem","position":1,"name":"Home","item":"https:\/\/www.adf.org.br\/home\/"},{"@type":"ListItem","position":2,"name":"Ora\u00e7\u00e3o RAR\u00cdSSIMA para baixar gr\u00e1tis (por tempo limitado): pequeno Of\u00edcio da Imaculada Concei\u00e7\u00e3o"}]},{"@type":"Person","@id":"https:\/\/www.adf.org.br\/home\/#\/schema\/person\/f35a5c5aa7728a3dedf4ea9aa1fc2753","name":"Gabriel Barbosa","image":{"@type":"ImageObject","@id":"https:\/\/www.adf.org.br\/home\/#personlogo","inLanguage":"pt-BR","url":"https:\/\/secure.gravatar.com\/avatar\/2b2cb2f4637682c5605e8d36818f51ef?s=96&d=mm&r=g","contentUrl":"https:\/\/secure.gravatar.com\/avatar\/2b2cb2f4637682c5605e8d36818f51ef?s=96&d=mm&r=g","caption":"Gabriel Barbosa"},"url":"https:\/\/www.adf.org.br\/home\/author\/gabrielpmk-com-br\/"}]}},"_links":{"self":[{"href":"https:\/\/www.adf.org.br\/home\/wp-json\/wp\/v2\/posts\/41136"}],"collection":[{"href":"https:\/\/www.adf.org.br\/home\/wp-json\/wp\/v2\/posts"}],"about":[{"href":"https:\/\/www.adf.org.br\/home\/wp-json\/wp\/v2\/types\/post"}],"author":[{"embeddable":true,"href":"https:\/\/www.adf.org.br\/home\/wp-json\/wp\/v2\/users\/31"}],"replies":[{"embeddable":true,"href":"https:\/\/www.adf.org.br\/home\/wp-json\/wp\/v2\/comments?post=41136"}],"version-history":[{"count":0,"href":"https:\/\/www.adf.org.br\/home\/wp-json\/wp\/v2\/posts\/41136\/revisions"}],"wp:attachment":[{"href":"https:\/\/www.adf.org.br\/home\/wp-json\/wp\/v2\/media?parent=41136"}],"wp:term":[{"taxonomy":"category","embeddable":true,"href":"https:\/\/www.adf.org.br\/home\/wp-json\/wp\/v2\/categories?post=41136"},{"taxonomy":"post_tag","embeddable":true,"href":"https:\/\/www.adf.org.br\/home\/wp-json\/wp\/v2\/tags?post=41136"}],"curies":[{"name":"wp","href":"https:\/\/api.w.org\/{rel}","templated":true}]}}