{"id":41112,"date":"2018-07-25T00:00:35","date_gmt":"2018-07-25T03:00:35","guid":{"rendered":"http:\/\/www.adf.org.br\/home\/?p=41112"},"modified":"2018-07-25T00:00:35","modified_gmt":"2018-07-25T03:00:35","slug":"como-sair-da-depressao-3","status":"publish","type":"post","link":"https:\/\/www.adf.org.br\/home\/como-sair-da-depressao-3\/","title":{"rendered":"Um grande rem\u00e9dio ao seu alcance: a Santa Missa. Descubra aqui como sair da depress\u00e3o"},"content":{"rendered":"<figure id=\"attachment_41124\" aria-describedby=\"caption-attachment-41124\" style=\"width: 300px\" class=\"wp-caption aligncenter\"><a href=\"http:\/\/www.bastadedepressao.com.br\/?origem=4547\" target=\"_blank\" rel=\"noopener noreferrer\"><img loading=\"lazy\" class=\"wp-image-41124 size-medium\" src=\"http:\/\/www.adf.org.br\/home\/wp-content\/uploads\/2016\/07\/como-sair-da-depress\u00e3o-3-300x225.jpg\" alt=\"como sair da depress\u00e3o\" width=\"300\" height=\"225\" \/><\/a><figcaption id=\"caption-attachment-41124\" class=\"wp-caption-text\">Saiba mais!<\/figcaption><\/figure>\n<p><strong><span style=\"color: #ffffff;\">.<\/span><br \/>\n<span style=\"font-family: verdana, geneva, sans-serif; font-size: 12pt;\">Como sair da depress\u00e3o?<\/span><\/strong><span style=\"font-family: verdana, geneva, sans-serif; font-size: 12pt;\"> Voc\u00ea sabia que a Santa Missa \u00e9 um grande rem\u00e9dio ao seu alcance?<\/span><\/p>\n<p><span style=\"color: #ffffff; font-family: verdana, geneva, sans-serif; font-size: 12pt;\">.<\/span><br \/>\n<span style=\"font-family: verdana, geneva, sans-serif; font-size: 12pt;\"> Imagine voc\u00ea abrir a porta de casa, olhar\u00a0para fora e ver algo t\u00e3o extraordin\u00e1rio que\u00a0voc\u00ea N\u00c3O acredita no que est\u00e1 diante de\u00a0seus olhos.<\/span><\/p>\n<p><span style=\"color: #ffffff; font-family: verdana, geneva, sans-serif; font-size: 12pt;\">.<\/span><br \/>\n<span style=\"font-family: verdana, geneva, sans-serif; font-size: 12pt;\"> Voc\u00ea se belisca para ver se est\u00e1 sonhando,\u00a0chama mais gente para testemunhar aquele\u00a0fato e ent\u00e3o passa a ter certeza de que aquilo\u00a0est\u00e1 realmente acontecendo:<\/span><\/p>\n<p><span style=\"color: #ffffff; font-family: verdana, geneva, sans-serif; font-size: 12pt;\">.<\/span><\/p>\n<p style=\"text-align: center;\"><span style=\"font-family: verdana, geneva, sans-serif; font-size: 12pt;\"><strong>Voc\u00ea est\u00e1 se deparando com<\/strong><\/span><br \/>\n<span style=\"font-family: verdana, geneva, sans-serif; font-size: 12pt;\"> <strong> uma \u201cM\u00e1quina do Tempo\u201d<\/strong><\/span><\/p>\n<p><span style=\"color: #ffffff; font-family: verdana, geneva, sans-serif; font-size: 12pt;\">.<\/span><br \/>\n<span style=\"font-family: verdana, geneva, sans-serif; font-size: 12pt;\"> &#8211; <em>\u201cMeu Deus! Isso \u00e9 fabuloso\u201d<\/em>, \u00e9 o que se\u00a0passa na sua cabe\u00e7a.<\/span><\/p>\n<p><span style=\"color: #ffffff; font-family: verdana, geneva, sans-serif; font-size: 12pt;\">.<\/span><br \/>\n<span style=\"font-family: verdana, geneva, sans-serif; font-size: 12pt;\"> E voc\u00ea descobre que esta M\u00e1quina do Tempo\u00a0\u00e9 t\u00e3o poderosa, mas t\u00e3o poderosa, que ela\u00a0j\u00e1 est\u00e1 programada para levar voc\u00ea, seus\u00a0amigos e seus familiares para um lugar\u00a0inacredit\u00e1vel.<\/span><\/p>\n<p><span style=\"color: #ffffff; font-family: verdana, geneva, sans-serif; font-size: 12pt;\">.<\/span><br \/>\n<span style=\"font-family: verdana, geneva, sans-serif; font-size: 12pt;\"> <strong>Voc\u00eas est\u00e3o sendo levados para a Terra\u00a0Santa, no caminho que Nosso Senhor\u00a0percorreu, a Via Sacra, onde Ele sofreu\u00a0<\/strong><strong>e deu a vida no Calv\u00e1rio, por voc\u00ea e por\u00a0todos n\u00f3s.<\/strong><\/span><\/p>\n<p><span style=\"color: #ffffff; font-family: verdana, geneva, sans-serif; font-size: 12pt;\">.<\/span><br \/>\n<span style=\"font-family: verdana, geneva, sans-serif; font-size: 12pt;\"> E mais&#8230;<\/span><\/p>\n<p><span style=\"color: #ffffff; font-family: verdana, geneva, sans-serif; font-size: 12pt;\">.<\/span><br \/>\n<span style=\"font-family: verdana, geneva, sans-serif; font-size: 12pt;\"> Esta M\u00e1quina do Tempo permite a voc\u00ea\u00a0presenciar tudo o que se passou naquela hora\u00a0sagrada. Todo o sofrimento de Jesus at\u00e9 o\u00a0sacrif\u00edcio final.<\/span><\/p>\n<p><span style=\"color: #ffffff; font-family: verdana, geneva, sans-serif; font-size: 12pt;\">.<\/span><br \/>\n<span style=\"font-family: verdana, geneva, sans-serif; font-size: 12pt;\"> Antes disso voc\u00ea viu a institui\u00e7\u00e3o da\u00a0Sagrada Eucaristia, durante a \u00daltima Ceia,\u00a0quando Jesus consagrou o P\u00e3o e o Vinho,\u00a0os distribuiu aos seus Ap\u00f3stolos e lhes\u00a0ordenou a continuarem a celebrar este santo\u00a0sacramento.<\/span><\/p>\n<p><span style=\"color: #ffffff; font-family: verdana, geneva, sans-serif; font-size: 12pt;\">.<\/span><br \/>\n<span style=\"font-family: verdana, geneva, sans-serif; font-size: 12pt;\"> Mas, antes de prosseguir, quer uma <span style=\"color: #008000;\"><strong>BOA<\/strong><\/span> e\u00a0uma <span style=\"color: #ff0000;\"><strong>M\u00c1<\/strong><\/span> not\u00edcia?<\/span><\/p>\n<p><span style=\"color: #ffffff; font-family: verdana, geneva, sans-serif; font-size: 12pt;\">.<\/span><br \/>\n<span style=\"color: #ff0000; font-family: verdana, geneva, sans-serif; font-size: 12pt;\"> A <strong>M\u00c1 not\u00edcia<\/strong> \u00e9 que esta M\u00e1quina do\u00a0Tempo infelizmente n\u00e3o existe, pois\u00a0trata-se de um exemplo fict\u00edcio.<\/span><\/p>\n<p><span style=\"color: #ffffff; font-family: verdana, geneva, sans-serif; font-size: 12pt;\">.<\/span><br \/>\n<span style=\"color: #339966; font-family: verdana, geneva, sans-serif; font-size: 12pt;\"> Mas a<strong> BOA not\u00edcia<\/strong> \u00e9 t\u00e3o\u00a0MARAVILHOSA, t\u00e3o fenomenal, que\u00a0muita gente custa a acreditar. Mas \u00e9 a\u00a0mais pura verdade.<\/span><\/p>\n<p><span style=\"color: #ffffff; font-family: verdana, geneva, sans-serif; font-size: 12pt;\">.<\/span><\/p>\n<h2><span style=\"font-family: verdana, geneva, sans-serif; font-size: 12pt;\"><strong>Como sair da depress\u00e3o?<\/strong><\/span><\/h2>\n<p><span style=\"color: #ffffff; font-family: verdana, geneva, sans-serif; font-size: 12pt;\">.<\/span><\/p>\n<p><span style=\"font-family: verdana, geneva, sans-serif; font-size: 12pt;\">Mesmo sem ter uma \u201cM\u00e1quina do Tempo\u201d\u00a0voc\u00ea pode presenciar tudo o que foi descrito\u00a0acima, celebrar o mist\u00e9rio da Sagrada\u00a0Eucaristia, participar da renova\u00e7\u00e3o do\u00a0sacrif\u00edcio de Cristo e entrar em perfeita\u00a0comunh\u00e3o com Nosso Senhor.<\/span><\/p>\n<p><span style=\"color: #ffffff; font-family: verdana, geneva, sans-serif; font-size: 12pt;\">.<\/span><br \/>\n<span style=\"font-family: verdana, geneva, sans-serif; font-size: 12pt;\"> Tudo de maneira gratuita. Todos os dias se\u00a0voc\u00ea quiser. Como?<\/span><\/p>\n<p style=\"text-align: center;\"><span style=\"color: #ffffff; font-family: verdana, geneva, sans-serif; font-size: 12pt;\">.<\/span><br \/>\n<span style=\"font-family: verdana, geneva, sans-serif; font-size: 12pt;\"> <strong>Por meio\u00a0da Santa Missa!<\/strong><\/span><\/p>\n<p><span style=\"color: #ffffff; font-family: verdana, geneva, sans-serif; font-size: 12pt;\">.<\/span><br \/>\n<span style=\"font-family: verdana, geneva, sans-serif; font-size: 12pt;\"> Voc\u00ea sabia que, depois da Eucaristia, a Santa\u00a0Missa \u00e9 o maior TESOURO que existe? Isso\u00a0mesmo!<\/span><\/p>\n<p><span style=\"font-family: verdana, geneva, sans-serif; font-size: 12pt;\"><span style=\"color: #ffffff;\">.<br \/>\n<\/span>E, por meio dela, voc\u00ea poder\u00e1 encontrar mais\u00a0rapidamente a cura de todos os sintomas que\u00a0lhe entristecem e debilitam. Inclusive descobrir <strong>como sair da depress\u00e3o<\/strong>.<\/span><\/p>\n<p><span style=\"color: #ffffff; font-family: verdana, geneva, sans-serif; font-size: 12pt;\">.<\/span><br \/>\n<span style=\"font-family: verdana, geneva, sans-serif; font-size: 12pt;\"> Quando lhe faltarem as energias, quando\u00a0tudo parecer perdido, quando voc\u00ea sentir que\u00a0suas pr\u00f3prias ora\u00e7\u00f5es n\u00e3o possuem a for\u00e7a\u00a0de que deseja, lembre-se de que voc\u00ea tem um\u00a0tesouro em m\u00e3os que lhe ajudar\u00e1 a resolver<\/span><br \/>\n<span style=\"font-family: verdana, geneva, sans-serif; font-size: 12pt;\"> qualquer problema: \u00e9 a Santa Missa.<\/span><\/p>\n<p><span style=\"color: #ffffff; font-family: verdana, geneva, sans-serif; font-size: 12pt;\">.<\/span><br \/>\n<span style=\"font-family: verdana, geneva, sans-serif; font-size: 12pt;\"> E sabe por qu\u00ea?<\/span><\/p>\n<p><span style=\"color: #ffffff; font-family: verdana, geneva, sans-serif; font-size: 12pt;\">.<\/span><br \/>\n<span style=\"font-family: verdana, geneva, sans-serif; font-size: 12pt;\"> Porque a Santa Missa \u00e9 a renova\u00e7\u00e3o\u00a0do sacrif\u00edcio que Jesus Cristo fez\u00a0no Calv\u00e1rio, por voc\u00ea, por mim, por\u00a0todos n\u00f3s. \u00c9 realmente uma forma de <strong>como sair da depress\u00e3o<\/strong>.<\/span><\/p>\n<p><span style=\"color: #ffffff; font-family: verdana, geneva, sans-serif; font-size: 12pt;\">.<\/span><br \/>\n<span style=\"font-family: verdana, geneva, sans-serif; font-size: 12pt;\"> Em cada celebra\u00e7\u00e3o eucar\u00edstica, o\u00a0sacrif\u00edcio de Cristo se renova, mas\u00a0de maneira incruenta, ou seja, sem\u00a0sangue.<\/span><\/p>\n<p><span style=\"color: #ffffff; font-family: verdana, geneva, sans-serif; font-size: 12pt;\">.<\/span><br \/>\n<span style=\"font-family: verdana, geneva, sans-serif; font-size: 12pt;\"> Voc\u00ea tinha ideia exata do qu\u00e3o precioso era\u00a0isso para a sua vida?<\/span><\/p>\n<p><span style=\"color: #ffffff; font-family: verdana, geneva, sans-serif; font-size: 12pt;\">.<\/span><br \/>\n<span style=\"font-family: verdana, geneva, sans-serif; font-size: 12pt;\"> Voc\u00ea tamb\u00e9m poder\u00e1 <span style=\"color: #0000ff;\"><strong><a style=\"color: #0000ff;\" href=\"http:\/\/www.bastadedepressao.com.br\/?origem=4547\">assistir aqui<\/a><\/strong><\/span> a um depoimento de como sair da depress\u00e3o sem medicamentos e f\u00f3rmulas secretas, somente com a ora\u00e7\u00e3o.<\/span><\/p>\n<p style=\"text-align: center;\"><span style=\"color: #ffffff; font-family: verdana, geneva, sans-serif; font-size: 12pt;\">.<\/span><br \/>\n<span style=\"font-family: verdana, geneva, sans-serif; font-size: 12pt;\"> Se preferir, acesse este site:<\/span><br \/>\n<span style=\"font-family: verdana, geneva, sans-serif; font-size: 14pt;\"> <a href=\"http:\/\/www.bastadedepressao.com.br\/?origem=4547\"><span style=\"text-decoration: underline; color: #0000ff;\"><strong>www.bastadedepressao.com.br<\/strong><\/span><\/a><\/span><\/p>\n<p style=\"text-align: center;\"><span style=\"color: #ffffff; font-family: verdana, geneva, sans-serif; font-size: 12pt;\">.<\/span><\/p>\n<p style=\"text-align: center;\"><span style=\"color: #ffffff; font-family: verdana, geneva, sans-serif; font-size: 12pt;\">.<\/span><\/p>\n<p><span style=\"color: #ffffff; font-family: verdana, geneva, sans-serif; font-size: 12pt;\">.<\/span><\/p>\n","protected":false},"excerpt":{"rendered":"<p>A Santa Missa \u00e9 um excelente rem\u00e9dio para ajudar em como sair da depress\u00e3o. Leia mais aqui.<\/p>\n","protected":false},"author":31,"featured_media":41125,"comment_status":"closed","ping_status":"open","sticky":false,"template":"","format":"standard","meta":[],"categories":[20],"tags":[2048,2495,2496,2051,2055,2497],"yoast_head":"<!-- This site is optimized with the Yoast SEO plugin v17.4 - https:\/\/yoast.com\/wordpress\/plugins\/seo\/ -->\n<title>Como sair da depress\u00e3o? A Santa Missa pode ser um caminho<\/title>\n<meta name=\"description\" content=\"\u00c9 poss\u00edvel descobrir como sair da depress\u00e3o pela Santa Missa, voc\u00ea sabia? Sem rem\u00e9dios e sem f\u00f3rmulas secretas. Saiba mais aqui.\" \/>\n<meta name=\"robots\" content=\"index, follow, max-snippet:-1, max-image-preview:large, max-video-preview:-1\" \/>\n<link rel=\"canonical\" href=\"https:\/\/www.adf.org.br\/home\/como-sair-da-depressao-3\/\" \/>\n<meta property=\"og:locale\" content=\"pt_BR\" \/>\n<meta property=\"og:type\" content=\"article\" \/>\n<meta property=\"og:title\" content=\"Como sair da depress\u00e3o? A Santa Missa pode ser um caminho\" \/>\n<meta property=\"og:description\" content=\"\u00c9 poss\u00edvel descobrir como sair da depress\u00e3o pela Santa Missa, voc\u00ea sabia? Sem rem\u00e9dios e sem f\u00f3rmulas secretas. Saiba mais aqui.\" \/>\n<meta property=\"og:url\" content=\"https:\/\/www.adf.org.br\/home\/como-sair-da-depressao-3\/\" \/>\n<meta property=\"og:site_name\" content=\"Associa\u00e7\u00e3o Devotos de F\u00e1tima\" \/>\n<meta property=\"article:published_time\" content=\"2018-07-25T03:00:35+00:00\" \/>\n<meta name=\"twitter:card\" content=\"summary_large_image\" \/>\n<meta name=\"twitter:label1\" content=\"Escrito por\" \/>\n\t<meta name=\"twitter:data1\" content=\"Gabriel Barbosa\" \/>\n\t<meta name=\"twitter:label2\" content=\"Est. tempo de leitura\" \/>\n\t<meta name=\"twitter:data2\" content=\"3 minutos\" \/>\n<script type=\"application\/ld+json\" class=\"yoast-schema-graph\">{\"@context\":\"https:\/\/schema.org\",\"@graph\":[{\"@type\":\"WebSite\",\"@id\":\"https:\/\/www.adf.org.br\/home\/#website\",\"url\":\"https:\/\/www.adf.org.br\/home\/\",\"name\":\"Associa\\u00e7\\u00e3o Devotos de F\\u00e1tima\",\"description\":\"Associa\\u00e7\\u00e3o Devotos de F\\u00e1tima\",\"potentialAction\":[{\"@type\":\"SearchAction\",\"target\":{\"@type\":\"EntryPoint\",\"urlTemplate\":\"https:\/\/www.adf.org.br\/home\/?s={search_term_string}\"},\"query-input\":\"required name=search_term_string\"}],\"inLanguage\":\"pt-BR\"},{\"@type\":\"ImageObject\",\"@id\":\"https:\/\/www.adf.org.br\/home\/como-sair-da-depressao-3\/#primaryimage\",\"inLanguage\":\"pt-BR\",\"url\":\"\",\"contentUrl\":\"\"},{\"@type\":\"WebPage\",\"@id\":\"https:\/\/www.adf.org.br\/home\/como-sair-da-depressao-3\/#webpage\",\"url\":\"https:\/\/www.adf.org.br\/home\/como-sair-da-depressao-3\/\",\"name\":\"Como sair da depress\\u00e3o? A Santa Missa pode ser um caminho\",\"isPartOf\":{\"@id\":\"https:\/\/www.adf.org.br\/home\/#website\"},\"primaryImageOfPage\":{\"@id\":\"https:\/\/www.adf.org.br\/home\/como-sair-da-depressao-3\/#primaryimage\"},\"datePublished\":\"2018-07-25T03:00:35+00:00\",\"dateModified\":\"2018-07-25T03:00:35+00:00\",\"author\":{\"@id\":\"https:\/\/www.adf.org.br\/home\/#\/schema\/person\/f35a5c5aa7728a3dedf4ea9aa1fc2753\"},\"description\":\"\\u00c9 poss\\u00edvel descobrir como sair da depress\\u00e3o pela Santa Missa, voc\\u00ea sabia? Sem rem\\u00e9dios e sem f\\u00f3rmulas secretas. Saiba mais aqui.\",\"breadcrumb\":{\"@id\":\"https:\/\/www.adf.org.br\/home\/como-sair-da-depressao-3\/#breadcrumb\"},\"inLanguage\":\"pt-BR\",\"potentialAction\":[{\"@type\":\"ReadAction\",\"target\":[\"https:\/\/www.adf.org.br\/home\/como-sair-da-depressao-3\/\"]}]},{\"@type\":\"BreadcrumbList\",\"@id\":\"https:\/\/www.adf.org.br\/home\/como-sair-da-depressao-3\/#breadcrumb\",\"itemListElement\":[{\"@type\":\"ListItem\",\"position\":1,\"name\":\"Home\",\"item\":\"https:\/\/www.adf.org.br\/home\/\"},{\"@type\":\"ListItem\",\"position\":2,\"name\":\"Um grande rem\\u00e9dio ao seu alcance: a Santa Missa. Descubra aqui como sair da depress\\u00e3o\"}]},{\"@type\":\"Person\",\"@id\":\"https:\/\/www.adf.org.br\/home\/#\/schema\/person\/f35a5c5aa7728a3dedf4ea9aa1fc2753\",\"name\":\"Gabriel Barbosa\",\"image\":{\"@type\":\"ImageObject\",\"@id\":\"https:\/\/www.adf.org.br\/home\/#personlogo\",\"inLanguage\":\"pt-BR\",\"url\":\"https:\/\/secure.gravatar.com\/avatar\/2b2cb2f4637682c5605e8d36818f51ef?s=96&d=mm&r=g\",\"contentUrl\":\"https:\/\/secure.gravatar.com\/avatar\/2b2cb2f4637682c5605e8d36818f51ef?s=96&d=mm&r=g\",\"caption\":\"Gabriel Barbosa\"},\"url\":\"https:\/\/www.adf.org.br\/home\/author\/gabrielpmk-com-br\/\"}]}<\/script>\n<!-- \/ Yoast SEO plugin. -->","yoast_head_json":{"title":"Como sair da depress\u00e3o? A Santa Missa pode ser um caminho","description":"\u00c9 poss\u00edvel descobrir como sair da depress\u00e3o pela Santa Missa, voc\u00ea sabia? Sem rem\u00e9dios e sem f\u00f3rmulas secretas. Saiba mais aqui.","robots":{"index":"index","follow":"follow","max-snippet":"max-snippet:-1","max-image-preview":"max-image-preview:large","max-video-preview":"max-video-preview:-1"},"canonical":"https:\/\/www.adf.org.br\/home\/como-sair-da-depressao-3\/","og_locale":"pt_BR","og_type":"article","og_title":"Como sair da depress\u00e3o? A Santa Missa pode ser um caminho","og_description":"\u00c9 poss\u00edvel descobrir como sair da depress\u00e3o pela Santa Missa, voc\u00ea sabia? Sem rem\u00e9dios e sem f\u00f3rmulas secretas. Saiba mais aqui.","og_url":"https:\/\/www.adf.org.br\/home\/como-sair-da-depressao-3\/","og_site_name":"Associa\u00e7\u00e3o Devotos de F\u00e1tima","article_published_time":"2018-07-25T03:00:35+00:00","twitter_card":"summary_large_image","twitter_misc":{"Escrito por":"Gabriel Barbosa","Est. tempo de leitura":"3 minutos"},"schema":{"@context":"https:\/\/schema.org","@graph":[{"@type":"WebSite","@id":"https:\/\/www.adf.org.br\/home\/#website","url":"https:\/\/www.adf.org.br\/home\/","name":"Associa\u00e7\u00e3o Devotos de F\u00e1tima","description":"Associa\u00e7\u00e3o Devotos de F\u00e1tima","potentialAction":[{"@type":"SearchAction","target":{"@type":"EntryPoint","urlTemplate":"https:\/\/www.adf.org.br\/home\/?s={search_term_string}"},"query-input":"required name=search_term_string"}],"inLanguage":"pt-BR"},{"@type":"ImageObject","@id":"https:\/\/www.adf.org.br\/home\/como-sair-da-depressao-3\/#primaryimage","inLanguage":"pt-BR","url":"","contentUrl":""},{"@type":"WebPage","@id":"https:\/\/www.adf.org.br\/home\/como-sair-da-depressao-3\/#webpage","url":"https:\/\/www.adf.org.br\/home\/como-sair-da-depressao-3\/","name":"Como sair da depress\u00e3o? A Santa Missa pode ser um caminho","isPartOf":{"@id":"https:\/\/www.adf.org.br\/home\/#website"},"primaryImageOfPage":{"@id":"https:\/\/www.adf.org.br\/home\/como-sair-da-depressao-3\/#primaryimage"},"datePublished":"2018-07-25T03:00:35+00:00","dateModified":"2018-07-25T03:00:35+00:00","author":{"@id":"https:\/\/www.adf.org.br\/home\/#\/schema\/person\/f35a5c5aa7728a3dedf4ea9aa1fc2753"},"description":"\u00c9 poss\u00edvel descobrir como sair da depress\u00e3o pela Santa Missa, voc\u00ea sabia? Sem rem\u00e9dios e sem f\u00f3rmulas secretas. Saiba mais aqui.","breadcrumb":{"@id":"https:\/\/www.adf.org.br\/home\/como-sair-da-depressao-3\/#breadcrumb"},"inLanguage":"pt-BR","potentialAction":[{"@type":"ReadAction","target":["https:\/\/www.adf.org.br\/home\/como-sair-da-depressao-3\/"]}]},{"@type":"BreadcrumbList","@id":"https:\/\/www.adf.org.br\/home\/como-sair-da-depressao-3\/#breadcrumb","itemListElement":[{"@type":"ListItem","position":1,"name":"Home","item":"https:\/\/www.adf.org.br\/home\/"},{"@type":"ListItem","position":2,"name":"Um grande rem\u00e9dio ao seu alcance: a Santa Missa. Descubra aqui como sair da depress\u00e3o"}]},{"@type":"Person","@id":"https:\/\/www.adf.org.br\/home\/#\/schema\/person\/f35a5c5aa7728a3dedf4ea9aa1fc2753","name":"Gabriel Barbosa","image":{"@type":"ImageObject","@id":"https:\/\/www.adf.org.br\/home\/#personlogo","inLanguage":"pt-BR","url":"https:\/\/secure.gravatar.com\/avatar\/2b2cb2f4637682c5605e8d36818f51ef?s=96&d=mm&r=g","contentUrl":"https:\/\/secure.gravatar.com\/avatar\/2b2cb2f4637682c5605e8d36818f51ef?s=96&d=mm&r=g","caption":"Gabriel Barbosa"},"url":"https:\/\/www.adf.org.br\/home\/author\/gabrielpmk-com-br\/"}]}},"_links":{"self":[{"href":"https:\/\/www.adf.org.br\/home\/wp-json\/wp\/v2\/posts\/41112"}],"collection":[{"href":"https:\/\/www.adf.org.br\/home\/wp-json\/wp\/v2\/posts"}],"about":[{"href":"https:\/\/www.adf.org.br\/home\/wp-json\/wp\/v2\/types\/post"}],"author":[{"embeddable":true,"href":"https:\/\/www.adf.org.br\/home\/wp-json\/wp\/v2\/users\/31"}],"replies":[{"embeddable":true,"href":"https:\/\/www.adf.org.br\/home\/wp-json\/wp\/v2\/comments?post=41112"}],"version-history":[{"count":0,"href":"https:\/\/www.adf.org.br\/home\/wp-json\/wp\/v2\/posts\/41112\/revisions"}],"wp:featuredmedia":[{"embeddable":true,"href":"https:\/\/www.adf.org.br\/home\/wp-json\/wp\/v2\/media\/41125"}],"wp:attachment":[{"href":"https:\/\/www.adf.org.br\/home\/wp-json\/wp\/v2\/media?parent=41112"}],"wp:term":[{"taxonomy":"category","embeddable":true,"href":"https:\/\/www.adf.org.br\/home\/wp-json\/wp\/v2\/categories?post=41112"},{"taxonomy":"post_tag","embeddable":true,"href":"https:\/\/www.adf.org.br\/home\/wp-json\/wp\/v2\/tags?post=41112"}],"curies":[{"name":"wp","href":"https:\/\/api.w.org\/{rel}","templated":true}]}}