{"id":40958,"date":"2016-07-18T09:06:20","date_gmt":"2016-07-18T12:06:20","guid":{"rendered":"http:\/\/www.adf.org.br\/home\/?p=40958"},"modified":"2016-07-18T09:06:20","modified_gmt":"2016-07-18T12:06:20","slug":"missa-pelos-enfermos","status":"publish","type":"post","link":"https:\/\/www.adf.org.br\/home\/missa-pelos-enfermos\/","title":{"rendered":"Missa pelos Enfermos: Inscreva as suas inten\u00e7\u00f5es aqui"},"content":{"rendered":"<p>&nbsp;<\/p>\n<div style=\"max-width: 600px; min-width: 200px; position: relative; margin: auto; color: #333; background-color: #d1dde3;\">\n<div style=\"max-width: 600px; min-width: 200px; position: relative; margin: auto; color: #333;\">\n<p><!-- ======== ======== Snippet # Start ======== ======== --><\/p>\n<div style=\"font-size: 1px; color: #fff; display: none !important; mso-hide: all;\">\n<p>Esta Santa Missa ser\u00e1 celebrada no pr\u00f3ximo s\u00e1bado e voc\u00ea poder\u00e1 inscrever todos os seus pedidos ligando gr\u00e1tis no 0800 773 11 19.<\/p>\n<\/div>\n<p><!-- ======== ======== Snippet # End ======== ======== --><\/p>\n<p><!-- ======== ======== Top # Start ======== ======== --><\/p>\n<div style=\"max-width: 597px; min-width: 200px;\">\n<p><a href=\"tel:08007731119\" target=\"_blank\" rel=\"noopener noreferrer\"><img style=\"width: 100%; display: block;\" title=\"Missa pelos Enfermos\" src=\"http:\/\/www.adf.org.br\/home\/emkt\/emktdm_imgs\/2015\/04_abril\/06\/top.jpg\" alt=\"Missa pelos Enfermos\" border=\"0\" \/><\/a><\/p>\n<\/div>\n<p><!-- ======== ======== Top # End ======== ======== --><\/p>\n<p><!-- ======== ======== Content # Start ======== ======== --><\/p>\n<div style=\"max-width: 600px; min-width: 200px; font-family: Arial, Helvetica, sans-serif; font-size: 16px; margin: 0; padding: 4% 12%; text-align: center; color: #1d3661;\">\n<p style=\"margin: 0px;\"><strong><br \/>\nPara incluir seu nome ou algu\u00e9m que necessite de ora\u00e7\u00f5es na Missa pelos Enfermos, ligue somente hoje para:<\/strong><\/p>\n<p>&nbsp;<\/p>\n<div style=\"text-align: center;\">\n<p style=\"max-width: 320px; margin: auto; padding: 15px; border-radius: 10px; background: #435c87; color: #fff;\"><a style=\"color: #fff; font-size: 35px; text-decoration: underline; display: block; margin: 6px 0;\" href=\"tel:08007731119\" target=\"_blank\" rel=\"noopener noreferrer\"><strong>0800 773 11 19<\/strong><br \/>\n<\/a><a style=\"font-size: 13px; color: #fff; text-decoration: none;\" href=\"tel:08007731119\" target=\"_blank\" rel=\"noopener noreferrer\">Pelo celular tecle sobre o teledone para ligar.<br \/>\nDe seg. \u00e0 sex. das 7h \u00e0s 20h. S\u00e1bado at\u00e9 \u00e0s 13h. <\/a><\/p>\n<p><span style=\"color: #d1dde3;\">.<\/span><\/p>\n<p>&#8220;\u00d3 Nossa Senhora de F\u00e1tima, curai todos os males do corpo e da alma. Am\u00e9m&#8221;.<\/p>\n<\/div>\n<\/div>\n<p><!-- ======== ======== Content # End ======== ======== --><\/p>\n<p><!-- ======== ======== Footer # Start ======== ======== --><\/p>\n<div style=\"max-width: 597px; min-width: 200px;\">\n<p><img style=\"width: 100%; display: block;\" title=\"Associa\u00e7\u00e3o Devotos de F\u00e1tima\" src=\"http:\/\/www.adf.org.br\/home\/emkt\/emktdm_imgs\/2015\/04_abril\/06\/footer.jpg\" alt=\"Associa\u00e7\u00e3o Devotos de F\u00e1tima\" border=\"0\" \/><\/p>\n<\/div>\n<p><!-- ======== ======== Footer # End ======== ======== --><\/p>\n<\/div>\n<div style=\"font-family: Arial, Helvetica, sans-serif; font-size: 11px; text-align: center; background-color: #fff;\"><\/div>\n<\/div>\n","protected":false},"excerpt":{"rendered":"<p>A Missa pelos Enfermos ser\u00e1 celebrada no pr\u00f3ximo s\u00e1bado. Ligue 0800 773 11 19 e inscreva as suas inten\u00e7\u00f5es.<\/p>\n","protected":false},"author":31,"featured_media":40965,"comment_status":"closed","ping_status":"open","sticky":false,"template":"","format":"standard","meta":[],"categories":[20],"tags":[2035,2036,2002,1169,407,2037,2038],"yoast_head":"<!-- This site is optimized with the Yoast SEO plugin v17.4 - https:\/\/yoast.com\/wordpress\/plugins\/seo\/ -->\n<title>Missa pelos Enfermos: Inscreva as suas inten\u00e7\u00f5es<\/title>\n<meta name=\"description\" content=\"Inscreva as suas inten\u00e7\u00f5es na Missa pelos Enfermos. Uma celebra\u00e7\u00e3o para curar todos os tipos de doen\u00e7as f\u00edsicas e espirituais.\" \/>\n<meta name=\"robots\" content=\"index, follow, max-snippet:-1, max-image-preview:large, max-video-preview:-1\" \/>\n<link rel=\"canonical\" href=\"https:\/\/www.adf.org.br\/home\/missa-pelos-enfermos\/\" \/>\n<meta property=\"og:locale\" content=\"pt_BR\" \/>\n<meta property=\"og:type\" content=\"article\" \/>\n<meta property=\"og:title\" content=\"Missa pelos Enfermos: Inscreva as suas inten\u00e7\u00f5es\" \/>\n<meta property=\"og:description\" content=\"Inscreva as suas inten\u00e7\u00f5es na Missa pelos Enfermos. Uma celebra\u00e7\u00e3o para curar todos os tipos de doen\u00e7as f\u00edsicas e espirituais.\" \/>\n<meta property=\"og:url\" content=\"https:\/\/www.adf.org.br\/home\/missa-pelos-enfermos\/\" \/>\n<meta property=\"og:site_name\" content=\"Associa\u00e7\u00e3o Devotos de F\u00e1tima\" \/>\n<meta property=\"article:published_time\" content=\"2016-07-18T12:06:20+00:00\" \/>\n<meta name=\"twitter:card\" content=\"summary_large_image\" \/>\n<meta name=\"twitter:label1\" content=\"Escrito por\" \/>\n\t<meta name=\"twitter:data1\" content=\"Gabriel Barbosa\" \/>\n<script type=\"application\/ld+json\" class=\"yoast-schema-graph\">{\"@context\":\"https:\/\/schema.org\",\"@graph\":[{\"@type\":\"WebSite\",\"@id\":\"https:\/\/www.adf.org.br\/home\/#website\",\"url\":\"https:\/\/www.adf.org.br\/home\/\",\"name\":\"Associa\\u00e7\\u00e3o Devotos de F\\u00e1tima\",\"description\":\"Associa\\u00e7\\u00e3o Devotos de F\\u00e1tima\",\"potentialAction\":[{\"@type\":\"SearchAction\",\"target\":{\"@type\":\"EntryPoint\",\"urlTemplate\":\"https:\/\/www.adf.org.br\/home\/?s={search_term_string}\"},\"query-input\":\"required name=search_term_string\"}],\"inLanguage\":\"pt-BR\"},{\"@type\":\"ImageObject\",\"@id\":\"https:\/\/www.adf.org.br\/home\/missa-pelos-enfermos\/#primaryimage\",\"inLanguage\":\"pt-BR\",\"url\":\"\",\"contentUrl\":\"\"},{\"@type\":\"WebPage\",\"@id\":\"https:\/\/www.adf.org.br\/home\/missa-pelos-enfermos\/#webpage\",\"url\":\"https:\/\/www.adf.org.br\/home\/missa-pelos-enfermos\/\",\"name\":\"Missa pelos Enfermos: Inscreva as suas inten\\u00e7\\u00f5es\",\"isPartOf\":{\"@id\":\"https:\/\/www.adf.org.br\/home\/#website\"},\"primaryImageOfPage\":{\"@id\":\"https:\/\/www.adf.org.br\/home\/missa-pelos-enfermos\/#primaryimage\"},\"datePublished\":\"2016-07-18T12:06:20+00:00\",\"dateModified\":\"2016-07-18T12:06:20+00:00\",\"author\":{\"@id\":\"https:\/\/www.adf.org.br\/home\/#\/schema\/person\/f35a5c5aa7728a3dedf4ea9aa1fc2753\"},\"description\":\"Inscreva as suas inten\\u00e7\\u00f5es na Missa pelos Enfermos. Uma celebra\\u00e7\\u00e3o para curar todos os tipos de doen\\u00e7as f\\u00edsicas e espirituais.\",\"breadcrumb\":{\"@id\":\"https:\/\/www.adf.org.br\/home\/missa-pelos-enfermos\/#breadcrumb\"},\"inLanguage\":\"pt-BR\",\"potentialAction\":[{\"@type\":\"ReadAction\",\"target\":[\"https:\/\/www.adf.org.br\/home\/missa-pelos-enfermos\/\"]}]},{\"@type\":\"BreadcrumbList\",\"@id\":\"https:\/\/www.adf.org.br\/home\/missa-pelos-enfermos\/#breadcrumb\",\"itemListElement\":[{\"@type\":\"ListItem\",\"position\":1,\"name\":\"Home\",\"item\":\"https:\/\/www.adf.org.br\/home\/\"},{\"@type\":\"ListItem\",\"position\":2,\"name\":\"Missa pelos Enfermos: Inscreva as suas inten\\u00e7\\u00f5es aqui\"}]},{\"@type\":\"Person\",\"@id\":\"https:\/\/www.adf.org.br\/home\/#\/schema\/person\/f35a5c5aa7728a3dedf4ea9aa1fc2753\",\"name\":\"Gabriel Barbosa\",\"image\":{\"@type\":\"ImageObject\",\"@id\":\"https:\/\/www.adf.org.br\/home\/#personlogo\",\"inLanguage\":\"pt-BR\",\"url\":\"https:\/\/secure.gravatar.com\/avatar\/2b2cb2f4637682c5605e8d36818f51ef?s=96&d=mm&r=g\",\"contentUrl\":\"https:\/\/secure.gravatar.com\/avatar\/2b2cb2f4637682c5605e8d36818f51ef?s=96&d=mm&r=g\",\"caption\":\"Gabriel Barbosa\"},\"url\":\"https:\/\/www.adf.org.br\/home\/author\/gabrielpmk-com-br\/\"}]}<\/script>\n<!-- \/ Yoast SEO plugin. -->","yoast_head_json":{"title":"Missa pelos Enfermos: Inscreva as suas inten\u00e7\u00f5es","description":"Inscreva as suas inten\u00e7\u00f5es na Missa pelos Enfermos. Uma celebra\u00e7\u00e3o para curar todos os tipos de doen\u00e7as f\u00edsicas e espirituais.","robots":{"index":"index","follow":"follow","max-snippet":"max-snippet:-1","max-image-preview":"max-image-preview:large","max-video-preview":"max-video-preview:-1"},"canonical":"https:\/\/www.adf.org.br\/home\/missa-pelos-enfermos\/","og_locale":"pt_BR","og_type":"article","og_title":"Missa pelos Enfermos: Inscreva as suas inten\u00e7\u00f5es","og_description":"Inscreva as suas inten\u00e7\u00f5es na Missa pelos Enfermos. Uma celebra\u00e7\u00e3o para curar todos os tipos de doen\u00e7as f\u00edsicas e espirituais.","og_url":"https:\/\/www.adf.org.br\/home\/missa-pelos-enfermos\/","og_site_name":"Associa\u00e7\u00e3o Devotos de F\u00e1tima","article_published_time":"2016-07-18T12:06:20+00:00","twitter_card":"summary_large_image","twitter_misc":{"Escrito por":"Gabriel Barbosa"},"schema":{"@context":"https:\/\/schema.org","@graph":[{"@type":"WebSite","@id":"https:\/\/www.adf.org.br\/home\/#website","url":"https:\/\/www.adf.org.br\/home\/","name":"Associa\u00e7\u00e3o Devotos de F\u00e1tima","description":"Associa\u00e7\u00e3o Devotos de F\u00e1tima","potentialAction":[{"@type":"SearchAction","target":{"@type":"EntryPoint","urlTemplate":"https:\/\/www.adf.org.br\/home\/?s={search_term_string}"},"query-input":"required name=search_term_string"}],"inLanguage":"pt-BR"},{"@type":"ImageObject","@id":"https:\/\/www.adf.org.br\/home\/missa-pelos-enfermos\/#primaryimage","inLanguage":"pt-BR","url":"","contentUrl":""},{"@type":"WebPage","@id":"https:\/\/www.adf.org.br\/home\/missa-pelos-enfermos\/#webpage","url":"https:\/\/www.adf.org.br\/home\/missa-pelos-enfermos\/","name":"Missa pelos Enfermos: Inscreva as suas inten\u00e7\u00f5es","isPartOf":{"@id":"https:\/\/www.adf.org.br\/home\/#website"},"primaryImageOfPage":{"@id":"https:\/\/www.adf.org.br\/home\/missa-pelos-enfermos\/#primaryimage"},"datePublished":"2016-07-18T12:06:20+00:00","dateModified":"2016-07-18T12:06:20+00:00","author":{"@id":"https:\/\/www.adf.org.br\/home\/#\/schema\/person\/f35a5c5aa7728a3dedf4ea9aa1fc2753"},"description":"Inscreva as suas inten\u00e7\u00f5es na Missa pelos Enfermos. Uma celebra\u00e7\u00e3o para curar todos os tipos de doen\u00e7as f\u00edsicas e espirituais.","breadcrumb":{"@id":"https:\/\/www.adf.org.br\/home\/missa-pelos-enfermos\/#breadcrumb"},"inLanguage":"pt-BR","potentialAction":[{"@type":"ReadAction","target":["https:\/\/www.adf.org.br\/home\/missa-pelos-enfermos\/"]}]},{"@type":"BreadcrumbList","@id":"https:\/\/www.adf.org.br\/home\/missa-pelos-enfermos\/#breadcrumb","itemListElement":[{"@type":"ListItem","position":1,"name":"Home","item":"https:\/\/www.adf.org.br\/home\/"},{"@type":"ListItem","position":2,"name":"Missa pelos Enfermos: Inscreva as suas inten\u00e7\u00f5es aqui"}]},{"@type":"Person","@id":"https:\/\/www.adf.org.br\/home\/#\/schema\/person\/f35a5c5aa7728a3dedf4ea9aa1fc2753","name":"Gabriel Barbosa","image":{"@type":"ImageObject","@id":"https:\/\/www.adf.org.br\/home\/#personlogo","inLanguage":"pt-BR","url":"https:\/\/secure.gravatar.com\/avatar\/2b2cb2f4637682c5605e8d36818f51ef?s=96&d=mm&r=g","contentUrl":"https:\/\/secure.gravatar.com\/avatar\/2b2cb2f4637682c5605e8d36818f51ef?s=96&d=mm&r=g","caption":"Gabriel Barbosa"},"url":"https:\/\/www.adf.org.br\/home\/author\/gabrielpmk-com-br\/"}]}},"_links":{"self":[{"href":"https:\/\/www.adf.org.br\/home\/wp-json\/wp\/v2\/posts\/40958"}],"collection":[{"href":"https:\/\/www.adf.org.br\/home\/wp-json\/wp\/v2\/posts"}],"about":[{"href":"https:\/\/www.adf.org.br\/home\/wp-json\/wp\/v2\/types\/post"}],"author":[{"embeddable":true,"href":"https:\/\/www.adf.org.br\/home\/wp-json\/wp\/v2\/users\/31"}],"replies":[{"embeddable":true,"href":"https:\/\/www.adf.org.br\/home\/wp-json\/wp\/v2\/comments?post=40958"}],"version-history":[{"count":0,"href":"https:\/\/www.adf.org.br\/home\/wp-json\/wp\/v2\/posts\/40958\/revisions"}],"wp:featuredmedia":[{"embeddable":true,"href":"https:\/\/www.adf.org.br\/home\/wp-json\/wp\/v2\/media\/40965"}],"wp:attachment":[{"href":"https:\/\/www.adf.org.br\/home\/wp-json\/wp\/v2\/media?parent=40958"}],"wp:term":[{"taxonomy":"category","embeddable":true,"href":"https:\/\/www.adf.org.br\/home\/wp-json\/wp\/v2\/categories?post=40958"},{"taxonomy":"post_tag","embeddable":true,"href":"https:\/\/www.adf.org.br\/home\/wp-json\/wp\/v2\/tags?post=40958"}],"curies":[{"name":"wp","href":"https:\/\/api.w.org\/{rel}","templated":true}]}}