{"id":40760,"date":"2016-07-19T00:00:24","date_gmt":"2016-07-19T03:00:24","guid":{"rendered":"http:\/\/www.adf.org.br\/home\/?p=40760"},"modified":"2016-07-19T00:00:24","modified_gmt":"2016-07-19T03:00:24","slug":"herois-de-fe","status":"publish","type":"post","link":"https:\/\/www.adf.org.br\/home\/herois-de-fe\/","title":{"rendered":"38 Her\u00f3is da f\u00e9 na Alb\u00e2nia! Veja essa emocionante hist\u00f3ria. (Parte II)"},"content":{"rendered":"<figure id=\"attachment_40775\" aria-describedby=\"caption-attachment-40775\" style=\"width: 500px\" class=\"wp-caption aligncenter\"><img loading=\"lazy\" class=\"wp-image-40775\" src=\"http:\/\/www.adf.org.br\/home\/wp-content\/uploads\/2016\/07\/Skanderbeg-2-1024x680.jpg\" alt=\"her\u00f3is da f\u00e9\" width=\"500\" height=\"332\" \/><figcaption id=\"caption-attachment-40775\" class=\"wp-caption-text\">Monumento em homenagem a Skanderbeg na capital albanesa. Grande lutador na defesa do pa\u00eds contra os Islamitas<\/figcaption><\/figure>\n<p style=\"padding-left: 90px;\"><span style=\"font-family: verdana, geneva, sans-serif; font-size: 12pt; color: #000000;\"><br \/>\n<span style=\"color: #ffffff;\">.<\/span><br \/>\nContinua\u00e7\u00e3o do post anterior&#8230;<br \/>\n<a href=\"http:\/\/www.adf.org.br\/home\/?p=40756\" target=\"_blank\" rel=\"noopener noreferrer\"><em>http:\/\/www.adf.org.br\/home\/?p=40756<\/em><\/a><\/span><\/p>\n<p>&nbsp;<\/p>\n<p style=\"padding-left: 90px;\"><span style=\"color: #800080;\"><strong><span style=\"font-size: 12pt; font-family: verdana, geneva, sans-serif;\"><span style=\"color: #ffffff;\">.<\/span><br \/>\nA sat\u00e2nica ocupa\u00e7\u00e3o comunista<\/span><\/strong><\/span><\/p>\n<p><span style=\"font-family: verdana, geneva, sans-serif; font-size: 12pt; color: #000000;\"><span style=\"font-size: 14pt;\"><strong><br \/>\nT<\/strong><\/span>\u00e3o logo os vermelhos tomaram o poder, come\u00e7ou a persegui\u00e7\u00e3o. No domingo, 25 de mar\u00e7o de 1945, foram fuzilados dois padres seculares, Andrea Zadeja e Lazer Shantoja, e dois frades franciscanos, Lek Luli e Anton Harapi.<\/span><\/p>\n<p><strong><span style=\"font-family: verdana, geneva, sans-serif; font-size: 12pt; color: #000000;\">O Pe. Shantoja foi brutalmente torturado, tendo os bra\u00e7os e as pernas quebrados, podendo se mover apenas apoiado nos cotovelos.<\/span><\/strong><\/p>\n<p style=\"padding-left: 90px;\"><span style=\"font-family: verdana, geneva, sans-serif; font-size: 12pt; color: #800080;\"><strong><br \/>\nFicou num estado t\u00e3o terr\u00edvel, que sua pr\u00f3pria m\u00e3e pediu aos seus algozes que acabassem de mat\u00e1-lo<\/strong>.<\/span><\/p>\n<p><span style=\"font-family: verdana, geneva, sans-serif; font-size: 12pt; color: #000000;\"><br \/>\n\u201cA persegui\u00e7\u00e3o movida por essa falsa ideologia atingiu todos os crentes, clero, religiosos e leigos \u2014 jovens e velhos, de extrato social e cultural diferentes.<\/span><\/p>\n<p><strong><span style=\"font-family: verdana, geneva, sans-serif; font-size: 12pt; color: #000000;\">Os crentes eram mortos selvagemente, humilhados em in\u00edquos julgamentos p\u00fablicos, acusados de supostas conspira\u00e7\u00f5es, tudo para eliminar o Sant\u00edssimo Nome de Deus da na\u00e7\u00e3o albanesa.<\/span><\/strong><\/p>\n<p style=\"padding-left: 90px;\"><span style=\"color: #800080;\"><strong><span style=\"font-family: verdana, geneva, sans-serif; font-size: 12pt;\"><br \/>\nMuitos corpos dos mortos foram tamb\u00e9m mutilados, enterrados sob o lixo, atirados aos c\u00e3es, lan\u00e7ados em fossas comuns\u201d.<\/span><\/strong><\/span><\/p>\n<p><span style=\"font-family: verdana, geneva, sans-serif; font-size: 12pt; color: #000000;\"><br \/>\nUm sobrevivente, o jesu\u00edta Jan Gardin, descreveu em seu di\u00e1rio as torturas que presenciou durante sua pris\u00e3o.<\/span><\/p>\n<p><span style=\"font-family: verdana, geneva, sans-serif; font-size: 12pt; color: #000000;\">Apesar do horror da descri\u00e7\u00e3o, vamos d\u00e1-la por inteiro, porque por ela se v\u00ea at\u00e9 aonde vai o \u00f3dio religioso \u2014 melhor dizendo \u2014, infernal, dessa seita intrinsecamente perversa:<br \/>\n<span style=\"color: #ffffff;\">.<\/span><\/span><\/p>\n<blockquote><p><span style=\"font-family: verdana, geneva, sans-serif; font-size: 12pt; color: #000000;\"><span style=\"font-size: 8pt; color: #ffffff;\">.<\/span><br \/>\n<span style=\"color: #000080;\">\u201cA maior parte deles [dos condenados], recebia varadas nos p\u00e9s descal\u00e7os; a carne das pernas e das n\u00e1degas eram cortadas, inseriam sal grosso sob a pele, e ent\u00e3o as coziam de novo;<\/span><\/span><\/p>\n<p style=\"padding-left: 90px;\"><strong><span style=\"font-family: verdana, geneva, sans-serif; font-size: 12pt; color: #000080;\"><br \/>\nOs p\u00e9s eram colocados em \u00e1gua fervente at\u00e9 que a carne soltasse, e ent\u00e3o eram esfregados com sal; os tend\u00f5es de Aquiles eram feridos com fios incandescentes.<\/span><\/strong><\/p>\n<p><span style=\"font-family: verdana, geneva, sans-serif; font-size: 12pt; color: #000080;\"><br \/>\nAlguns dos condenados eram pendurados pelos bra\u00e7os por tr\u00eas dias, sem alimento; colocados em gelo e \u00e1gua gelada at\u00e9 quase congelar;<\/span><\/p>\n<p><strong><span style=\"font-family: verdana, geneva, sans-serif; font-size: 12pt; color: #000080;\">Eram-lhes aplicados choques el\u00e9tricos nos ouvidos, nariz, boca e \u00f3rg\u00e3os genitais;<\/span><\/strong><\/p>\n<p><span style=\"font-family: verdana, geneva, sans-serif; font-size: 12pt; color: #000080;\">Agulhas incandescentes sob as unhas; eram for\u00e7ados a comer 1 quilo de sal, e a reter \u00e1gua durante 24 horas;<\/span><\/p>\n<p><span style=\"font-family: verdana, geneva, sans-serif; font-size: 12pt; color: #000080;\">Ovos cozidos ainda quentes eram postos sob as axilas; os dentes eram-lhes arrancados sem anest\u00e9sico;<\/span><\/p>\n<p style=\"padding-left: 90px;\"><strong><span style=\"font-family: verdana, geneva, sans-serif; font-size: 12pt; color: #000080;\"><br \/>\nEram amarrados em carros e arrastados; deixados em celas solit\u00e1rias sem comida ou \u00e1gua at\u00e9 quase morrer; for\u00e7ados a beber a pr\u00f3pria urina e a comer o pr\u00f3prio excremento;<\/span><\/strong><\/p>\n<p><span style=\"font-family: verdana, geneva, sans-serif; font-size: 12pt; color: #000000;\"><span style=\"color: #000080;\"><br \/>\nPostos em buracos com excrementos at\u00e9 o pesco\u00e7o; postos em camas de pregos e cobertos com material pesado; colocados em caixas cheias de pregos, que eram ent\u00e3o rodadas rapidamente\u201d.<\/span><br \/>\n<span style=\"font-size: 8pt; color: #ffffff;\">.<\/span><\/span><\/p><\/blockquote>\n<p><span style=\"font-family: verdana, geneva, sans-serif; font-size: 12pt; color: #000000;\"><span style=\"color: #ffffff;\">.<\/span><br \/>\n<strong>Muitos leigos foram torturados e alguns martirizados por n\u00e3o denunciarem os \u201ccrimes\u201d do clero. Houve par\u00f3quias inteiras cujos fi\u00e9is pediram para serem presos no lugar de seus padres.<\/strong><\/span><\/p>\n<p><span style=\"font-family: verdana, geneva, sans-serif; font-size: 12pt; color: #000000;\">N\u00e3o podendo dar aqui uma biografia de cada um dos 38 m\u00e1rtires, escolhemos a esmo a de alguns, por mostrarem a ferocidade com que os comunistas executavam esses servos de Deus.<\/span><\/p>\n<p><span style=\"color: #0000ff;\"><strong><span style=\"font-family: verdana, geneva, sans-serif; font-size: 12pt;\"><br \/>\n\u201cSangue de m\u00e1rtires, semente de crist\u00e3os\u201d<\/span><\/strong><\/span><\/p>\n<p><span style=\"font-family: verdana, geneva, sans-serif; font-size: 12pt; color: #000000;\"><span style=\"color: #ffffff;\">.<\/span><br \/>\n<\/span><\/p>\n<figure id=\"attachment_40779\" aria-describedby=\"caption-attachment-40779\" style=\"width: 202px\" class=\"wp-caption alignleft\"><img loading=\"lazy\" class=\"wp-image-40779 size-medium\" src=\"http:\/\/www.adf.org.br\/home\/wp-content\/uploads\/2016\/07\/Albania-D-Nikolle-202x300.jpg\" alt=\"her\u00f3is da f\u00e9\" width=\"202\" height=\"300\" \/><figcaption id=\"caption-attachment-40779\" class=\"wp-caption-text\">D. Nikolle Vin\u00e7enc Prennushi, arcebispo de D\u00fcrres<\/figcaption><\/figure>\n<p><span style=\"font-family: verdana, geneva, sans-serif; font-size: 12pt; color: #000000;\">Quem encabe\u00e7a a lista dos gloriosos m\u00e1rtires albaneses \u00e9 D. Nikolle Vin\u00e7enc Prennushi, arcebispo de D\u00fcrres, franciscano e Primaz da Alb\u00e2nia, sucedendo a D. Gasper Thacia, tamb\u00e9m m\u00e1rtir do comunismo.<\/span><\/p>\n<p><span style=\"font-family: verdana, geneva, sans-serif; font-size: 12pt; color: #000000;\">D. Vin\u00e7enc era um escritor de talento, sobretudo do folclore e de m\u00fasicas tradicionais do pa\u00eds, escrevia poesias, e traduziu para sua l\u00edngua os melhores poemas de outros autores europeus.<\/span><\/p>\n<p><strong><span style=\"font-family: verdana, geneva, sans-serif; font-size: 12pt; color: #000000;\">Mas, sobretudo, era um verdadeiro pastor. Pelo que \u00e9 chamado por alguns <i>o Thomas Becket da Alb\u00e2nia<\/i>.<\/span><\/strong><\/p>\n<p><span style=\"font-family: verdana, geneva, sans-serif; font-size: 12pt; color: #000000;\">D. Prennushi foi intimado pelo ditador comunista Enver Hoxha a separar-se de Roma e a fundar uma igreja nacional, como ocorreu na China comunista. O her\u00f3ico prelado evidentemente recusou-se.<\/span><\/p>\n<p><span style=\"font-family: verdana, geneva, sans-serif; font-size: 12pt; color: #000000;\"><span style=\"color: #ffffff;\">.<\/span><br \/>\n<span style=\"color: #ffffff;\">.<\/span><br \/>\n<strong>Sob a alega\u00e7\u00e3o de que escondia armas em sua igreja, foi ent\u00e3o encarcerado, torturado e depois friamente assassinado no dia 19 de mar\u00e7o de 1949.<\/strong><\/span><\/p>\n<p><span style=\"font-family: verdana, geneva, sans-serif; font-size: 12pt; color: #000000;\">Quando come\u00e7ou a persegui\u00e7\u00e3o, o Pe. Nikoll Gazulli, da arquidiocese de Shkodra, fugiu. Mas, v\u00edtima de trai\u00e7\u00e3o, foi preso quando voltou para administrar a extrema-un\u00e7\u00e3o a um paroquiano.<\/span><\/p>\n<h4><strong><span style=\"font-family: verdana, geneva, sans-serif; font-size: 12pt; color: #000000;\">Deram-lhe um tiro nas costas, que o feriu gravemente, mas n\u00e3o o matou.<\/span><\/strong><\/h4>\n<p style=\"padding-left: 90px;\"><span style=\"color: #800080;\"><strong><span style=\"font-family: verdana, geneva, sans-serif; font-size: 12pt;\"><br \/>\nEnt\u00e3o, como exemplo para todos, foi pendurado ainda vivo em frente \u00e0 sua igreja, por v\u00e1rios dias, sem nenhuma assist\u00eancia, at\u00e9 morrer.<\/span><\/strong><\/span><\/p>\n<p><span style=\"font-family: verdana, geneva, sans-serif; font-size: 12pt; color: #000000;\"><br \/>\nO Pe. Serafin Koda exalou seu \u00faltimo suspiro com a laringe fora da garganta, enquanto o Pe. Papa Josif, sacerdote do rito bizantino cat\u00f3lico, tendo ca\u00eddo exausto num p\u00e2ntano, foi nele sepultado vivo. <\/span><\/p>\n<p><strong><span style=\"font-family: verdana, geneva, sans-serif; font-size: 12pt; color: #000000;\">Os padres Lek\u00eb Sirdani e Pjet\u00ebr \u00c7uni morreram criminosamente afogados numa fossa s\u00e9ptica.<\/span><\/strong><\/p>\n<p style=\"padding-left: 90px;\"><span style=\"color: #800080;\"><strong><span style=\"font-family: verdana, geneva, sans-serif; font-size: 12pt;\"><br \/>\nO Pe. Anton Musaj tinha apenas 27 anos. Preso pelos comunistas, foi torturado de modo inumano, sendo-lhe quebrados as m\u00e3os e os p\u00e9s.<\/span><\/strong><\/span><\/p>\n<p><span style=\"font-family: verdana, geneva, sans-serif; font-size: 12pt; color: #000000;\"><br \/>\nOs sem-Deus o mandaram agonizante para casa, onde ele faleceu alguns dias depois, em meio a terr\u00edveis sofrimentos.<\/span><\/p>\n<p><span style=\"font-family: verdana, geneva, sans-serif; font-size: 12pt; color: #000000;\">D. Frano Gjini era bispo de Lezha. Preso em 1946 sob a alega\u00e7\u00e3o de ser espi\u00e3o do Vaticano e dos ingleses, foi torturado de maneira brutal, destripado e fuzilado no muro de um cemit\u00e9rio, em mar\u00e7o de 1948.<\/span><\/p>\n<p><span style=\"font-family: verdana, geneva, sans-serif; font-size: 12pt; color: #000000;\"><span style=\"color: #ffffff;\">.<\/span><br \/>\n<\/span><\/p>\n<figure id=\"attachment_40783\" aria-describedby=\"caption-attachment-40783\" style=\"width: 300px\" class=\"wp-caption alignleft\"><img loading=\"lazy\" class=\"wp-image-40783 size-medium\" src=\"http:\/\/www.adf.org.br\/home\/wp-content\/uploads\/2016\/07\/Albania-Maria-Tuci-300x297.jpg\" alt=\"her\u00f3is da f\u00e9\" width=\"300\" height=\"297\" \/><figcaption id=\"caption-attachment-40783\" class=\"wp-caption-text\">A \u00fanica mulher do grupo de m\u00e1rtires \u00e9 Maria Tuci<\/figcaption><\/figure>\n<p><span style=\"font-family: verdana, geneva, sans-serif; font-size: 12pt; color: #000000;\">A \u00fanica mulher do grupo de m\u00e1rtires \u00e9 Maria Tuci, postulante das Pobres Filhas das Sagradas Chagas de S\u00e3o Francisco. Professora, ela ensinava o Catecismo \u00e0s escondidas.<\/span><\/p>\n<p><strong><span style=\"font-family: verdana, geneva, sans-serif; font-size: 12pt; color: #000000;\">Sua congrega\u00e7\u00e3o foi dissolvida pelos comunistas, mas ela continuou a ensinar.<\/span><\/strong><\/p>\n<p><span style=\"font-family: verdana, geneva, sans-serif; font-size: 12pt; color: #000000;\">Foi ent\u00e3o detida e encarcerada, sob a alega\u00e7\u00e3o de que era c\u00famplice do assassinato do secret\u00e1rio do Partido Comunista local.<\/span><\/p>\n<p><strong><span style=\"font-family: verdana, geneva, sans-serif; font-size: 12pt; color: #000000;\">Entre as torturas que sofreu, uma foi de ser colocada despida num saco onde fora colocado um gato raivoso;<\/span><\/strong><\/p>\n<p><span style=\"font-family: verdana, geneva, sans-serif; font-size: 12pt; color: #000000;\">Com golpes que os comunistas davam no saco, o gato, querendo fugir, feria violentamente a jovem.<\/span><\/p>\n<p style=\"padding-left: 90px;\"><span style=\"color: #800080;\"><strong><span style=\"font-family: verdana, geneva, sans-serif; font-size: 12pt;\"><br \/>\nEla resistiu heroicamente tamb\u00e9m \u00e0 tentativa de estupro, pelo que foi torturada t\u00e3o cruelmente, que teve de ser levada ao hospital.<\/span><\/strong><\/span><\/p>\n<p><strong><span style=\"font-family: verdana, geneva, sans-serif; font-size: 12pt; color: #000000;\"><br \/>\nAlgumas amigas que foram v\u00ea-la, dificilmente a reconheceram, pois estava desfigurada.<\/span><\/strong><\/p>\n<p><span style=\"font-family: verdana, geneva, sans-serif; font-size: 12pt; color: #000000;\">Ela ent\u00e3o disse: \u201cCumpriram-se em mim as palavras de Hilmi Seiti [um dos seus carrascos]: \u2018eu te deixarei em um estado tal, que nem teus familiares te reconhecer\u00e3o\u2019\u201d.<\/span><\/p>\n<p><strong><span style=\"font-family: verdana, geneva, sans-serif; font-size: 12pt; color: #000000;\">Dois meses depois, em outubro de 1950, ela falecia em consequ\u00eancia dos ferimentos recebidos.<\/span><\/strong><\/p>\n<p style=\"padding-left: 90px;\"><span style=\"color: #800080;\"><strong><span style=\"font-family: verdana, geneva, sans-serif; font-size: 12pt;\"><br \/>\n\u00c9 esse regime intrinsecamente perverso, capaz das brutalidades diab\u00f3licas acima reproduzidas, que muitos querem implantar em nosso pa\u00eds.<\/span><\/strong><\/span><\/p>\n<p><span style=\"font-family: verdana, geneva, sans-serif; font-size: 12pt; color: #000000;\"><br \/>\n<strong><span style=\"color: #000080;\">Pe\u00e7amos a Nossa Senhora Aparecida, Rainha e Padroeira do Brasil, que o proteja das maquina\u00e7\u00f5es desses sem-Deus que, com nomes e disfarces diferentes, mas com a mesma ideologia, desejam para n\u00f3s o regime comunista.<\/span><\/strong><\/span><\/p>\n<p><span style=\"color: #ffffff;\">.<\/span><br \/>\n<span style=\"color: #ffffff; font-family: verdana, geneva, sans-serif; font-size: 12pt;\">.<\/span><br \/>\n<em><span style=\"color: #000000; font-family: verdana, geneva, sans-serif; font-size: 12pt;\">Fonte:\u00a0<a href=\"http:\/\/www.abim.inf.br\/beatificacao-de-38-albaneses-martirizados-do-comunismo\/#.V4OtjfkrLIX\" target=\"_blank\" rel=\"noopener noreferrer\">http:\/\/www.abim.inf.br<\/a><\/span><\/em><\/p>\n<p style=\"text-align: center;\"><span style=\"color: #ffffff; font-family: verdana, geneva, sans-serif; font-size: 12pt;\">.<\/span><br \/>\n<strong><span style=\"color: #000000; font-family: verdana, geneva, sans-serif; font-size: 12pt;\">* \u00a0* \u00a0*<\/span><\/strong><\/p>\n<p style=\"text-align: center;\"><span style=\"color: #ffffff; font-family: verdana, geneva, sans-serif; font-size: 12pt;\">.<\/span><\/p>\n<p style=\"text-align: center;\"><span style=\"color: #800080; font-family: verdana, geneva, sans-serif; font-size: 12pt;\">Ligue agora para nossa Central de Ora\u00e7\u00f5es e inclua seus pedidos na<br \/>\n<strong>Santa<\/strong>\u00a0<strong>Missa de Amparo.<\/strong>\u00a0<\/span><\/p>\n<p style=\"text-align: center;\"><span style=\"color: #ffffff; font-family: verdana, geneva, sans-serif; font-size: 12pt;\">.<\/span><br \/>\n<span style=\"color: #ffffff; font-family: verdana, geneva, sans-serif; font-size: 12pt;\">.<\/span><br \/>\n<span style=\"color: #000000; font-family: verdana, geneva, sans-serif; font-size: 14pt;\"><strong>Ligue agora para:<\/strong><\/span><\/p>\n<p style=\"text-align: center;\"><span style=\"color: #ffffff; font-family: verdana, geneva, sans-serif; font-size: 12pt;\">.<\/span><br \/>\n<span style=\"color: #800080; font-family: verdana, geneva, sans-serif; font-size: 24pt;\"><strong>0800 773 11 19<\/strong><\/span><br \/>\n<span style=\"color: #800080; font-family: verdana, geneva, sans-serif; font-size: 12pt;\"><strong>(gr\u00e1tis para todo o Brasil)<\/strong><\/span><\/p>\n<p style=\"text-align: center;\"><span style=\"color: #ffffff; font-family: verdana, geneva, sans-serif; font-size: 12pt;\">.<\/span><\/p>\n<p style=\"text-align: center;\"><span style=\"color: #ffffff; font-family: verdana, geneva, sans-serif; font-size: 12pt;\">.<\/span><\/p>\n","protected":false},"excerpt":{"rendered":"<p>A sat\u00e2nica ocupa\u00e7\u00e3o comunista<\/p>\n","protected":false},"author":31,"featured_media":0,"comment_status":"open","ping_status":"open","sticky":false,"template":"","format":"standard","meta":[],"categories":[20],"tags":[1559,1031,1121],"yoast_head":"<!-- This site is optimized with the Yoast SEO plugin v17.4 - https:\/\/yoast.com\/wordpress\/plugins\/seo\/ -->\n<title>38 Her\u00f3is da f\u00e9 na Alb\u00e2nia. Veja este artigo. Parte II<\/title>\n<meta name=\"description\" content=\"O que aconteceu na Alb\u00e2nia \u00e9 algo realmente emocionante. Por isso voc\u00ea n\u00e3o pode deixar de ler esse artigo. S\u00e3o 38 her\u00f3is da f\u00e9.\" \/>\n<meta name=\"robots\" content=\"index, follow, max-snippet:-1, max-image-preview:large, max-video-preview:-1\" \/>\n<link rel=\"canonical\" href=\"https:\/\/www.adf.org.br\/home\/herois-de-fe\/\" \/>\n<meta property=\"og:locale\" content=\"pt_BR\" \/>\n<meta property=\"og:type\" content=\"article\" \/>\n<meta property=\"og:title\" content=\"38 Her\u00f3is da f\u00e9 na Alb\u00e2nia. Veja este artigo. Parte II\" \/>\n<meta property=\"og:description\" content=\"O que aconteceu na Alb\u00e2nia \u00e9 algo realmente emocionante. Por isso voc\u00ea n\u00e3o pode deixar de ler esse artigo. S\u00e3o 38 her\u00f3is da f\u00e9.\" \/>\n<meta property=\"og:url\" content=\"https:\/\/www.adf.org.br\/home\/herois-de-fe\/\" \/>\n<meta property=\"og:site_name\" content=\"Associa\u00e7\u00e3o Devotos de F\u00e1tima\" \/>\n<meta property=\"article:published_time\" content=\"2016-07-19T03:00:24+00:00\" \/>\n<meta property=\"og:image\" content=\"http:\/\/www.adf.org.br\/home\/wp-content\/uploads\/2016\/07\/Skanderbeg-2-1024x680.jpg\" \/>\n<meta name=\"twitter:card\" content=\"summary_large_image\" \/>\n<meta name=\"twitter:label1\" content=\"Escrito por\" \/>\n\t<meta name=\"twitter:data1\" content=\"Gabriel Barbosa\" \/>\n\t<meta name=\"twitter:label2\" content=\"Est. tempo de leitura\" \/>\n\t<meta name=\"twitter:data2\" content=\"6 minutos\" \/>\n<script type=\"application\/ld+json\" class=\"yoast-schema-graph\">{\"@context\":\"https:\/\/schema.org\",\"@graph\":[{\"@type\":\"WebSite\",\"@id\":\"https:\/\/www.adf.org.br\/home\/#website\",\"url\":\"https:\/\/www.adf.org.br\/home\/\",\"name\":\"Associa\\u00e7\\u00e3o Devotos de F\\u00e1tima\",\"description\":\"Associa\\u00e7\\u00e3o Devotos de F\\u00e1tima\",\"potentialAction\":[{\"@type\":\"SearchAction\",\"target\":{\"@type\":\"EntryPoint\",\"urlTemplate\":\"https:\/\/www.adf.org.br\/home\/?s={search_term_string}\"},\"query-input\":\"required name=search_term_string\"}],\"inLanguage\":\"pt-BR\"},{\"@type\":\"ImageObject\",\"@id\":\"https:\/\/www.adf.org.br\/home\/herois-de-fe\/#primaryimage\",\"inLanguage\":\"pt-BR\",\"url\":\"http:\/\/www.adf.org.br\/home\/wp-content\/uploads\/2016\/07\/Skanderbeg-2-1024x680.jpg\",\"contentUrl\":\"http:\/\/www.adf.org.br\/home\/wp-content\/uploads\/2016\/07\/Skanderbeg-2-1024x680.jpg\"},{\"@type\":\"WebPage\",\"@id\":\"https:\/\/www.adf.org.br\/home\/herois-de-fe\/#webpage\",\"url\":\"https:\/\/www.adf.org.br\/home\/herois-de-fe\/\",\"name\":\"38 Her\\u00f3is da f\\u00e9 na Alb\\u00e2nia. Veja este artigo. Parte II\",\"isPartOf\":{\"@id\":\"https:\/\/www.adf.org.br\/home\/#website\"},\"primaryImageOfPage\":{\"@id\":\"https:\/\/www.adf.org.br\/home\/herois-de-fe\/#primaryimage\"},\"datePublished\":\"2016-07-19T03:00:24+00:00\",\"dateModified\":\"2016-07-19T03:00:24+00:00\",\"author\":{\"@id\":\"https:\/\/www.adf.org.br\/home\/#\/schema\/person\/f35a5c5aa7728a3dedf4ea9aa1fc2753\"},\"description\":\"O que aconteceu na Alb\\u00e2nia \\u00e9 algo realmente emocionante. Por isso voc\\u00ea n\\u00e3o pode deixar de ler esse artigo. S\\u00e3o 38 her\\u00f3is da f\\u00e9.\",\"breadcrumb\":{\"@id\":\"https:\/\/www.adf.org.br\/home\/herois-de-fe\/#breadcrumb\"},\"inLanguage\":\"pt-BR\",\"potentialAction\":[{\"@type\":\"ReadAction\",\"target\":[\"https:\/\/www.adf.org.br\/home\/herois-de-fe\/\"]}]},{\"@type\":\"BreadcrumbList\",\"@id\":\"https:\/\/www.adf.org.br\/home\/herois-de-fe\/#breadcrumb\",\"itemListElement\":[{\"@type\":\"ListItem\",\"position\":1,\"name\":\"Home\",\"item\":\"https:\/\/www.adf.org.br\/home\/\"},{\"@type\":\"ListItem\",\"position\":2,\"name\":\"38 Her\\u00f3is da f\\u00e9 na Alb\\u00e2nia! Veja essa emocionante hist\\u00f3ria. (Parte II)\"}]},{\"@type\":\"Person\",\"@id\":\"https:\/\/www.adf.org.br\/home\/#\/schema\/person\/f35a5c5aa7728a3dedf4ea9aa1fc2753\",\"name\":\"Gabriel Barbosa\",\"image\":{\"@type\":\"ImageObject\",\"@id\":\"https:\/\/www.adf.org.br\/home\/#personlogo\",\"inLanguage\":\"pt-BR\",\"url\":\"https:\/\/secure.gravatar.com\/avatar\/2b2cb2f4637682c5605e8d36818f51ef?s=96&d=mm&r=g\",\"contentUrl\":\"https:\/\/secure.gravatar.com\/avatar\/2b2cb2f4637682c5605e8d36818f51ef?s=96&d=mm&r=g\",\"caption\":\"Gabriel Barbosa\"},\"url\":\"https:\/\/www.adf.org.br\/home\/author\/gabrielpmk-com-br\/\"}]}<\/script>\n<!-- \/ Yoast SEO plugin. -->","yoast_head_json":{"title":"38 Her\u00f3is da f\u00e9 na Alb\u00e2nia. Veja este artigo. Parte II","description":"O que aconteceu na Alb\u00e2nia \u00e9 algo realmente emocionante. Por isso voc\u00ea n\u00e3o pode deixar de ler esse artigo. S\u00e3o 38 her\u00f3is da f\u00e9.","robots":{"index":"index","follow":"follow","max-snippet":"max-snippet:-1","max-image-preview":"max-image-preview:large","max-video-preview":"max-video-preview:-1"},"canonical":"https:\/\/www.adf.org.br\/home\/herois-de-fe\/","og_locale":"pt_BR","og_type":"article","og_title":"38 Her\u00f3is da f\u00e9 na Alb\u00e2nia. Veja este artigo. Parte II","og_description":"O que aconteceu na Alb\u00e2nia \u00e9 algo realmente emocionante. Por isso voc\u00ea n\u00e3o pode deixar de ler esse artigo. S\u00e3o 38 her\u00f3is da f\u00e9.","og_url":"https:\/\/www.adf.org.br\/home\/herois-de-fe\/","og_site_name":"Associa\u00e7\u00e3o Devotos de F\u00e1tima","article_published_time":"2016-07-19T03:00:24+00:00","og_image":[{"url":"http:\/\/www.adf.org.br\/home\/wp-content\/uploads\/2016\/07\/Skanderbeg-2-1024x680.jpg"}],"twitter_card":"summary_large_image","twitter_misc":{"Escrito por":"Gabriel Barbosa","Est. tempo de leitura":"6 minutos"},"schema":{"@context":"https:\/\/schema.org","@graph":[{"@type":"WebSite","@id":"https:\/\/www.adf.org.br\/home\/#website","url":"https:\/\/www.adf.org.br\/home\/","name":"Associa\u00e7\u00e3o Devotos de F\u00e1tima","description":"Associa\u00e7\u00e3o Devotos de F\u00e1tima","potentialAction":[{"@type":"SearchAction","target":{"@type":"EntryPoint","urlTemplate":"https:\/\/www.adf.org.br\/home\/?s={search_term_string}"},"query-input":"required name=search_term_string"}],"inLanguage":"pt-BR"},{"@type":"ImageObject","@id":"https:\/\/www.adf.org.br\/home\/herois-de-fe\/#primaryimage","inLanguage":"pt-BR","url":"http:\/\/www.adf.org.br\/home\/wp-content\/uploads\/2016\/07\/Skanderbeg-2-1024x680.jpg","contentUrl":"http:\/\/www.adf.org.br\/home\/wp-content\/uploads\/2016\/07\/Skanderbeg-2-1024x680.jpg"},{"@type":"WebPage","@id":"https:\/\/www.adf.org.br\/home\/herois-de-fe\/#webpage","url":"https:\/\/www.adf.org.br\/home\/herois-de-fe\/","name":"38 Her\u00f3is da f\u00e9 na Alb\u00e2nia. Veja este artigo. Parte II","isPartOf":{"@id":"https:\/\/www.adf.org.br\/home\/#website"},"primaryImageOfPage":{"@id":"https:\/\/www.adf.org.br\/home\/herois-de-fe\/#primaryimage"},"datePublished":"2016-07-19T03:00:24+00:00","dateModified":"2016-07-19T03:00:24+00:00","author":{"@id":"https:\/\/www.adf.org.br\/home\/#\/schema\/person\/f35a5c5aa7728a3dedf4ea9aa1fc2753"},"description":"O que aconteceu na Alb\u00e2nia \u00e9 algo realmente emocionante. Por isso voc\u00ea n\u00e3o pode deixar de ler esse artigo. S\u00e3o 38 her\u00f3is da f\u00e9.","breadcrumb":{"@id":"https:\/\/www.adf.org.br\/home\/herois-de-fe\/#breadcrumb"},"inLanguage":"pt-BR","potentialAction":[{"@type":"ReadAction","target":["https:\/\/www.adf.org.br\/home\/herois-de-fe\/"]}]},{"@type":"BreadcrumbList","@id":"https:\/\/www.adf.org.br\/home\/herois-de-fe\/#breadcrumb","itemListElement":[{"@type":"ListItem","position":1,"name":"Home","item":"https:\/\/www.adf.org.br\/home\/"},{"@type":"ListItem","position":2,"name":"38 Her\u00f3is da f\u00e9 na Alb\u00e2nia! Veja essa emocionante hist\u00f3ria. (Parte II)"}]},{"@type":"Person","@id":"https:\/\/www.adf.org.br\/home\/#\/schema\/person\/f35a5c5aa7728a3dedf4ea9aa1fc2753","name":"Gabriel Barbosa","image":{"@type":"ImageObject","@id":"https:\/\/www.adf.org.br\/home\/#personlogo","inLanguage":"pt-BR","url":"https:\/\/secure.gravatar.com\/avatar\/2b2cb2f4637682c5605e8d36818f51ef?s=96&d=mm&r=g","contentUrl":"https:\/\/secure.gravatar.com\/avatar\/2b2cb2f4637682c5605e8d36818f51ef?s=96&d=mm&r=g","caption":"Gabriel Barbosa"},"url":"https:\/\/www.adf.org.br\/home\/author\/gabrielpmk-com-br\/"}]}},"_links":{"self":[{"href":"https:\/\/www.adf.org.br\/home\/wp-json\/wp\/v2\/posts\/40760"}],"collection":[{"href":"https:\/\/www.adf.org.br\/home\/wp-json\/wp\/v2\/posts"}],"about":[{"href":"https:\/\/www.adf.org.br\/home\/wp-json\/wp\/v2\/types\/post"}],"author":[{"embeddable":true,"href":"https:\/\/www.adf.org.br\/home\/wp-json\/wp\/v2\/users\/31"}],"replies":[{"embeddable":true,"href":"https:\/\/www.adf.org.br\/home\/wp-json\/wp\/v2\/comments?post=40760"}],"version-history":[{"count":0,"href":"https:\/\/www.adf.org.br\/home\/wp-json\/wp\/v2\/posts\/40760\/revisions"}],"wp:attachment":[{"href":"https:\/\/www.adf.org.br\/home\/wp-json\/wp\/v2\/media?parent=40760"}],"wp:term":[{"taxonomy":"category","embeddable":true,"href":"https:\/\/www.adf.org.br\/home\/wp-json\/wp\/v2\/categories?post=40760"},{"taxonomy":"post_tag","embeddable":true,"href":"https:\/\/www.adf.org.br\/home\/wp-json\/wp\/v2\/tags?post=40760"}],"curies":[{"name":"wp","href":"https:\/\/api.w.org\/{rel}","templated":true}]}}