{"id":40756,"date":"2016-07-18T00:00:02","date_gmt":"2016-07-18T03:00:02","guid":{"rendered":"http:\/\/www.adf.org.br\/home\/?p=40756"},"modified":"2016-07-18T00:00:02","modified_gmt":"2016-07-18T03:00:02","slug":"38-herois-da-fe-na-albania-veja-essa-emocionante-historia-parte-i","status":"publish","type":"post","link":"https:\/\/www.adf.org.br\/home\/38-herois-da-fe-na-albania-veja-essa-emocionante-historia-parte-i\/","title":{"rendered":"38 Her\u00f3is da f\u00e9 na Alb\u00e2nia! Veja essa emocionante hist\u00f3ria. (Parte I)"},"content":{"rendered":"<figure id=\"attachment_40764\" aria-describedby=\"caption-attachment-40764\" style=\"width: 600px\" class=\"wp-caption aligncenter\"><img loading=\"lazy\" class=\"wp-image-40764\" src=\"http:\/\/www.adf.org.br\/home\/wp-content\/uploads\/2016\/07\/Albania-Bandeira.jpg\" alt=\"Albania-Bandeira\" width=\"600\" height=\"349\" \/><figcaption id=\"caption-attachment-40764\" class=\"wp-caption-text\">Bandeira da Alb\u00e2nia<\/figcaption><\/figure>\n<p style=\"padding-left: 90px;\"><span style=\"color: #800080;\"><strong><span style=\"font-family: verdana, geneva, sans-serif; font-size: 12pt;\"><br \/>\n<span style=\"color: #ffffff;\">.<\/span><br \/>\nUma alvissareira not\u00edcia nos chega de Roma: ser\u00e3o promulgados os decretos relativos ao mart\u00edrio de 38 Servos de Deus albaneses, mortos pelos comunistas entre 1945 e 1974.<\/span><\/strong><\/span><\/p>\n<p><span style=\"font-family: verdana, geneva, sans-serif; font-size: 12pt; color: #000000;\"><span style=\"font-size: 14pt;\"><strong><br \/>\nI<\/strong><\/span>sso significa que fica aberto o caminho para uma beatifica\u00e7\u00e3o desses her\u00f3is da f\u00e9.<\/span><\/p>\n<p><strong><span style=\"font-size: 12pt; font-family: verdana, geneva, sans-serif; color: #000000;\"><br \/>\n<span style=\"color: #0000ff;\">Um pouco de hist\u00f3ria<\/span><\/span><\/strong><\/p>\n<p><span style=\"font-family: verdana, geneva, sans-serif; font-size: 12pt; color: #000000;\">A Alb\u00e2nia fazia parte das prov\u00edncias romanas da Dalm\u00e1cia, Maced\u00f4nia e Mo\u00e9sia Superior.<\/span><\/p>\n<p><strong><span style=\"font-family: verdana, geneva, sans-serif; font-size: 12pt; color: #000000;\">Mas foi dominada ao longo dos s\u00e9culos por v\u00e1rios povos, at\u00e9 culminar, no s\u00e9culo XIV, com a invas\u00e3o mu\u00e7ulmana.<\/span><\/strong><\/p>\n<p style=\"padding-left: 90px;\"><span style=\"color: #800080;\"><strong><span style=\"font-family: verdana, geneva, sans-serif; font-size: 12pt;\"><br \/>\nNessa \u00e9poca levantou-se o valoroso Skanderbeg, que, de 1443 a 1467, em sucessivas batalhas, conseguiu libertar o territ\u00f3rio p\u00e1trio da tirania islamita.<\/span><\/strong><\/span><\/p>\n<p><strong><span style=\"font-family: verdana, geneva, sans-serif; font-size: 12pt; color: #000000;\"><br \/>\nCom a morte desse grande guerreiro, os mu\u00e7ulmanos voltaram e dominaram todo o pa\u00eds. Muitos cat\u00f3licos fugiram ent\u00e3o para outras regi\u00f5es.<\/span><\/strong><\/p>\n<p><span style=\"font-family: verdana, geneva, sans-serif; font-size: 12pt; color: #000000;\">Entre estes estavam dois amigos, Giorgio e De Sclavis, que em despedida se dirigiram a um santu\u00e1rio de Nossa Senhora em Scutari, no qual se venerava uma milagrosa pintura da Sant\u00edssima Virgem.<\/span><\/p>\n<p><span style=\"font-family: verdana, geneva, sans-serif; font-size: 12pt; color: #000000;\">Quando rezavam fervorosamente diante da M\u00e3e de Deus, sua santa imagem desprendeu-se da parede onde estava, e come\u00e7ou a flutuar em dire\u00e7\u00e3o ao Mar Adri\u00e1tico.<\/span><\/p>\n<p><strong><span style=\"font-family: verdana, geneva, sans-serif; font-size: 12pt; color: #000000;\">Os dois fi\u00e9is albaneses a seguiram, atravessando a p\u00e9 enxuto o oceano, at\u00e9 atingir Roma.<\/span><\/strong><\/p>\n<p><span style=\"font-family: verdana, geneva, sans-serif; font-size: 12pt; color: #000000;\">Souberam ent\u00e3o que uma misteriosa representa\u00e7\u00e3o da Virgem, vinda do c\u00e9u, pousara num altar de uma igreja inacabada na cidade de Genazzano (It\u00e1lia).<\/span><\/p>\n<p>&nbsp;<\/p>\n<figure id=\"attachment_40766\" aria-describedby=\"caption-attachment-40766\" style=\"width: 200px\" class=\"wp-caption alignleft\"><img loading=\"lazy\" class=\"wp-image-40766 size-medium\" src=\"http:\/\/www.adf.org.br\/home\/wp-content\/uploads\/2016\/07\/PRC_Mater-Bonni-7-200x300.jpg\" alt=\"Nossa Senhora do Bom Conselho\" width=\"200\" height=\"300\" \/><figcaption id=\"caption-attachment-40766\" class=\"wp-caption-text\">Quadro de Nossa Senhora do Bom Conselho de Genazzano<\/figcaption><\/figure>\n<p><span style=\"font-family: verdana, geneva, sans-serif; font-size: 12pt; color: #000000;\">Para l\u00e1 foram eles, reconhecendo, assim que chegaram, a celeste Senhora de seu pa\u00eds. O afresco passou a ser conhecido pela famosa invoca\u00e7\u00e3o de Nossa Senhora do Bom Conselho de Genazzano.<\/span><\/p>\n<p><span style=\"font-family: verdana, geneva, sans-serif; font-size: 12pt; color: #000000;\">Os anos correram e, em 1912, a Alb\u00e2nia conseguiu mais uma vez sua independ\u00eancia. Mas sua hist\u00f3ria a partir de ent\u00e3o foi uma sucess\u00e3o de mudan\u00e7as de regimes e de ocupa\u00e7\u00f5es, at\u00e9 cair, em 1945, sob o poder dos comunistas.<\/span><\/p>\n<p><span style=\"font-family: verdana, geneva, sans-serif; font-size: 12pt; color: #000000;\">Uma garra de ferro dominou ent\u00e3o esse sofrido pa\u00eds, declarado em 1967 pelos vermelhos \u201co primeiro Estado ateu do mundo\u201d.<\/span><\/p>\n<p><span style=\"font-family: verdana, geneva, sans-serif; font-size: 12pt; color: #000000;\">Como em todos os pa\u00edses em que o comunismo tomou o poder, uma de suas primeiras medidas foi executar uma dr\u00e1stica reforma agr\u00e1ria para desestabilizar a conservadora classe agr\u00edcola, forte obst\u00e1culo para seus des\u00edgnios.<\/span><\/p>\n<p><span style=\"font-family: verdana, geneva, sans-serif; font-size: 12pt; color: #000000;\"><br \/>\n\u201cNo dia 6 de fevereiro de 1967, o ditador [Enver Hoxha] deu in\u00edcio \u00e0 \u2018revolu\u00e7\u00e3o cultural chinesa\u2019. Tal revolu\u00e7\u00e3o se estendeu, com id\u00eantica intensidade e ferocidade, at\u00e9 os mais remotos rinc\u00f5es do pa\u00eds, especialmente contra a Igreja Cat\u00f3lica.<\/span><\/p>\n<p><span style=\"font-family: verdana, geneva, sans-serif; font-size: 12pt; color: #000000;\">Cerraram-se todos os templos e mesquitas.<\/span><\/p>\n<p><span style=\"font-family: verdana, geneva, sans-serif; font-size: 12pt; color: #000000;\">Esta terr\u00edvel situa\u00e7\u00e3o prosseguiu at\u00e9 4 de novembro de 1990, dia em que, com a celebra\u00e7\u00e3o de uma Santa Missa no cemit\u00e9rio cat\u00f3lico de Shkod\u00ebr [Scutari], teve in\u00edcio uma nova \u00e9poca para a religi\u00e3o e para a profiss\u00e3o da f\u00e9\u201d.<\/span><\/p>\n<p style=\"padding-left: 90px;\"><span style=\"color: #800080;\"><strong><span style=\"font-family: verdana, geneva, sans-serif; font-size: 12pt;\"><br \/>\nEm 1991 os sem-Deus foram vencidos, mas conservaram poder suficiente para, juntamente com o Partido Socialista, eleger o atual Presidente da Rep\u00fablica.<\/span><\/strong><\/span><\/p>\n<p><strong><span style=\"font-family: verdana, geneva, sans-serif; font-size: 12pt; color: #000000;\"><br \/>\nA Alb\u00e2nia tornou-se uma das na\u00e7\u00f5es com menor pr\u00e1tica religiosa no mundo; os cat\u00f3licos constituem apenas 10% da popula\u00e7\u00e3o.<\/span><\/strong><\/p>\n<p><span style=\"color: #ffffff;\">.<\/span><br \/>\n<span style=\"font-family: verdana, geneva, sans-serif; color: #000000; font-size: 12pt;\">(Continua&#8230;)<\/span><\/p>\n<p style=\"text-align: center;\"><span style=\"color: #ffffff;\">.<\/span><br \/>\n<span style=\"color: #ffffff;\">.<\/span><br \/>\n<strong><span style=\"color: #000000; font-family: verdana, geneva, sans-serif; font-size: 12pt;\">* \u00a0* \u00a0*<\/span><\/strong><\/p>\n<p><span style=\"color: #ffffff;\">.<\/span><\/p>\n<p style=\"text-align: center;\"><span style=\"color: #800080; font-family: verdana, geneva, sans-serif; font-size: 12pt;\">Ligue agora para nossa Central de Ora\u00e7\u00f5es e inclua seus pedidos na<br \/>\n<strong>Santa<\/strong>\u00a0<strong>Missa de Amparo.<\/strong>\u00a0<\/span><\/p>\n<p style=\"text-align: center;\"><span style=\"color: #ffffff; font-family: verdana, geneva, sans-serif; font-size: 12pt;\">.<\/span><br \/>\n<span style=\"color: #ffffff; font-family: verdana, geneva, sans-serif; font-size: 12pt;\">.<\/span><br \/>\n<span style=\"color: #000000; font-family: verdana, geneva, sans-serif; font-size: 14pt;\"><strong>Ligue agora para:<\/strong><\/span><\/p>\n<p style=\"text-align: center;\"><span style=\"color: #ffffff; font-family: verdana, geneva, sans-serif; font-size: 12pt;\">.<\/span><br \/>\n<span style=\"color: #800080; font-family: verdana, geneva, sans-serif; font-size: 24pt;\"><strong>0800 773 11 19<\/strong><\/span><br \/>\n<span style=\"color: #800080; font-family: verdana, geneva, sans-serif; font-size: 12pt;\"><strong>(gr\u00e1tis para todo o Brasil)<\/strong><\/span><\/p>\n<p style=\"text-align: center;\"><span style=\"color: #ffffff; font-family: verdana, geneva, sans-serif; font-size: 12pt;\">.<\/span><\/p>\n<p style=\"text-align: center;\"><span style=\"color: #ffffff; font-family: verdana, geneva, sans-serif; font-size: 12pt;\">.<\/span><\/p>\n<p>&nbsp;<\/p>\n","protected":false},"excerpt":{"rendered":"<p>Uma alvissareira not\u00edcia nos chega de Roma:<\/p>\n","protected":false},"author":31,"featured_media":0,"comment_status":"open","ping_status":"open","sticky":false,"template":"","format":"standard","meta":[],"categories":[20],"tags":[1559,1031,1121],"yoast_head":"<!-- This site is optimized with the Yoast SEO plugin v17.4 - https:\/\/yoast.com\/wordpress\/plugins\/seo\/ -->\n<title>38 Her\u00f3is da f\u00e9 na Alb\u00e2nia! Veja essa emocionante hist\u00f3ria. (Parte I) - Associa\u00e7\u00e3o Devotos de F\u00e1tima<\/title>\n<meta name=\"robots\" content=\"index, follow, max-snippet:-1, max-image-preview:large, max-video-preview:-1\" \/>\n<link rel=\"canonical\" href=\"https:\/\/www.adf.org.br\/home\/38-herois-da-fe-na-albania-veja-essa-emocionante-historia-parte-i\/\" \/>\n<meta property=\"og:locale\" content=\"pt_BR\" \/>\n<meta property=\"og:type\" content=\"article\" \/>\n<meta property=\"og:title\" content=\"38 Her\u00f3is da f\u00e9 na Alb\u00e2nia! Veja essa emocionante hist\u00f3ria. (Parte I) - Associa\u00e7\u00e3o Devotos de F\u00e1tima\" \/>\n<meta property=\"og:description\" content=\"Uma alvissareira not\u00edcia nos chega de Roma:\" \/>\n<meta property=\"og:url\" content=\"https:\/\/www.adf.org.br\/home\/38-herois-da-fe-na-albania-veja-essa-emocionante-historia-parte-i\/\" \/>\n<meta property=\"og:site_name\" content=\"Associa\u00e7\u00e3o Devotos de F\u00e1tima\" \/>\n<meta property=\"article:published_time\" content=\"2016-07-18T03:00:02+00:00\" \/>\n<meta property=\"og:image\" content=\"http:\/\/www.adf.org.br\/home\/wp-content\/uploads\/2016\/07\/Albania-Bandeira.jpg\" \/>\n<meta name=\"twitter:card\" content=\"summary_large_image\" \/>\n<meta name=\"twitter:label1\" content=\"Escrito por\" \/>\n\t<meta name=\"twitter:data1\" content=\"Gabriel Barbosa\" \/>\n\t<meta name=\"twitter:label2\" content=\"Est. tempo de leitura\" \/>\n\t<meta name=\"twitter:data2\" content=\"3 minutos\" \/>\n<script type=\"application\/ld+json\" class=\"yoast-schema-graph\">{\"@context\":\"https:\/\/schema.org\",\"@graph\":[{\"@type\":\"WebSite\",\"@id\":\"https:\/\/www.adf.org.br\/home\/#website\",\"url\":\"https:\/\/www.adf.org.br\/home\/\",\"name\":\"Associa\\u00e7\\u00e3o Devotos de F\\u00e1tima\",\"description\":\"Associa\\u00e7\\u00e3o Devotos de F\\u00e1tima\",\"potentialAction\":[{\"@type\":\"SearchAction\",\"target\":{\"@type\":\"EntryPoint\",\"urlTemplate\":\"https:\/\/www.adf.org.br\/home\/?s={search_term_string}\"},\"query-input\":\"required name=search_term_string\"}],\"inLanguage\":\"pt-BR\"},{\"@type\":\"ImageObject\",\"@id\":\"https:\/\/www.adf.org.br\/home\/38-herois-da-fe-na-albania-veja-essa-emocionante-historia-parte-i\/#primaryimage\",\"inLanguage\":\"pt-BR\",\"url\":\"http:\/\/www.adf.org.br\/home\/wp-content\/uploads\/2016\/07\/Albania-Bandeira.jpg\",\"contentUrl\":\"http:\/\/www.adf.org.br\/home\/wp-content\/uploads\/2016\/07\/Albania-Bandeira.jpg\"},{\"@type\":\"WebPage\",\"@id\":\"https:\/\/www.adf.org.br\/home\/38-herois-da-fe-na-albania-veja-essa-emocionante-historia-parte-i\/#webpage\",\"url\":\"https:\/\/www.adf.org.br\/home\/38-herois-da-fe-na-albania-veja-essa-emocionante-historia-parte-i\/\",\"name\":\"38 Her\\u00f3is da f\\u00e9 na Alb\\u00e2nia! Veja essa emocionante hist\\u00f3ria. (Parte I) - Associa\\u00e7\\u00e3o Devotos de F\\u00e1tima\",\"isPartOf\":{\"@id\":\"https:\/\/www.adf.org.br\/home\/#website\"},\"primaryImageOfPage\":{\"@id\":\"https:\/\/www.adf.org.br\/home\/38-herois-da-fe-na-albania-veja-essa-emocionante-historia-parte-i\/#primaryimage\"},\"datePublished\":\"2016-07-18T03:00:02+00:00\",\"dateModified\":\"2016-07-18T03:00:02+00:00\",\"author\":{\"@id\":\"https:\/\/www.adf.org.br\/home\/#\/schema\/person\/f35a5c5aa7728a3dedf4ea9aa1fc2753\"},\"breadcrumb\":{\"@id\":\"https:\/\/www.adf.org.br\/home\/38-herois-da-fe-na-albania-veja-essa-emocionante-historia-parte-i\/#breadcrumb\"},\"inLanguage\":\"pt-BR\",\"potentialAction\":[{\"@type\":\"ReadAction\",\"target\":[\"https:\/\/www.adf.org.br\/home\/38-herois-da-fe-na-albania-veja-essa-emocionante-historia-parte-i\/\"]}]},{\"@type\":\"BreadcrumbList\",\"@id\":\"https:\/\/www.adf.org.br\/home\/38-herois-da-fe-na-albania-veja-essa-emocionante-historia-parte-i\/#breadcrumb\",\"itemListElement\":[{\"@type\":\"ListItem\",\"position\":1,\"name\":\"Home\",\"item\":\"https:\/\/www.adf.org.br\/home\/\"},{\"@type\":\"ListItem\",\"position\":2,\"name\":\"38 Her\\u00f3is da f\\u00e9 na Alb\\u00e2nia! Veja essa emocionante hist\\u00f3ria. (Parte I)\"}]},{\"@type\":\"Person\",\"@id\":\"https:\/\/www.adf.org.br\/home\/#\/schema\/person\/f35a5c5aa7728a3dedf4ea9aa1fc2753\",\"name\":\"Gabriel Barbosa\",\"image\":{\"@type\":\"ImageObject\",\"@id\":\"https:\/\/www.adf.org.br\/home\/#personlogo\",\"inLanguage\":\"pt-BR\",\"url\":\"https:\/\/secure.gravatar.com\/avatar\/2b2cb2f4637682c5605e8d36818f51ef?s=96&d=mm&r=g\",\"contentUrl\":\"https:\/\/secure.gravatar.com\/avatar\/2b2cb2f4637682c5605e8d36818f51ef?s=96&d=mm&r=g\",\"caption\":\"Gabriel Barbosa\"},\"url\":\"https:\/\/www.adf.org.br\/home\/author\/gabrielpmk-com-br\/\"}]}<\/script>\n<!-- \/ Yoast SEO plugin. -->","yoast_head_json":{"title":"38 Her\u00f3is da f\u00e9 na Alb\u00e2nia! Veja essa emocionante hist\u00f3ria. (Parte I) - Associa\u00e7\u00e3o Devotos de F\u00e1tima","robots":{"index":"index","follow":"follow","max-snippet":"max-snippet:-1","max-image-preview":"max-image-preview:large","max-video-preview":"max-video-preview:-1"},"canonical":"https:\/\/www.adf.org.br\/home\/38-herois-da-fe-na-albania-veja-essa-emocionante-historia-parte-i\/","og_locale":"pt_BR","og_type":"article","og_title":"38 Her\u00f3is da f\u00e9 na Alb\u00e2nia! Veja essa emocionante hist\u00f3ria. (Parte I) - Associa\u00e7\u00e3o Devotos de F\u00e1tima","og_description":"Uma alvissareira not\u00edcia nos chega de Roma:","og_url":"https:\/\/www.adf.org.br\/home\/38-herois-da-fe-na-albania-veja-essa-emocionante-historia-parte-i\/","og_site_name":"Associa\u00e7\u00e3o Devotos de F\u00e1tima","article_published_time":"2016-07-18T03:00:02+00:00","og_image":[{"url":"http:\/\/www.adf.org.br\/home\/wp-content\/uploads\/2016\/07\/Albania-Bandeira.jpg"}],"twitter_card":"summary_large_image","twitter_misc":{"Escrito por":"Gabriel Barbosa","Est. tempo de leitura":"3 minutos"},"schema":{"@context":"https:\/\/schema.org","@graph":[{"@type":"WebSite","@id":"https:\/\/www.adf.org.br\/home\/#website","url":"https:\/\/www.adf.org.br\/home\/","name":"Associa\u00e7\u00e3o Devotos de F\u00e1tima","description":"Associa\u00e7\u00e3o Devotos de F\u00e1tima","potentialAction":[{"@type":"SearchAction","target":{"@type":"EntryPoint","urlTemplate":"https:\/\/www.adf.org.br\/home\/?s={search_term_string}"},"query-input":"required name=search_term_string"}],"inLanguage":"pt-BR"},{"@type":"ImageObject","@id":"https:\/\/www.adf.org.br\/home\/38-herois-da-fe-na-albania-veja-essa-emocionante-historia-parte-i\/#primaryimage","inLanguage":"pt-BR","url":"http:\/\/www.adf.org.br\/home\/wp-content\/uploads\/2016\/07\/Albania-Bandeira.jpg","contentUrl":"http:\/\/www.adf.org.br\/home\/wp-content\/uploads\/2016\/07\/Albania-Bandeira.jpg"},{"@type":"WebPage","@id":"https:\/\/www.adf.org.br\/home\/38-herois-da-fe-na-albania-veja-essa-emocionante-historia-parte-i\/#webpage","url":"https:\/\/www.adf.org.br\/home\/38-herois-da-fe-na-albania-veja-essa-emocionante-historia-parte-i\/","name":"38 Her\u00f3is da f\u00e9 na Alb\u00e2nia! Veja essa emocionante hist\u00f3ria. (Parte I) - Associa\u00e7\u00e3o Devotos de F\u00e1tima","isPartOf":{"@id":"https:\/\/www.adf.org.br\/home\/#website"},"primaryImageOfPage":{"@id":"https:\/\/www.adf.org.br\/home\/38-herois-da-fe-na-albania-veja-essa-emocionante-historia-parte-i\/#primaryimage"},"datePublished":"2016-07-18T03:00:02+00:00","dateModified":"2016-07-18T03:00:02+00:00","author":{"@id":"https:\/\/www.adf.org.br\/home\/#\/schema\/person\/f35a5c5aa7728a3dedf4ea9aa1fc2753"},"breadcrumb":{"@id":"https:\/\/www.adf.org.br\/home\/38-herois-da-fe-na-albania-veja-essa-emocionante-historia-parte-i\/#breadcrumb"},"inLanguage":"pt-BR","potentialAction":[{"@type":"ReadAction","target":["https:\/\/www.adf.org.br\/home\/38-herois-da-fe-na-albania-veja-essa-emocionante-historia-parte-i\/"]}]},{"@type":"BreadcrumbList","@id":"https:\/\/www.adf.org.br\/home\/38-herois-da-fe-na-albania-veja-essa-emocionante-historia-parte-i\/#breadcrumb","itemListElement":[{"@type":"ListItem","position":1,"name":"Home","item":"https:\/\/www.adf.org.br\/home\/"},{"@type":"ListItem","position":2,"name":"38 Her\u00f3is da f\u00e9 na Alb\u00e2nia! Veja essa emocionante hist\u00f3ria. (Parte I)"}]},{"@type":"Person","@id":"https:\/\/www.adf.org.br\/home\/#\/schema\/person\/f35a5c5aa7728a3dedf4ea9aa1fc2753","name":"Gabriel Barbosa","image":{"@type":"ImageObject","@id":"https:\/\/www.adf.org.br\/home\/#personlogo","inLanguage":"pt-BR","url":"https:\/\/secure.gravatar.com\/avatar\/2b2cb2f4637682c5605e8d36818f51ef?s=96&d=mm&r=g","contentUrl":"https:\/\/secure.gravatar.com\/avatar\/2b2cb2f4637682c5605e8d36818f51ef?s=96&d=mm&r=g","caption":"Gabriel Barbosa"},"url":"https:\/\/www.adf.org.br\/home\/author\/gabrielpmk-com-br\/"}]}},"_links":{"self":[{"href":"https:\/\/www.adf.org.br\/home\/wp-json\/wp\/v2\/posts\/40756"}],"collection":[{"href":"https:\/\/www.adf.org.br\/home\/wp-json\/wp\/v2\/posts"}],"about":[{"href":"https:\/\/www.adf.org.br\/home\/wp-json\/wp\/v2\/types\/post"}],"author":[{"embeddable":true,"href":"https:\/\/www.adf.org.br\/home\/wp-json\/wp\/v2\/users\/31"}],"replies":[{"embeddable":true,"href":"https:\/\/www.adf.org.br\/home\/wp-json\/wp\/v2\/comments?post=40756"}],"version-history":[{"count":0,"href":"https:\/\/www.adf.org.br\/home\/wp-json\/wp\/v2\/posts\/40756\/revisions"}],"wp:attachment":[{"href":"https:\/\/www.adf.org.br\/home\/wp-json\/wp\/v2\/media?parent=40756"}],"wp:term":[{"taxonomy":"category","embeddable":true,"href":"https:\/\/www.adf.org.br\/home\/wp-json\/wp\/v2\/categories?post=40756"},{"taxonomy":"post_tag","embeddable":true,"href":"https:\/\/www.adf.org.br\/home\/wp-json\/wp\/v2\/tags?post=40756"}],"curies":[{"name":"wp","href":"https:\/\/api.w.org\/{rel}","templated":true}]}}