{"id":40549,"date":"2016-07-04T00:01:01","date_gmt":"2016-07-04T03:01:01","guid":{"rendered":"http:\/\/www.adf.org.br\/home\/?p=40549"},"modified":"2016-07-04T00:01:01","modified_gmt":"2016-07-04T03:01:01","slug":"intencoes-da-semana-oratorio-da-medalha-milagrosa-04-a-10-de-julho","status":"publish","type":"post","link":"https:\/\/www.adf.org.br\/home\/intencoes-da-semana-oratorio-da-medalha-milagrosa-04-a-10-de-julho\/","title":{"rendered":"Inten\u00e7\u00f5es da Semana Orat\u00f3rio da Medalha Milagrosa \u2013 04 a 10 de julho."},"content":{"rendered":"<p style=\"text-align: center;\"><a href=\"http:\/\/oratoriodamedalhamilagrosa.org.br\/home\/acenda-sua-vela-30\/?origem=1025\"><img loading=\"lazy\" class=\"aligncenter size-full wp-image-40551\" title=\"Clique aqui para ver como receber uma Medalha Milagrosa pelo Correio\" src=\"http:\/\/www.adf.org.br\/home\/wp-content\/uploads\/2016\/07\/intencoes_oratorio.jpg\" alt=\"\" width=\"600\" height=\"297\" \/><\/a><\/p>\n<p>&nbsp;<\/p>\n<p style=\"text-align: center;\"><span style=\"font-family: verdana, geneva; font-size: medium; color: #800080;\"><strong>Cat\u00f3lico!\u00a0Vale a pena rezar por estas inten\u00e7\u00f5es!<\/strong><\/span><\/p>\n<p style=\"text-align: center;\"><span style=\"font-family: verdana, geneva; font-size: medium; color: #000000;\"><strong><\/strong><span style=\"color: #ffffff;\">.<\/span><\/span><\/p>\n<p style=\"text-align: left;\"><span style=\"font-family: verdana, geneva; font-size: medium; color: #000000;\">1) Por todos os sacerdotes e seminaristas, e para que Deus nos conceda mais voca\u00e7\u00f5es religiosas.<\/span><\/p>\n<p style=\"text-align: left;\"><span style=\"font-family: verdana, geneva; font-size: medium; color: #000000;\">Roguemos para que todos os sacerdotes e seminaristas sejam sempre fieis \u00e0 Doutrina milenar da Igreja Cat\u00f3lica, livre de novidades e erros destes tempos, e preservem a Palavra de Nosso Senhor para que, assim, todos preservem suas almas.<\/span><\/p>\n<p style=\"text-align: left;\"><span style=\"font-family: verdana, geneva; font-size: medium; color: #ffffff;\">.<\/span><\/p>\n<p style=\"text-align: left;\"><span style=\"font-family: verdana, geneva; font-size: medium; color: #000000;\">2) Roguemos para Santa Maria Goretti, virgem e m\u00e1rtir, neste dia 06\/07 &#8211; dia de sua Solenidade.<\/span><\/p>\n<p style=\"text-align: left;\"><span style=\"font-family: verdana, geneva; font-size: medium; color: #000000;\">Roguemos especialmente para que ela interceda junto a Deus para que as mo\u00e7as jovens preservem sua mod\u00e9stia e seu pudor, e vivam em Castidade como manda o Sexto Mandamento do Dec\u00e1logo (N\u00e3o pecar contra a Castidade).<\/span><\/p>\n<p style=\"text-align: left;\"><span style=\"font-family: verdana, geneva; font-size: medium; color: #ffffff;\">.<\/span><\/p>\n<p style=\"text-align: center;\"><span style=\"font-family: verdana, geneva; font-size: medium;\"><strong><a href=\"http:\/\/oratoriodamedalhamilagrosa.org.br\/home\/acenda-sua-vela-30\/?origem=1025\" target=\"_blank\" rel=\"noopener noreferrer\">Voc\u00ea tamb\u00e9m pode colocar seu nome e os seus p<\/a><a href=\"http:\/\/oratoriodamedalhamilagrosa.org.br\/home\/acenda-sua-vela-30\/?origem=1025\" target=\"_blank\" rel=\"noopener noreferrer\">edidos<\/a><\/strong><\/span><\/p>\n<p style=\"text-align: center;\"><span style=\"font-family: verdana, geneva; font-size: medium;\"><strong><a href=\"http:\/\/oratoriodamedalhamilagrosa.org.br\/home\/acenda-sua-vela-30\/?origem=1025\" target=\"_blank\" rel=\"noopener noreferrer\">pessoais\u00a0nas inten\u00e7\u00f5es das Missas da semana;<\/a><\/strong><\/span><\/p>\n<p><span style=\"font-family: verdana, geneva; font-size: medium; color: #ffffff;\">.<\/span><\/p>\n<p><span style=\"font-family: verdana, geneva; font-size: medium; color: #000000;\">3) Para que todos fa\u00e7am Ora\u00e7\u00f5es ao Precios\u00edssimo Sangue de Nosso Senhor Jesus Cristo.<\/span><\/p>\n<p><span style=\"font-family: verdana, geneva; font-size: medium; color: #000000;\">Pois este m\u00eas \u00e9 o m\u00eas do Precios\u00edssimo Sangue de Nosso Senhor Jesus Cristo, pre\u00e7o da Reden\u00e7\u00e3o da Humanidade.\u00a0<\/span><\/p>\n<p><span style=\"font-family: verdana, geneva; font-size: medium; color: #000000;\">Sugere-se que, neste m\u00eas, reze-se todos os dias a Ladainha do Precios\u00edssimo Sangue de Nosso Senhor Jesus Cristo, que pode ser encontrada facilmente na internet.<\/span><\/p>\n<p><span style=\"font-family: verdana, geneva; font-size: medium; color: #ffffff;\">.<\/span><\/p>\n<p><span style=\"font-family: verdana, geneva; font-size: medium; color: #800080;\"><strong>4) Por todas as inten\u00e7\u00f5es pessoais de todos os que pedirem no telefone abaixo, com F\u00e9 e arrependimento dos seus pecados:<\/strong><\/span><\/p>\n<p><span style=\"font-family: verdana, geneva; font-size: medium; color: #ffffff;\">.<\/span><\/p>\n<p style=\"text-align: center;\"><span style=\"font-family: verdana, geneva; font-size: xx-large; color: #0000ff;\"><strong>0800 773 1119<\/strong><\/span><\/p>\n<p style=\"text-align: center;\"><span style=\"font-family: verdana, geneva; font-size: medium; color: #ffffff;\">.<\/span><\/p>\n<p style=\"text-align: center;\"><span style=\"font-family: verdana, geneva; font-size: medium;\"><strong><a href=\"http:\/\/oratoriodamedalhamilagrosa.org.br\/home\/acenda-sua-vela-30\/?origem=1025\" target=\"_blank\" rel=\"noopener noreferrer\">Nossa Senhora das Gra\u00e7as est\u00e1 aguardando a sua ora\u00e7\u00e3o:<\/a><\/strong><\/span><\/p>\n<p style=\"text-align: center;\"><span style=\"font-family: verdana, geneva; font-size: medium;\"><strong><a href=\"http:\/\/oratoriodamedalhamilagrosa.org.br\/home\/acenda-sua-vela-30\/?origem=1025\" target=\"_blank\" rel=\"noopener noreferrer\">\u2026Para enviar do C\u00e9u a gra\u00e7a que voc\u00ea mais precisa\u2026<\/a><\/strong><\/span><\/p>\n<p style=\"text-align: center;\"><span style=\"font-family: verdana, geneva; font-size: medium; color: #ffffff;\">.<\/span><\/p>\n<p style=\"text-align: center;\"><span style=\"font-family: verdana, geneva; font-size: medium; color: #000000;\"><strong>O Maria Concebida sem pecados, rogai por n\u00f3s que<\/strong><\/span><\/p>\n<p style=\"text-align: center;\"><span style=\"font-family: verdana, geneva; font-size: medium; color: #000000;\"><strong>recorremos a V\u00f3s!<\/strong><\/span><\/p>\n<p><span style=\"font-family: verdana, geneva; font-size: medium; color: #ffffff;\">.<\/span><\/p>\n","protected":false},"excerpt":{"rendered":"<p>&nbsp; Cat\u00f3lico!\u00a0Vale a pena rezar por estas inten\u00e7\u00f5es! . 1) Por todos os sacerdotes e seminaristas, e para que Deus nos conceda mais voca\u00e7\u00f5es religiosas. Roguemos para que todos os sacerdotes e seminaristas sejam sempre fieis \u00e0 Doutrina milenar da Igreja Cat\u00f3lica, livre de novidades e erros destes tempos, e preservem a Palavra de Nosso [&hellip;]<\/p>\n","protected":false},"author":12,"featured_media":0,"comment_status":"closed","ping_status":"open","sticky":false,"template":"","format":"standard","meta":[],"categories":[60],"tags":[61],"yoast_head":"<!-- This site is optimized with the Yoast SEO plugin v17.4 - https:\/\/yoast.com\/wordpress\/plugins\/seo\/ -->\n<title>Inten\u00e7\u00f5es da Semana Orat\u00f3rio da Medalha Milagrosa \u2013 04 a 10 de julho. - Associa\u00e7\u00e3o Devotos de F\u00e1tima<\/title>\n<meta name=\"robots\" content=\"index, follow, max-snippet:-1, max-image-preview:large, max-video-preview:-1\" \/>\n<link rel=\"canonical\" href=\"https:\/\/www.adf.org.br\/home\/intencoes-da-semana-oratorio-da-medalha-milagrosa-04-a-10-de-julho\/\" \/>\n<meta property=\"og:locale\" content=\"pt_BR\" \/>\n<meta property=\"og:type\" content=\"article\" \/>\n<meta property=\"og:title\" content=\"Inten\u00e7\u00f5es da Semana Orat\u00f3rio da Medalha Milagrosa \u2013 04 a 10 de julho. - Associa\u00e7\u00e3o Devotos de F\u00e1tima\" \/>\n<meta property=\"og:description\" content=\"&nbsp; Cat\u00f3lico!\u00a0Vale a pena rezar por estas inten\u00e7\u00f5es! . 1) Por todos os sacerdotes e seminaristas, e para que Deus nos conceda mais voca\u00e7\u00f5es religiosas. Roguemos para que todos os sacerdotes e seminaristas sejam sempre fieis \u00e0 Doutrina milenar da Igreja Cat\u00f3lica, livre de novidades e erros destes tempos, e preservem a Palavra de Nosso [&hellip;]\" \/>\n<meta property=\"og:url\" content=\"https:\/\/www.adf.org.br\/home\/intencoes-da-semana-oratorio-da-medalha-milagrosa-04-a-10-de-julho\/\" \/>\n<meta property=\"og:site_name\" content=\"Associa\u00e7\u00e3o Devotos de F\u00e1tima\" \/>\n<meta property=\"article:published_time\" content=\"2016-07-04T03:01:01+00:00\" \/>\n<meta property=\"og:image\" content=\"http:\/\/www.adf.org.br\/home\/wp-content\/uploads\/2016\/07\/intencoes_oratorio.jpg\" \/>\n<meta name=\"twitter:card\" content=\"summary_large_image\" \/>\n<meta name=\"twitter:label1\" content=\"Escrito por\" \/>\n\t<meta name=\"twitter:data1\" content=\"luiz.fernando\" \/>\n\t<meta name=\"twitter:label2\" content=\"Est. tempo de leitura\" \/>\n\t<meta name=\"twitter:data2\" content=\"1 minuto\" \/>\n<script type=\"application\/ld+json\" class=\"yoast-schema-graph\">{\"@context\":\"https:\/\/schema.org\",\"@graph\":[{\"@type\":\"WebSite\",\"@id\":\"https:\/\/www.adf.org.br\/home\/#website\",\"url\":\"https:\/\/www.adf.org.br\/home\/\",\"name\":\"Associa\\u00e7\\u00e3o Devotos de F\\u00e1tima\",\"description\":\"Associa\\u00e7\\u00e3o Devotos de F\\u00e1tima\",\"potentialAction\":[{\"@type\":\"SearchAction\",\"target\":{\"@type\":\"EntryPoint\",\"urlTemplate\":\"https:\/\/www.adf.org.br\/home\/?s={search_term_string}\"},\"query-input\":\"required name=search_term_string\"}],\"inLanguage\":\"pt-BR\"},{\"@type\":\"ImageObject\",\"@id\":\"https:\/\/www.adf.org.br\/home\/intencoes-da-semana-oratorio-da-medalha-milagrosa-04-a-10-de-julho\/#primaryimage\",\"inLanguage\":\"pt-BR\",\"url\":\"http:\/\/www.adf.org.br\/home\/wp-content\/uploads\/2016\/07\/intencoes_oratorio.jpg\",\"contentUrl\":\"http:\/\/www.adf.org.br\/home\/wp-content\/uploads\/2016\/07\/intencoes_oratorio.jpg\"},{\"@type\":\"WebPage\",\"@id\":\"https:\/\/www.adf.org.br\/home\/intencoes-da-semana-oratorio-da-medalha-milagrosa-04-a-10-de-julho\/#webpage\",\"url\":\"https:\/\/www.adf.org.br\/home\/intencoes-da-semana-oratorio-da-medalha-milagrosa-04-a-10-de-julho\/\",\"name\":\"Inten\\u00e7\\u00f5es da Semana Orat\\u00f3rio da Medalha Milagrosa \\u2013 04 a 10 de julho. - Associa\\u00e7\\u00e3o Devotos de F\\u00e1tima\",\"isPartOf\":{\"@id\":\"https:\/\/www.adf.org.br\/home\/#website\"},\"primaryImageOfPage\":{\"@id\":\"https:\/\/www.adf.org.br\/home\/intencoes-da-semana-oratorio-da-medalha-milagrosa-04-a-10-de-julho\/#primaryimage\"},\"datePublished\":\"2016-07-04T03:01:01+00:00\",\"dateModified\":\"2016-07-04T03:01:01+00:00\",\"author\":{\"@id\":\"https:\/\/www.adf.org.br\/home\/#\/schema\/person\/4eb0499131c1962e974297eff367a715\"},\"breadcrumb\":{\"@id\":\"https:\/\/www.adf.org.br\/home\/intencoes-da-semana-oratorio-da-medalha-milagrosa-04-a-10-de-julho\/#breadcrumb\"},\"inLanguage\":\"pt-BR\",\"potentialAction\":[{\"@type\":\"ReadAction\",\"target\":[\"https:\/\/www.adf.org.br\/home\/intencoes-da-semana-oratorio-da-medalha-milagrosa-04-a-10-de-julho\/\"]}]},{\"@type\":\"BreadcrumbList\",\"@id\":\"https:\/\/www.adf.org.br\/home\/intencoes-da-semana-oratorio-da-medalha-milagrosa-04-a-10-de-julho\/#breadcrumb\",\"itemListElement\":[{\"@type\":\"ListItem\",\"position\":1,\"name\":\"Home\",\"item\":\"https:\/\/www.adf.org.br\/home\/\"},{\"@type\":\"ListItem\",\"position\":2,\"name\":\"Inten\\u00e7\\u00f5es da Semana Orat\\u00f3rio da Medalha Milagrosa \\u2013 04 a 10 de julho.\"}]},{\"@type\":\"Person\",\"@id\":\"https:\/\/www.adf.org.br\/home\/#\/schema\/person\/4eb0499131c1962e974297eff367a715\",\"name\":\"luiz.fernando\",\"image\":{\"@type\":\"ImageObject\",\"@id\":\"https:\/\/www.adf.org.br\/home\/#personlogo\",\"inLanguage\":\"pt-BR\",\"url\":\"https:\/\/secure.gravatar.com\/avatar\/4e9dcdc2a00e06e1d9189a84f6908f28?s=96&d=mm&r=g\",\"contentUrl\":\"https:\/\/secure.gravatar.com\/avatar\/4e9dcdc2a00e06e1d9189a84f6908f28?s=96&d=mm&r=g\",\"caption\":\"luiz.fernando\"},\"url\":\"https:\/\/www.adf.org.br\/home\/author\/luiz-fernando\/\"}]}<\/script>\n<!-- \/ Yoast SEO plugin. -->","yoast_head_json":{"title":"Inten\u00e7\u00f5es da Semana Orat\u00f3rio da Medalha Milagrosa \u2013 04 a 10 de julho. - Associa\u00e7\u00e3o Devotos de F\u00e1tima","robots":{"index":"index","follow":"follow","max-snippet":"max-snippet:-1","max-image-preview":"max-image-preview:large","max-video-preview":"max-video-preview:-1"},"canonical":"https:\/\/www.adf.org.br\/home\/intencoes-da-semana-oratorio-da-medalha-milagrosa-04-a-10-de-julho\/","og_locale":"pt_BR","og_type":"article","og_title":"Inten\u00e7\u00f5es da Semana Orat\u00f3rio da Medalha Milagrosa \u2013 04 a 10 de julho. - Associa\u00e7\u00e3o Devotos de F\u00e1tima","og_description":"&nbsp; Cat\u00f3lico!\u00a0Vale a pena rezar por estas inten\u00e7\u00f5es! . 1) Por todos os sacerdotes e seminaristas, e para que Deus nos conceda mais voca\u00e7\u00f5es religiosas. Roguemos para que todos os sacerdotes e seminaristas sejam sempre fieis \u00e0 Doutrina milenar da Igreja Cat\u00f3lica, livre de novidades e erros destes tempos, e preservem a Palavra de Nosso [&hellip;]","og_url":"https:\/\/www.adf.org.br\/home\/intencoes-da-semana-oratorio-da-medalha-milagrosa-04-a-10-de-julho\/","og_site_name":"Associa\u00e7\u00e3o Devotos de F\u00e1tima","article_published_time":"2016-07-04T03:01:01+00:00","og_image":[{"url":"http:\/\/www.adf.org.br\/home\/wp-content\/uploads\/2016\/07\/intencoes_oratorio.jpg"}],"twitter_card":"summary_large_image","twitter_misc":{"Escrito por":"luiz.fernando","Est. tempo de leitura":"1 minuto"},"schema":{"@context":"https:\/\/schema.org","@graph":[{"@type":"WebSite","@id":"https:\/\/www.adf.org.br\/home\/#website","url":"https:\/\/www.adf.org.br\/home\/","name":"Associa\u00e7\u00e3o Devotos de F\u00e1tima","description":"Associa\u00e7\u00e3o Devotos de F\u00e1tima","potentialAction":[{"@type":"SearchAction","target":{"@type":"EntryPoint","urlTemplate":"https:\/\/www.adf.org.br\/home\/?s={search_term_string}"},"query-input":"required name=search_term_string"}],"inLanguage":"pt-BR"},{"@type":"ImageObject","@id":"https:\/\/www.adf.org.br\/home\/intencoes-da-semana-oratorio-da-medalha-milagrosa-04-a-10-de-julho\/#primaryimage","inLanguage":"pt-BR","url":"http:\/\/www.adf.org.br\/home\/wp-content\/uploads\/2016\/07\/intencoes_oratorio.jpg","contentUrl":"http:\/\/www.adf.org.br\/home\/wp-content\/uploads\/2016\/07\/intencoes_oratorio.jpg"},{"@type":"WebPage","@id":"https:\/\/www.adf.org.br\/home\/intencoes-da-semana-oratorio-da-medalha-milagrosa-04-a-10-de-julho\/#webpage","url":"https:\/\/www.adf.org.br\/home\/intencoes-da-semana-oratorio-da-medalha-milagrosa-04-a-10-de-julho\/","name":"Inten\u00e7\u00f5es da Semana Orat\u00f3rio da Medalha Milagrosa \u2013 04 a 10 de julho. - Associa\u00e7\u00e3o Devotos de F\u00e1tima","isPartOf":{"@id":"https:\/\/www.adf.org.br\/home\/#website"},"primaryImageOfPage":{"@id":"https:\/\/www.adf.org.br\/home\/intencoes-da-semana-oratorio-da-medalha-milagrosa-04-a-10-de-julho\/#primaryimage"},"datePublished":"2016-07-04T03:01:01+00:00","dateModified":"2016-07-04T03:01:01+00:00","author":{"@id":"https:\/\/www.adf.org.br\/home\/#\/schema\/person\/4eb0499131c1962e974297eff367a715"},"breadcrumb":{"@id":"https:\/\/www.adf.org.br\/home\/intencoes-da-semana-oratorio-da-medalha-milagrosa-04-a-10-de-julho\/#breadcrumb"},"inLanguage":"pt-BR","potentialAction":[{"@type":"ReadAction","target":["https:\/\/www.adf.org.br\/home\/intencoes-da-semana-oratorio-da-medalha-milagrosa-04-a-10-de-julho\/"]}]},{"@type":"BreadcrumbList","@id":"https:\/\/www.adf.org.br\/home\/intencoes-da-semana-oratorio-da-medalha-milagrosa-04-a-10-de-julho\/#breadcrumb","itemListElement":[{"@type":"ListItem","position":1,"name":"Home","item":"https:\/\/www.adf.org.br\/home\/"},{"@type":"ListItem","position":2,"name":"Inten\u00e7\u00f5es da Semana Orat\u00f3rio da Medalha Milagrosa \u2013 04 a 10 de julho."}]},{"@type":"Person","@id":"https:\/\/www.adf.org.br\/home\/#\/schema\/person\/4eb0499131c1962e974297eff367a715","name":"luiz.fernando","image":{"@type":"ImageObject","@id":"https:\/\/www.adf.org.br\/home\/#personlogo","inLanguage":"pt-BR","url":"https:\/\/secure.gravatar.com\/avatar\/4e9dcdc2a00e06e1d9189a84f6908f28?s=96&d=mm&r=g","contentUrl":"https:\/\/secure.gravatar.com\/avatar\/4e9dcdc2a00e06e1d9189a84f6908f28?s=96&d=mm&r=g","caption":"luiz.fernando"},"url":"https:\/\/www.adf.org.br\/home\/author\/luiz-fernando\/"}]}},"_links":{"self":[{"href":"https:\/\/www.adf.org.br\/home\/wp-json\/wp\/v2\/posts\/40549"}],"collection":[{"href":"https:\/\/www.adf.org.br\/home\/wp-json\/wp\/v2\/posts"}],"about":[{"href":"https:\/\/www.adf.org.br\/home\/wp-json\/wp\/v2\/types\/post"}],"author":[{"embeddable":true,"href":"https:\/\/www.adf.org.br\/home\/wp-json\/wp\/v2\/users\/12"}],"replies":[{"embeddable":true,"href":"https:\/\/www.adf.org.br\/home\/wp-json\/wp\/v2\/comments?post=40549"}],"version-history":[{"count":0,"href":"https:\/\/www.adf.org.br\/home\/wp-json\/wp\/v2\/posts\/40549\/revisions"}],"wp:attachment":[{"href":"https:\/\/www.adf.org.br\/home\/wp-json\/wp\/v2\/media?parent=40549"}],"wp:term":[{"taxonomy":"category","embeddable":true,"href":"https:\/\/www.adf.org.br\/home\/wp-json\/wp\/v2\/categories?post=40549"},{"taxonomy":"post_tag","embeddable":true,"href":"https:\/\/www.adf.org.br\/home\/wp-json\/wp\/v2\/tags?post=40549"}],"curies":[{"name":"wp","href":"https:\/\/api.w.org\/{rel}","templated":true}]}}