{"id":40516,"date":"2025-08-29T00:00:20","date_gmt":"2025-08-29T03:00:20","guid":{"rendered":"http:\/\/www.adf.org.br\/home\/?p=40516"},"modified":"2025-08-06T18:45:57","modified_gmt":"2025-08-06T21:45:57","slug":"as-aparicoes-de-nossa-senhora","status":"publish","type":"post","link":"https:\/\/www.adf.org.br\/home\/as-aparicoes-de-nossa-senhora\/","title":{"rendered":"Em todas as apari\u00e7\u00f5es Nossa Senhora sempre pediu para tomarmos cuidado com uma coisa&#8230; Veja aqui e se proteja desse mal."},"content":{"rendered":"<figure id=\"attachment_40519\" aria-describedby=\"caption-attachment-40519\" style=\"width: 366px\" class=\"wp-caption aligncenter\"><img loading=\"lazy\" class=\"wp-image-40519\" title=\"Maria Sant\u00edssima\" src=\"http:\/\/www.adf.org.br\/home\/wp-content\/uploads\/2016\/06\/Beato-6.jpg\" alt=\"apari\u00e7\u00f5es de Nossa Senhora\" width=\"366\" height=\"560\" \/><figcaption id=\"caption-attachment-40519\" class=\"wp-caption-text\">Maria Sant\u00edssima, rogai por n\u00f3s!<\/figcaption><\/figure>\n<h4 style=\"padding-left: 90px;\"><span style=\"color: #800080;\"><strong><span style=\"font-size: medium; font-family: verdana, geneva;\"><br \/>\n<span style=\"color: #ffffff;\">.<\/span><br \/>\nN\u00e3o h\u00e1 uma s\u00f3 apari\u00e7\u00e3o da santa M\u00e3e de Deus que n\u00e3o insista sobre um fato:<\/span><\/strong><\/span><\/h4>\n<p><span style=\"font-size: medium; font-family: verdana, geneva; color: #000000;\"><strong><span style=\"font-size: large;\"><span style=\"color: #ffffff;\">.<\/span><br \/>\nO<\/span><\/strong>s pecados da humanidade se tornaram de um peso insuport\u00e1vel na balan\u00e7a da justi\u00e7a divina.\u00a0Esta a causa rec\u00f4ndita de todas as mis\u00e9rias e desordens contempor\u00e2neas.<\/span><\/p>\n<p><strong><span style=\"font-size: medium; font-family: verdana, geneva; color: #000000;\">Os pecados atraem a justa c\u00f3lera de Deus. Os castigos mais terr\u00edveis amea\u00e7am, pois, a humanidade. Para que n\u00e3o sobrevenham, \u00e9 preciso que os homens se convertam.<\/span><\/strong><\/p>\n<p><span style=\"font-size: medium; font-family: verdana, geneva; color: #000000;\">E para que se convertam, \u00e9 preciso que os bons orem ardentemente pelos pecadores e ofere\u00e7am a Deus toda a sorte de sacrif\u00edcios expiat\u00f3rios.<\/span><\/p>\n<p style=\"padding-left: 90px;\"><strong><span style=\"font-size: medium; font-family: verdana, geneva; color: #800080;\"><span style=\"color: #ffffff;\">.<\/span><br \/>\nVemos que o pensamento constante de todas as mensagens de Nossa Senhora \u00e9 este. O mundo est\u00e1 a bra\u00e7os com uma terr\u00edvel crise religiosa e moral.<\/span><\/strong><\/p>\n<p><span style=\"font-size: medium; font-family: verdana, geneva; color: #000000;\"><span style=\"color: #ffffff;\">.<\/span><br \/>\nOs pecados cometidos s\u00e3o incont\u00e1veis. E s\u00e3o a verdadeira causa da desola\u00e7\u00e3o universal.\u00a0O modo mais acertado para remediar seus efeitos consiste na ora\u00e7\u00e3o e na repara\u00e7\u00e3o.<\/span><\/p>\n<p><strong><span style=\"font-size: medium; font-family: verdana, geneva; color: #000000;\">Os cat\u00f3licos, por esp\u00edrito de acomoda\u00e7\u00e3o, por oportunismo, pelo desejo pueril de concordar em tudo com este s\u00e9culo;<\/span><\/strong><\/p>\n<p><span style=\"font-size: medium; font-family: verdana, geneva; color: #000000;\">Para o conduzir por vias extremamente problem\u00e1ticas a uma convers\u00e3o quim\u00e9rica, pensam, agem, sentem-se neste mundo de crise e de derrocada como se estivessem no s\u00e9culo XIII;<\/span><\/p>\n<p><span style=\"font-size: medium; font-family: verdana, geneva; color: #000000;\">Com S\u00e3o Lu\u00eds reinando em Fran\u00e7a, S\u00e3o Fernando em Castela, Santo Tom\u00e1s de Aquino e S\u00e3o Boaventura iluminando a Igreja com o esplendor de sua ci\u00eancia e de sua virtude.<\/span><\/p>\n<p><span style=\"font-size: medium; font-family: verdana, geneva; color: #000000;\">Esses cat\u00f3licos, muitas vezes quarent\u00f5es ou mais do que isso, entram freneticamente na far\u00e2ndola dos despreocupados e entoam loas e hinos a uma situa\u00e7\u00e3o que a outros arranca gemidos de ang\u00fastia e at\u00e9 gritos de dor.<\/span><\/p>\n<p style=\"padding-left: 90px;\"><span style=\"color: #800080;\"><strong><span style=\"font-size: medium; font-family: verdana, geneva;\"><span style=\"color: #ffffff;\">.<\/span><br \/>\nE se h\u00e1 quem lhes deseje abrir os olhos, enfurecem-se. Tolerantes para com tudo e para com todos, n\u00e3o podem suportar que se mostre a gravidade da situa\u00e7\u00e3o em que estamos.<\/span><\/strong><\/span><\/p>\n<p><span style=\"font-size: medium; font-family: verdana, geneva; color: #ffffff;\">.<\/span><br \/>\n<span style=\"font-size: medium; font-family: verdana, geneva; color: #ffffff;\">.<\/span><br \/>\n<span style=\"font-size: 10pt; font-family: verdana, geneva; color: #000000;\"><em>Fonte:<\/em>\u00a0<em>Revista Catolicismo. Prof\u00ba Plinio Corr\u00eaa de Oliveira.<\/em><\/span><\/p>\n<p style=\"text-align: center;\"><span style=\"font-size: medium; font-family: verdana, geneva; color: #ffffff;\">.<\/span><\/p>\n<hr \/>\n<p>&nbsp;<\/p>\n<h3 style=\"text-align: center;\"><strong><span style=\"color: #000000;\">Quer receber conte\u00fados de inspira\u00e7\u00e3o cat\u00f3lica para aumentar sua f\u00e9 e a sua devo\u00e7\u00e3o?<\/span><\/strong><\/h3>\n<p style=\"text-align: center;\"><span style=\"color: #000000;\"><span style=\"text-decoration: underline; color: #0000ff;\"><a style=\"color: #0000ff; text-decoration: underline;\" href=\"https:\/\/www.adf.org.br\/home\/pagina-de-cadastro\/?origem=19977\" target=\"_blank\" rel=\"noopener noreferrer\">Clique aqui<\/a><\/span> ou na imagem abaixo e fa\u00e7a seu cadastro na nossa Newsletter:<\/span><\/p>\n<p style=\"text-align: center;\"><a href=\"https:\/\/www.adf.org.br\/home\/pagina-de-cadastro\/?origem=19977\" target=\"_blank\" rel=\"noopener noreferrer\"><img loading=\"lazy\" class=\"alignnone wp-image-59817\" src=\"https:\/\/www.adf.org.br\/home\/wp-content\/uploads\/2020\/06\/bot\u00e3o-feed-buner-e1607454273193.png\" alt=\"\" width=\"500\" height=\"167\" \/><\/a><\/p>\n","protected":false},"excerpt":{"rendered":"<p>N\u00e3o h\u00e1 uma s\u00f3 apari\u00e7\u00e3o da santa M\u00e3e de Deus que n\u00e3o insista sobre um fato:<\/p>\n","protected":false},"author":31,"featured_media":64236,"comment_status":"open","ping_status":"open","sticky":false,"template":"","format":"standard","meta":[],"categories":[20],"tags":[29,805,136,38,855],"yoast_head":"<!-- This site is optimized with the Yoast SEO plugin v17.4 - https:\/\/yoast.com\/wordpress\/plugins\/seo\/ -->\n<title>Em todas as apari\u00e7\u00f5es Nossa Senhora pediu para tomarmos cuidado.<\/title>\n<meta name=\"description\" content=\"Em todas as apari\u00e7\u00f5es Nossa Senhora sempre pediu para tomarmos cuidado com uma coisa\u2026 Veja aqui e se proteja desse mal.\" \/>\n<meta name=\"robots\" content=\"index, follow, max-snippet:-1, max-image-preview:large, max-video-preview:-1\" \/>\n<link rel=\"canonical\" href=\"https:\/\/www.adf.org.br\/home\/as-aparicoes-de-nossa-senhora\/\" \/>\n<meta property=\"og:locale\" content=\"pt_BR\" \/>\n<meta property=\"og:type\" content=\"article\" \/>\n<meta property=\"og:title\" content=\"Em todas as apari\u00e7\u00f5es Nossa Senhora pediu para tomarmos cuidado.\" \/>\n<meta property=\"og:description\" content=\"Em todas as apari\u00e7\u00f5es Nossa Senhora sempre pediu para tomarmos cuidado com uma coisa\u2026 Veja aqui e se proteja desse mal.\" \/>\n<meta property=\"og:url\" content=\"https:\/\/www.adf.org.br\/home\/as-aparicoes-de-nossa-senhora\/\" \/>\n<meta property=\"og:site_name\" content=\"Associa\u00e7\u00e3o Devotos de F\u00e1tima\" \/>\n<meta property=\"article:published_time\" content=\"2025-08-29T03:00:20+00:00\" \/>\n<meta property=\"article:modified_time\" content=\"2025-08-06T21:45:57+00:00\" \/>\n<meta property=\"og:image\" content=\"https:\/\/www.adf.org.br\/home\/wp-content\/uploads\/2021\/04\/img-fatima-01.jpg\" \/>\n\t<meta property=\"og:image:width\" content=\"514\" \/>\n\t<meta property=\"og:image:height\" content=\"444\" \/>\n<meta name=\"twitter:card\" content=\"summary_large_image\" \/>\n<meta name=\"twitter:label1\" content=\"Escrito por\" \/>\n\t<meta name=\"twitter:data1\" content=\"Gabriel Barbosa\" \/>\n\t<meta name=\"twitter:label2\" content=\"Est. tempo de leitura\" \/>\n\t<meta name=\"twitter:data2\" content=\"2 minutos\" \/>\n<script type=\"application\/ld+json\" class=\"yoast-schema-graph\">{\"@context\":\"https:\/\/schema.org\",\"@graph\":[{\"@type\":\"WebSite\",\"@id\":\"https:\/\/www.adf.org.br\/home\/#website\",\"url\":\"https:\/\/www.adf.org.br\/home\/\",\"name\":\"Associa\\u00e7\\u00e3o Devotos de F\\u00e1tima\",\"description\":\"Associa\\u00e7\\u00e3o Devotos de F\\u00e1tima\",\"potentialAction\":[{\"@type\":\"SearchAction\",\"target\":{\"@type\":\"EntryPoint\",\"urlTemplate\":\"https:\/\/www.adf.org.br\/home\/?s={search_term_string}\"},\"query-input\":\"required name=search_term_string\"}],\"inLanguage\":\"pt-BR\"},{\"@type\":\"ImageObject\",\"@id\":\"https:\/\/www.adf.org.br\/home\/as-aparicoes-de-nossa-senhora\/#primaryimage\",\"inLanguage\":\"pt-BR\",\"url\":\"https:\/\/www.adf.org.br\/home\/wp-content\/uploads\/2021\/04\/img-fatima-01.jpg\",\"contentUrl\":\"https:\/\/www.adf.org.br\/home\/wp-content\/uploads\/2021\/04\/img-fatima-01.jpg\",\"width\":514,\"height\":444,\"caption\":\"Nossa Senhora de F\\u00e1tima\"},{\"@type\":\"WebPage\",\"@id\":\"https:\/\/www.adf.org.br\/home\/as-aparicoes-de-nossa-senhora\/#webpage\",\"url\":\"https:\/\/www.adf.org.br\/home\/as-aparicoes-de-nossa-senhora\/\",\"name\":\"Em todas as apari\\u00e7\\u00f5es Nossa Senhora pediu para tomarmos cuidado.\",\"isPartOf\":{\"@id\":\"https:\/\/www.adf.org.br\/home\/#website\"},\"primaryImageOfPage\":{\"@id\":\"https:\/\/www.adf.org.br\/home\/as-aparicoes-de-nossa-senhora\/#primaryimage\"},\"datePublished\":\"2025-08-29T03:00:20+00:00\",\"dateModified\":\"2025-08-06T21:45:57+00:00\",\"author\":{\"@id\":\"https:\/\/www.adf.org.br\/home\/#\/schema\/person\/f35a5c5aa7728a3dedf4ea9aa1fc2753\"},\"description\":\"Em todas as apari\\u00e7\\u00f5es Nossa Senhora sempre pediu para tomarmos cuidado com uma coisa\\u2026 Veja aqui e se proteja desse mal.\",\"breadcrumb\":{\"@id\":\"https:\/\/www.adf.org.br\/home\/as-aparicoes-de-nossa-senhora\/#breadcrumb\"},\"inLanguage\":\"pt-BR\",\"potentialAction\":[{\"@type\":\"ReadAction\",\"target\":[\"https:\/\/www.adf.org.br\/home\/as-aparicoes-de-nossa-senhora\/\"]}]},{\"@type\":\"BreadcrumbList\",\"@id\":\"https:\/\/www.adf.org.br\/home\/as-aparicoes-de-nossa-senhora\/#breadcrumb\",\"itemListElement\":[{\"@type\":\"ListItem\",\"position\":1,\"name\":\"Home\",\"item\":\"https:\/\/www.adf.org.br\/home\/\"},{\"@type\":\"ListItem\",\"position\":2,\"name\":\"Em todas as apari\\u00e7\\u00f5es Nossa Senhora sempre pediu para tomarmos cuidado com uma coisa&#8230; Veja aqui e se proteja desse mal.\"}]},{\"@type\":\"Person\",\"@id\":\"https:\/\/www.adf.org.br\/home\/#\/schema\/person\/f35a5c5aa7728a3dedf4ea9aa1fc2753\",\"name\":\"Gabriel Barbosa\",\"image\":{\"@type\":\"ImageObject\",\"@id\":\"https:\/\/www.adf.org.br\/home\/#personlogo\",\"inLanguage\":\"pt-BR\",\"url\":\"https:\/\/secure.gravatar.com\/avatar\/2b2cb2f4637682c5605e8d36818f51ef?s=96&d=mm&r=g\",\"contentUrl\":\"https:\/\/secure.gravatar.com\/avatar\/2b2cb2f4637682c5605e8d36818f51ef?s=96&d=mm&r=g\",\"caption\":\"Gabriel Barbosa\"},\"url\":\"https:\/\/www.adf.org.br\/home\/author\/gabrielpmk-com-br\/\"}]}<\/script>\n<!-- \/ Yoast SEO plugin. -->","yoast_head_json":{"title":"Em todas as apari\u00e7\u00f5es Nossa Senhora pediu para tomarmos cuidado.","description":"Em todas as apari\u00e7\u00f5es Nossa Senhora sempre pediu para tomarmos cuidado com uma coisa\u2026 Veja aqui e se proteja desse mal.","robots":{"index":"index","follow":"follow","max-snippet":"max-snippet:-1","max-image-preview":"max-image-preview:large","max-video-preview":"max-video-preview:-1"},"canonical":"https:\/\/www.adf.org.br\/home\/as-aparicoes-de-nossa-senhora\/","og_locale":"pt_BR","og_type":"article","og_title":"Em todas as apari\u00e7\u00f5es Nossa Senhora pediu para tomarmos cuidado.","og_description":"Em todas as apari\u00e7\u00f5es Nossa Senhora sempre pediu para tomarmos cuidado com uma coisa\u2026 Veja aqui e se proteja desse mal.","og_url":"https:\/\/www.adf.org.br\/home\/as-aparicoes-de-nossa-senhora\/","og_site_name":"Associa\u00e7\u00e3o Devotos de F\u00e1tima","article_published_time":"2025-08-29T03:00:20+00:00","article_modified_time":"2025-08-06T21:45:57+00:00","og_image":[{"width":514,"height":444,"url":"https:\/\/www.adf.org.br\/home\/wp-content\/uploads\/2021\/04\/img-fatima-01.jpg","type":"image\/jpeg"}],"twitter_card":"summary_large_image","twitter_misc":{"Escrito por":"Gabriel Barbosa","Est. tempo de leitura":"2 minutos"},"schema":{"@context":"https:\/\/schema.org","@graph":[{"@type":"WebSite","@id":"https:\/\/www.adf.org.br\/home\/#website","url":"https:\/\/www.adf.org.br\/home\/","name":"Associa\u00e7\u00e3o Devotos de F\u00e1tima","description":"Associa\u00e7\u00e3o Devotos de F\u00e1tima","potentialAction":[{"@type":"SearchAction","target":{"@type":"EntryPoint","urlTemplate":"https:\/\/www.adf.org.br\/home\/?s={search_term_string}"},"query-input":"required name=search_term_string"}],"inLanguage":"pt-BR"},{"@type":"ImageObject","@id":"https:\/\/www.adf.org.br\/home\/as-aparicoes-de-nossa-senhora\/#primaryimage","inLanguage":"pt-BR","url":"https:\/\/www.adf.org.br\/home\/wp-content\/uploads\/2021\/04\/img-fatima-01.jpg","contentUrl":"https:\/\/www.adf.org.br\/home\/wp-content\/uploads\/2021\/04\/img-fatima-01.jpg","width":514,"height":444,"caption":"Nossa Senhora de F\u00e1tima"},{"@type":"WebPage","@id":"https:\/\/www.adf.org.br\/home\/as-aparicoes-de-nossa-senhora\/#webpage","url":"https:\/\/www.adf.org.br\/home\/as-aparicoes-de-nossa-senhora\/","name":"Em todas as apari\u00e7\u00f5es Nossa Senhora pediu para tomarmos cuidado.","isPartOf":{"@id":"https:\/\/www.adf.org.br\/home\/#website"},"primaryImageOfPage":{"@id":"https:\/\/www.adf.org.br\/home\/as-aparicoes-de-nossa-senhora\/#primaryimage"},"datePublished":"2025-08-29T03:00:20+00:00","dateModified":"2025-08-06T21:45:57+00:00","author":{"@id":"https:\/\/www.adf.org.br\/home\/#\/schema\/person\/f35a5c5aa7728a3dedf4ea9aa1fc2753"},"description":"Em todas as apari\u00e7\u00f5es Nossa Senhora sempre pediu para tomarmos cuidado com uma coisa\u2026 Veja aqui e se proteja desse mal.","breadcrumb":{"@id":"https:\/\/www.adf.org.br\/home\/as-aparicoes-de-nossa-senhora\/#breadcrumb"},"inLanguage":"pt-BR","potentialAction":[{"@type":"ReadAction","target":["https:\/\/www.adf.org.br\/home\/as-aparicoes-de-nossa-senhora\/"]}]},{"@type":"BreadcrumbList","@id":"https:\/\/www.adf.org.br\/home\/as-aparicoes-de-nossa-senhora\/#breadcrumb","itemListElement":[{"@type":"ListItem","position":1,"name":"Home","item":"https:\/\/www.adf.org.br\/home\/"},{"@type":"ListItem","position":2,"name":"Em todas as apari\u00e7\u00f5es Nossa Senhora sempre pediu para tomarmos cuidado com uma coisa&#8230; Veja aqui e se proteja desse mal."}]},{"@type":"Person","@id":"https:\/\/www.adf.org.br\/home\/#\/schema\/person\/f35a5c5aa7728a3dedf4ea9aa1fc2753","name":"Gabriel Barbosa","image":{"@type":"ImageObject","@id":"https:\/\/www.adf.org.br\/home\/#personlogo","inLanguage":"pt-BR","url":"https:\/\/secure.gravatar.com\/avatar\/2b2cb2f4637682c5605e8d36818f51ef?s=96&d=mm&r=g","contentUrl":"https:\/\/secure.gravatar.com\/avatar\/2b2cb2f4637682c5605e8d36818f51ef?s=96&d=mm&r=g","caption":"Gabriel Barbosa"},"url":"https:\/\/www.adf.org.br\/home\/author\/gabrielpmk-com-br\/"}]}},"_links":{"self":[{"href":"https:\/\/www.adf.org.br\/home\/wp-json\/wp\/v2\/posts\/40516"}],"collection":[{"href":"https:\/\/www.adf.org.br\/home\/wp-json\/wp\/v2\/posts"}],"about":[{"href":"https:\/\/www.adf.org.br\/home\/wp-json\/wp\/v2\/types\/post"}],"author":[{"embeddable":true,"href":"https:\/\/www.adf.org.br\/home\/wp-json\/wp\/v2\/users\/31"}],"replies":[{"embeddable":true,"href":"https:\/\/www.adf.org.br\/home\/wp-json\/wp\/v2\/comments?post=40516"}],"version-history":[{"count":4,"href":"https:\/\/www.adf.org.br\/home\/wp-json\/wp\/v2\/posts\/40516\/revisions"}],"predecessor-version":[{"id":79750,"href":"https:\/\/www.adf.org.br\/home\/wp-json\/wp\/v2\/posts\/40516\/revisions\/79750"}],"wp:featuredmedia":[{"embeddable":true,"href":"https:\/\/www.adf.org.br\/home\/wp-json\/wp\/v2\/media\/64236"}],"wp:attachment":[{"href":"https:\/\/www.adf.org.br\/home\/wp-json\/wp\/v2\/media?parent=40516"}],"wp:term":[{"taxonomy":"category","embeddable":true,"href":"https:\/\/www.adf.org.br\/home\/wp-json\/wp\/v2\/categories?post=40516"},{"taxonomy":"post_tag","embeddable":true,"href":"https:\/\/www.adf.org.br\/home\/wp-json\/wp\/v2\/tags?post=40516"}],"curies":[{"name":"wp","href":"https:\/\/api.w.org\/{rel}","templated":true}]}}