{"id":4037,"date":"2010-04-29T00:10:51","date_gmt":"2010-04-29T03:10:51","guid":{"rendered":"http:\/\/www.adf.org.br\/home\/?p=4037"},"modified":"2020-06-09T11:51:14","modified_gmt":"2020-06-09T14:51:14","slug":"retome-sua-paz-de-espirito","status":"publish","type":"post","link":"https:\/\/www.adf.org.br\/home\/retome-sua-paz-de-espirito\/","title":{"rendered":"&#8220;Um M\u00eas depois do diagn\u00f3stico de c\u00e2ncer, o m\u00e9dico disse que minha m\u00e3e estava curada&#8221;"},"content":{"rendered":"<blockquote>\n<dl id=\"attachment_4040\" class=\"wp-caption alignleft\" style=\"width: 73px;\">\n<dt class=\"wp-caption-dt\"><a href=\"http:\/\/oratoriodamedalhamilagrosa.org.br\/home\/acenda-sua-vela\/?origem=8\" target=\"_blank\" rel=\"noopener noreferrer\"><img loading=\"lazy\" class=\"size-medium wp-image-4040   \" title=\"vela\" src=\"http:\/\/www.adf.org.br\/home\/wp-content\/uploads\/2010\/04\/vela-135x300.jpg\" alt=\"vela\" width=\"63\" height=\"144\" \/><\/a><\/dt>\n<dd class=\"wp-caption-dd\" style=\"text-align: center;\"><span style=\"font-size: xx-small;\"><strong> <span style=\"color: #0000ff;\">Clique para acender GR\u00c1TIS sua vela de 7 dias<\/span><\/strong><\/span><\/dd>\n<\/dl>\n<dl id=\"attachment_4045\" class=\"wp-caption alignright\" style=\"width: 121px;\">\n<dt class=\"wp-caption-dt\"><a href=\"http:\/\/oratoriodamedalhamilagrosa.org.br\/home\/acenda-sua-vela-30\/?origem=8\"><img loading=\"lazy\" class=\"size-full  wp-image-4045 alignright\" title=\"medalha\" src=\"http:\/\/www.adf.org.br\/home\/wp-content\/uploads\/2010\/04\/medalha1.jpg\" alt=\"medalha\" width=\"111\" height=\"113\" \/><\/a><\/dt>\n<dd class=\"wp-caption-dd\" style=\"text-align: center;\"><span style=\"color: #0000ff;\"><span style=\"font-size: xx-small;\"><strong>Saiba como ganhar a sua Medalha Milagrosa<\/strong><\/span><\/span><\/dd>\n<\/dl>\n<p><br class=\"spacer_\" \/><\/p>\n<p>Venho Aqui Meu Testemunho deixar, POIs eu acendi uma vela n\u00e3o Orat\u00f3rio da Medalha Milagrosa em favor da Minha m\u00e3e, Que Tinha Sido diagnosticada com c\u00e2ncer na Boca Pelos m\u00e9dicos. Pedi Por intercess\u00e3o ELA E Agora, DEPOIS UM M\u00caS, o m\u00e9dico Mesmo Falou Que Minha m\u00e3e curada EST\u00c1 E n\u00e3o Nada mais dez, tampouco vai radioterapia e quimioterapia Fazer precisar.<\/p>\n<p>Gra\u00e7as a Deus Nosso Senhor EA Medalha Milagrosa da Virgem.<\/p>\n<p>Deus Que aben\u00e7oe a todos. (Alvas)<\/p>\n<\/blockquote>\n<p><br class=\"spacer_\" \/><\/p>\n<p><span style=\"color: #0000ff;\">Que Testemunho maravilhoso!<\/span><\/p>\n<p>S\u00e3o in\u00fameros os testemunhos de milagres e gra\u00e7as alcan\u00e7adas ap\u00f3s a intercess\u00e3o de Nossa Senhora, por meio da <a href=\"http:\/\/www.adf.org.br\/medalha\/inicio-1\" target=\"_blank\" rel=\"noopener noreferrer\">Medalha Milagrosa, <\/a>e pelo ato de acender uma vela virtual no Orat\u00f3rio da Medalha Milagrosa.<\/p>\n<p><a href=\"http:\/\/oratoriodamedalhamilagrosa.org.br\/home\/\" target=\"_blank\" rel=\"noopener noreferrer\">Acenda uma vela <\/a>tamb\u00e9m e compartilhe conosco as b\u00ean\u00e7\u00e3os que h\u00e3o de vir sobre sua vida e de sua fam\u00edlia.<\/p>\n","protected":false},"excerpt":{"rendered":"<p>Clique para acender GR\u00c1TIS sua vela de 7 dias Saiba como ganhar a sua Medalha Milagrosa Venho Aqui Meu Testemunho deixar, POIs eu acendi uma vela n\u00e3o Orat\u00f3rio da Medalha Milagrosa em favor da Minha m\u00e3e, Que Tinha Sido diagnosticada com c\u00e2ncer na Boca Pelos m\u00e9dicos. Pedi Por intercess\u00e3o ELA E Agora, DEPOIS UM M\u00caS, [&hellip;]<\/p>\n","protected":false},"author":27,"featured_media":0,"comment_status":"open","ping_status":"open","sticky":false,"template":"","format":"standard","meta":[],"categories":[20],"tags":[34,51,25],"yoast_head":"<!-- This site is optimized with the Yoast SEO plugin v17.4 - https:\/\/yoast.com\/wordpress\/plugins\/seo\/ -->\n<title>&quot;Um M\u00eas depois do diagn\u00f3stico de c\u00e2ncer, o m\u00e9dico disse que minha m\u00e3e estava curada&quot; - Associa\u00e7\u00e3o Devotos de F\u00e1tima<\/title>\n<meta name=\"robots\" content=\"index, follow, max-snippet:-1, max-image-preview:large, max-video-preview:-1\" \/>\n<link rel=\"canonical\" href=\"https:\/\/www.adf.org.br\/home\/retome-sua-paz-de-espirito\/\" \/>\n<meta property=\"og:locale\" content=\"pt_BR\" \/>\n<meta property=\"og:type\" content=\"article\" \/>\n<meta property=\"og:title\" content=\"&quot;Um M\u00eas depois do diagn\u00f3stico de c\u00e2ncer, o m\u00e9dico disse que minha m\u00e3e estava curada&quot; - Associa\u00e7\u00e3o Devotos de F\u00e1tima\" \/>\n<meta property=\"og:description\" content=\"Clique para acender GR\u00c1TIS sua vela de 7 dias Saiba como ganhar a sua Medalha Milagrosa Venho Aqui Meu Testemunho deixar, POIs eu acendi uma vela n\u00e3o Orat\u00f3rio da Medalha Milagrosa em favor da Minha m\u00e3e, Que Tinha Sido diagnosticada com c\u00e2ncer na Boca Pelos m\u00e9dicos. Pedi Por intercess\u00e3o ELA E Agora, DEPOIS UM M\u00caS, [&hellip;]\" \/>\n<meta property=\"og:url\" content=\"https:\/\/www.adf.org.br\/home\/retome-sua-paz-de-espirito\/\" \/>\n<meta property=\"og:site_name\" content=\"Associa\u00e7\u00e3o Devotos de F\u00e1tima\" \/>\n<meta property=\"article:published_time\" content=\"2010-04-29T03:10:51+00:00\" \/>\n<meta property=\"article:modified_time\" content=\"2020-06-09T14:51:14+00:00\" \/>\n<meta property=\"og:image\" content=\"http:\/\/www.adf.org.br\/home\/wp-content\/uploads\/2010\/04\/vela-135x300.jpg\" \/>\n<meta name=\"twitter:card\" content=\"summary_large_image\" \/>\n<meta name=\"twitter:label1\" content=\"Escrito por\" \/>\n\t<meta name=\"twitter:data1\" content=\"Gabriel Barbosa\" \/>\n\t<meta name=\"twitter:label2\" content=\"Est. tempo de leitura\" \/>\n\t<meta name=\"twitter:data2\" content=\"1 minuto\" \/>\n<script type=\"application\/ld+json\" class=\"yoast-schema-graph\">{\"@context\":\"https:\/\/schema.org\",\"@graph\":[{\"@type\":\"WebSite\",\"@id\":\"https:\/\/www.adf.org.br\/home\/#website\",\"url\":\"https:\/\/www.adf.org.br\/home\/\",\"name\":\"Associa\\u00e7\\u00e3o Devotos de F\\u00e1tima\",\"description\":\"Associa\\u00e7\\u00e3o Devotos de F\\u00e1tima\",\"potentialAction\":[{\"@type\":\"SearchAction\",\"target\":{\"@type\":\"EntryPoint\",\"urlTemplate\":\"https:\/\/www.adf.org.br\/home\/?s={search_term_string}\"},\"query-input\":\"required name=search_term_string\"}],\"inLanguage\":\"pt-BR\"},{\"@type\":\"ImageObject\",\"@id\":\"https:\/\/www.adf.org.br\/home\/retome-sua-paz-de-espirito\/#primaryimage\",\"inLanguage\":\"pt-BR\",\"url\":\"http:\/\/www.adf.org.br\/home\/wp-content\/uploads\/2010\/04\/vela-135x300.jpg\",\"contentUrl\":\"http:\/\/www.adf.org.br\/home\/wp-content\/uploads\/2010\/04\/vela-135x300.jpg\"},{\"@type\":\"WebPage\",\"@id\":\"https:\/\/www.adf.org.br\/home\/retome-sua-paz-de-espirito\/#webpage\",\"url\":\"https:\/\/www.adf.org.br\/home\/retome-sua-paz-de-espirito\/\",\"name\":\"\\\"Um M\\u00eas depois do diagn\\u00f3stico de c\\u00e2ncer, o m\\u00e9dico disse que minha m\\u00e3e estava curada\\\" - Associa\\u00e7\\u00e3o Devotos de F\\u00e1tima\",\"isPartOf\":{\"@id\":\"https:\/\/www.adf.org.br\/home\/#website\"},\"primaryImageOfPage\":{\"@id\":\"https:\/\/www.adf.org.br\/home\/retome-sua-paz-de-espirito\/#primaryimage\"},\"datePublished\":\"2010-04-29T03:10:51+00:00\",\"dateModified\":\"2020-06-09T14:51:14+00:00\",\"author\":{\"@id\":\"https:\/\/www.adf.org.br\/home\/#\/schema\/person\/affa494ecf91434f3620f5392de44327\"},\"breadcrumb\":{\"@id\":\"https:\/\/www.adf.org.br\/home\/retome-sua-paz-de-espirito\/#breadcrumb\"},\"inLanguage\":\"pt-BR\",\"potentialAction\":[{\"@type\":\"ReadAction\",\"target\":[\"https:\/\/www.adf.org.br\/home\/retome-sua-paz-de-espirito\/\"]}]},{\"@type\":\"BreadcrumbList\",\"@id\":\"https:\/\/www.adf.org.br\/home\/retome-sua-paz-de-espirito\/#breadcrumb\",\"itemListElement\":[{\"@type\":\"ListItem\",\"position\":1,\"name\":\"Home\",\"item\":\"https:\/\/www.adf.org.br\/home\/\"},{\"@type\":\"ListItem\",\"position\":2,\"name\":\"&#8220;Um M\\u00eas depois do diagn\\u00f3stico de c\\u00e2ncer, o m\\u00e9dico disse que minha m\\u00e3e estava curada&#8221;\"}]},{\"@type\":\"Person\",\"@id\":\"https:\/\/www.adf.org.br\/home\/#\/schema\/person\/affa494ecf91434f3620f5392de44327\",\"name\":\"Gabriel Barbosa\",\"image\":{\"@type\":\"ImageObject\",\"@id\":\"https:\/\/www.adf.org.br\/home\/#personlogo\",\"inLanguage\":\"pt-BR\",\"url\":\"https:\/\/secure.gravatar.com\/avatar\/ecf2eab02e30486a7038f8b2858de06a?s=96&d=mm&r=g\",\"contentUrl\":\"https:\/\/secure.gravatar.com\/avatar\/ecf2eab02e30486a7038f8b2858de06a?s=96&d=mm&r=g\",\"caption\":\"Gabriel Barbosa\"},\"url\":\"https:\/\/www.adf.org.br\/home\/author\/gabriel-aascj\/\"}]}<\/script>\n<!-- \/ Yoast SEO plugin. -->","yoast_head_json":{"title":"\"Um M\u00eas depois do diagn\u00f3stico de c\u00e2ncer, o m\u00e9dico disse que minha m\u00e3e estava curada\" - Associa\u00e7\u00e3o Devotos de F\u00e1tima","robots":{"index":"index","follow":"follow","max-snippet":"max-snippet:-1","max-image-preview":"max-image-preview:large","max-video-preview":"max-video-preview:-1"},"canonical":"https:\/\/www.adf.org.br\/home\/retome-sua-paz-de-espirito\/","og_locale":"pt_BR","og_type":"article","og_title":"\"Um M\u00eas depois do diagn\u00f3stico de c\u00e2ncer, o m\u00e9dico disse que minha m\u00e3e estava curada\" - Associa\u00e7\u00e3o Devotos de F\u00e1tima","og_description":"Clique para acender GR\u00c1TIS sua vela de 7 dias Saiba como ganhar a sua Medalha Milagrosa Venho Aqui Meu Testemunho deixar, POIs eu acendi uma vela n\u00e3o Orat\u00f3rio da Medalha Milagrosa em favor da Minha m\u00e3e, Que Tinha Sido diagnosticada com c\u00e2ncer na Boca Pelos m\u00e9dicos. Pedi Por intercess\u00e3o ELA E Agora, DEPOIS UM M\u00caS, [&hellip;]","og_url":"https:\/\/www.adf.org.br\/home\/retome-sua-paz-de-espirito\/","og_site_name":"Associa\u00e7\u00e3o Devotos de F\u00e1tima","article_published_time":"2010-04-29T03:10:51+00:00","article_modified_time":"2020-06-09T14:51:14+00:00","og_image":[{"url":"http:\/\/www.adf.org.br\/home\/wp-content\/uploads\/2010\/04\/vela-135x300.jpg"}],"twitter_card":"summary_large_image","twitter_misc":{"Escrito por":"Gabriel Barbosa","Est. tempo de leitura":"1 minuto"},"schema":{"@context":"https:\/\/schema.org","@graph":[{"@type":"WebSite","@id":"https:\/\/www.adf.org.br\/home\/#website","url":"https:\/\/www.adf.org.br\/home\/","name":"Associa\u00e7\u00e3o Devotos de F\u00e1tima","description":"Associa\u00e7\u00e3o Devotos de F\u00e1tima","potentialAction":[{"@type":"SearchAction","target":{"@type":"EntryPoint","urlTemplate":"https:\/\/www.adf.org.br\/home\/?s={search_term_string}"},"query-input":"required name=search_term_string"}],"inLanguage":"pt-BR"},{"@type":"ImageObject","@id":"https:\/\/www.adf.org.br\/home\/retome-sua-paz-de-espirito\/#primaryimage","inLanguage":"pt-BR","url":"http:\/\/www.adf.org.br\/home\/wp-content\/uploads\/2010\/04\/vela-135x300.jpg","contentUrl":"http:\/\/www.adf.org.br\/home\/wp-content\/uploads\/2010\/04\/vela-135x300.jpg"},{"@type":"WebPage","@id":"https:\/\/www.adf.org.br\/home\/retome-sua-paz-de-espirito\/#webpage","url":"https:\/\/www.adf.org.br\/home\/retome-sua-paz-de-espirito\/","name":"\"Um M\u00eas depois do diagn\u00f3stico de c\u00e2ncer, o m\u00e9dico disse que minha m\u00e3e estava curada\" - Associa\u00e7\u00e3o Devotos de F\u00e1tima","isPartOf":{"@id":"https:\/\/www.adf.org.br\/home\/#website"},"primaryImageOfPage":{"@id":"https:\/\/www.adf.org.br\/home\/retome-sua-paz-de-espirito\/#primaryimage"},"datePublished":"2010-04-29T03:10:51+00:00","dateModified":"2020-06-09T14:51:14+00:00","author":{"@id":"https:\/\/www.adf.org.br\/home\/#\/schema\/person\/affa494ecf91434f3620f5392de44327"},"breadcrumb":{"@id":"https:\/\/www.adf.org.br\/home\/retome-sua-paz-de-espirito\/#breadcrumb"},"inLanguage":"pt-BR","potentialAction":[{"@type":"ReadAction","target":["https:\/\/www.adf.org.br\/home\/retome-sua-paz-de-espirito\/"]}]},{"@type":"BreadcrumbList","@id":"https:\/\/www.adf.org.br\/home\/retome-sua-paz-de-espirito\/#breadcrumb","itemListElement":[{"@type":"ListItem","position":1,"name":"Home","item":"https:\/\/www.adf.org.br\/home\/"},{"@type":"ListItem","position":2,"name":"&#8220;Um M\u00eas depois do diagn\u00f3stico de c\u00e2ncer, o m\u00e9dico disse que minha m\u00e3e estava curada&#8221;"}]},{"@type":"Person","@id":"https:\/\/www.adf.org.br\/home\/#\/schema\/person\/affa494ecf91434f3620f5392de44327","name":"Gabriel Barbosa","image":{"@type":"ImageObject","@id":"https:\/\/www.adf.org.br\/home\/#personlogo","inLanguage":"pt-BR","url":"https:\/\/secure.gravatar.com\/avatar\/ecf2eab02e30486a7038f8b2858de06a?s=96&d=mm&r=g","contentUrl":"https:\/\/secure.gravatar.com\/avatar\/ecf2eab02e30486a7038f8b2858de06a?s=96&d=mm&r=g","caption":"Gabriel Barbosa"},"url":"https:\/\/www.adf.org.br\/home\/author\/gabriel-aascj\/"}]}},"_links":{"self":[{"href":"https:\/\/www.adf.org.br\/home\/wp-json\/wp\/v2\/posts\/4037"}],"collection":[{"href":"https:\/\/www.adf.org.br\/home\/wp-json\/wp\/v2\/posts"}],"about":[{"href":"https:\/\/www.adf.org.br\/home\/wp-json\/wp\/v2\/types\/post"}],"author":[{"embeddable":true,"href":"https:\/\/www.adf.org.br\/home\/wp-json\/wp\/v2\/users\/27"}],"replies":[{"embeddable":true,"href":"https:\/\/www.adf.org.br\/home\/wp-json\/wp\/v2\/comments?post=4037"}],"version-history":[{"count":1,"href":"https:\/\/www.adf.org.br\/home\/wp-json\/wp\/v2\/posts\/4037\/revisions"}],"predecessor-version":[{"id":59586,"href":"https:\/\/www.adf.org.br\/home\/wp-json\/wp\/v2\/posts\/4037\/revisions\/59586"}],"wp:attachment":[{"href":"https:\/\/www.adf.org.br\/home\/wp-json\/wp\/v2\/media?parent=4037"}],"wp:term":[{"taxonomy":"category","embeddable":true,"href":"https:\/\/www.adf.org.br\/home\/wp-json\/wp\/v2\/categories?post=4037"},{"taxonomy":"post_tag","embeddable":true,"href":"https:\/\/www.adf.org.br\/home\/wp-json\/wp\/v2\/tags?post=4037"}],"curies":[{"name":"wp","href":"https:\/\/api.w.org\/{rel}","templated":true}]}}