{"id":40219,"date":"2016-07-09T00:00:52","date_gmt":"2016-07-09T03:00:52","guid":{"rendered":"http:\/\/www.adf.org.br\/home\/?p=40219"},"modified":"2016-07-09T00:00:52","modified_gmt":"2016-07-09T03:00:52","slug":"com-a-ressurreicao-de-cristo-chineses-descobrem-algo-incrivel-veja","status":"publish","type":"post","link":"https:\/\/www.adf.org.br\/home\/com-a-ressurreicao-de-cristo-chineses-descobrem-algo-incrivel-veja\/","title":{"rendered":"Com a Ressurrei\u00e7\u00e3o de Cristo, chineses descobrem algo incr\u00edvel! Veja."},"content":{"rendered":"<figure id=\"attachment_40220\" aria-describedby=\"caption-attachment-40220\" style=\"width: 332px\" class=\"wp-caption aligncenter\"><img loading=\"lazy\" class=\"size-full wp-image-40220\" title=\"O Pe. Dong Baolu celebra Missa para cat\u00f3licos clandestinos numa das muitas igrejas das \u2018catacumbas\u2019\" src=\"http:\/\/www.adf.org.br\/home\/wp-content\/uploads\/2016\/06\/O-Pe.-Dong-Baolu-celebra-Missa-para-cat_licos-clandestinos-numa-das-muitas-igrejas-das-catacumbas-332x300.jpg\" alt=\"\" width=\"332\" height=\"300\" \/><figcaption id=\"caption-attachment-40220\" class=\"wp-caption-text\">O Pe. Dong Baolu celebra Missa para cat\u00f3licos clandestinos numa das muitas igrejas das \u2018catacumbas\u2019<\/figcaption><\/figure>\n<p style=\"padding-left: 90px;\"><span style=\"font-size: medium; font-family: verdana, geneva; color: #000000;\"><br \/>\n<span style=\"color: #ffffff;\">.<\/span><br \/>\n<span style=\"color: #800080;\"><strong>Perto da metade dos cat\u00f3licos chineses n\u00e3o endossa a recusa da autoridade papal exigida por Pequim. <\/strong><\/span><\/span><\/p>\n<p><span style=\"font-size: medium; font-family: verdana, geneva; color: #000000;\"><span style=\"color: #ffffff;\">.<\/span><br \/>\n<span style=\"font-size: large;\"><strong>E<\/strong><\/span>les integram a chamada \u201cIgreja clandestina\u201d que vive sob a amea\u00e7a constante de invas\u00e3o policial e at\u00e9 mesmo de pris\u00e3o para fi\u00e9is e sacerdotes, constatou a revista \u201cTime\u201d.<\/span><\/p>\n<p><strong><span style=\"font-size: medium; font-family: verdana, geneva; color: #000000;\">Um fot\u00f3grafo estrangeiro viveu na China h\u00e1 oito anos e documentou a vida do rebanho \u201cclandestino\u201d de Hebei, que \u00e9 guiada pelo padre Dong Baolu.<\/span><\/strong><\/p>\n<p><span style=\"font-size: medium; font-family: verdana, geneva; color: #000000;\">A metade da cidade outrora foi cat\u00f3lica devido ao apostolado dos mission\u00e1rios estrangeiros, que difundiram muito profundamente a f\u00e9 nas mais variadas localidades da China rural.<\/span><\/p>\n<p><span style=\"font-size: medium; font-family: verdana, geneva; color: #000000;\">A revolu\u00e7\u00e3o comunista de Mao Ts\u00e9-Tung em 1949 e as campanhas pol\u00edticas de extin\u00e7\u00e3o dos opositores nas d\u00e9cadas seguintes deram um golpe tremendo no rebanho cat\u00f3lico.<\/span><\/p>\n<p style=\"padding-left: 90px;\"><span style=\"color: #800080;\"><strong><span style=\"font-size: medium; font-family: verdana, geneva;\"><span style=\"color: #ffffff;\">.<\/span><br \/>\nO regime perseguidor se perpetua at\u00e9 hoje e exige dos fi\u00e9is que queiram se reunir a submiss\u00e3o a um ente esp\u00fario denominado Associa\u00e7\u00e3o Patri\u00f3tica Cat\u00f3lica Chinesa.<\/span><\/strong><\/span><\/p>\n<p><span style=\"font-size: medium; font-family: verdana, geneva; color: #000000;\"><span style=\"color: #ffffff;\">.<\/span><br \/>\nEssa depend\u00eancia estatal socialista cultiva rela\u00e7\u00f5es est\u00e1veis com o progressismo cat\u00f3lico no Ocidente, notadamente com a Teologia da Liberta\u00e7\u00e3o e certas confer\u00eancias episcopais;<\/span><\/p>\n<p><span style=\"font-size: medium; font-family: verdana, geneva; color: #000000;\">Inclusive a brasileira, que h\u00e1 poucos anos recebeu sua delega\u00e7\u00e3o em Bras\u00edlia.<\/span><\/p>\n<p><span style=\"font-size: medium; font-family: verdana, geneva; color: #000000;\">Tamb\u00e9m est\u00e1 num controvertido di\u00e1logo com a Ostpolitik vaticana, ou pol\u00edtica de aproxima\u00e7\u00e3o da Santa S\u00e9 com os governos comunistas.<\/span><\/p>\n<p style=\"padding-left: 90px;\"><span style=\"color: #800080;\"><strong><span style=\"font-size: medium; font-family: verdana, geneva;\"><span style=\"color: #ffffff;\">.<\/span><br \/>\nPor\u00e9m, o padre Dong Baolu, de Hebei, bem como muitos outros sacerdotes e bispos se recusam a ceder \u00e0s intimida\u00e7\u00f5es e sedu\u00e7\u00f5es.<\/span><\/strong><\/span><\/p>\n<p><strong><span style=\"font-size: medium; font-family: verdana, geneva; color: #000000;\"><span style=\"color: #ffffff;\">.<\/span><br \/>\nNo \u00faltimo Domingo de P\u00e1scoa, conta \u201cTime\u201d, o sacerdote voltou a elevar o Sant\u00edssimo Sacramento no c\u00e1lice durante a Missa, para adora\u00e7\u00e3o dos fi\u00e9is reunidos em sua capela clandestina.<\/span><\/strong><\/p>\n<p><span style=\"font-size: medium; font-family: verdana, geneva; color: #000000;\">Havia amea\u00e7as da pol\u00edcia socialista, mas esta n\u00e3o afastou os fi\u00e9is, que ocuparam um beco e um telhado para receberem a comunh\u00e3o.<\/span><\/p>\n<p><span style=\"font-size: medium; font-family: verdana, geneva; color: #000000;\">Enquanto isso, o fot\u00f3grafo viu que a igreja oficial pr\u00f3xima, acumpliciada com a Associa\u00e7\u00e3o Patri\u00f3tica Cat\u00f3lica Chinesa, estava completamente vazia.<\/span><\/p>\n<p><strong><span style=\"font-size: medium; font-family: verdana, geneva; color: #000000;\">H\u00e1 na China um bra\u00e7o de ferro, cujo fiel da balan\u00e7a \u00e9 constitu\u00eddo pelos homens.<\/span><\/strong><\/p>\n<p style=\"padding-left: 90px;\"><span style=\"color: #800080;\"><strong><span style=\"font-size: medium; font-family: verdana, geneva;\"><span style=\"color: #ffffff;\">.<\/span><br \/>\nOs dois bra\u00e7os s\u00e3o, por\u00e9m, fabulosamente maiores: o C\u00e9u e o inferno.<\/span><\/strong><\/span><\/p>\n<p><span style=\"font-size: medium; font-family: verdana, geneva; color: #000000;\"><span style=\"color: #ffffff;\">.<\/span><br \/>\nNesse longo bra\u00e7o de ferro, a garra de Satan\u00e1s \u2013 representada pela igreja patri\u00f3tica, a Ostpolitik vaticana e o governo comunista \u2013 d\u00e1 sinais de fraquejar.<\/span><\/p>\n<p><span style=\"font-size: medium; font-family: verdana, geneva; color: #000000;\"><span style=\"color: #ffffff;\">.<\/span><br \/>\n<\/span><\/p>\n<figure id=\"attachment_40222\" aria-describedby=\"caption-attachment-40222\" style=\"width: 182px\" class=\"wp-caption alignleft\"><img loading=\"lazy\" class=\"size-medium wp-image-40222\" title=\"Sob a persegui\u00e7\u00e3o os cat\u00f3licos chineses n\u00e3o esquecem a Prociss\u00e3o que \u00e9 t\u00e3o esquecida no Ocidente...\" src=\"http:\/\/www.adf.org.br\/home\/wp-content\/uploads\/2016\/06\/Sob-a-persegui\u00e7\u00e3o-os-cat\u00f3licos-chineses-n\u00e3o-esquecem-a-Prociss\u00e3o-que-\u00e9-t\u00e3o-esquecida-no-Ocidente...-182x300.jpg\" alt=\"\" width=\"182\" height=\"300\" \/><figcaption id=\"caption-attachment-40222\" class=\"wp-caption-text\">Os cat\u00f3licos fi\u00e9is comemoraram a P\u00e1scoa e a Ressurrei\u00e7\u00e3o na dor e na persegui\u00e7\u00e3o. Mas com hero\u00edsmo de m\u00e1rtires.<\/figcaption><\/figure>\n<p><span style=\"font-family: verdana, geneva; font-size: medium; color: #000000;\">Um n\u00famero cada vez maior de chineses est\u00e1 encontrando a esperan\u00e7a na religi\u00e3o.<\/span><\/p>\n<p><span style=\"font-size: medium; font-family: verdana, geneva; color: #000000;\">As contrafa\u00e7\u00f5es do catolicismo \u2013 como os protestantes e as diversas formas de sincretismo religioso, que s\u00e3o menos perseguidos e at\u00e9 tolerados pelo socialismo \u2013 t\u00eam mais membros que o Partido Comunista.<\/span><\/p>\n<p><span style=\"font-size: medium; font-family: verdana, geneva; color: #000000;\">\u00c9 na procura da Verdade que esses chineses acabam descobrindo, n\u00e3o sem muitos sofrimentos;<\/span><\/p>\n<p><strong><span style=\"font-size: medium; font-family: verdana, geneva; color: #000000;\">A \u00fanica Igreja verdadeira, oculta na clandestinidade: a Santa Igreja Cat\u00f3lica Romana.<\/span><\/strong><\/p>\n<p><span style=\"font-size: medium; font-family: verdana, geneva; color: #000000;\">A repress\u00e3o oficial est\u00e1 cada vez mais furiosa.<\/span><\/p>\n<p><span style=\"font-size: medium; font-family: verdana, geneva; color: #000000;\">Nos \u00faltimos anos, centenas de templos clandestinos que desafiavam o governo exibindo suas cruzes as tiveram removidas, ou os templos definitivamente demolidos.<\/span><\/p>\n<p><span style=\"font-size: medium; font-family: verdana, geneva; color: #000000;\"><span style=\"color: #ffffff;\">.<\/span><br \/>\nO governo socialista apela sorrateiramente ao Vaticano, sonhando conseguir um acordo atrav\u00e9s do qual a Ostpolitik eclesi\u00e1stica lhe entregue na bandeja a cabe\u00e7a dos fi\u00e9is clandestinos.<\/span><\/p>\n<p><strong><span style=\"font-size: medium; font-family: verdana, geneva; color: #000000;\">Por isso, eles temem a aproxima\u00e7\u00e3o entre o governo carrasco de Pequim e a Santa S\u00e9, a qual ganhou for\u00e7a com o Papa Francisco.<\/span><\/strong><\/p>\n<p style=\"padding-left: 90px;\"><span style=\"color: #800080;\"><strong><span style=\"font-size: medium; font-family: verdana, geneva;\"><span style=\"color: #ffffff;\">.<\/span><br \/>\nSe houve muito sangue derramado por m\u00e1rtires chineses nos s\u00e9culos passados, sob o regime comunista no s\u00e9culo XX ele foi torrencial.<\/span><\/strong><\/span><\/p>\n<p><span style=\"font-size: medium; font-family: verdana, geneva; color: #000000;\"><span style=\"color: #ffffff;\">.<\/span><br \/>\nEsse sangue \u201csemente de crist\u00e3os\u201d, como disse Tertuliano, est\u00e1 rendendo surpreendentes frutos e acelerando o dia em que a China se ver\u00e1 livre do monstro marxista e de seus \u201ccompanheiros de viagem\u201d cat\u00f3lico-progressistas.<\/span><\/p>\n<p><span style=\"font-size: medium; font-family: verdana, geneva; color: #ffffff;\">.<\/span><br \/>\n<span style=\"font-size: medium; font-family: verdana, geneva; color: #ffffff;\">.<\/span><br \/>\n<em><span style=\"font-size: medium; font-family: verdana, geneva; color: #000000;\">Fonte:\u00a0<a href=\"http:\/\/ipco.org.br\/ipco\/51123-2\/#.V2L26bsrLIV\" target=\"_blank\" rel=\"noopener noreferrer\">ipco.org.br<\/a><\/span><\/em><\/p>\n<p style=\"text-align: center;\"><span style=\"font-size: medium; font-family: verdana, geneva; color: #ffffff;\">\u00a0.<\/span><br \/>\n<span style=\"font-size: medium; font-family: verdana, geneva; color: #000000;\"><strong>* \u00a0* \u00a0*<\/strong><\/span><\/p>\n<p style=\"text-align: center;\"><span style=\"color: #ffffff; font-size: medium; font-family: verdana, geneva;\">.\u00a0<\/span><\/p>\n<p style=\"text-align: center;\"><span style=\"color: #800080; font-size: medium; font-family: verdana, geneva;\">Ligue agora para nossa Central de Ora\u00e7\u00f5es e inclua seus pedidos na\u00a0<strong>Missa pela Fam\u00edlia<\/strong>, pe\u00e7a \u00e0 Nossa Senhora que derrame sobre voc\u00ea e sobre sua fam\u00edlia todas as gra\u00e7as e ben\u00e7\u00e3os.\u00a0<\/span><\/p>\n<p style=\"text-align: center;\"><span style=\"color: #ffffff; font-size: medium; font-family: verdana, geneva;\">.<\/span><br \/>\n<span style=\"color: #ffffff; font-size: medium; font-family: verdana, geneva;\">.<\/span><br \/>\n<span style=\"color: #000000; font-size: large; font-family: verdana, geneva;\"><strong>Ligue agora para:<\/strong><\/span><\/p>\n<p style=\"text-align: center;\"><span style=\"color: #ffffff; font-size: medium; font-family: verdana, geneva;\">.<\/span><br \/>\n<span style=\"color: #800080; font-size: xx-large; font-family: verdana, geneva;\"><strong>0800 773 11 19<\/strong><\/span><br \/>\n<span style=\"color: #800080; font-size: medium; font-family: verdana, geneva;\"><strong>(gr\u00e1tis para todo o Brasil)<\/strong><\/span><\/p>\n<p style=\"text-align: center;\"><span style=\"color: #ffffff; font-size: medium; font-family: verdana, geneva;\">.<\/span><\/p>\n<p style=\"text-align: center;\"><span style=\"color: #ffffff; font-size: medium; font-family: verdana, geneva;\">.<\/span><\/p>\n","protected":false},"excerpt":{"rendered":"<p>Perto da metade dos cat\u00f3licos chineses n\u00e3o endossa a recusa da autoridade papal exigida por Pequim.<\/p>\n","protected":false},"author":31,"featured_media":0,"comment_status":"open","ping_status":"open","sticky":false,"template":"","format":"standard","meta":[],"categories":[20],"tags":[124,532,1400],"yoast_head":"<!-- This site is optimized with the Yoast SEO plugin v17.4 - https:\/\/yoast.com\/wordpress\/plugins\/seo\/ -->\n<title>Com a Ressurrei\u00e7\u00e3o de Cristo, chineses descobrem algo incr\u00edvel! Veja. - Associa\u00e7\u00e3o Devotos de F\u00e1tima<\/title>\n<meta name=\"robots\" content=\"index, follow, max-snippet:-1, max-image-preview:large, max-video-preview:-1\" \/>\n<link rel=\"canonical\" href=\"https:\/\/www.adf.org.br\/home\/com-a-ressurreicao-de-cristo-chineses-descobrem-algo-incrivel-veja\/\" \/>\n<meta property=\"og:locale\" content=\"pt_BR\" \/>\n<meta property=\"og:type\" content=\"article\" \/>\n<meta property=\"og:title\" content=\"Com a Ressurrei\u00e7\u00e3o de Cristo, chineses descobrem algo incr\u00edvel! Veja. - Associa\u00e7\u00e3o Devotos de F\u00e1tima\" \/>\n<meta property=\"og:description\" content=\"Perto da metade dos cat\u00f3licos chineses n\u00e3o endossa a recusa da autoridade papal exigida por Pequim.\" \/>\n<meta property=\"og:url\" content=\"https:\/\/www.adf.org.br\/home\/com-a-ressurreicao-de-cristo-chineses-descobrem-algo-incrivel-veja\/\" \/>\n<meta property=\"og:site_name\" content=\"Associa\u00e7\u00e3o Devotos de F\u00e1tima\" \/>\n<meta property=\"article:published_time\" content=\"2016-07-09T03:00:52+00:00\" \/>\n<meta property=\"og:image\" content=\"http:\/\/www.adf.org.br\/home\/wp-content\/uploads\/2016\/06\/O-Pe.-Dong-Baolu-celebra-Missa-para-cat_licos-clandestinos-numa-das-muitas-igrejas-das-catacumbas-332x300.jpg\" \/>\n<meta name=\"twitter:card\" content=\"summary_large_image\" \/>\n<meta name=\"twitter:label1\" content=\"Escrito por\" \/>\n\t<meta name=\"twitter:data1\" content=\"Gabriel Barbosa\" \/>\n\t<meta name=\"twitter:label2\" content=\"Est. tempo de leitura\" \/>\n\t<meta name=\"twitter:data2\" content=\"4 minutos\" \/>\n<script type=\"application\/ld+json\" class=\"yoast-schema-graph\">{\"@context\":\"https:\/\/schema.org\",\"@graph\":[{\"@type\":\"WebSite\",\"@id\":\"https:\/\/www.adf.org.br\/home\/#website\",\"url\":\"https:\/\/www.adf.org.br\/home\/\",\"name\":\"Associa\\u00e7\\u00e3o Devotos de F\\u00e1tima\",\"description\":\"Associa\\u00e7\\u00e3o Devotos de F\\u00e1tima\",\"potentialAction\":[{\"@type\":\"SearchAction\",\"target\":{\"@type\":\"EntryPoint\",\"urlTemplate\":\"https:\/\/www.adf.org.br\/home\/?s={search_term_string}\"},\"query-input\":\"required name=search_term_string\"}],\"inLanguage\":\"pt-BR\"},{\"@type\":\"ImageObject\",\"@id\":\"https:\/\/www.adf.org.br\/home\/com-a-ressurreicao-de-cristo-chineses-descobrem-algo-incrivel-veja\/#primaryimage\",\"inLanguage\":\"pt-BR\",\"url\":\"http:\/\/www.adf.org.br\/home\/wp-content\/uploads\/2016\/06\/O-Pe.-Dong-Baolu-celebra-Missa-para-cat_licos-clandestinos-numa-das-muitas-igrejas-das-catacumbas-332x300.jpg\",\"contentUrl\":\"http:\/\/www.adf.org.br\/home\/wp-content\/uploads\/2016\/06\/O-Pe.-Dong-Baolu-celebra-Missa-para-cat_licos-clandestinos-numa-das-muitas-igrejas-das-catacumbas-332x300.jpg\"},{\"@type\":\"WebPage\",\"@id\":\"https:\/\/www.adf.org.br\/home\/com-a-ressurreicao-de-cristo-chineses-descobrem-algo-incrivel-veja\/#webpage\",\"url\":\"https:\/\/www.adf.org.br\/home\/com-a-ressurreicao-de-cristo-chineses-descobrem-algo-incrivel-veja\/\",\"name\":\"Com a Ressurrei\\u00e7\\u00e3o de Cristo, chineses descobrem algo incr\\u00edvel! Veja. - Associa\\u00e7\\u00e3o Devotos de F\\u00e1tima\",\"isPartOf\":{\"@id\":\"https:\/\/www.adf.org.br\/home\/#website\"},\"primaryImageOfPage\":{\"@id\":\"https:\/\/www.adf.org.br\/home\/com-a-ressurreicao-de-cristo-chineses-descobrem-algo-incrivel-veja\/#primaryimage\"},\"datePublished\":\"2016-07-09T03:00:52+00:00\",\"dateModified\":\"2016-07-09T03:00:52+00:00\",\"author\":{\"@id\":\"https:\/\/www.adf.org.br\/home\/#\/schema\/person\/f35a5c5aa7728a3dedf4ea9aa1fc2753\"},\"breadcrumb\":{\"@id\":\"https:\/\/www.adf.org.br\/home\/com-a-ressurreicao-de-cristo-chineses-descobrem-algo-incrivel-veja\/#breadcrumb\"},\"inLanguage\":\"pt-BR\",\"potentialAction\":[{\"@type\":\"ReadAction\",\"target\":[\"https:\/\/www.adf.org.br\/home\/com-a-ressurreicao-de-cristo-chineses-descobrem-algo-incrivel-veja\/\"]}]},{\"@type\":\"BreadcrumbList\",\"@id\":\"https:\/\/www.adf.org.br\/home\/com-a-ressurreicao-de-cristo-chineses-descobrem-algo-incrivel-veja\/#breadcrumb\",\"itemListElement\":[{\"@type\":\"ListItem\",\"position\":1,\"name\":\"Home\",\"item\":\"https:\/\/www.adf.org.br\/home\/\"},{\"@type\":\"ListItem\",\"position\":2,\"name\":\"Com a Ressurrei\\u00e7\\u00e3o de Cristo, chineses descobrem algo incr\\u00edvel! Veja.\"}]},{\"@type\":\"Person\",\"@id\":\"https:\/\/www.adf.org.br\/home\/#\/schema\/person\/f35a5c5aa7728a3dedf4ea9aa1fc2753\",\"name\":\"Gabriel Barbosa\",\"image\":{\"@type\":\"ImageObject\",\"@id\":\"https:\/\/www.adf.org.br\/home\/#personlogo\",\"inLanguage\":\"pt-BR\",\"url\":\"https:\/\/secure.gravatar.com\/avatar\/2b2cb2f4637682c5605e8d36818f51ef?s=96&d=mm&r=g\",\"contentUrl\":\"https:\/\/secure.gravatar.com\/avatar\/2b2cb2f4637682c5605e8d36818f51ef?s=96&d=mm&r=g\",\"caption\":\"Gabriel Barbosa\"},\"url\":\"https:\/\/www.adf.org.br\/home\/author\/gabrielpmk-com-br\/\"}]}<\/script>\n<!-- \/ Yoast SEO plugin. -->","yoast_head_json":{"title":"Com a Ressurrei\u00e7\u00e3o de Cristo, chineses descobrem algo incr\u00edvel! Veja. - Associa\u00e7\u00e3o Devotos de F\u00e1tima","robots":{"index":"index","follow":"follow","max-snippet":"max-snippet:-1","max-image-preview":"max-image-preview:large","max-video-preview":"max-video-preview:-1"},"canonical":"https:\/\/www.adf.org.br\/home\/com-a-ressurreicao-de-cristo-chineses-descobrem-algo-incrivel-veja\/","og_locale":"pt_BR","og_type":"article","og_title":"Com a Ressurrei\u00e7\u00e3o de Cristo, chineses descobrem algo incr\u00edvel! Veja. - Associa\u00e7\u00e3o Devotos de F\u00e1tima","og_description":"Perto da metade dos cat\u00f3licos chineses n\u00e3o endossa a recusa da autoridade papal exigida por Pequim.","og_url":"https:\/\/www.adf.org.br\/home\/com-a-ressurreicao-de-cristo-chineses-descobrem-algo-incrivel-veja\/","og_site_name":"Associa\u00e7\u00e3o Devotos de F\u00e1tima","article_published_time":"2016-07-09T03:00:52+00:00","og_image":[{"url":"http:\/\/www.adf.org.br\/home\/wp-content\/uploads\/2016\/06\/O-Pe.-Dong-Baolu-celebra-Missa-para-cat_licos-clandestinos-numa-das-muitas-igrejas-das-catacumbas-332x300.jpg"}],"twitter_card":"summary_large_image","twitter_misc":{"Escrito por":"Gabriel Barbosa","Est. tempo de leitura":"4 minutos"},"schema":{"@context":"https:\/\/schema.org","@graph":[{"@type":"WebSite","@id":"https:\/\/www.adf.org.br\/home\/#website","url":"https:\/\/www.adf.org.br\/home\/","name":"Associa\u00e7\u00e3o Devotos de F\u00e1tima","description":"Associa\u00e7\u00e3o Devotos de F\u00e1tima","potentialAction":[{"@type":"SearchAction","target":{"@type":"EntryPoint","urlTemplate":"https:\/\/www.adf.org.br\/home\/?s={search_term_string}"},"query-input":"required name=search_term_string"}],"inLanguage":"pt-BR"},{"@type":"ImageObject","@id":"https:\/\/www.adf.org.br\/home\/com-a-ressurreicao-de-cristo-chineses-descobrem-algo-incrivel-veja\/#primaryimage","inLanguage":"pt-BR","url":"http:\/\/www.adf.org.br\/home\/wp-content\/uploads\/2016\/06\/O-Pe.-Dong-Baolu-celebra-Missa-para-cat_licos-clandestinos-numa-das-muitas-igrejas-das-catacumbas-332x300.jpg","contentUrl":"http:\/\/www.adf.org.br\/home\/wp-content\/uploads\/2016\/06\/O-Pe.-Dong-Baolu-celebra-Missa-para-cat_licos-clandestinos-numa-das-muitas-igrejas-das-catacumbas-332x300.jpg"},{"@type":"WebPage","@id":"https:\/\/www.adf.org.br\/home\/com-a-ressurreicao-de-cristo-chineses-descobrem-algo-incrivel-veja\/#webpage","url":"https:\/\/www.adf.org.br\/home\/com-a-ressurreicao-de-cristo-chineses-descobrem-algo-incrivel-veja\/","name":"Com a Ressurrei\u00e7\u00e3o de Cristo, chineses descobrem algo incr\u00edvel! Veja. - Associa\u00e7\u00e3o Devotos de F\u00e1tima","isPartOf":{"@id":"https:\/\/www.adf.org.br\/home\/#website"},"primaryImageOfPage":{"@id":"https:\/\/www.adf.org.br\/home\/com-a-ressurreicao-de-cristo-chineses-descobrem-algo-incrivel-veja\/#primaryimage"},"datePublished":"2016-07-09T03:00:52+00:00","dateModified":"2016-07-09T03:00:52+00:00","author":{"@id":"https:\/\/www.adf.org.br\/home\/#\/schema\/person\/f35a5c5aa7728a3dedf4ea9aa1fc2753"},"breadcrumb":{"@id":"https:\/\/www.adf.org.br\/home\/com-a-ressurreicao-de-cristo-chineses-descobrem-algo-incrivel-veja\/#breadcrumb"},"inLanguage":"pt-BR","potentialAction":[{"@type":"ReadAction","target":["https:\/\/www.adf.org.br\/home\/com-a-ressurreicao-de-cristo-chineses-descobrem-algo-incrivel-veja\/"]}]},{"@type":"BreadcrumbList","@id":"https:\/\/www.adf.org.br\/home\/com-a-ressurreicao-de-cristo-chineses-descobrem-algo-incrivel-veja\/#breadcrumb","itemListElement":[{"@type":"ListItem","position":1,"name":"Home","item":"https:\/\/www.adf.org.br\/home\/"},{"@type":"ListItem","position":2,"name":"Com a Ressurrei\u00e7\u00e3o de Cristo, chineses descobrem algo incr\u00edvel! Veja."}]},{"@type":"Person","@id":"https:\/\/www.adf.org.br\/home\/#\/schema\/person\/f35a5c5aa7728a3dedf4ea9aa1fc2753","name":"Gabriel Barbosa","image":{"@type":"ImageObject","@id":"https:\/\/www.adf.org.br\/home\/#personlogo","inLanguage":"pt-BR","url":"https:\/\/secure.gravatar.com\/avatar\/2b2cb2f4637682c5605e8d36818f51ef?s=96&d=mm&r=g","contentUrl":"https:\/\/secure.gravatar.com\/avatar\/2b2cb2f4637682c5605e8d36818f51ef?s=96&d=mm&r=g","caption":"Gabriel Barbosa"},"url":"https:\/\/www.adf.org.br\/home\/author\/gabrielpmk-com-br\/"}]}},"_links":{"self":[{"href":"https:\/\/www.adf.org.br\/home\/wp-json\/wp\/v2\/posts\/40219"}],"collection":[{"href":"https:\/\/www.adf.org.br\/home\/wp-json\/wp\/v2\/posts"}],"about":[{"href":"https:\/\/www.adf.org.br\/home\/wp-json\/wp\/v2\/types\/post"}],"author":[{"embeddable":true,"href":"https:\/\/www.adf.org.br\/home\/wp-json\/wp\/v2\/users\/31"}],"replies":[{"embeddable":true,"href":"https:\/\/www.adf.org.br\/home\/wp-json\/wp\/v2\/comments?post=40219"}],"version-history":[{"count":0,"href":"https:\/\/www.adf.org.br\/home\/wp-json\/wp\/v2\/posts\/40219\/revisions"}],"wp:attachment":[{"href":"https:\/\/www.adf.org.br\/home\/wp-json\/wp\/v2\/media?parent=40219"}],"wp:term":[{"taxonomy":"category","embeddable":true,"href":"https:\/\/www.adf.org.br\/home\/wp-json\/wp\/v2\/categories?post=40219"},{"taxonomy":"post_tag","embeddable":true,"href":"https:\/\/www.adf.org.br\/home\/wp-json\/wp\/v2\/tags?post=40219"}],"curies":[{"name":"wp","href":"https:\/\/api.w.org\/{rel}","templated":true}]}}