{"id":4016,"date":"2010-04-25T00:05:47","date_gmt":"2010-04-25T03:05:47","guid":{"rendered":"http:\/\/www.adf.org.br\/home\/?p=4016"},"modified":"2020-06-09T11:51:20","modified_gmt":"2020-06-09T14:51:20","slug":"vandalos-destroem-imagem-da-virgem-maria-em-igreja-de-teresina","status":"publish","type":"post","link":"https:\/\/www.adf.org.br\/home\/vandalos-destroem-imagem-da-virgem-maria-em-igreja-de-teresina\/","title":{"rendered":"V\u00e2ndalos destroem imagem da Virgem Maria em igreja de Teresina"},"content":{"rendered":"<p><img loading=\"lazy\" class=\"alignleft size-full wp-image-4017\" title=\"Nossa Sra. Perpetuo Socorro\" src=\"http:\/\/www.adf.org.br\/home\/wp-content\/uploads\/2010\/04\/Nossa-Sra.-Perpetuo-Socorro.jpg\" alt=\"Nossa Sra. Perpetuo Socorro\" width=\"250\" height=\"299\" \/>O \u00edcone da Virgem do Perp\u00e9tuo Socorro na Igreja Redentorista de S\u00e3o Jos\u00e9 Oper\u00e1rio em Teresina, foi &#8220;desfigurado e destru\u00eddo&#8221; por um grupo de v\u00e2ndalos que logo depois de soar o alarme do templo, acabaram com a imagem mariana trazida de Roma h\u00e1 quase 47 anos atr\u00e1s.<\/p>\n<p>Conforme assinala a ag\u00eancia vaticana Fides, o Pe. Iridian Gon\u00e7alves, p\u00e1roco da Igreja, contou que ao ouvir o som do alarme se dirigiu ao recinto &#8220;mas quando chegamos a imagem j\u00e1 havia sido totalmente destru\u00edda. O que \u00e9 mais chocante, \u00e9 a brutalidade do ato de vandalismo&#8221;.<\/p>\n<p>&#8220;O sacrist\u00e3o informou ao P\u00e1roco que algu\u00e9m entrou na igreja, o que fez com que o alarme disparasse. O intruso entrou pela abertura do ar condicionado. Esperando que fosse um furto, o sacrist\u00e3o da igreja ficou chocado ao ver que nada havia sido roubado, mas que o rosto na imagem da Nossa Senhora do Perp\u00e9tuo Socorro havia sido desfigurado e destru\u00eddo&#8221;, explica a nota.<\/p>\n<p>A bela imagem, enviada de Roma para esta igreja com a ben\u00e7\u00e3o do Papa cerca de 47 anos atr\u00e1s, foi durante todo este tempo venerada na mesma igreja, de onde saiu apenas uma vez para ir a S\u00e3o Paulo a fim de ser restaurada ap\u00f3s um ato de vandalismo anterior.<\/p>\n<p>Uma das testemunhas, Maria de Jesus Santos, afirmou: \u201c\u00c9 a segunda vez, em menos de dois anos, que esta imagem de Nossa Senhora sofre um ato de vandalismo. \u00c9 inaceit\u00e1vel e desrespeitoso \u00e0 minha f\u00e9 e a tudo aquilo que eu venero e creio desde menina\u201d, afirmou.<\/p>\n<p>O ato de vandalismo est\u00e1 sendo investigado pela pol\u00edcia local, que interrogou algumas testemunhas e est\u00e1 em busca dos respons\u00e1veis. Na hist\u00f3ria da igreja, \u00e9 a quarta vez que acontece a invas\u00e3o de v\u00e2ndalos, e todas as vezes para danificar obras de arte sacra.<\/p>\n<p>Fonte: <a href=\"http:\/\/www.acidigital.com\/noticia.php?id=18770\" target=\"_blank\" rel=\"noopener noreferrer\">ACI Digital<\/a><\/p>\n<p><span style=\"color: #0000ff;\"><strong>________________________________________________________________________________<\/strong><\/span><\/p>\n<p>Atos covardes como este infelizmente acontecem com certa freq\u00fc\u00eancia em nossa sociedade. Pessoas desprovidas de f\u00e9 e respeito, sem temor a Deus e \u00e0 Sua Santa Igreja.<\/p>\n<p>Vamos <a href=\"http:\/\/oratoriodamedalhamilagrosa.org.br\/home\/\" target=\"_blank\" rel=\"noopener noreferrer\">acender uma vela virtual<\/a> pelo arrependimento e convers\u00e3o de indiv\u00edduos como estes que invadiram a igreja e praticaram ato t\u00e3o abomin\u00e1vel.<\/p>\n<p>Nossa Senhora, tende piedade de n\u00f3s!<\/p>\n","protected":false},"excerpt":{"rendered":"<p>O \u00edcone da Virgem do Perp\u00e9tuo Socorro na Igreja Redentorista de S\u00e3o Jos\u00e9 Oper\u00e1rio em Teresina, foi &#8220;desfigurado e destru\u00eddo&#8221; por um grupo de v\u00e2ndalos que logo depois de soar o alarme do templo, acabaram com a imagem mariana trazida de Roma h\u00e1 quase 47 anos atr\u00e1s. Conforme assinala a ag\u00eancia vaticana Fides, o Pe. [&hellip;]<\/p>\n","protected":false},"author":27,"featured_media":0,"comment_status":"open","ping_status":"open","sticky":false,"template":"","format":"standard","meta":[],"categories":[20],"tags":[113,38,37,51],"yoast_head":"<!-- This site is optimized with the Yoast SEO plugin v17.4 - https:\/\/yoast.com\/wordpress\/plugins\/seo\/ -->\n<title>V\u00e2ndalos destroem imagem da Virgem Maria em igreja de Teresina - Associa\u00e7\u00e3o Devotos de F\u00e1tima<\/title>\n<meta name=\"robots\" content=\"index, follow, max-snippet:-1, max-image-preview:large, max-video-preview:-1\" \/>\n<link rel=\"canonical\" href=\"https:\/\/www.adf.org.br\/home\/vandalos-destroem-imagem-da-virgem-maria-em-igreja-de-teresina\/\" \/>\n<meta property=\"og:locale\" content=\"pt_BR\" \/>\n<meta property=\"og:type\" content=\"article\" \/>\n<meta property=\"og:title\" content=\"V\u00e2ndalos destroem imagem da Virgem Maria em igreja de Teresina - Associa\u00e7\u00e3o Devotos de F\u00e1tima\" \/>\n<meta property=\"og:description\" content=\"O \u00edcone da Virgem do Perp\u00e9tuo Socorro na Igreja Redentorista de S\u00e3o Jos\u00e9 Oper\u00e1rio em Teresina, foi &#8220;desfigurado e destru\u00eddo&#8221; por um grupo de v\u00e2ndalos que logo depois de soar o alarme do templo, acabaram com a imagem mariana trazida de Roma h\u00e1 quase 47 anos atr\u00e1s. Conforme assinala a ag\u00eancia vaticana Fides, o Pe. [&hellip;]\" \/>\n<meta property=\"og:url\" content=\"https:\/\/www.adf.org.br\/home\/vandalos-destroem-imagem-da-virgem-maria-em-igreja-de-teresina\/\" \/>\n<meta property=\"og:site_name\" content=\"Associa\u00e7\u00e3o Devotos de F\u00e1tima\" \/>\n<meta property=\"article:published_time\" content=\"2010-04-25T03:05:47+00:00\" \/>\n<meta property=\"article:modified_time\" content=\"2020-06-09T14:51:20+00:00\" \/>\n<meta property=\"og:image\" content=\"http:\/\/www.adf.org.br\/home\/wp-content\/uploads\/2010\/04\/Nossa-Sra.-Perpetuo-Socorro.jpg\" \/>\n<meta name=\"twitter:card\" content=\"summary_large_image\" \/>\n<meta name=\"twitter:label1\" content=\"Escrito por\" \/>\n\t<meta name=\"twitter:data1\" content=\"Gabriel Barbosa\" \/>\n\t<meta name=\"twitter:label2\" content=\"Est. tempo de leitura\" \/>\n\t<meta name=\"twitter:data2\" content=\"2 minutos\" \/>\n<script type=\"application\/ld+json\" class=\"yoast-schema-graph\">{\"@context\":\"https:\/\/schema.org\",\"@graph\":[{\"@type\":\"WebSite\",\"@id\":\"https:\/\/www.adf.org.br\/home\/#website\",\"url\":\"https:\/\/www.adf.org.br\/home\/\",\"name\":\"Associa\\u00e7\\u00e3o Devotos de F\\u00e1tima\",\"description\":\"Associa\\u00e7\\u00e3o Devotos de F\\u00e1tima\",\"potentialAction\":[{\"@type\":\"SearchAction\",\"target\":{\"@type\":\"EntryPoint\",\"urlTemplate\":\"https:\/\/www.adf.org.br\/home\/?s={search_term_string}\"},\"query-input\":\"required name=search_term_string\"}],\"inLanguage\":\"pt-BR\"},{\"@type\":\"ImageObject\",\"@id\":\"https:\/\/www.adf.org.br\/home\/vandalos-destroem-imagem-da-virgem-maria-em-igreja-de-teresina\/#primaryimage\",\"inLanguage\":\"pt-BR\",\"url\":\"http:\/\/www.adf.org.br\/home\/wp-content\/uploads\/2010\/04\/Nossa-Sra.-Perpetuo-Socorro.jpg\",\"contentUrl\":\"http:\/\/www.adf.org.br\/home\/wp-content\/uploads\/2010\/04\/Nossa-Sra.-Perpetuo-Socorro.jpg\"},{\"@type\":\"WebPage\",\"@id\":\"https:\/\/www.adf.org.br\/home\/vandalos-destroem-imagem-da-virgem-maria-em-igreja-de-teresina\/#webpage\",\"url\":\"https:\/\/www.adf.org.br\/home\/vandalos-destroem-imagem-da-virgem-maria-em-igreja-de-teresina\/\",\"name\":\"V\\u00e2ndalos destroem imagem da Virgem Maria em igreja de Teresina - Associa\\u00e7\\u00e3o Devotos de F\\u00e1tima\",\"isPartOf\":{\"@id\":\"https:\/\/www.adf.org.br\/home\/#website\"},\"primaryImageOfPage\":{\"@id\":\"https:\/\/www.adf.org.br\/home\/vandalos-destroem-imagem-da-virgem-maria-em-igreja-de-teresina\/#primaryimage\"},\"datePublished\":\"2010-04-25T03:05:47+00:00\",\"dateModified\":\"2020-06-09T14:51:20+00:00\",\"author\":{\"@id\":\"https:\/\/www.adf.org.br\/home\/#\/schema\/person\/affa494ecf91434f3620f5392de44327\"},\"breadcrumb\":{\"@id\":\"https:\/\/www.adf.org.br\/home\/vandalos-destroem-imagem-da-virgem-maria-em-igreja-de-teresina\/#breadcrumb\"},\"inLanguage\":\"pt-BR\",\"potentialAction\":[{\"@type\":\"ReadAction\",\"target\":[\"https:\/\/www.adf.org.br\/home\/vandalos-destroem-imagem-da-virgem-maria-em-igreja-de-teresina\/\"]}]},{\"@type\":\"BreadcrumbList\",\"@id\":\"https:\/\/www.adf.org.br\/home\/vandalos-destroem-imagem-da-virgem-maria-em-igreja-de-teresina\/#breadcrumb\",\"itemListElement\":[{\"@type\":\"ListItem\",\"position\":1,\"name\":\"Home\",\"item\":\"https:\/\/www.adf.org.br\/home\/\"},{\"@type\":\"ListItem\",\"position\":2,\"name\":\"V\\u00e2ndalos destroem imagem da Virgem Maria em igreja de Teresina\"}]},{\"@type\":\"Person\",\"@id\":\"https:\/\/www.adf.org.br\/home\/#\/schema\/person\/affa494ecf91434f3620f5392de44327\",\"name\":\"Gabriel Barbosa\",\"image\":{\"@type\":\"ImageObject\",\"@id\":\"https:\/\/www.adf.org.br\/home\/#personlogo\",\"inLanguage\":\"pt-BR\",\"url\":\"https:\/\/secure.gravatar.com\/avatar\/ecf2eab02e30486a7038f8b2858de06a?s=96&d=mm&r=g\",\"contentUrl\":\"https:\/\/secure.gravatar.com\/avatar\/ecf2eab02e30486a7038f8b2858de06a?s=96&d=mm&r=g\",\"caption\":\"Gabriel Barbosa\"},\"url\":\"https:\/\/www.adf.org.br\/home\/author\/gabriel-aascj\/\"}]}<\/script>\n<!-- \/ Yoast SEO plugin. -->","yoast_head_json":{"title":"V\u00e2ndalos destroem imagem da Virgem Maria em igreja de Teresina - Associa\u00e7\u00e3o Devotos de F\u00e1tima","robots":{"index":"index","follow":"follow","max-snippet":"max-snippet:-1","max-image-preview":"max-image-preview:large","max-video-preview":"max-video-preview:-1"},"canonical":"https:\/\/www.adf.org.br\/home\/vandalos-destroem-imagem-da-virgem-maria-em-igreja-de-teresina\/","og_locale":"pt_BR","og_type":"article","og_title":"V\u00e2ndalos destroem imagem da Virgem Maria em igreja de Teresina - Associa\u00e7\u00e3o Devotos de F\u00e1tima","og_description":"O \u00edcone da Virgem do Perp\u00e9tuo Socorro na Igreja Redentorista de S\u00e3o Jos\u00e9 Oper\u00e1rio em Teresina, foi &#8220;desfigurado e destru\u00eddo&#8221; por um grupo de v\u00e2ndalos que logo depois de soar o alarme do templo, acabaram com a imagem mariana trazida de Roma h\u00e1 quase 47 anos atr\u00e1s. Conforme assinala a ag\u00eancia vaticana Fides, o Pe. [&hellip;]","og_url":"https:\/\/www.adf.org.br\/home\/vandalos-destroem-imagem-da-virgem-maria-em-igreja-de-teresina\/","og_site_name":"Associa\u00e7\u00e3o Devotos de F\u00e1tima","article_published_time":"2010-04-25T03:05:47+00:00","article_modified_time":"2020-06-09T14:51:20+00:00","og_image":[{"url":"http:\/\/www.adf.org.br\/home\/wp-content\/uploads\/2010\/04\/Nossa-Sra.-Perpetuo-Socorro.jpg"}],"twitter_card":"summary_large_image","twitter_misc":{"Escrito por":"Gabriel Barbosa","Est. tempo de leitura":"2 minutos"},"schema":{"@context":"https:\/\/schema.org","@graph":[{"@type":"WebSite","@id":"https:\/\/www.adf.org.br\/home\/#website","url":"https:\/\/www.adf.org.br\/home\/","name":"Associa\u00e7\u00e3o Devotos de F\u00e1tima","description":"Associa\u00e7\u00e3o Devotos de F\u00e1tima","potentialAction":[{"@type":"SearchAction","target":{"@type":"EntryPoint","urlTemplate":"https:\/\/www.adf.org.br\/home\/?s={search_term_string}"},"query-input":"required name=search_term_string"}],"inLanguage":"pt-BR"},{"@type":"ImageObject","@id":"https:\/\/www.adf.org.br\/home\/vandalos-destroem-imagem-da-virgem-maria-em-igreja-de-teresina\/#primaryimage","inLanguage":"pt-BR","url":"http:\/\/www.adf.org.br\/home\/wp-content\/uploads\/2010\/04\/Nossa-Sra.-Perpetuo-Socorro.jpg","contentUrl":"http:\/\/www.adf.org.br\/home\/wp-content\/uploads\/2010\/04\/Nossa-Sra.-Perpetuo-Socorro.jpg"},{"@type":"WebPage","@id":"https:\/\/www.adf.org.br\/home\/vandalos-destroem-imagem-da-virgem-maria-em-igreja-de-teresina\/#webpage","url":"https:\/\/www.adf.org.br\/home\/vandalos-destroem-imagem-da-virgem-maria-em-igreja-de-teresina\/","name":"V\u00e2ndalos destroem imagem da Virgem Maria em igreja de Teresina - Associa\u00e7\u00e3o Devotos de F\u00e1tima","isPartOf":{"@id":"https:\/\/www.adf.org.br\/home\/#website"},"primaryImageOfPage":{"@id":"https:\/\/www.adf.org.br\/home\/vandalos-destroem-imagem-da-virgem-maria-em-igreja-de-teresina\/#primaryimage"},"datePublished":"2010-04-25T03:05:47+00:00","dateModified":"2020-06-09T14:51:20+00:00","author":{"@id":"https:\/\/www.adf.org.br\/home\/#\/schema\/person\/affa494ecf91434f3620f5392de44327"},"breadcrumb":{"@id":"https:\/\/www.adf.org.br\/home\/vandalos-destroem-imagem-da-virgem-maria-em-igreja-de-teresina\/#breadcrumb"},"inLanguage":"pt-BR","potentialAction":[{"@type":"ReadAction","target":["https:\/\/www.adf.org.br\/home\/vandalos-destroem-imagem-da-virgem-maria-em-igreja-de-teresina\/"]}]},{"@type":"BreadcrumbList","@id":"https:\/\/www.adf.org.br\/home\/vandalos-destroem-imagem-da-virgem-maria-em-igreja-de-teresina\/#breadcrumb","itemListElement":[{"@type":"ListItem","position":1,"name":"Home","item":"https:\/\/www.adf.org.br\/home\/"},{"@type":"ListItem","position":2,"name":"V\u00e2ndalos destroem imagem da Virgem Maria em igreja de Teresina"}]},{"@type":"Person","@id":"https:\/\/www.adf.org.br\/home\/#\/schema\/person\/affa494ecf91434f3620f5392de44327","name":"Gabriel Barbosa","image":{"@type":"ImageObject","@id":"https:\/\/www.adf.org.br\/home\/#personlogo","inLanguage":"pt-BR","url":"https:\/\/secure.gravatar.com\/avatar\/ecf2eab02e30486a7038f8b2858de06a?s=96&d=mm&r=g","contentUrl":"https:\/\/secure.gravatar.com\/avatar\/ecf2eab02e30486a7038f8b2858de06a?s=96&d=mm&r=g","caption":"Gabriel Barbosa"},"url":"https:\/\/www.adf.org.br\/home\/author\/gabriel-aascj\/"}]}},"_links":{"self":[{"href":"https:\/\/www.adf.org.br\/home\/wp-json\/wp\/v2\/posts\/4016"}],"collection":[{"href":"https:\/\/www.adf.org.br\/home\/wp-json\/wp\/v2\/posts"}],"about":[{"href":"https:\/\/www.adf.org.br\/home\/wp-json\/wp\/v2\/types\/post"}],"author":[{"embeddable":true,"href":"https:\/\/www.adf.org.br\/home\/wp-json\/wp\/v2\/users\/27"}],"replies":[{"embeddable":true,"href":"https:\/\/www.adf.org.br\/home\/wp-json\/wp\/v2\/comments?post=4016"}],"version-history":[{"count":1,"href":"https:\/\/www.adf.org.br\/home\/wp-json\/wp\/v2\/posts\/4016\/revisions"}],"predecessor-version":[{"id":59594,"href":"https:\/\/www.adf.org.br\/home\/wp-json\/wp\/v2\/posts\/4016\/revisions\/59594"}],"wp:attachment":[{"href":"https:\/\/www.adf.org.br\/home\/wp-json\/wp\/v2\/media?parent=4016"}],"wp:term":[{"taxonomy":"category","embeddable":true,"href":"https:\/\/www.adf.org.br\/home\/wp-json\/wp\/v2\/categories?post=4016"},{"taxonomy":"post_tag","embeddable":true,"href":"https:\/\/www.adf.org.br\/home\/wp-json\/wp\/v2\/tags?post=4016"}],"curies":[{"name":"wp","href":"https:\/\/api.w.org\/{rel}","templated":true}]}}