{"id":40034,"date":"2018-07-06T00:00:41","date_gmt":"2018-07-06T03:00:41","guid":{"rendered":"http:\/\/www.adf.org.br\/home\/?p=40034"},"modified":"2018-07-06T00:00:41","modified_gmt":"2018-07-06T03:00:41","slug":"anjos-guias-e-protetores","status":"publish","type":"post","link":"https:\/\/www.adf.org.br\/home\/anjos-guias-e-protetores\/","title":{"rendered":"Anjos, guias e protetores dos homens. Veja."},"content":{"rendered":"<figure id=\"attachment_40035\" aria-describedby=\"caption-attachment-40035\" style=\"width: 370px\" class=\"wp-caption aligncenter\"><img loading=\"lazy\" class=\"wp-image-40035 size-full\" title=\"Santos Anjos de Deus\" src=\"http:\/\/www.adf.org.br\/home\/wp-content\/uploads\/2016\/06\/gaudenzio-ferrari-annunciation-angel-gabriel-NG3068.1-fm.jpg\" alt=\"Santos Anjos de Deus\" width=\"370\" height=\"371\" \/><figcaption id=\"caption-attachment-40035\" class=\"wp-caption-text\">Santos Anjos de Deus<\/figcaption><\/figure>\n<p style=\"padding-left: 90px;\"><strong><span style=\"font-size: medium; color: #800080; font-family: verdana, geneva;\"><br \/>\n<span style=\"color: #ffffff;\">.<\/span><br \/>\nOs anjos, apesar e sua excelsitude, por des\u00edgnio de Deus, s\u00e3o nossos amigos e companheiros.<\/span><\/strong><\/p>\n<p style=\"padding-left: 90px;\"><span style=\"color: #ffffff;\">.<\/span><\/p>\n<p><span style=\"font-size: medium; color: #000000; font-family: verdana, geneva;\"><span style=\"font-size: large;\"><strong>E<\/strong><\/span>les nos protegem nas necessidades, nos guiam nos perigos, nos sugerem continuamente bons prop\u00f3sitos, atos de amor e submiss\u00e3o a Deus.<\/span><\/p>\n<p><span style=\"font-size: medium; color: #000000; font-family: verdana, geneva;\">Se o pr\u00f3prio Deus se serve continuamente dos anjos, n\u00e3o devemos n\u00f3s tamb\u00e9m recorrer sempre aos pr\u00edncipes dos ex\u00e9rcitos do Senhor, aos mensageiros de Deus, invocando-os em todas as necessidades?<\/span><\/p>\n<p><span style=\"font-size: medium; color: #000000; font-family: verdana, geneva;\">Certamente que sim!<\/span><\/p>\n<p><span style=\"font-size: medium; color: #ffffff; font-family: verdana, geneva;\">.<\/span><br \/>\n<span style=\"font-family: verdana, geneva; font-size: small; color: #ffffff;\">.<\/span><br \/>\n<span style=\"font-size: 10pt; color: #000000; font-family: verdana, geneva;\"><em>Fonte: Retirado\u00a0do livro: \u201cAnjos e dem\u00f4nios: A luta contra o poder das trevas.&#8221;<\/em><\/span><\/p>\n<h5 style=\"text-align: center;\"><span style=\"font-size: medium; color: #ffffff; font-family: verdana, geneva;\">.<\/span><br \/>\n<span style=\"font-size: medium; color: #000000; font-family: verdana, geneva;\"><strong>* \u00a0* \u00a0*<\/strong><\/span><\/h5>\n<p style=\"text-align: center;\"><span style=\"color: #ffffff;\">.<\/span><br \/>\n<a href=\"https:\/\/adf.org.br\/minhaoferta\/?origem=6667\" target=\"_blank\" rel=\"noopener noreferrer\"><img loading=\"lazy\" class=\"aligncenter wp-image-47052 size-full\" title=\"bot\u00e3o sacolinha adf\" src=\"http:\/\/www.adf.org.br\/home\/wp-content\/uploads\/2016\/06\/bt_oferta_ADF-2-1.png\" alt=\"bt_oferta_ADF-2 (1)\" width=\"600\" height=\"190\" \/><\/a><\/p>\n","protected":false},"excerpt":{"rendered":"<p>Os anjos, apesar e sua excelsitude, por des\u00edgnio de Deus, s\u00e3o nossos amigos e companheiros.<\/p>\n","protected":false},"author":31,"featured_media":47053,"comment_status":"open","ping_status":"open","sticky":false,"template":"","format":"standard","meta":[],"categories":[20],"tags":[958,753],"yoast_head":"<!-- This site is optimized with the Yoast SEO plugin v17.4 - https:\/\/yoast.com\/wordpress\/plugins\/seo\/ -->\n<title>Anjos, guias e protetores dos homens. Veja.<\/title>\n<meta name=\"description\" content=\"Anjos, guias e protetores dos homens. Veja.\" \/>\n<meta name=\"robots\" content=\"index, follow, max-snippet:-1, max-image-preview:large, max-video-preview:-1\" \/>\n<link rel=\"canonical\" href=\"https:\/\/www.adf.org.br\/home\/anjos-guias-e-protetores\/\" \/>\n<meta property=\"og:locale\" content=\"pt_BR\" \/>\n<meta property=\"og:type\" content=\"article\" \/>\n<meta property=\"og:title\" content=\"Anjos, guias e protetores dos homens. Veja.\" \/>\n<meta property=\"og:description\" content=\"Anjos, guias e protetores dos homens. Veja.\" \/>\n<meta property=\"og:url\" content=\"https:\/\/www.adf.org.br\/home\/anjos-guias-e-protetores\/\" \/>\n<meta property=\"og:site_name\" content=\"Associa\u00e7\u00e3o Devotos de F\u00e1tima\" \/>\n<meta property=\"article:published_time\" content=\"2018-07-06T03:00:41+00:00\" \/>\n<meta name=\"twitter:card\" content=\"summary_large_image\" \/>\n<meta name=\"twitter:label1\" content=\"Escrito por\" \/>\n\t<meta name=\"twitter:data1\" content=\"Gabriel Barbosa\" \/>\n\t<meta name=\"twitter:label2\" content=\"Est. tempo de leitura\" \/>\n\t<meta name=\"twitter:data2\" content=\"1 minuto\" \/>\n<script type=\"application\/ld+json\" class=\"yoast-schema-graph\">{\"@context\":\"https:\/\/schema.org\",\"@graph\":[{\"@type\":\"WebSite\",\"@id\":\"https:\/\/www.adf.org.br\/home\/#website\",\"url\":\"https:\/\/www.adf.org.br\/home\/\",\"name\":\"Associa\\u00e7\\u00e3o Devotos de F\\u00e1tima\",\"description\":\"Associa\\u00e7\\u00e3o Devotos de F\\u00e1tima\",\"potentialAction\":[{\"@type\":\"SearchAction\",\"target\":{\"@type\":\"EntryPoint\",\"urlTemplate\":\"https:\/\/www.adf.org.br\/home\/?s={search_term_string}\"},\"query-input\":\"required name=search_term_string\"}],\"inLanguage\":\"pt-BR\"},{\"@type\":\"ImageObject\",\"@id\":\"https:\/\/www.adf.org.br\/home\/anjos-guias-e-protetores\/#primaryimage\",\"inLanguage\":\"pt-BR\",\"url\":\"\",\"contentUrl\":\"\"},{\"@type\":\"WebPage\",\"@id\":\"https:\/\/www.adf.org.br\/home\/anjos-guias-e-protetores\/#webpage\",\"url\":\"https:\/\/www.adf.org.br\/home\/anjos-guias-e-protetores\/\",\"name\":\"Anjos, guias e protetores dos homens. Veja.\",\"isPartOf\":{\"@id\":\"https:\/\/www.adf.org.br\/home\/#website\"},\"primaryImageOfPage\":{\"@id\":\"https:\/\/www.adf.org.br\/home\/anjos-guias-e-protetores\/#primaryimage\"},\"datePublished\":\"2018-07-06T03:00:41+00:00\",\"dateModified\":\"2018-07-06T03:00:41+00:00\",\"author\":{\"@id\":\"https:\/\/www.adf.org.br\/home\/#\/schema\/person\/f35a5c5aa7728a3dedf4ea9aa1fc2753\"},\"description\":\"Anjos, guias e protetores dos homens. Veja.\",\"breadcrumb\":{\"@id\":\"https:\/\/www.adf.org.br\/home\/anjos-guias-e-protetores\/#breadcrumb\"},\"inLanguage\":\"pt-BR\",\"potentialAction\":[{\"@type\":\"ReadAction\",\"target\":[\"https:\/\/www.adf.org.br\/home\/anjos-guias-e-protetores\/\"]}]},{\"@type\":\"BreadcrumbList\",\"@id\":\"https:\/\/www.adf.org.br\/home\/anjos-guias-e-protetores\/#breadcrumb\",\"itemListElement\":[{\"@type\":\"ListItem\",\"position\":1,\"name\":\"Home\",\"item\":\"https:\/\/www.adf.org.br\/home\/\"},{\"@type\":\"ListItem\",\"position\":2,\"name\":\"Anjos, guias e protetores dos homens. Veja.\"}]},{\"@type\":\"Person\",\"@id\":\"https:\/\/www.adf.org.br\/home\/#\/schema\/person\/f35a5c5aa7728a3dedf4ea9aa1fc2753\",\"name\":\"Gabriel Barbosa\",\"image\":{\"@type\":\"ImageObject\",\"@id\":\"https:\/\/www.adf.org.br\/home\/#personlogo\",\"inLanguage\":\"pt-BR\",\"url\":\"https:\/\/secure.gravatar.com\/avatar\/2b2cb2f4637682c5605e8d36818f51ef?s=96&d=mm&r=g\",\"contentUrl\":\"https:\/\/secure.gravatar.com\/avatar\/2b2cb2f4637682c5605e8d36818f51ef?s=96&d=mm&r=g\",\"caption\":\"Gabriel Barbosa\"},\"url\":\"https:\/\/www.adf.org.br\/home\/author\/gabrielpmk-com-br\/\"}]}<\/script>\n<!-- \/ Yoast SEO plugin. -->","yoast_head_json":{"title":"Anjos, guias e protetores dos homens. Veja.","description":"Anjos, guias e protetores dos homens. Veja.","robots":{"index":"index","follow":"follow","max-snippet":"max-snippet:-1","max-image-preview":"max-image-preview:large","max-video-preview":"max-video-preview:-1"},"canonical":"https:\/\/www.adf.org.br\/home\/anjos-guias-e-protetores\/","og_locale":"pt_BR","og_type":"article","og_title":"Anjos, guias e protetores dos homens. Veja.","og_description":"Anjos, guias e protetores dos homens. Veja.","og_url":"https:\/\/www.adf.org.br\/home\/anjos-guias-e-protetores\/","og_site_name":"Associa\u00e7\u00e3o Devotos de F\u00e1tima","article_published_time":"2018-07-06T03:00:41+00:00","twitter_card":"summary_large_image","twitter_misc":{"Escrito por":"Gabriel Barbosa","Est. tempo de leitura":"1 minuto"},"schema":{"@context":"https:\/\/schema.org","@graph":[{"@type":"WebSite","@id":"https:\/\/www.adf.org.br\/home\/#website","url":"https:\/\/www.adf.org.br\/home\/","name":"Associa\u00e7\u00e3o Devotos de F\u00e1tima","description":"Associa\u00e7\u00e3o Devotos de F\u00e1tima","potentialAction":[{"@type":"SearchAction","target":{"@type":"EntryPoint","urlTemplate":"https:\/\/www.adf.org.br\/home\/?s={search_term_string}"},"query-input":"required name=search_term_string"}],"inLanguage":"pt-BR"},{"@type":"ImageObject","@id":"https:\/\/www.adf.org.br\/home\/anjos-guias-e-protetores\/#primaryimage","inLanguage":"pt-BR","url":"","contentUrl":""},{"@type":"WebPage","@id":"https:\/\/www.adf.org.br\/home\/anjos-guias-e-protetores\/#webpage","url":"https:\/\/www.adf.org.br\/home\/anjos-guias-e-protetores\/","name":"Anjos, guias e protetores dos homens. Veja.","isPartOf":{"@id":"https:\/\/www.adf.org.br\/home\/#website"},"primaryImageOfPage":{"@id":"https:\/\/www.adf.org.br\/home\/anjos-guias-e-protetores\/#primaryimage"},"datePublished":"2018-07-06T03:00:41+00:00","dateModified":"2018-07-06T03:00:41+00:00","author":{"@id":"https:\/\/www.adf.org.br\/home\/#\/schema\/person\/f35a5c5aa7728a3dedf4ea9aa1fc2753"},"description":"Anjos, guias e protetores dos homens. Veja.","breadcrumb":{"@id":"https:\/\/www.adf.org.br\/home\/anjos-guias-e-protetores\/#breadcrumb"},"inLanguage":"pt-BR","potentialAction":[{"@type":"ReadAction","target":["https:\/\/www.adf.org.br\/home\/anjos-guias-e-protetores\/"]}]},{"@type":"BreadcrumbList","@id":"https:\/\/www.adf.org.br\/home\/anjos-guias-e-protetores\/#breadcrumb","itemListElement":[{"@type":"ListItem","position":1,"name":"Home","item":"https:\/\/www.adf.org.br\/home\/"},{"@type":"ListItem","position":2,"name":"Anjos, guias e protetores dos homens. Veja."}]},{"@type":"Person","@id":"https:\/\/www.adf.org.br\/home\/#\/schema\/person\/f35a5c5aa7728a3dedf4ea9aa1fc2753","name":"Gabriel Barbosa","image":{"@type":"ImageObject","@id":"https:\/\/www.adf.org.br\/home\/#personlogo","inLanguage":"pt-BR","url":"https:\/\/secure.gravatar.com\/avatar\/2b2cb2f4637682c5605e8d36818f51ef?s=96&d=mm&r=g","contentUrl":"https:\/\/secure.gravatar.com\/avatar\/2b2cb2f4637682c5605e8d36818f51ef?s=96&d=mm&r=g","caption":"Gabriel Barbosa"},"url":"https:\/\/www.adf.org.br\/home\/author\/gabrielpmk-com-br\/"}]}},"_links":{"self":[{"href":"https:\/\/www.adf.org.br\/home\/wp-json\/wp\/v2\/posts\/40034"}],"collection":[{"href":"https:\/\/www.adf.org.br\/home\/wp-json\/wp\/v2\/posts"}],"about":[{"href":"https:\/\/www.adf.org.br\/home\/wp-json\/wp\/v2\/types\/post"}],"author":[{"embeddable":true,"href":"https:\/\/www.adf.org.br\/home\/wp-json\/wp\/v2\/users\/31"}],"replies":[{"embeddable":true,"href":"https:\/\/www.adf.org.br\/home\/wp-json\/wp\/v2\/comments?post=40034"}],"version-history":[{"count":0,"href":"https:\/\/www.adf.org.br\/home\/wp-json\/wp\/v2\/posts\/40034\/revisions"}],"wp:featuredmedia":[{"embeddable":true,"href":"https:\/\/www.adf.org.br\/home\/wp-json\/wp\/v2\/media\/47053"}],"wp:attachment":[{"href":"https:\/\/www.adf.org.br\/home\/wp-json\/wp\/v2\/media?parent=40034"}],"wp:term":[{"taxonomy":"category","embeddable":true,"href":"https:\/\/www.adf.org.br\/home\/wp-json\/wp\/v2\/categories?post=40034"},{"taxonomy":"post_tag","embeddable":true,"href":"https:\/\/www.adf.org.br\/home\/wp-json\/wp\/v2\/tags?post=40034"}],"curies":[{"name":"wp","href":"https:\/\/api.w.org\/{rel}","templated":true}]}}