{"id":39990,"date":"2018-07-07T00:00:59","date_gmt":"2018-07-07T03:00:59","guid":{"rendered":"http:\/\/www.adf.org.br\/home\/?p=39990"},"modified":"2018-07-07T00:00:59","modified_gmt":"2018-07-07T03:00:59","slug":"voce-conhece-e-acha-das-crendices","status":"publish","type":"post","link":"https:\/\/www.adf.org.br\/home\/voce-conhece-e-acha-das-crendices\/","title":{"rendered":"O que voc\u00ea conhece e acha das crendices? Veja o que esse Servo de Deus fala \u00e0 respeito."},"content":{"rendered":"<figure id=\"attachment_39993\" aria-describedby=\"caption-attachment-39993\" style=\"width: 296px\" class=\"wp-caption aligncenter\"><img loading=\"lazy\" class=\"wp-image-39993 size-full\" title=\"AMULETOS\" src=\"http:\/\/www.adf.org.br\/home\/wp-content\/uploads\/2016\/06\/AMULETOS-1.jpg\" alt=\"Amuletos que s\u00e3o usados para falsas crendices.\" width=\"296\" height=\"219\" \/><figcaption id=\"caption-attachment-39993\" class=\"wp-caption-text\">Amuletos que s\u00e3o usados para falsas crendices.<\/figcaption><\/figure>\n<p style=\"text-align: right;\"><span style=\"font-size: small; font-family: verdana, geneva; color: #000000;\"><em><br \/>\n<span style=\"color: #ffffff;\">.<\/span><br \/>\nServo de Deus, Rev. Pe. J\u00falio Maria de Lombaerde<\/em><\/span><\/p>\n<p style=\"padding-left: 90px;\"><span style=\"font-size: medium; font-family: verdana, geneva; color: #000000;\"><strong><span style=\"color: #ffffff;\">.<\/span><br \/>\n<span style=\"color: #800080;\">Em nossa \u00e9poca, muitos n\u00e3o querem mais acreditar nos ensinos da Igreja;<\/span><\/strong><\/span><\/p>\n<p><span style=\"font-size: medium; font-family: verdana, geneva; color: #000000;\"><strong><span style=\"color: #ffffff;\">.<\/span><br \/>\nD<\/strong>izendo que n\u00e3o t\u00eam f\u00e9 ou que perderam a f\u00e9.\u00a0De fato, pode perder-se a f\u00e9\u2026<\/span><\/p>\n<p><span style=\"font-size: medium; font-family: verdana, geneva; color: #000000;\">F\u00e9 e Moral s\u00e3o duas irm\u00e3s g\u00eameas, t\u00e3o intimamente ligadas, que a morte de uma produz a morte da outra.\u00a0<strong>Muitos perdem a f\u00e9, porque perderam a moral.<\/strong><\/span><\/p>\n<p style=\"padding-left: 90px;\"><span style=\"color: #800080;\"><strong><span style=\"font-size: medium; font-family: verdana, geneva;\"><span style=\"color: #ffffff;\">.<\/span><br \/>\nProcurem readquirir a moral, e a f\u00e9 surgir\u00e1 luminosa, como surge o sol luminoso quando se dissipam as nuvens.<\/span><\/strong><\/span><\/p>\n<p><span style=\"font-size: medium; font-family: verdana, geneva; color: #000000;\"><span style=\"color: #ffffff;\">.<\/span><br \/>\nA f\u00e9 \u00e9 um sol na vida\u2026 A libertinagem \u00e9 uma nuvem pesada, asfixiante, amea\u00e7adora.\u00a0Todos os homens t\u00eam f\u00e9, mas todos n\u00e3o t\u00eam uma f\u00e9 divina.<\/span><\/p>\n<p style=\"padding-left: 90px;\"><span style=\"font-size: medium; font-family: verdana, geneva; color: #800080;\"><strong><span style=\"color: #ffffff;\">.<\/span><br \/>\nCoisa curiosa: \u00e0 medida que a f\u00e9 divina se apaga, a crendice humana cresce. E hoje, a tal crendice humana chegou ao inveross\u00edmil.<\/strong><\/span><\/p>\n<p><span style=\"font-size: medium; font-family: verdana, geneva; color: #000000;\"><span style=\"color: #ffffff;\">.<\/span><br \/>\nBradam com ares de superioridade e emancipa\u00e7\u00e3o os modernos s\u00e1bios e materialistas, que n\u00e3o acreditam mais em Deus\u2026<\/span><\/p>\n<p><span style=\"font-size: medium; font-family: verdana, geneva; color: #ffffff;\">.<\/span><\/p>\n<blockquote><p><span style=\"font-size: medium; font-family: verdana, geneva; color: #000000;\"><span style=\"font-size: xx-small; color: #ffffff;\">.<\/span><strong><br \/>\n<span style=\"color: #0000ff;\">N\u00e3o acreditam mais em Deus, mas por uma degrada\u00e7\u00e3o vergonhosa acreditam:<\/span><\/strong><\/span><\/p>\n<p><span style=\"font-size: medium; font-family: verdana, geneva; color: #0000ff;\">Nas fraudes dos\u00a0m\u00e9diuns.<\/span><\/p>\n<p><span style=\"font-size: medium; font-family: verdana, geneva; color: #0000ff;\">Nas caretas dos hist\u00e9ricos.<\/span><\/p>\n<p><span style=\"font-size: medium; font-family: verdana, geneva; color: #0000ff;\">Nas ervas das macumbas.<\/span><\/p>\n<p><span style=\"font-size: medium; font-family: verdana, geneva; color: #0000ff;\">Nos passes dos catimb\u00f3s.<\/span><\/p>\n<p><span style=\"font-size: medium; font-family: verdana, geneva; color: #0000ff;\">Nas rezas dos feiticeiros.<\/span><\/p>\n<p><span style=\"font-size: medium; font-family: verdana, geneva; color: #0000ff;\">No sangue das galinhas pretas.<\/span><\/p>\n<p><span style=\"font-size: medium; font-family: verdana, geneva; color: #0000ff;\">Nos fluidos das sess\u00f5es.<\/span><\/p>\n<p><span style=\"font-size: medium; font-family: verdana, geneva; color: #0000ff;\">Nos pandeiros dos canjer\u00eas.<\/span><\/p>\n<p><span style=\"font-size: medium; font-family: verdana, geneva; color: #0000ff;\">Nas chibatas dos pretos velhos.<\/span><\/p>\n<p><span style=\"font-size: medium; font-family: verdana, geneva; color: #0000ff;\">Na homeopatia de\u00a0<strong>esp\u00edritas.<\/strong><\/span><\/p>\n<p><span style=\"font-size: medium; font-family: verdana, geneva; color: #0000ff;\">Nas sugest\u00f5es do curandeiro Mozart.<\/span><\/p>\n<p><span style=\"font-size: medium; font-family: verdana, geneva; color: #0000ff;\">Na ci\u00eancia dos fakirs.<\/span><\/p>\n<p><span style=\"font-size: medium; font-family: verdana, geneva; color: #0000ff;\"><strong>Nas tolices de\u00a0Allan Kardec.<\/strong><\/span><\/p>\n<p><span style=\"font-size: medium; font-family: verdana, geneva; color: #0000ff;\">No charlatanismo dos defuntos.<\/span><\/p>\n<p><span style=\"font-size: medium; font-family: verdana, geneva; color: #0000ff;\">Nos truques dos pseudo-prestidigitadores.<\/span><\/p>\n<p><span style=\"font-size: medium; font-family: verdana, geneva; color: #0000ff;\">Nos cabelos queimados misturados em bebidas.<\/span><\/p>\n<p><span style=\"font-size: medium; font-family: verdana, geneva; color: #0000ff;\">Nos sapos postos sob a soleiras das casas.<\/span><\/p>\n<p><span style=\"font-size: medium; font-family: verdana, geneva; color: #0000ff;\">Nos peda\u00e7os de vela, folhas de alecrim e farofa de fub\u00e1, colocada nas encruzilhadas.<\/span><\/p>\n<p><span style=\"font-size: medium; font-family: verdana, geneva; color: #0000ff;\">Nos morcegos, corujas e aranhas pretas.<\/span><\/p>\n<p><span style=\"font-size: medium; font-family: verdana, geneva; color: #0000ff;\">Na desgra\u00e7a do n\u00famero 13\u2026 etc, etc.<\/span><\/p>\n<p><span style=\"font-size: xx-small; font-family: verdana, geneva; color: #ffffff;\">.<\/span><\/p><\/blockquote>\n<p><span style=\"font-size: medium; font-family: verdana, geneva; color: #000000;\"><strong><span style=\"color: #ffffff;\">.<\/span><br \/>\nEstes homens emancipados acreditam em tudo isso, mas n\u00e3o acreditam mais em Deus.<\/strong><\/span><\/p>\n<p style=\"padding-left: 90px;\"><strong><span style=\"font-size: medium; font-family: verdana, geneva; color: #800080;\"><span style=\"color: #ffffff;\">.<\/span><br \/>\nPobre gente! N\u00e3o s\u00e3o incr\u00e9dulos, s\u00e3o ignorantes, viciados\u2026 e s\u00f3 creem na lama e no gozo da carne.<\/span><\/strong><\/p>\n<p><span style=\"font-size: medium; font-family: verdana, geneva; color: #000000;\"><span style=\"color: #ffffff;\">.<\/span><br \/>\n\u00c9 para estes que Deus manda as terr\u00edveis profecias e revela\u00e7\u00f5es que h\u00e3o de seguir.<\/span><\/p>\n<p><span style=\"font-size: medium; font-family: verdana, geneva; color: #000000;\">Se tais revela\u00e7\u00f5es proviessem de qualquer macumbeiro, vidente ou hist\u00e9rico, eles acreditariam logo, mas agora v\u00eam de homens santos, de homens de Deus\u2026<\/span><\/p>\n<p><span style=\"font-size: medium; font-family: verdana, geneva; color: #000000;\">E estes talvez n\u00e3o mere\u00e7am mais f\u00e9, para eles, do que o pr\u00f3prio Deus.<\/span><\/p>\n<p><span style=\"font-size: medium; font-family: verdana, geneva; color: #000000;\">Quem sabe entretanto\u2026!<\/span><\/p>\n<p><span style=\"font-size: medium; font-family: verdana, geneva; color: #000000;\">Deus \u00e9 t\u00e3o bom\u2026Talvez permita Ele que os\u00a0<strong>olhos dos cegos se abram<\/strong>, que a intelig\u00eancia dos emancipados compreenda\u00a0 que com Deus n\u00e3o se brinca.<\/span><\/p>\n<p><span style=\"color: #ffffff;\">.<\/span><br \/>\n<span style=\"color: #ffffff;\"> .<\/span><br \/>\n<span style=\"font-size: 10pt; font-family: verdana, geneva; color: #000000;\">Fonte: R<em>etirado do livro \u201cO fim do mundo est\u00e1 pr\u00f3ximo?\u201d do Rev. Pe. J\u00falio Maria de Lombaerde.<\/em><\/span><\/p>\n<h5 style=\"text-align: center;\"><span style=\"font-size: medium; font-family: verdana, geneva; color: #ffffff;\">.<\/span><br \/>\n<span style=\"font-size: medium; font-family: verdana, geneva; color: #000000;\"> <strong>* \u00a0* \u00a0*<\/strong><\/span><\/h5>\n<p style=\"text-align: center;\"><span style=\"color: #ffffff;\">.<\/span><br \/>\n<a href=\"https:\/\/adf.org.br\/minhaoferta\/?origem=6667\" target=\"_blank\" rel=\"noopener noreferrer\"><img loading=\"lazy\" class=\"aligncenter wp-image-47056 size-full\" title=\"bot\u00e3o sacolinha adf\" src=\"http:\/\/www.adf.org.br\/home\/wp-content\/uploads\/2016\/06\/bt_oferta_ADF-3-1.png\" alt=\"bt_oferta_ADF-3 (1)\" width=\"600\" height=\"190\" \/><\/a><\/p>\n","protected":false},"excerpt":{"rendered":"<p>Em nossa \u00e9poca, muitos n\u00e3o querem mais acreditar nos ensinos da Igreja;<\/p>\n","protected":false},"author":31,"featured_media":47058,"comment_status":"open","ping_status":"open","sticky":false,"template":"","format":"standard","meta":[],"categories":[20],"tags":[1343,142,2231],"yoast_head":"<!-- This site is optimized with the Yoast SEO plugin v17.4 - https:\/\/yoast.com\/wordpress\/plugins\/seo\/ -->\n<title>O que voc\u00ea conhece e acha das crendices? Veja o que nos ensina.<\/title>\n<meta name=\"description\" content=\"O que voc\u00ea conhece e acha das crendices? Veja o que esse Servo de Deus fala \u00e0 respeito.\" \/>\n<meta name=\"robots\" content=\"index, follow, max-snippet:-1, max-image-preview:large, max-video-preview:-1\" \/>\n<link rel=\"canonical\" href=\"https:\/\/www.adf.org.br\/home\/voce-conhece-e-acha-das-crendices\/\" \/>\n<meta property=\"og:locale\" content=\"pt_BR\" \/>\n<meta property=\"og:type\" content=\"article\" \/>\n<meta property=\"og:title\" content=\"O que voc\u00ea conhece e acha das crendices? Veja o que nos ensina.\" \/>\n<meta property=\"og:description\" content=\"O que voc\u00ea conhece e acha das crendices? Veja o que esse Servo de Deus fala \u00e0 respeito.\" \/>\n<meta property=\"og:url\" content=\"https:\/\/www.adf.org.br\/home\/voce-conhece-e-acha-das-crendices\/\" \/>\n<meta property=\"og:site_name\" content=\"Associa\u00e7\u00e3o Devotos de F\u00e1tima\" \/>\n<meta property=\"article:published_time\" content=\"2018-07-07T03:00:59+00:00\" \/>\n<meta name=\"twitter:card\" content=\"summary_large_image\" \/>\n<meta name=\"twitter:label1\" content=\"Escrito por\" \/>\n\t<meta name=\"twitter:data1\" content=\"Gabriel Barbosa\" \/>\n\t<meta name=\"twitter:label2\" content=\"Est. tempo de leitura\" \/>\n\t<meta name=\"twitter:data2\" content=\"2 minutos\" \/>\n<script type=\"application\/ld+json\" class=\"yoast-schema-graph\">{\"@context\":\"https:\/\/schema.org\",\"@graph\":[{\"@type\":\"WebSite\",\"@id\":\"https:\/\/www.adf.org.br\/home\/#website\",\"url\":\"https:\/\/www.adf.org.br\/home\/\",\"name\":\"Associa\\u00e7\\u00e3o Devotos de F\\u00e1tima\",\"description\":\"Associa\\u00e7\\u00e3o Devotos de F\\u00e1tima\",\"potentialAction\":[{\"@type\":\"SearchAction\",\"target\":{\"@type\":\"EntryPoint\",\"urlTemplate\":\"https:\/\/www.adf.org.br\/home\/?s={search_term_string}\"},\"query-input\":\"required name=search_term_string\"}],\"inLanguage\":\"pt-BR\"},{\"@type\":\"ImageObject\",\"@id\":\"https:\/\/www.adf.org.br\/home\/voce-conhece-e-acha-das-crendices\/#primaryimage\",\"inLanguage\":\"pt-BR\",\"url\":\"\",\"contentUrl\":\"\"},{\"@type\":\"WebPage\",\"@id\":\"https:\/\/www.adf.org.br\/home\/voce-conhece-e-acha-das-crendices\/#webpage\",\"url\":\"https:\/\/www.adf.org.br\/home\/voce-conhece-e-acha-das-crendices\/\",\"name\":\"O que voc\\u00ea conhece e acha das crendices? Veja o que nos ensina.\",\"isPartOf\":{\"@id\":\"https:\/\/www.adf.org.br\/home\/#website\"},\"primaryImageOfPage\":{\"@id\":\"https:\/\/www.adf.org.br\/home\/voce-conhece-e-acha-das-crendices\/#primaryimage\"},\"datePublished\":\"2018-07-07T03:00:59+00:00\",\"dateModified\":\"2018-07-07T03:00:59+00:00\",\"author\":{\"@id\":\"https:\/\/www.adf.org.br\/home\/#\/schema\/person\/f35a5c5aa7728a3dedf4ea9aa1fc2753\"},\"description\":\"O que voc\\u00ea conhece e acha das crendices? Veja o que esse Servo de Deus fala \\u00e0 respeito.\",\"breadcrumb\":{\"@id\":\"https:\/\/www.adf.org.br\/home\/voce-conhece-e-acha-das-crendices\/#breadcrumb\"},\"inLanguage\":\"pt-BR\",\"potentialAction\":[{\"@type\":\"ReadAction\",\"target\":[\"https:\/\/www.adf.org.br\/home\/voce-conhece-e-acha-das-crendices\/\"]}]},{\"@type\":\"BreadcrumbList\",\"@id\":\"https:\/\/www.adf.org.br\/home\/voce-conhece-e-acha-das-crendices\/#breadcrumb\",\"itemListElement\":[{\"@type\":\"ListItem\",\"position\":1,\"name\":\"Home\",\"item\":\"https:\/\/www.adf.org.br\/home\/\"},{\"@type\":\"ListItem\",\"position\":2,\"name\":\"O que voc\\u00ea conhece e acha das crendices? Veja o que esse Servo de Deus fala \\u00e0 respeito.\"}]},{\"@type\":\"Person\",\"@id\":\"https:\/\/www.adf.org.br\/home\/#\/schema\/person\/f35a5c5aa7728a3dedf4ea9aa1fc2753\",\"name\":\"Gabriel Barbosa\",\"image\":{\"@type\":\"ImageObject\",\"@id\":\"https:\/\/www.adf.org.br\/home\/#personlogo\",\"inLanguage\":\"pt-BR\",\"url\":\"https:\/\/secure.gravatar.com\/avatar\/2b2cb2f4637682c5605e8d36818f51ef?s=96&d=mm&r=g\",\"contentUrl\":\"https:\/\/secure.gravatar.com\/avatar\/2b2cb2f4637682c5605e8d36818f51ef?s=96&d=mm&r=g\",\"caption\":\"Gabriel Barbosa\"},\"url\":\"https:\/\/www.adf.org.br\/home\/author\/gabrielpmk-com-br\/\"}]}<\/script>\n<!-- \/ Yoast SEO plugin. -->","yoast_head_json":{"title":"O que voc\u00ea conhece e acha das crendices? Veja o que nos ensina.","description":"O que voc\u00ea conhece e acha das crendices? Veja o que esse Servo de Deus fala \u00e0 respeito.","robots":{"index":"index","follow":"follow","max-snippet":"max-snippet:-1","max-image-preview":"max-image-preview:large","max-video-preview":"max-video-preview:-1"},"canonical":"https:\/\/www.adf.org.br\/home\/voce-conhece-e-acha-das-crendices\/","og_locale":"pt_BR","og_type":"article","og_title":"O que voc\u00ea conhece e acha das crendices? Veja o que nos ensina.","og_description":"O que voc\u00ea conhece e acha das crendices? Veja o que esse Servo de Deus fala \u00e0 respeito.","og_url":"https:\/\/www.adf.org.br\/home\/voce-conhece-e-acha-das-crendices\/","og_site_name":"Associa\u00e7\u00e3o Devotos de F\u00e1tima","article_published_time":"2018-07-07T03:00:59+00:00","twitter_card":"summary_large_image","twitter_misc":{"Escrito por":"Gabriel Barbosa","Est. tempo de leitura":"2 minutos"},"schema":{"@context":"https:\/\/schema.org","@graph":[{"@type":"WebSite","@id":"https:\/\/www.adf.org.br\/home\/#website","url":"https:\/\/www.adf.org.br\/home\/","name":"Associa\u00e7\u00e3o Devotos de F\u00e1tima","description":"Associa\u00e7\u00e3o Devotos de F\u00e1tima","potentialAction":[{"@type":"SearchAction","target":{"@type":"EntryPoint","urlTemplate":"https:\/\/www.adf.org.br\/home\/?s={search_term_string}"},"query-input":"required name=search_term_string"}],"inLanguage":"pt-BR"},{"@type":"ImageObject","@id":"https:\/\/www.adf.org.br\/home\/voce-conhece-e-acha-das-crendices\/#primaryimage","inLanguage":"pt-BR","url":"","contentUrl":""},{"@type":"WebPage","@id":"https:\/\/www.adf.org.br\/home\/voce-conhece-e-acha-das-crendices\/#webpage","url":"https:\/\/www.adf.org.br\/home\/voce-conhece-e-acha-das-crendices\/","name":"O que voc\u00ea conhece e acha das crendices? Veja o que nos ensina.","isPartOf":{"@id":"https:\/\/www.adf.org.br\/home\/#website"},"primaryImageOfPage":{"@id":"https:\/\/www.adf.org.br\/home\/voce-conhece-e-acha-das-crendices\/#primaryimage"},"datePublished":"2018-07-07T03:00:59+00:00","dateModified":"2018-07-07T03:00:59+00:00","author":{"@id":"https:\/\/www.adf.org.br\/home\/#\/schema\/person\/f35a5c5aa7728a3dedf4ea9aa1fc2753"},"description":"O que voc\u00ea conhece e acha das crendices? Veja o que esse Servo de Deus fala \u00e0 respeito.","breadcrumb":{"@id":"https:\/\/www.adf.org.br\/home\/voce-conhece-e-acha-das-crendices\/#breadcrumb"},"inLanguage":"pt-BR","potentialAction":[{"@type":"ReadAction","target":["https:\/\/www.adf.org.br\/home\/voce-conhece-e-acha-das-crendices\/"]}]},{"@type":"BreadcrumbList","@id":"https:\/\/www.adf.org.br\/home\/voce-conhece-e-acha-das-crendices\/#breadcrumb","itemListElement":[{"@type":"ListItem","position":1,"name":"Home","item":"https:\/\/www.adf.org.br\/home\/"},{"@type":"ListItem","position":2,"name":"O que voc\u00ea conhece e acha das crendices? Veja o que esse Servo de Deus fala \u00e0 respeito."}]},{"@type":"Person","@id":"https:\/\/www.adf.org.br\/home\/#\/schema\/person\/f35a5c5aa7728a3dedf4ea9aa1fc2753","name":"Gabriel Barbosa","image":{"@type":"ImageObject","@id":"https:\/\/www.adf.org.br\/home\/#personlogo","inLanguage":"pt-BR","url":"https:\/\/secure.gravatar.com\/avatar\/2b2cb2f4637682c5605e8d36818f51ef?s=96&d=mm&r=g","contentUrl":"https:\/\/secure.gravatar.com\/avatar\/2b2cb2f4637682c5605e8d36818f51ef?s=96&d=mm&r=g","caption":"Gabriel Barbosa"},"url":"https:\/\/www.adf.org.br\/home\/author\/gabrielpmk-com-br\/"}]}},"_links":{"self":[{"href":"https:\/\/www.adf.org.br\/home\/wp-json\/wp\/v2\/posts\/39990"}],"collection":[{"href":"https:\/\/www.adf.org.br\/home\/wp-json\/wp\/v2\/posts"}],"about":[{"href":"https:\/\/www.adf.org.br\/home\/wp-json\/wp\/v2\/types\/post"}],"author":[{"embeddable":true,"href":"https:\/\/www.adf.org.br\/home\/wp-json\/wp\/v2\/users\/31"}],"replies":[{"embeddable":true,"href":"https:\/\/www.adf.org.br\/home\/wp-json\/wp\/v2\/comments?post=39990"}],"version-history":[{"count":0,"href":"https:\/\/www.adf.org.br\/home\/wp-json\/wp\/v2\/posts\/39990\/revisions"}],"wp:featuredmedia":[{"embeddable":true,"href":"https:\/\/www.adf.org.br\/home\/wp-json\/wp\/v2\/media\/47058"}],"wp:attachment":[{"href":"https:\/\/www.adf.org.br\/home\/wp-json\/wp\/v2\/media?parent=39990"}],"wp:term":[{"taxonomy":"category","embeddable":true,"href":"https:\/\/www.adf.org.br\/home\/wp-json\/wp\/v2\/categories?post=39990"},{"taxonomy":"post_tag","embeddable":true,"href":"https:\/\/www.adf.org.br\/home\/wp-json\/wp\/v2\/tags?post=39990"}],"curies":[{"name":"wp","href":"https:\/\/api.w.org\/{rel}","templated":true}]}}