{"id":39979,"date":"2018-07-08T00:00:21","date_gmt":"2018-07-08T03:00:21","guid":{"rendered":"http:\/\/www.adf.org.br\/home\/?p=39979"},"modified":"2018-07-08T00:00:21","modified_gmt":"2018-07-08T03:00:21","slug":"6-modos-combater-pecado-impureza","status":"publish","type":"post","link":"https:\/\/www.adf.org.br\/home\/6-modos-combater-pecado-impureza\/","title":{"rendered":"6 Modos eficazes para combater o pecado da Impureza. Veja esse m\u00e9todo de Santo Antonio maria Claret."},"content":{"rendered":"<figure id=\"attachment_39984\" aria-describedby=\"caption-attachment-39984\" style=\"width: 454px\" class=\"wp-caption aligncenter\"><img loading=\"lazy\" class=\"  wp-image-39984\" title=\"Maria Sant\u00edssima \u00e9 nosso ref\u00fagio.\" src=\"http:\/\/www.adf.org.br\/home\/wp-content\/uploads\/2016\/06\/castidade-hans-memling.jpg\" alt=\"Nossa Senhora \u00e9 nossa fortaleza, com Ela o dem\u00f4nio n\u00e3o pode nos atacar.\" width=\"454\" height=\"560\" \/><figcaption id=\"caption-attachment-39984\" class=\"wp-caption-text\">Nossa Senhora \u00e9 nossa fortaleza, com Ela o dem\u00f4nio n\u00e3o pode nos atacar.<\/figcaption><\/figure>\n<p style=\"padding-left: 90px;\"><span style=\"color: #800080;\"><strong><span style=\"font-size: medium; font-family: verdana, geneva;\"><br \/>\n<span style=\"color: #ffffff;\">.<\/span><br \/>\nRem\u00e9dios para afastar o mal da impureza:<\/span><\/strong><\/span><\/p>\n<p style=\"padding-left: 30px;\"><span style=\"font-size: medium; font-family: verdana, geneva; color: #000000;\"><strong><span style=\"color: #ffffff;\">.<\/span><br \/>\n<span style=\"color: #0000ff;\">1-<\/span><\/strong>\u00a0De manh\u00e3 e a noite pede a M\u00e3e da Pureza , a sant\u00edssima Virgem, esta preciosa joia , saudando-a para esse fim com 3 Ave Marias.<\/span><\/p>\n<p style=\"padding-left: 30px;\"><span style=\"font-size: medium; font-family: verdana, geneva; color: #000000;\"><strong><span style=\"color: #ffffff;\">.<\/span><br \/>\n<span style=\"color: #0000ff;\">2-<\/span><\/strong>\u00a0Logo que tiveres algum pensamento impuro, despreza-o imediatamente e dize a Maria: <strong>\u201cVirgem Sant\u00edssima , valei-me, assisti-me.\u201d<\/strong><\/span><\/p>\n<p style=\"padding-left: 30px;\"><span style=\"font-size: medium; font-family: verdana, geneva; color: #000000;\"><strong><span style=\"color: #ffffff;\">.<\/span><br \/>\n<span style=\"color: #0000ff;\">3-<\/span><\/strong>\u00a0Aparta-te das m\u00e1s companhias, de bailes e galanteios; nem pelas capas h\u00e1s de tocar em livros ou pap\u00e9is desonestos;<\/span><\/p>\n<p style=\"padding-left: 30px;\"><span style=\"color: #000000;\"><span style=\"font-size: medium; font-family: verdana, geneva;\">N\u00e3o olhes para pinturas, E<\/span><span style=\"font-family: verdana, geneva; font-size: medium;\">stampas ou outros objetos provocativos, e , sobre tudo guarda-te de fazer acenos ou a\u00e7\u00f5es escandalosas .<\/span><\/span><\/p>\n<p style=\"padding-left: 30px;\"><span style=\"font-size: medium; font-family: verdana, geneva; color: #000000;\"><strong><span style=\"color: #ffffff;\">.<\/span><br \/>\n<span style=\"color: #0000ff;\">4-<\/span><\/strong>\u00a0Vista com mod\u00e9stia, coma e beba com temperan\u00e7a, n\u00e3o profiras palavras indecentes, n\u00e3o escutes nem acompanhes m\u00e1s conversas, e n\u00e3o d\u00eas liberdade a teus olhos.<\/span><\/p>\n<p style=\"padding-left: 30px;\"><span style=\"font-size: medium; font-family: verdana, geneva; color: #000000;\"><strong><span style=\"color: #ffffff;\">.<\/span><br \/>\n<span style=\"color: #0000ff;\">5-<\/span><\/strong>\u00a0Lembra-te que DEUS te v\u00ea,e que tem poder para tirar-te a vida aqui mesmo e lan\u00e7ar-te aos infernos, como aconteceu, entre outros a O n\u00e3o, que morreu no ATO de cometer um pecado desonesto e SE CONDENOU.<\/span><\/p>\n<p style=\"padding-left: 30px;\"><span style=\"font-size: medium; font-family: verdana, geneva; color: #000000;\"><strong><span style=\"color: #ffffff;\">.<\/span><br \/>\n<span style=\"color: #0000ff;\">6-<\/span><\/strong>\u00a0Frequenta os Santos Sacramentos.<\/span><\/p>\n<p><span style=\"font-size: medium; font-family: verdana, geneva; color: #ffffff;\">.<\/span><br \/>\n<span style=\"font-size: medium; font-family: verdana, geneva; color: #ffffff;\">.<\/span><br \/>\n<span style=\"font-size: 10pt;\"><em><span style=\"font-family: verdana, geneva; color: #000000;\">Fonte: Retirado do livro &#8220;O Caminho Reto&#8221; de Santo Antonio Maria Claret.<\/span><\/em><\/span><\/p>\n<h5 style=\"text-align: center;\"><span style=\"font-size: medium; font-family: verdana, geneva; color: #ffffff;\">.<\/span><br \/>\n<span style=\"font-size: medium; font-family: verdana, geneva; color: #000000;\"><strong>* \u00a0* \u00a0*<\/strong><\/span><\/h5>\n<p style=\"text-align: center;\"><span style=\"font-size: medium; font-family: verdana, geneva; color: #ffffff;\">.\u00a0<\/span><\/p>\n<p style=\"text-align: center;\"><span style=\"font-size: medium; font-family: verdana, geneva; color: #ff0000;\"><strong>Receba as Novidades desta Associa\u00e7\u00e3o em seu e-mail diariamente.<\/strong><\/span><\/p>\n<p style=\"text-align: center;\"><span style=\"font-size: medium; font-family: verdana, geneva; color: #ffffff;\"><strong>.<\/strong><\/span><br \/>\n<span style=\"font-size: medium; font-family: verdana, geneva;\"><strong><a href=\"http:\/\/feedburner.google.com\/fb\/a\/mailverify?uri=devotosdefatima\" target=\"_blank\" rel=\"noopener noreferrer\">Clique aqui<\/a>\u00a0<span style=\"color: #000000;\">e fa\u00e7a seu cadastro. \u00c9 totalmente gratuito.<\/span><\/strong><\/span><\/p>\n<p style=\"text-align: center;\"><span style=\"font-size: medium; font-family: verdana, geneva; color: #ffffff;\"><strong>.<\/strong><\/span><br \/>\n<span style=\"font-size: medium; font-family: verdana, geneva; color: #ffffff;\"><strong>.\u00a0<\/strong><\/span><\/p>\n","protected":false},"excerpt":{"rendered":"<p>Rem\u00e9dios para afastar o mal da impureza:<\/p>\n","protected":false},"author":31,"featured_media":47061,"comment_status":"open","ping_status":"open","sticky":false,"template":"","format":"standard","meta":[],"categories":[20],"tags":[1351,142,45],"yoast_head":"<!-- This site is optimized with the Yoast SEO plugin v17.4 - https:\/\/yoast.com\/wordpress\/plugins\/seo\/ -->\n<title>6 Modos eficazes para combater o pecado da Impureza. Veja como!<\/title>\n<meta name=\"description\" content=\"6 Modos eficazes para combater o pecado da Impureza. Veja esse m\u00e9todo de Santo Antonio maria Claret.\" \/>\n<meta name=\"robots\" content=\"index, follow, max-snippet:-1, max-image-preview:large, max-video-preview:-1\" \/>\n<link rel=\"canonical\" href=\"https:\/\/www.adf.org.br\/home\/6-modos-combater-pecado-impureza\/\" \/>\n<meta property=\"og:locale\" content=\"pt_BR\" \/>\n<meta property=\"og:type\" content=\"article\" \/>\n<meta property=\"og:title\" content=\"6 Modos eficazes para combater o pecado da Impureza. Veja como!\" \/>\n<meta property=\"og:description\" content=\"6 Modos eficazes para combater o pecado da Impureza. Veja esse m\u00e9todo de Santo Antonio maria Claret.\" \/>\n<meta property=\"og:url\" content=\"https:\/\/www.adf.org.br\/home\/6-modos-combater-pecado-impureza\/\" \/>\n<meta property=\"og:site_name\" content=\"Associa\u00e7\u00e3o Devotos de F\u00e1tima\" \/>\n<meta property=\"article:published_time\" content=\"2018-07-08T03:00:21+00:00\" \/>\n<meta name=\"twitter:card\" content=\"summary_large_image\" \/>\n<meta name=\"twitter:label1\" content=\"Escrito por\" \/>\n\t<meta name=\"twitter:data1\" content=\"Gabriel Barbosa\" \/>\n\t<meta name=\"twitter:label2\" content=\"Est. tempo de leitura\" \/>\n\t<meta name=\"twitter:data2\" content=\"1 minuto\" \/>\n<script type=\"application\/ld+json\" class=\"yoast-schema-graph\">{\"@context\":\"https:\/\/schema.org\",\"@graph\":[{\"@type\":\"WebSite\",\"@id\":\"https:\/\/www.adf.org.br\/home\/#website\",\"url\":\"https:\/\/www.adf.org.br\/home\/\",\"name\":\"Associa\\u00e7\\u00e3o Devotos de F\\u00e1tima\",\"description\":\"Associa\\u00e7\\u00e3o Devotos de F\\u00e1tima\",\"potentialAction\":[{\"@type\":\"SearchAction\",\"target\":{\"@type\":\"EntryPoint\",\"urlTemplate\":\"https:\/\/www.adf.org.br\/home\/?s={search_term_string}\"},\"query-input\":\"required name=search_term_string\"}],\"inLanguage\":\"pt-BR\"},{\"@type\":\"ImageObject\",\"@id\":\"https:\/\/www.adf.org.br\/home\/6-modos-combater-pecado-impureza\/#primaryimage\",\"inLanguage\":\"pt-BR\",\"url\":\"\",\"contentUrl\":\"\"},{\"@type\":\"WebPage\",\"@id\":\"https:\/\/www.adf.org.br\/home\/6-modos-combater-pecado-impureza\/#webpage\",\"url\":\"https:\/\/www.adf.org.br\/home\/6-modos-combater-pecado-impureza\/\",\"name\":\"6 Modos eficazes para combater o pecado da Impureza. Veja como!\",\"isPartOf\":{\"@id\":\"https:\/\/www.adf.org.br\/home\/#website\"},\"primaryImageOfPage\":{\"@id\":\"https:\/\/www.adf.org.br\/home\/6-modos-combater-pecado-impureza\/#primaryimage\"},\"datePublished\":\"2018-07-08T03:00:21+00:00\",\"dateModified\":\"2018-07-08T03:00:21+00:00\",\"author\":{\"@id\":\"https:\/\/www.adf.org.br\/home\/#\/schema\/person\/f35a5c5aa7728a3dedf4ea9aa1fc2753\"},\"description\":\"6 Modos eficazes para combater o pecado da Impureza. Veja esse m\\u00e9todo de Santo Antonio maria Claret.\",\"breadcrumb\":{\"@id\":\"https:\/\/www.adf.org.br\/home\/6-modos-combater-pecado-impureza\/#breadcrumb\"},\"inLanguage\":\"pt-BR\",\"potentialAction\":[{\"@type\":\"ReadAction\",\"target\":[\"https:\/\/www.adf.org.br\/home\/6-modos-combater-pecado-impureza\/\"]}]},{\"@type\":\"BreadcrumbList\",\"@id\":\"https:\/\/www.adf.org.br\/home\/6-modos-combater-pecado-impureza\/#breadcrumb\",\"itemListElement\":[{\"@type\":\"ListItem\",\"position\":1,\"name\":\"Home\",\"item\":\"https:\/\/www.adf.org.br\/home\/\"},{\"@type\":\"ListItem\",\"position\":2,\"name\":\"6 Modos eficazes para combater o pecado da Impureza. Veja esse m\\u00e9todo de Santo Antonio maria Claret.\"}]},{\"@type\":\"Person\",\"@id\":\"https:\/\/www.adf.org.br\/home\/#\/schema\/person\/f35a5c5aa7728a3dedf4ea9aa1fc2753\",\"name\":\"Gabriel Barbosa\",\"image\":{\"@type\":\"ImageObject\",\"@id\":\"https:\/\/www.adf.org.br\/home\/#personlogo\",\"inLanguage\":\"pt-BR\",\"url\":\"https:\/\/secure.gravatar.com\/avatar\/2b2cb2f4637682c5605e8d36818f51ef?s=96&d=mm&r=g\",\"contentUrl\":\"https:\/\/secure.gravatar.com\/avatar\/2b2cb2f4637682c5605e8d36818f51ef?s=96&d=mm&r=g\",\"caption\":\"Gabriel Barbosa\"},\"url\":\"https:\/\/www.adf.org.br\/home\/author\/gabrielpmk-com-br\/\"}]}<\/script>\n<!-- \/ Yoast SEO plugin. -->","yoast_head_json":{"title":"6 Modos eficazes para combater o pecado da Impureza. Veja como!","description":"6 Modos eficazes para combater o pecado da Impureza. Veja esse m\u00e9todo de Santo Antonio maria Claret.","robots":{"index":"index","follow":"follow","max-snippet":"max-snippet:-1","max-image-preview":"max-image-preview:large","max-video-preview":"max-video-preview:-1"},"canonical":"https:\/\/www.adf.org.br\/home\/6-modos-combater-pecado-impureza\/","og_locale":"pt_BR","og_type":"article","og_title":"6 Modos eficazes para combater o pecado da Impureza. Veja como!","og_description":"6 Modos eficazes para combater o pecado da Impureza. Veja esse m\u00e9todo de Santo Antonio maria Claret.","og_url":"https:\/\/www.adf.org.br\/home\/6-modos-combater-pecado-impureza\/","og_site_name":"Associa\u00e7\u00e3o Devotos de F\u00e1tima","article_published_time":"2018-07-08T03:00:21+00:00","twitter_card":"summary_large_image","twitter_misc":{"Escrito por":"Gabriel Barbosa","Est. tempo de leitura":"1 minuto"},"schema":{"@context":"https:\/\/schema.org","@graph":[{"@type":"WebSite","@id":"https:\/\/www.adf.org.br\/home\/#website","url":"https:\/\/www.adf.org.br\/home\/","name":"Associa\u00e7\u00e3o Devotos de F\u00e1tima","description":"Associa\u00e7\u00e3o Devotos de F\u00e1tima","potentialAction":[{"@type":"SearchAction","target":{"@type":"EntryPoint","urlTemplate":"https:\/\/www.adf.org.br\/home\/?s={search_term_string}"},"query-input":"required name=search_term_string"}],"inLanguage":"pt-BR"},{"@type":"ImageObject","@id":"https:\/\/www.adf.org.br\/home\/6-modos-combater-pecado-impureza\/#primaryimage","inLanguage":"pt-BR","url":"","contentUrl":""},{"@type":"WebPage","@id":"https:\/\/www.adf.org.br\/home\/6-modos-combater-pecado-impureza\/#webpage","url":"https:\/\/www.adf.org.br\/home\/6-modos-combater-pecado-impureza\/","name":"6 Modos eficazes para combater o pecado da Impureza. Veja como!","isPartOf":{"@id":"https:\/\/www.adf.org.br\/home\/#website"},"primaryImageOfPage":{"@id":"https:\/\/www.adf.org.br\/home\/6-modos-combater-pecado-impureza\/#primaryimage"},"datePublished":"2018-07-08T03:00:21+00:00","dateModified":"2018-07-08T03:00:21+00:00","author":{"@id":"https:\/\/www.adf.org.br\/home\/#\/schema\/person\/f35a5c5aa7728a3dedf4ea9aa1fc2753"},"description":"6 Modos eficazes para combater o pecado da Impureza. Veja esse m\u00e9todo de Santo Antonio maria Claret.","breadcrumb":{"@id":"https:\/\/www.adf.org.br\/home\/6-modos-combater-pecado-impureza\/#breadcrumb"},"inLanguage":"pt-BR","potentialAction":[{"@type":"ReadAction","target":["https:\/\/www.adf.org.br\/home\/6-modos-combater-pecado-impureza\/"]}]},{"@type":"BreadcrumbList","@id":"https:\/\/www.adf.org.br\/home\/6-modos-combater-pecado-impureza\/#breadcrumb","itemListElement":[{"@type":"ListItem","position":1,"name":"Home","item":"https:\/\/www.adf.org.br\/home\/"},{"@type":"ListItem","position":2,"name":"6 Modos eficazes para combater o pecado da Impureza. Veja esse m\u00e9todo de Santo Antonio maria Claret."}]},{"@type":"Person","@id":"https:\/\/www.adf.org.br\/home\/#\/schema\/person\/f35a5c5aa7728a3dedf4ea9aa1fc2753","name":"Gabriel Barbosa","image":{"@type":"ImageObject","@id":"https:\/\/www.adf.org.br\/home\/#personlogo","inLanguage":"pt-BR","url":"https:\/\/secure.gravatar.com\/avatar\/2b2cb2f4637682c5605e8d36818f51ef?s=96&d=mm&r=g","contentUrl":"https:\/\/secure.gravatar.com\/avatar\/2b2cb2f4637682c5605e8d36818f51ef?s=96&d=mm&r=g","caption":"Gabriel Barbosa"},"url":"https:\/\/www.adf.org.br\/home\/author\/gabrielpmk-com-br\/"}]}},"_links":{"self":[{"href":"https:\/\/www.adf.org.br\/home\/wp-json\/wp\/v2\/posts\/39979"}],"collection":[{"href":"https:\/\/www.adf.org.br\/home\/wp-json\/wp\/v2\/posts"}],"about":[{"href":"https:\/\/www.adf.org.br\/home\/wp-json\/wp\/v2\/types\/post"}],"author":[{"embeddable":true,"href":"https:\/\/www.adf.org.br\/home\/wp-json\/wp\/v2\/users\/31"}],"replies":[{"embeddable":true,"href":"https:\/\/www.adf.org.br\/home\/wp-json\/wp\/v2\/comments?post=39979"}],"version-history":[{"count":0,"href":"https:\/\/www.adf.org.br\/home\/wp-json\/wp\/v2\/posts\/39979\/revisions"}],"wp:featuredmedia":[{"embeddable":true,"href":"https:\/\/www.adf.org.br\/home\/wp-json\/wp\/v2\/media\/47061"}],"wp:attachment":[{"href":"https:\/\/www.adf.org.br\/home\/wp-json\/wp\/v2\/media?parent=39979"}],"wp:term":[{"taxonomy":"category","embeddable":true,"href":"https:\/\/www.adf.org.br\/home\/wp-json\/wp\/v2\/categories?post=39979"},{"taxonomy":"post_tag","embeddable":true,"href":"https:\/\/www.adf.org.br\/home\/wp-json\/wp\/v2\/tags?post=39979"}],"curies":[{"name":"wp","href":"https:\/\/api.w.org\/{rel}","templated":true}]}}