{"id":39900,"date":"2018-07-10T00:00:54","date_gmt":"2018-07-10T03:00:54","guid":{"rendered":"http:\/\/www.adf.org.br\/home\/?p=39900"},"modified":"2018-07-10T00:00:54","modified_gmt":"2018-07-10T03:00:54","slug":"relacionamento-com-outras-pessoas","status":"publish","type":"post","link":"https:\/\/www.adf.org.br\/home\/relacionamento-com-outras-pessoas\/","title":{"rendered":"4 Fatores pouco conhecidos que ir\u00e3o ajudar no seu relacionamento com as outras pessoas. Veja \u00e9 simples e eficaz."},"content":{"rendered":"<figure id=\"attachment_39903\" aria-describedby=\"caption-attachment-39903\" style=\"width: 400px\" class=\"wp-caption aligncenter\"><img loading=\"lazy\" class=\"wp-image-39903 size-full\" title=\"Contepla\u00e7\u00e3o\" src=\"http:\/\/www.adf.org.br\/home\/wp-content\/uploads\/2016\/05\/contemplacao.jpg\" alt=\"Saber o que dizer nos momentos e locais corretos \u00e9 algo importante para n\u00e3o pecarmos pelo excesso.\" width=\"400\" height=\"264\" \/><figcaption id=\"caption-attachment-39903\" class=\"wp-caption-text\">Saber o que dizer nos momentos e locais corretos \u00e9 algo importante para n\u00e3o pecarmos pelo excesso.<\/figcaption><\/figure>\n<p style=\"padding-left: 90px;\"><span style=\"color: #800080;\"><strong><span style=\"font-size: medium; font-family: verdana, geneva;\"><span style=\"color: #ffffff;\">.<\/span><br \/>\n<span style=\"color: #ffffff;\">.<\/span><br \/>\nAntes de falar deves, pois, ponderar:<\/span><\/strong><\/span><\/p>\n<p style=\"padding-left: 60px;\"><span style=\"font-size: medium; font-family: verdana, geneva; color: #000000;\"><strong><span style=\"color: #ffffff;\">.<\/span><br \/>\n<span style=\"color: #0000ff;\">1\u00ba O que queres dizer<\/span> &#8211;\u00a0<\/strong>se, por exemplo, com isso n\u00e3o ofendes a caridade, a mod\u00e9stia ou qualquer outro mandamento de Deus;<\/span><\/p>\n<div style=\"padding-left: 60px;\"><span style=\"font-size: medium; font-family: verdana, geneva; color: #ffffff;\">.<\/span><\/div>\n<div style=\"padding-left: 60px;\"><span style=\"font-size: medium; font-family: verdana, geneva; color: #000000;\"><strong><span style=\"color: #0000ff;\">2\u00ba Com que inten\u00e7\u00e3o falas<\/span> &#8211;\u00a0<\/strong>algumas vezes se diz alguma coisa boa, mas com m\u00e1 inten\u00e7\u00e3o, para se aparecer virtuoso ou ent\u00e3o espirituoso;<\/span><\/div>\n<div style=\"padding-left: 60px;\"><span style=\"font-size: medium; font-family: verdana, geneva; color: #ffffff;\">.<\/span><\/div>\n<div style=\"padding-left: 60px;\"><span style=\"font-size: medium; font-family: verdana, geneva; color: #000000;\"><strong><span style=\"color: #0000ff;\">3\u00ba Com quem falas<\/span> \u2013\u00a0<\/strong>se com um superior, ou com um igual, ou inferior; se na presen\u00e7a de adultos ou de crian\u00e7as, que talvez poderiam escandalizar-se com tuas palavras;<\/span><\/div>\n<div style=\"padding-left: 60px;\"><span style=\"font-size: medium; font-family: verdana, geneva; color: #ffffff;\">.<\/span><\/div>\n<div style=\"padding-left: 60px;\"><span style=\"font-size: medium; font-family: verdana, geneva; color: #000000;\"><strong><span style=\"color: #0000ff;\">4\u00ba Como deves falar<\/span> &#8211;\u00a0<\/strong>pois \u00e9 teu dever falar com simplicidade crist\u00e3, sem afeta\u00e7\u00e3o; com humildade, evitando toda a express\u00e3o orgulhosa ou vaidosa;<\/span><\/div>\n<div><span style=\"font-size: medium; font-family: verdana, geneva; color: #000000;\"><span style=\"color: #ffffff;\">.<\/span><br \/>\n<span style=\"color: #ffffff;\">.<\/span><br \/>\nCom mansid\u00e3o, sem mostrar impaci\u00eancia ou ofender o pr\u00f3ximo;<\/span><\/div>\n<div><span style=\"font-size: medium; font-family: verdana, geneva; color: #000000;\"><span style=\"color: #ffffff;\">.<\/span><br \/>\nCom discri\u00e7\u00e3o, sem querer ter sempre a primeira palavra, principalmente se fores mais mo\u00e7o que os outros; com mod\u00e9stia, evitando interromper os demais.<\/span><\/div>\n<div><span style=\"font-size: medium; font-family: verdana, geneva; color: #ffffff;\">.<\/span><\/div>\n<div><strong><span style=\"font-size: medium; font-family: verdana, geneva; color: #000000;\">Al\u00e9m disso, deves falar com voz moderada e evitar todas as express\u00f5es e gestos que s\u00e3o pr\u00f3prios de um mundano.<\/span><\/strong><\/div>\n<div style=\"padding-left: 90px;\"><span style=\"font-size: medium; font-family: verdana, geneva; color: #000000;\"><span style=\"color: #ffffff;\">.<\/span><br \/>\n<span style=\"color: #800080;\"><strong><span style=\"color: #ffffff;\">.<\/span><br \/>\nFinalmente, deves te abster de rir imoderadamente, pois isso de forma alguma est\u00e1 bem a uma pessoa que deseja viver piedosamente, como nota S. Bas\u00edlio.<\/strong><\/span><\/span><\/div>\n<div><span style=\"color: #ffffff;\"><strong><span style=\"font-size: medium; font-family: verdana, geneva;\">.<\/span><\/strong><\/span><\/div>\n<div><strong><span style=\"font-size: medium; font-family: verdana, geneva; color: #000000;\"><span style=\"color: #ffffff;\">.<\/span><br \/>\nUm riso moderado, por\u00e9m, que denota a alegria do cora\u00e7\u00e3o, n\u00e3o \u00e9 nem contra a civilidade nem contra a piedade.<\/span><\/strong><\/div>\n<div><span style=\"font-size: medium; font-family: verdana, geneva; color: #ffffff;\">.<\/span><\/div>\n<div><span style=\"font-size: medium; font-family: verdana, geneva; color: #000000;\">Mod\u00e9stia e alegria \u00e9 o que deve luzir no procedimento de um bom crist\u00e3o, e n\u00e3o melancolia e desalento, pois isso desonra a piedade e induz a crer que uma vida dedicada a Deus ocasiona, em vez de paz e alegria, unicamente tristeza e tribula\u00e7\u00f5es.<\/span><\/div>\n<div><span style=\"font-size: medium; font-family: verdana, geneva; color: #ffffff;\">.<\/span><br \/>\n<span style=\"font-size: medium; font-family: verdana, geneva; color: #ffffff;\">.<\/span><br \/>\n<span style=\"font-size: medium; font-family: verdana, geneva; color: #ffffff;\">.<\/span><br \/>\n<span style=\"font-size: 10pt; font-family: verdana, geneva; color: #000000;\"><em>Fonte:<\/em>\u00a0<em>Santo Afonso Maria de LIG\u00d3RIO.\u00a0Escola da Perfei\u00e7\u00e3o Crist\u00e3.<\/em><\/span><\/div>\n<h5 style=\"text-align: center;\"><span style=\"font-size: medium; font-family: verdana, geneva; color: #ffffff;\">.<\/span><br \/>\n<span style=\"font-size: medium; font-family: verdana, geneva; color: #ffffff;\">.<\/span><br \/>\n<span style=\"font-size: medium; font-family: verdana, geneva; color: #000000;\"><strong>* \u00a0* \u00a0*<\/strong><\/span><\/h5>\n<div style=\"text-align: center;\"><span style=\"color: #ffffff;\">.<\/span><br \/>\n<span style=\"font-family: verdana, geneva, sans-serif; font-size: 18pt; color: #800080;\">Acenda sua vela, <strong>CLIQUE ABAIXO!<\/strong><\/span><\/div>\n<div style=\"text-align: center;\"><span style=\"color: #ffffff;\">.<\/span><\/p>\n<p><a href=\"https:\/\/adf.org.br\/velario\/origem=4547\" target=\"_blank\" rel=\"noopener noreferrer\"><img loading=\"lazy\" class=\"aligncenter wp-image-47068 size-full\" src=\"http:\/\/www.adf.org.br\/home\/wp-content\/uploads\/2016\/06\/testeira-decisao-adf.jpg\" alt=\"testeira-decisao-adf\" width=\"600\" height=\"350\" \/><\/a><\/div>\n<div><\/div>\n","protected":false},"excerpt":{"rendered":"<p>Antes de falar deves, pois, ponderar:<\/p>\n","protected":false},"author":31,"featured_media":47069,"comment_status":"open","ping_status":"open","sticky":false,"template":"","format":"standard","meta":[],"categories":[20],"tags":[686,888],"yoast_head":"<!-- This site is optimized with the Yoast SEO plugin v17.4 - https:\/\/yoast.com\/wordpress\/plugins\/seo\/ -->\n<title>4 Fatores que ir\u00e3o ajudar no seu relacionamento com pessoas.<\/title>\n<meta name=\"description\" content=\"4 Fatores pouco conhecidos que ir\u00e3o ajudar no seu relacionamento com as outras pessoas. Veja \u00e9 simples e eficaz.\" \/>\n<meta name=\"robots\" content=\"index, follow, max-snippet:-1, max-image-preview:large, max-video-preview:-1\" \/>\n<link rel=\"canonical\" href=\"https:\/\/www.adf.org.br\/home\/relacionamento-com-outras-pessoas\/\" \/>\n<meta property=\"og:locale\" content=\"pt_BR\" \/>\n<meta property=\"og:type\" content=\"article\" \/>\n<meta property=\"og:title\" content=\"4 Fatores que ir\u00e3o ajudar no seu relacionamento com pessoas.\" \/>\n<meta property=\"og:description\" content=\"4 Fatores pouco conhecidos que ir\u00e3o ajudar no seu relacionamento com as outras pessoas. Veja \u00e9 simples e eficaz.\" \/>\n<meta property=\"og:url\" content=\"https:\/\/www.adf.org.br\/home\/relacionamento-com-outras-pessoas\/\" \/>\n<meta property=\"og:site_name\" content=\"Associa\u00e7\u00e3o Devotos de F\u00e1tima\" \/>\n<meta property=\"article:published_time\" content=\"2018-07-10T03:00:54+00:00\" \/>\n<meta name=\"twitter:card\" content=\"summary_large_image\" \/>\n<meta name=\"twitter:label1\" content=\"Escrito por\" \/>\n\t<meta name=\"twitter:data1\" content=\"Gabriel Barbosa\" \/>\n\t<meta name=\"twitter:label2\" content=\"Est. tempo de leitura\" \/>\n\t<meta name=\"twitter:data2\" content=\"2 minutos\" \/>\n<script type=\"application\/ld+json\" class=\"yoast-schema-graph\">{\"@context\":\"https:\/\/schema.org\",\"@graph\":[{\"@type\":\"WebSite\",\"@id\":\"https:\/\/www.adf.org.br\/home\/#website\",\"url\":\"https:\/\/www.adf.org.br\/home\/\",\"name\":\"Associa\\u00e7\\u00e3o Devotos de F\\u00e1tima\",\"description\":\"Associa\\u00e7\\u00e3o Devotos de F\\u00e1tima\",\"potentialAction\":[{\"@type\":\"SearchAction\",\"target\":{\"@type\":\"EntryPoint\",\"urlTemplate\":\"https:\/\/www.adf.org.br\/home\/?s={search_term_string}\"},\"query-input\":\"required name=search_term_string\"}],\"inLanguage\":\"pt-BR\"},{\"@type\":\"ImageObject\",\"@id\":\"https:\/\/www.adf.org.br\/home\/relacionamento-com-outras-pessoas\/#primaryimage\",\"inLanguage\":\"pt-BR\",\"url\":\"\",\"contentUrl\":\"\"},{\"@type\":\"WebPage\",\"@id\":\"https:\/\/www.adf.org.br\/home\/relacionamento-com-outras-pessoas\/#webpage\",\"url\":\"https:\/\/www.adf.org.br\/home\/relacionamento-com-outras-pessoas\/\",\"name\":\"4 Fatores que ir\\u00e3o ajudar no seu relacionamento com pessoas.\",\"isPartOf\":{\"@id\":\"https:\/\/www.adf.org.br\/home\/#website\"},\"primaryImageOfPage\":{\"@id\":\"https:\/\/www.adf.org.br\/home\/relacionamento-com-outras-pessoas\/#primaryimage\"},\"datePublished\":\"2018-07-10T03:00:54+00:00\",\"dateModified\":\"2018-07-10T03:00:54+00:00\",\"author\":{\"@id\":\"https:\/\/www.adf.org.br\/home\/#\/schema\/person\/f35a5c5aa7728a3dedf4ea9aa1fc2753\"},\"description\":\"4 Fatores pouco conhecidos que ir\\u00e3o ajudar no seu relacionamento com as outras pessoas. Veja \\u00e9 simples e eficaz.\",\"breadcrumb\":{\"@id\":\"https:\/\/www.adf.org.br\/home\/relacionamento-com-outras-pessoas\/#breadcrumb\"},\"inLanguage\":\"pt-BR\",\"potentialAction\":[{\"@type\":\"ReadAction\",\"target\":[\"https:\/\/www.adf.org.br\/home\/relacionamento-com-outras-pessoas\/\"]}]},{\"@type\":\"BreadcrumbList\",\"@id\":\"https:\/\/www.adf.org.br\/home\/relacionamento-com-outras-pessoas\/#breadcrumb\",\"itemListElement\":[{\"@type\":\"ListItem\",\"position\":1,\"name\":\"Home\",\"item\":\"https:\/\/www.adf.org.br\/home\/\"},{\"@type\":\"ListItem\",\"position\":2,\"name\":\"4 Fatores pouco conhecidos que ir\\u00e3o ajudar no seu relacionamento com as outras pessoas. Veja \\u00e9 simples e eficaz.\"}]},{\"@type\":\"Person\",\"@id\":\"https:\/\/www.adf.org.br\/home\/#\/schema\/person\/f35a5c5aa7728a3dedf4ea9aa1fc2753\",\"name\":\"Gabriel Barbosa\",\"image\":{\"@type\":\"ImageObject\",\"@id\":\"https:\/\/www.adf.org.br\/home\/#personlogo\",\"inLanguage\":\"pt-BR\",\"url\":\"https:\/\/secure.gravatar.com\/avatar\/2b2cb2f4637682c5605e8d36818f51ef?s=96&d=mm&r=g\",\"contentUrl\":\"https:\/\/secure.gravatar.com\/avatar\/2b2cb2f4637682c5605e8d36818f51ef?s=96&d=mm&r=g\",\"caption\":\"Gabriel Barbosa\"},\"url\":\"https:\/\/www.adf.org.br\/home\/author\/gabrielpmk-com-br\/\"}]}<\/script>\n<!-- \/ Yoast SEO plugin. -->","yoast_head_json":{"title":"4 Fatores que ir\u00e3o ajudar no seu relacionamento com pessoas.","description":"4 Fatores pouco conhecidos que ir\u00e3o ajudar no seu relacionamento com as outras pessoas. Veja \u00e9 simples e eficaz.","robots":{"index":"index","follow":"follow","max-snippet":"max-snippet:-1","max-image-preview":"max-image-preview:large","max-video-preview":"max-video-preview:-1"},"canonical":"https:\/\/www.adf.org.br\/home\/relacionamento-com-outras-pessoas\/","og_locale":"pt_BR","og_type":"article","og_title":"4 Fatores que ir\u00e3o ajudar no seu relacionamento com pessoas.","og_description":"4 Fatores pouco conhecidos que ir\u00e3o ajudar no seu relacionamento com as outras pessoas. Veja \u00e9 simples e eficaz.","og_url":"https:\/\/www.adf.org.br\/home\/relacionamento-com-outras-pessoas\/","og_site_name":"Associa\u00e7\u00e3o Devotos de F\u00e1tima","article_published_time":"2018-07-10T03:00:54+00:00","twitter_card":"summary_large_image","twitter_misc":{"Escrito por":"Gabriel Barbosa","Est. tempo de leitura":"2 minutos"},"schema":{"@context":"https:\/\/schema.org","@graph":[{"@type":"WebSite","@id":"https:\/\/www.adf.org.br\/home\/#website","url":"https:\/\/www.adf.org.br\/home\/","name":"Associa\u00e7\u00e3o Devotos de F\u00e1tima","description":"Associa\u00e7\u00e3o Devotos de F\u00e1tima","potentialAction":[{"@type":"SearchAction","target":{"@type":"EntryPoint","urlTemplate":"https:\/\/www.adf.org.br\/home\/?s={search_term_string}"},"query-input":"required name=search_term_string"}],"inLanguage":"pt-BR"},{"@type":"ImageObject","@id":"https:\/\/www.adf.org.br\/home\/relacionamento-com-outras-pessoas\/#primaryimage","inLanguage":"pt-BR","url":"","contentUrl":""},{"@type":"WebPage","@id":"https:\/\/www.adf.org.br\/home\/relacionamento-com-outras-pessoas\/#webpage","url":"https:\/\/www.adf.org.br\/home\/relacionamento-com-outras-pessoas\/","name":"4 Fatores que ir\u00e3o ajudar no seu relacionamento com pessoas.","isPartOf":{"@id":"https:\/\/www.adf.org.br\/home\/#website"},"primaryImageOfPage":{"@id":"https:\/\/www.adf.org.br\/home\/relacionamento-com-outras-pessoas\/#primaryimage"},"datePublished":"2018-07-10T03:00:54+00:00","dateModified":"2018-07-10T03:00:54+00:00","author":{"@id":"https:\/\/www.adf.org.br\/home\/#\/schema\/person\/f35a5c5aa7728a3dedf4ea9aa1fc2753"},"description":"4 Fatores pouco conhecidos que ir\u00e3o ajudar no seu relacionamento com as outras pessoas. Veja \u00e9 simples e eficaz.","breadcrumb":{"@id":"https:\/\/www.adf.org.br\/home\/relacionamento-com-outras-pessoas\/#breadcrumb"},"inLanguage":"pt-BR","potentialAction":[{"@type":"ReadAction","target":["https:\/\/www.adf.org.br\/home\/relacionamento-com-outras-pessoas\/"]}]},{"@type":"BreadcrumbList","@id":"https:\/\/www.adf.org.br\/home\/relacionamento-com-outras-pessoas\/#breadcrumb","itemListElement":[{"@type":"ListItem","position":1,"name":"Home","item":"https:\/\/www.adf.org.br\/home\/"},{"@type":"ListItem","position":2,"name":"4 Fatores pouco conhecidos que ir\u00e3o ajudar no seu relacionamento com as outras pessoas. Veja \u00e9 simples e eficaz."}]},{"@type":"Person","@id":"https:\/\/www.adf.org.br\/home\/#\/schema\/person\/f35a5c5aa7728a3dedf4ea9aa1fc2753","name":"Gabriel Barbosa","image":{"@type":"ImageObject","@id":"https:\/\/www.adf.org.br\/home\/#personlogo","inLanguage":"pt-BR","url":"https:\/\/secure.gravatar.com\/avatar\/2b2cb2f4637682c5605e8d36818f51ef?s=96&d=mm&r=g","contentUrl":"https:\/\/secure.gravatar.com\/avatar\/2b2cb2f4637682c5605e8d36818f51ef?s=96&d=mm&r=g","caption":"Gabriel Barbosa"},"url":"https:\/\/www.adf.org.br\/home\/author\/gabrielpmk-com-br\/"}]}},"_links":{"self":[{"href":"https:\/\/www.adf.org.br\/home\/wp-json\/wp\/v2\/posts\/39900"}],"collection":[{"href":"https:\/\/www.adf.org.br\/home\/wp-json\/wp\/v2\/posts"}],"about":[{"href":"https:\/\/www.adf.org.br\/home\/wp-json\/wp\/v2\/types\/post"}],"author":[{"embeddable":true,"href":"https:\/\/www.adf.org.br\/home\/wp-json\/wp\/v2\/users\/31"}],"replies":[{"embeddable":true,"href":"https:\/\/www.adf.org.br\/home\/wp-json\/wp\/v2\/comments?post=39900"}],"version-history":[{"count":0,"href":"https:\/\/www.adf.org.br\/home\/wp-json\/wp\/v2\/posts\/39900\/revisions"}],"wp:featuredmedia":[{"embeddable":true,"href":"https:\/\/www.adf.org.br\/home\/wp-json\/wp\/v2\/media\/47069"}],"wp:attachment":[{"href":"https:\/\/www.adf.org.br\/home\/wp-json\/wp\/v2\/media?parent=39900"}],"wp:term":[{"taxonomy":"category","embeddable":true,"href":"https:\/\/www.adf.org.br\/home\/wp-json\/wp\/v2\/categories?post=39900"},{"taxonomy":"post_tag","embeddable":true,"href":"https:\/\/www.adf.org.br\/home\/wp-json\/wp\/v2\/tags?post=39900"}],"curies":[{"name":"wp","href":"https:\/\/api.w.org\/{rel}","templated":true}]}}