{"id":3985,"date":"2011-04-12T00:00:37","date_gmt":"2011-04-12T03:00:37","guid":{"rendered":"http:\/\/www.adf.org.br\/home\/?p=3985"},"modified":"2011-04-12T00:00:37","modified_gmt":"2011-04-12T03:00:37","slug":"volte-para-os-bracos-da-mae-santissima","status":"publish","type":"post","link":"https:\/\/www.adf.org.br\/home\/volte-para-os-bracos-da-mae-santissima\/","title":{"rendered":"Volte para os bra\u00e7os da M\u00e3e Sant\u00edssima"},"content":{"rendered":"<p><strong><img loading=\"lazy\" class=\"alignleft size-medium wp-image-3989\" title=\"m\u00e3e santissima\" src=\"http:\/\/www.adf.org.br\/home\/wp-content\/uploads\/2010\/04\/m\u00e3e-santissima-195x300.jpg\" alt=\"m\u00e3e santissima\" width=\"195\" height=\"300\" srcset=\"https:\/\/www.adf.org.br\/home\/wp-content\/uploads\/2010\/04\/m\u00e3e-santissima-195x300.jpg 195w, https:\/\/www.adf.org.br\/home\/wp-content\/uploads\/2010\/04\/m\u00e3e-santissima.jpg 350w\" sizes=\"(max-width: 195px) 100vw, 195px\" \/>Ora\u00e7\u00e3o de Restaura\u00e7\u00e3o<br \/>\n <\/strong><\/p>\n<p>H\u00e1 momentos, minha M\u00e3e, em que minha alma se sente no que tem de mais fundo, tocada por uma saudade indiz\u00edvel. Tenho saudades da \u00e9poca em que eu vos amava e V\u00f3s me am\u00e1veis, na atmosfera primaveril de minha vida espiritual.<\/p>\n<p>Tenho saudade de V\u00f3s, Senhora, e do para\u00edso que punha em mim a grande comunica\u00e7\u00e3o que tinha convosco. N\u00e3o tendes tamb\u00e9m V\u00f3s, Senhora, saudades deste tempo? N\u00e3o tendes saudades da bondade que havia naquele filho que fui?<\/p>\n<p>Vinde, pois, oh melhor de todas as m\u00e3es, e por amor ao que desabrochava em mim, restaurai-me. Recomponde em mim o amor em V\u00f3s, e fazei de mim a plena realiza\u00e7\u00e3o daquele filho sem mancha, que eu teria sido, se n\u00e3o fosse tanta mis\u00e9ria.<\/p>\n<p>Dai-me oh M\u00e3e, um cora\u00e7\u00e3o arrependido e humilhado e fazei luzir novamente aos meus olhos, aquilo que pelo esplendor de Vossa gra\u00e7a, eu come\u00e7ara a amar tanto e tanto. Lembrai-vos Senhora, deste David e de toda a do\u00e7ura que nele p\u00fanheis. Assim seja.<\/p>\n<p><em>Extra\u00eddo do livro \u201cPreces \u2013 Pro Opportunitate Dicendae\u201d<\/em><\/p>\n","protected":false},"excerpt":{"rendered":"<p>Ora\u00e7\u00e3o de Restaura\u00e7\u00e3o H\u00e1 momentos, minha M\u00e3e, em que minha alma se sente no que tem de mais fundo, tocada por uma saudade indiz\u00edvel. Tenho saudades da \u00e9poca em que eu vos amava e V\u00f3s me am\u00e1veis, na atmosfera primaveril de minha vida espiritual. Tenho saudade de V\u00f3s, Senhora, e do para\u00edso que punha em [&hellip;]<\/p>\n","protected":false},"author":31,"featured_media":0,"comment_status":"open","ping_status":"open","sticky":false,"template":"","format":"standard","meta":[],"categories":[20],"tags":[38,15],"yoast_head":"<!-- This site is optimized with the Yoast SEO plugin v17.4 - https:\/\/yoast.com\/wordpress\/plugins\/seo\/ -->\n<title>Volte para os bra\u00e7os da M\u00e3e Sant\u00edssima - Associa\u00e7\u00e3o Devotos de F\u00e1tima<\/title>\n<meta name=\"robots\" content=\"index, follow, max-snippet:-1, max-image-preview:large, max-video-preview:-1\" \/>\n<link rel=\"canonical\" href=\"https:\/\/www.adf.org.br\/home\/volte-para-os-bracos-da-mae-santissima\/\" \/>\n<meta property=\"og:locale\" content=\"pt_BR\" \/>\n<meta property=\"og:type\" content=\"article\" \/>\n<meta property=\"og:title\" content=\"Volte para os bra\u00e7os da M\u00e3e Sant\u00edssima - Associa\u00e7\u00e3o Devotos de F\u00e1tima\" \/>\n<meta property=\"og:description\" content=\"Ora\u00e7\u00e3o de Restaura\u00e7\u00e3o H\u00e1 momentos, minha M\u00e3e, em que minha alma se sente no que tem de mais fundo, tocada por uma saudade indiz\u00edvel. Tenho saudades da \u00e9poca em que eu vos amava e V\u00f3s me am\u00e1veis, na atmosfera primaveril de minha vida espiritual. Tenho saudade de V\u00f3s, Senhora, e do para\u00edso que punha em [&hellip;]\" \/>\n<meta property=\"og:url\" content=\"https:\/\/www.adf.org.br\/home\/volte-para-os-bracos-da-mae-santissima\/\" \/>\n<meta property=\"og:site_name\" content=\"Associa\u00e7\u00e3o Devotos de F\u00e1tima\" \/>\n<meta property=\"article:published_time\" content=\"2011-04-12T03:00:37+00:00\" \/>\n<meta property=\"og:image\" content=\"http:\/\/www.adf.org.br\/home\/wp-content\/uploads\/2010\/04\/m\u00e3e-santissima-195x300.jpg\" \/>\n<meta name=\"twitter:card\" content=\"summary_large_image\" \/>\n<meta name=\"twitter:label1\" content=\"Escrito por\" \/>\n\t<meta name=\"twitter:data1\" content=\"Gabriel Barbosa\" \/>\n\t<meta name=\"twitter:label2\" content=\"Est. tempo de leitura\" \/>\n\t<meta name=\"twitter:data2\" content=\"1 minuto\" \/>\n<script type=\"application\/ld+json\" class=\"yoast-schema-graph\">{\"@context\":\"https:\/\/schema.org\",\"@graph\":[{\"@type\":\"WebSite\",\"@id\":\"https:\/\/www.adf.org.br\/home\/#website\",\"url\":\"https:\/\/www.adf.org.br\/home\/\",\"name\":\"Associa\\u00e7\\u00e3o Devotos de F\\u00e1tima\",\"description\":\"Associa\\u00e7\\u00e3o Devotos de F\\u00e1tima\",\"potentialAction\":[{\"@type\":\"SearchAction\",\"target\":{\"@type\":\"EntryPoint\",\"urlTemplate\":\"https:\/\/www.adf.org.br\/home\/?s={search_term_string}\"},\"query-input\":\"required name=search_term_string\"}],\"inLanguage\":\"pt-BR\"},{\"@type\":\"ImageObject\",\"@id\":\"https:\/\/www.adf.org.br\/home\/volte-para-os-bracos-da-mae-santissima\/#primaryimage\",\"inLanguage\":\"pt-BR\",\"url\":\"http:\/\/www.adf.org.br\/home\/wp-content\/uploads\/2010\/04\/m\\u00e3e-santissima-195x300.jpg\",\"contentUrl\":\"http:\/\/www.adf.org.br\/home\/wp-content\/uploads\/2010\/04\/m\\u00e3e-santissima-195x300.jpg\"},{\"@type\":\"WebPage\",\"@id\":\"https:\/\/www.adf.org.br\/home\/volte-para-os-bracos-da-mae-santissima\/#webpage\",\"url\":\"https:\/\/www.adf.org.br\/home\/volte-para-os-bracos-da-mae-santissima\/\",\"name\":\"Volte para os bra\\u00e7os da M\\u00e3e Sant\\u00edssima - Associa\\u00e7\\u00e3o Devotos de F\\u00e1tima\",\"isPartOf\":{\"@id\":\"https:\/\/www.adf.org.br\/home\/#website\"},\"primaryImageOfPage\":{\"@id\":\"https:\/\/www.adf.org.br\/home\/volte-para-os-bracos-da-mae-santissima\/#primaryimage\"},\"datePublished\":\"2011-04-12T03:00:37+00:00\",\"dateModified\":\"2011-04-12T03:00:37+00:00\",\"author\":{\"@id\":\"https:\/\/www.adf.org.br\/home\/#\/schema\/person\/f35a5c5aa7728a3dedf4ea9aa1fc2753\"},\"breadcrumb\":{\"@id\":\"https:\/\/www.adf.org.br\/home\/volte-para-os-bracos-da-mae-santissima\/#breadcrumb\"},\"inLanguage\":\"pt-BR\",\"potentialAction\":[{\"@type\":\"ReadAction\",\"target\":[\"https:\/\/www.adf.org.br\/home\/volte-para-os-bracos-da-mae-santissima\/\"]}]},{\"@type\":\"BreadcrumbList\",\"@id\":\"https:\/\/www.adf.org.br\/home\/volte-para-os-bracos-da-mae-santissima\/#breadcrumb\",\"itemListElement\":[{\"@type\":\"ListItem\",\"position\":1,\"name\":\"Home\",\"item\":\"https:\/\/www.adf.org.br\/home\/\"},{\"@type\":\"ListItem\",\"position\":2,\"name\":\"Volte para os bra\\u00e7os da M\\u00e3e Sant\\u00edssima\"}]},{\"@type\":\"Person\",\"@id\":\"https:\/\/www.adf.org.br\/home\/#\/schema\/person\/f35a5c5aa7728a3dedf4ea9aa1fc2753\",\"name\":\"Gabriel Barbosa\",\"image\":{\"@type\":\"ImageObject\",\"@id\":\"https:\/\/www.adf.org.br\/home\/#personlogo\",\"inLanguage\":\"pt-BR\",\"url\":\"https:\/\/secure.gravatar.com\/avatar\/2b2cb2f4637682c5605e8d36818f51ef?s=96&d=mm&r=g\",\"contentUrl\":\"https:\/\/secure.gravatar.com\/avatar\/2b2cb2f4637682c5605e8d36818f51ef?s=96&d=mm&r=g\",\"caption\":\"Gabriel Barbosa\"},\"url\":\"https:\/\/www.adf.org.br\/home\/author\/gabrielpmk-com-br\/\"}]}<\/script>\n<!-- \/ Yoast SEO plugin. -->","yoast_head_json":{"title":"Volte para os bra\u00e7os da M\u00e3e Sant\u00edssima - Associa\u00e7\u00e3o Devotos de F\u00e1tima","robots":{"index":"index","follow":"follow","max-snippet":"max-snippet:-1","max-image-preview":"max-image-preview:large","max-video-preview":"max-video-preview:-1"},"canonical":"https:\/\/www.adf.org.br\/home\/volte-para-os-bracos-da-mae-santissima\/","og_locale":"pt_BR","og_type":"article","og_title":"Volte para os bra\u00e7os da M\u00e3e Sant\u00edssima - Associa\u00e7\u00e3o Devotos de F\u00e1tima","og_description":"Ora\u00e7\u00e3o de Restaura\u00e7\u00e3o H\u00e1 momentos, minha M\u00e3e, em que minha alma se sente no que tem de mais fundo, tocada por uma saudade indiz\u00edvel. Tenho saudades da \u00e9poca em que eu vos amava e V\u00f3s me am\u00e1veis, na atmosfera primaveril de minha vida espiritual. Tenho saudade de V\u00f3s, Senhora, e do para\u00edso que punha em [&hellip;]","og_url":"https:\/\/www.adf.org.br\/home\/volte-para-os-bracos-da-mae-santissima\/","og_site_name":"Associa\u00e7\u00e3o Devotos de F\u00e1tima","article_published_time":"2011-04-12T03:00:37+00:00","og_image":[{"url":"http:\/\/www.adf.org.br\/home\/wp-content\/uploads\/2010\/04\/m\u00e3e-santissima-195x300.jpg"}],"twitter_card":"summary_large_image","twitter_misc":{"Escrito por":"Gabriel Barbosa","Est. tempo de leitura":"1 minuto"},"schema":{"@context":"https:\/\/schema.org","@graph":[{"@type":"WebSite","@id":"https:\/\/www.adf.org.br\/home\/#website","url":"https:\/\/www.adf.org.br\/home\/","name":"Associa\u00e7\u00e3o Devotos de F\u00e1tima","description":"Associa\u00e7\u00e3o Devotos de F\u00e1tima","potentialAction":[{"@type":"SearchAction","target":{"@type":"EntryPoint","urlTemplate":"https:\/\/www.adf.org.br\/home\/?s={search_term_string}"},"query-input":"required name=search_term_string"}],"inLanguage":"pt-BR"},{"@type":"ImageObject","@id":"https:\/\/www.adf.org.br\/home\/volte-para-os-bracos-da-mae-santissima\/#primaryimage","inLanguage":"pt-BR","url":"http:\/\/www.adf.org.br\/home\/wp-content\/uploads\/2010\/04\/m\u00e3e-santissima-195x300.jpg","contentUrl":"http:\/\/www.adf.org.br\/home\/wp-content\/uploads\/2010\/04\/m\u00e3e-santissima-195x300.jpg"},{"@type":"WebPage","@id":"https:\/\/www.adf.org.br\/home\/volte-para-os-bracos-da-mae-santissima\/#webpage","url":"https:\/\/www.adf.org.br\/home\/volte-para-os-bracos-da-mae-santissima\/","name":"Volte para os bra\u00e7os da M\u00e3e Sant\u00edssima - Associa\u00e7\u00e3o Devotos de F\u00e1tima","isPartOf":{"@id":"https:\/\/www.adf.org.br\/home\/#website"},"primaryImageOfPage":{"@id":"https:\/\/www.adf.org.br\/home\/volte-para-os-bracos-da-mae-santissima\/#primaryimage"},"datePublished":"2011-04-12T03:00:37+00:00","dateModified":"2011-04-12T03:00:37+00:00","author":{"@id":"https:\/\/www.adf.org.br\/home\/#\/schema\/person\/f35a5c5aa7728a3dedf4ea9aa1fc2753"},"breadcrumb":{"@id":"https:\/\/www.adf.org.br\/home\/volte-para-os-bracos-da-mae-santissima\/#breadcrumb"},"inLanguage":"pt-BR","potentialAction":[{"@type":"ReadAction","target":["https:\/\/www.adf.org.br\/home\/volte-para-os-bracos-da-mae-santissima\/"]}]},{"@type":"BreadcrumbList","@id":"https:\/\/www.adf.org.br\/home\/volte-para-os-bracos-da-mae-santissima\/#breadcrumb","itemListElement":[{"@type":"ListItem","position":1,"name":"Home","item":"https:\/\/www.adf.org.br\/home\/"},{"@type":"ListItem","position":2,"name":"Volte para os bra\u00e7os da M\u00e3e Sant\u00edssima"}]},{"@type":"Person","@id":"https:\/\/www.adf.org.br\/home\/#\/schema\/person\/f35a5c5aa7728a3dedf4ea9aa1fc2753","name":"Gabriel Barbosa","image":{"@type":"ImageObject","@id":"https:\/\/www.adf.org.br\/home\/#personlogo","inLanguage":"pt-BR","url":"https:\/\/secure.gravatar.com\/avatar\/2b2cb2f4637682c5605e8d36818f51ef?s=96&d=mm&r=g","contentUrl":"https:\/\/secure.gravatar.com\/avatar\/2b2cb2f4637682c5605e8d36818f51ef?s=96&d=mm&r=g","caption":"Gabriel Barbosa"},"url":"https:\/\/www.adf.org.br\/home\/author\/gabrielpmk-com-br\/"}]}},"_links":{"self":[{"href":"https:\/\/www.adf.org.br\/home\/wp-json\/wp\/v2\/posts\/3985"}],"collection":[{"href":"https:\/\/www.adf.org.br\/home\/wp-json\/wp\/v2\/posts"}],"about":[{"href":"https:\/\/www.adf.org.br\/home\/wp-json\/wp\/v2\/types\/post"}],"author":[{"embeddable":true,"href":"https:\/\/www.adf.org.br\/home\/wp-json\/wp\/v2\/users\/31"}],"replies":[{"embeddable":true,"href":"https:\/\/www.adf.org.br\/home\/wp-json\/wp\/v2\/comments?post=3985"}],"version-history":[{"count":0,"href":"https:\/\/www.adf.org.br\/home\/wp-json\/wp\/v2\/posts\/3985\/revisions"}],"wp:attachment":[{"href":"https:\/\/www.adf.org.br\/home\/wp-json\/wp\/v2\/media?parent=3985"}],"wp:term":[{"taxonomy":"category","embeddable":true,"href":"https:\/\/www.adf.org.br\/home\/wp-json\/wp\/v2\/categories?post=3985"},{"taxonomy":"post_tag","embeddable":true,"href":"https:\/\/www.adf.org.br\/home\/wp-json\/wp\/v2\/tags?post=3985"}],"curies":[{"name":"wp","href":"https:\/\/api.w.org\/{rel}","templated":true}]}}