{"id":3980,"date":"2010-04-24T00:10:46","date_gmt":"2010-04-24T03:10:46","guid":{"rendered":"http:\/\/www.adf.org.br\/home\/?p=3980"},"modified":"2020-06-09T11:51:21","modified_gmt":"2020-06-09T14:51:21","slug":"congresso-catolico-trata-da-presenca-da-igreja-no-mundo-digital","status":"publish","type":"post","link":"https:\/\/www.adf.org.br\/home\/congresso-catolico-trata-da-presenca-da-igreja-no-mundo-digital\/","title":{"rendered":"Congresso Cat\u00f3lico trata da presen\u00e7a da Igreja no mundo digital"},"content":{"rendered":"<p>Palavras como Facebook, twitter, blog, orkut j\u00e1 n\u00e3o s\u00e3o t\u00e3o estranhas ao nosso ouvido na atualidade. Com o desenvolvimento e a democratiza\u00e7\u00e3o da internet, essas ferramentas chamadas <span style=\"text-decoration: underline;\">m\u00eddias sociais<\/span> ganham novos adeptos a todo instante.<\/p>\n<p>\u00c9 preciso estar atento para tantas mudan\u00e7as, principalmente a Santa Igreja e seus adeptos, para fazer deste meio de comunica\u00e7\u00e3o um canal de evangeliza\u00e7\u00e3o eficaz.<\/p>\n<p>Dessa forma, a Igreja na It\u00e1lia organizou um Congresso intitulado <strong>\u201cTestemunhas digitais. Faces e linguagens na era midi\u00e1tica\u201d<\/strong>, que se realiza em Roma, sendo hoje o \u00faltimo dia.<\/p>\n<p><strong>Assita o v\u00eddeo abaixo e saiba mais sobre o assunto:<\/strong><\/p>\n<p><strong><br \/>\n <\/strong><\/p>\n<p>\n<object id=\"mediaplayer2972516920\" classid=\"clsid:d27cdb6e-ae6d-11cf-96b8-444553540000\" width=\"320\" height=\"270\" codebase=\"http:\/\/download.macromedia.com\/pub\/shockwave\/cabs\/flash\/swflash.cab#version=6,0,40,0\"><param name=\"allowscriptaccess\" value=\"always\" \/><param name=\"allowfullscreen\" value=\"true\" \/><param name=\"src\" value=\"http:\/\/www.gloria.tv\/media\/69489\/embed\" \/><param name=\"quality\" value=\"high\" \/><embed id=\"mediaplayer2972516920\" type=\"application\/x-shockwave-flash\" width=\"320\" height=\"270\" src=\"http:\/\/www.gloria.tv\/media\/69489\/embed\" quality=\"high\" allowfullscreen=\"true\" allowscriptaccess=\"always\"><\/embed><\/object>\n<\/p>\n<p>Fonte: <a href=\"http:\/\/pt.gloria.tv\/?media=69489\" target=\"_blank\" rel=\"noopener noreferrer\">Gloria TV<\/a><\/p>\n","protected":false},"excerpt":{"rendered":"<p>Palavras como Facebook, twitter, blog, orkut j\u00e1 n\u00e3o s\u00e3o t\u00e3o estranhas ao nosso ouvido na atualidade. Com o desenvolvimento e a democratiza\u00e7\u00e3o da internet, essas ferramentas chamadas m\u00eddias sociais ganham novos adeptos a todo instante. \u00c9 preciso estar atento para tantas mudan\u00e7as, principalmente a Santa Igreja e seus adeptos, para fazer deste meio de comunica\u00e7\u00e3o [&hellip;]<\/p>\n","protected":false},"author":27,"featured_media":0,"comment_status":"open","ping_status":"open","sticky":false,"template":"","format":"standard","meta":[],"categories":[20],"tags":[129,140,141,36],"yoast_head":"<!-- This site is optimized with the Yoast SEO plugin v17.4 - https:\/\/yoast.com\/wordpress\/plugins\/seo\/ -->\n<title>Congresso Cat\u00f3lico trata da presen\u00e7a da Igreja no mundo digital - Associa\u00e7\u00e3o Devotos de F\u00e1tima<\/title>\n<meta name=\"robots\" content=\"index, follow, max-snippet:-1, max-image-preview:large, max-video-preview:-1\" \/>\n<link rel=\"canonical\" href=\"https:\/\/www.adf.org.br\/home\/congresso-catolico-trata-da-presenca-da-igreja-no-mundo-digital\/\" \/>\n<meta property=\"og:locale\" content=\"pt_BR\" \/>\n<meta property=\"og:type\" content=\"article\" \/>\n<meta property=\"og:title\" content=\"Congresso Cat\u00f3lico trata da presen\u00e7a da Igreja no mundo digital - Associa\u00e7\u00e3o Devotos de F\u00e1tima\" \/>\n<meta property=\"og:description\" content=\"Palavras como Facebook, twitter, blog, orkut j\u00e1 n\u00e3o s\u00e3o t\u00e3o estranhas ao nosso ouvido na atualidade. Com o desenvolvimento e a democratiza\u00e7\u00e3o da internet, essas ferramentas chamadas m\u00eddias sociais ganham novos adeptos a todo instante. \u00c9 preciso estar atento para tantas mudan\u00e7as, principalmente a Santa Igreja e seus adeptos, para fazer deste meio de comunica\u00e7\u00e3o [&hellip;]\" \/>\n<meta property=\"og:url\" content=\"https:\/\/www.adf.org.br\/home\/congresso-catolico-trata-da-presenca-da-igreja-no-mundo-digital\/\" \/>\n<meta property=\"og:site_name\" content=\"Associa\u00e7\u00e3o Devotos de F\u00e1tima\" \/>\n<meta property=\"article:published_time\" content=\"2010-04-24T03:10:46+00:00\" \/>\n<meta property=\"article:modified_time\" content=\"2020-06-09T14:51:21+00:00\" \/>\n<meta name=\"twitter:card\" content=\"summary_large_image\" \/>\n<meta name=\"twitter:label1\" content=\"Escrito por\" \/>\n\t<meta name=\"twitter:data1\" content=\"Gabriel Barbosa\" \/>\n\t<meta name=\"twitter:label2\" content=\"Est. tempo de leitura\" \/>\n\t<meta name=\"twitter:data2\" content=\"1 minuto\" \/>\n<script type=\"application\/ld+json\" class=\"yoast-schema-graph\">{\"@context\":\"https:\/\/schema.org\",\"@graph\":[{\"@type\":\"WebSite\",\"@id\":\"https:\/\/www.adf.org.br\/home\/#website\",\"url\":\"https:\/\/www.adf.org.br\/home\/\",\"name\":\"Associa\\u00e7\\u00e3o Devotos de F\\u00e1tima\",\"description\":\"Associa\\u00e7\\u00e3o Devotos de F\\u00e1tima\",\"potentialAction\":[{\"@type\":\"SearchAction\",\"target\":{\"@type\":\"EntryPoint\",\"urlTemplate\":\"https:\/\/www.adf.org.br\/home\/?s={search_term_string}\"},\"query-input\":\"required name=search_term_string\"}],\"inLanguage\":\"pt-BR\"},{\"@type\":\"WebPage\",\"@id\":\"https:\/\/www.adf.org.br\/home\/congresso-catolico-trata-da-presenca-da-igreja-no-mundo-digital\/#webpage\",\"url\":\"https:\/\/www.adf.org.br\/home\/congresso-catolico-trata-da-presenca-da-igreja-no-mundo-digital\/\",\"name\":\"Congresso Cat\\u00f3lico trata da presen\\u00e7a da Igreja no mundo digital - Associa\\u00e7\\u00e3o Devotos de F\\u00e1tima\",\"isPartOf\":{\"@id\":\"https:\/\/www.adf.org.br\/home\/#website\"},\"datePublished\":\"2010-04-24T03:10:46+00:00\",\"dateModified\":\"2020-06-09T14:51:21+00:00\",\"author\":{\"@id\":\"https:\/\/www.adf.org.br\/home\/#\/schema\/person\/affa494ecf91434f3620f5392de44327\"},\"breadcrumb\":{\"@id\":\"https:\/\/www.adf.org.br\/home\/congresso-catolico-trata-da-presenca-da-igreja-no-mundo-digital\/#breadcrumb\"},\"inLanguage\":\"pt-BR\",\"potentialAction\":[{\"@type\":\"ReadAction\",\"target\":[\"https:\/\/www.adf.org.br\/home\/congresso-catolico-trata-da-presenca-da-igreja-no-mundo-digital\/\"]}]},{\"@type\":\"BreadcrumbList\",\"@id\":\"https:\/\/www.adf.org.br\/home\/congresso-catolico-trata-da-presenca-da-igreja-no-mundo-digital\/#breadcrumb\",\"itemListElement\":[{\"@type\":\"ListItem\",\"position\":1,\"name\":\"Home\",\"item\":\"https:\/\/www.adf.org.br\/home\/\"},{\"@type\":\"ListItem\",\"position\":2,\"name\":\"Congresso Cat\\u00f3lico trata da presen\\u00e7a da Igreja no mundo digital\"}]},{\"@type\":\"Person\",\"@id\":\"https:\/\/www.adf.org.br\/home\/#\/schema\/person\/affa494ecf91434f3620f5392de44327\",\"name\":\"Gabriel Barbosa\",\"image\":{\"@type\":\"ImageObject\",\"@id\":\"https:\/\/www.adf.org.br\/home\/#personlogo\",\"inLanguage\":\"pt-BR\",\"url\":\"https:\/\/secure.gravatar.com\/avatar\/ecf2eab02e30486a7038f8b2858de06a?s=96&d=mm&r=g\",\"contentUrl\":\"https:\/\/secure.gravatar.com\/avatar\/ecf2eab02e30486a7038f8b2858de06a?s=96&d=mm&r=g\",\"caption\":\"Gabriel Barbosa\"},\"url\":\"https:\/\/www.adf.org.br\/home\/author\/gabriel-aascj\/\"}]}<\/script>\n<!-- \/ Yoast SEO plugin. -->","yoast_head_json":{"title":"Congresso Cat\u00f3lico trata da presen\u00e7a da Igreja no mundo digital - Associa\u00e7\u00e3o Devotos de F\u00e1tima","robots":{"index":"index","follow":"follow","max-snippet":"max-snippet:-1","max-image-preview":"max-image-preview:large","max-video-preview":"max-video-preview:-1"},"canonical":"https:\/\/www.adf.org.br\/home\/congresso-catolico-trata-da-presenca-da-igreja-no-mundo-digital\/","og_locale":"pt_BR","og_type":"article","og_title":"Congresso Cat\u00f3lico trata da presen\u00e7a da Igreja no mundo digital - Associa\u00e7\u00e3o Devotos de F\u00e1tima","og_description":"Palavras como Facebook, twitter, blog, orkut j\u00e1 n\u00e3o s\u00e3o t\u00e3o estranhas ao nosso ouvido na atualidade. Com o desenvolvimento e a democratiza\u00e7\u00e3o da internet, essas ferramentas chamadas m\u00eddias sociais ganham novos adeptos a todo instante. \u00c9 preciso estar atento para tantas mudan\u00e7as, principalmente a Santa Igreja e seus adeptos, para fazer deste meio de comunica\u00e7\u00e3o [&hellip;]","og_url":"https:\/\/www.adf.org.br\/home\/congresso-catolico-trata-da-presenca-da-igreja-no-mundo-digital\/","og_site_name":"Associa\u00e7\u00e3o Devotos de F\u00e1tima","article_published_time":"2010-04-24T03:10:46+00:00","article_modified_time":"2020-06-09T14:51:21+00:00","twitter_card":"summary_large_image","twitter_misc":{"Escrito por":"Gabriel Barbosa","Est. tempo de leitura":"1 minuto"},"schema":{"@context":"https:\/\/schema.org","@graph":[{"@type":"WebSite","@id":"https:\/\/www.adf.org.br\/home\/#website","url":"https:\/\/www.adf.org.br\/home\/","name":"Associa\u00e7\u00e3o Devotos de F\u00e1tima","description":"Associa\u00e7\u00e3o Devotos de F\u00e1tima","potentialAction":[{"@type":"SearchAction","target":{"@type":"EntryPoint","urlTemplate":"https:\/\/www.adf.org.br\/home\/?s={search_term_string}"},"query-input":"required name=search_term_string"}],"inLanguage":"pt-BR"},{"@type":"WebPage","@id":"https:\/\/www.adf.org.br\/home\/congresso-catolico-trata-da-presenca-da-igreja-no-mundo-digital\/#webpage","url":"https:\/\/www.adf.org.br\/home\/congresso-catolico-trata-da-presenca-da-igreja-no-mundo-digital\/","name":"Congresso Cat\u00f3lico trata da presen\u00e7a da Igreja no mundo digital - Associa\u00e7\u00e3o Devotos de F\u00e1tima","isPartOf":{"@id":"https:\/\/www.adf.org.br\/home\/#website"},"datePublished":"2010-04-24T03:10:46+00:00","dateModified":"2020-06-09T14:51:21+00:00","author":{"@id":"https:\/\/www.adf.org.br\/home\/#\/schema\/person\/affa494ecf91434f3620f5392de44327"},"breadcrumb":{"@id":"https:\/\/www.adf.org.br\/home\/congresso-catolico-trata-da-presenca-da-igreja-no-mundo-digital\/#breadcrumb"},"inLanguage":"pt-BR","potentialAction":[{"@type":"ReadAction","target":["https:\/\/www.adf.org.br\/home\/congresso-catolico-trata-da-presenca-da-igreja-no-mundo-digital\/"]}]},{"@type":"BreadcrumbList","@id":"https:\/\/www.adf.org.br\/home\/congresso-catolico-trata-da-presenca-da-igreja-no-mundo-digital\/#breadcrumb","itemListElement":[{"@type":"ListItem","position":1,"name":"Home","item":"https:\/\/www.adf.org.br\/home\/"},{"@type":"ListItem","position":2,"name":"Congresso Cat\u00f3lico trata da presen\u00e7a da Igreja no mundo digital"}]},{"@type":"Person","@id":"https:\/\/www.adf.org.br\/home\/#\/schema\/person\/affa494ecf91434f3620f5392de44327","name":"Gabriel Barbosa","image":{"@type":"ImageObject","@id":"https:\/\/www.adf.org.br\/home\/#personlogo","inLanguage":"pt-BR","url":"https:\/\/secure.gravatar.com\/avatar\/ecf2eab02e30486a7038f8b2858de06a?s=96&d=mm&r=g","contentUrl":"https:\/\/secure.gravatar.com\/avatar\/ecf2eab02e30486a7038f8b2858de06a?s=96&d=mm&r=g","caption":"Gabriel Barbosa"},"url":"https:\/\/www.adf.org.br\/home\/author\/gabriel-aascj\/"}]}},"_links":{"self":[{"href":"https:\/\/www.adf.org.br\/home\/wp-json\/wp\/v2\/posts\/3980"}],"collection":[{"href":"https:\/\/www.adf.org.br\/home\/wp-json\/wp\/v2\/posts"}],"about":[{"href":"https:\/\/www.adf.org.br\/home\/wp-json\/wp\/v2\/types\/post"}],"author":[{"embeddable":true,"href":"https:\/\/www.adf.org.br\/home\/wp-json\/wp\/v2\/users\/27"}],"replies":[{"embeddable":true,"href":"https:\/\/www.adf.org.br\/home\/wp-json\/wp\/v2\/comments?post=3980"}],"version-history":[{"count":1,"href":"https:\/\/www.adf.org.br\/home\/wp-json\/wp\/v2\/posts\/3980\/revisions"}],"predecessor-version":[{"id":59595,"href":"https:\/\/www.adf.org.br\/home\/wp-json\/wp\/v2\/posts\/3980\/revisions\/59595"}],"wp:attachment":[{"href":"https:\/\/www.adf.org.br\/home\/wp-json\/wp\/v2\/media?parent=3980"}],"wp:term":[{"taxonomy":"category","embeddable":true,"href":"https:\/\/www.adf.org.br\/home\/wp-json\/wp\/v2\/categories?post=3980"},{"taxonomy":"post_tag","embeddable":true,"href":"https:\/\/www.adf.org.br\/home\/wp-json\/wp\/v2\/tags?post=3980"}],"curies":[{"name":"wp","href":"https:\/\/api.w.org\/{rel}","templated":true}]}}