{"id":39640,"date":"2016-07-17T00:00:07","date_gmt":"2016-07-17T03:00:07","guid":{"rendered":"http:\/\/www.adf.org.br\/home\/?p=39640"},"modified":"2016-07-17T00:00:07","modified_gmt":"2016-07-17T03:00:07","slug":"o-que-voce-faria-se-tivesse-1-minuto-a-sos-com-nossa-senhora-veja-aqui-o-que-se-deve-fazer-nesse-precioso-tempo","status":"publish","type":"post","link":"https:\/\/www.adf.org.br\/home\/o-que-voce-faria-se-tivesse-1-minuto-a-sos-com-nossa-senhora-veja-aqui-o-que-se-deve-fazer-nesse-precioso-tempo\/","title":{"rendered":"O que voc\u00ea faria se tivesse 1 minuto a s\u00f3s com Nossa Senhora? Veja aqui o que se deve fazer nesse precioso tempo."},"content":{"rendered":"<figure id=\"attachment_39641\" aria-describedby=\"caption-attachment-39641\" style=\"width: 286px\" class=\"wp-caption aligncenter\"><img loading=\"lazy\" class=\" wp-image-39641 \" title=\"Nossa Senhora, M\u00e3e de Deus e nossa.\" src=\"http:\/\/www.adf.org.br\/home\/wp-content\/uploads\/2016\/05\/OgAAAAU1KOzfBrI9enSxNO2DazwG_frlSQkVlKpHyvtFgQJ89PaEDi3E05VjVsyfS1cX5qOjM83SkxpDc6H-YUuLhYoAm1T1UCFPSYNSM_QSqhiqwHQixu6kfLYD.jpg\" alt=\"\" width=\"286\" height=\"420\" \/><figcaption id=\"caption-attachment-39641\" class=\"wp-caption-text\">Nossa Senhora, M\u00e3e de Deus e nossa.<\/figcaption><\/figure>\n<p style=\"padding-left: 90px;\"><span style=\"font-size: medium; font-family: verdana, geneva; color: #000000;\"><span style=\"color: #000000;\"><br \/>\n<\/span><span style=\"color: #800080;\"><strong><span style=\"color: #ffffff;\">.<\/span><br \/>\nDevo\u00e7\u00e3o pouco conhecida e divulgada;<\/strong><\/span><\/span><\/p>\n<p><span style=\"font-size: medium; font-family: verdana, geneva; color: #000000;\"><span style=\"font-size: large;\"><strong><span style=\"color: #ffffff;\">.<\/span><br \/>\nU<\/strong><\/span>m minuto com Maria consiste em meditar durante um minuto em qualquer aspecto da vida de Nossa Senhora ou da doutrina mariana e em seguida rezar uma Ave Maria.<\/span><\/p>\n<p><span style=\"font-size: medium; font-family: verdana, geneva; color: #000000;\">\u00c9 uma devo\u00e7\u00e3o imensamente \u00fatil para os que trabalham muito e n\u00e3o t\u00eam tempo para dedicar mais tempo \u00e0 ora\u00e7\u00e3o, mas mesmo assim querem diariamente sentir a prote\u00e7\u00e3o desta t\u00e3o querida e bondosa M\u00e3e.<\/span><\/p>\n<p><span style=\"color: #ffffff;\">.<\/span><\/p>\n<blockquote><p><span style=\"font-size: xx-small; font-family: verdana, geneva; color: #ffffff;\">.<\/span><br \/>\n<span style=\"font-size: medium; font-family: verdana, geneva; color: #0000ff;\">\u201cSois toda bela, \u00f3 Maria, e mancha n\u00e3o existe em V\u00f3s.\u00a0<\/span><br \/>\n<span style=\"font-size: medium; font-family: verdana, geneva; color: #0000ff;\">Como \u00e9 bela, como \u00e9 suave, nas del\u00edcias, a Vossa Imaculada Concei\u00e7\u00e3o!\u00a0<\/span><\/p>\n<p><span style=\"font-size: medium; font-family: verdana, geneva; color: #0000ff;\">Vinde, vinde do L\u00edbano;\u00a0<\/span><br \/>\n<span style=\"font-size: medium; font-family: verdana, geneva; color: #0000ff;\">vinde, vinde, V\u00f3s sereis coroada!<\/span><\/p>\n<p><span style=\"font-size: medium; font-family: verdana, geneva; color: #0000ff;\">Avan\u00e7ais como a aurora resplandecente,\u00a0<\/span><br \/>\n<span style=\"font-size: medium; font-family: verdana, geneva; color: #0000ff;\">V\u00f3s trazeis as alegrias da salva\u00e7\u00e3o.\u00a0<\/span><\/p>\n<p><span style=\"font-size: medium; font-family: verdana, geneva; color: #0000ff;\">Por meio de V\u00f3s, levantou-se o Cristo Deus,\u00a0<\/span><br \/>\n<span style=\"font-size: medium; font-family: verdana, geneva; color: #0000ff;\">Sol da Justi\u00e7a, \u00f3 brilhante Porta da Luz!<\/span><\/p>\n<p><span style=\"font-size: medium; font-family: verdana, geneva; color: #0000ff;\">Como o l\u00edrio entre os espinhos,\u00a0<\/span><br \/>\n<span style=\"font-size: medium; font-family: verdana, geneva; color: #0000ff;\">Assim, entre as jovens, V\u00f3s sois a Virgem aben\u00e7oada.\u00a0<\/span><br \/>\n<span style=\"font-size: medium; font-family: verdana, geneva; color: #0000ff;\">As Vossas vestes brilham e s\u00e3o brancas como a neve,\u00a0<\/span><\/p>\n<p><span style=\"font-size: medium; font-family: verdana, geneva; color: #0000ff;\">O Vosso rosto \u00e9 como o sol.\u00a0<\/span><br \/>\n<span style=\"font-size: medium; font-family: verdana, geneva; color: #0000ff;\">Jardim fechado, Fonte selada, M\u00e3e de Deus\u00a0<\/span><br \/>\n<span style=\"font-size: medium; font-family: verdana, geneva; color: #0000ff;\">e Para\u00edso da Gra\u00e7a!<\/span><\/p>\n<p><span style=\"font-size: medium; font-family: verdana, geneva; color: #0000ff;\">A chuva cessou e desapareceu,\u00a0<\/span><br \/>\n<span style=\"font-size: medium; font-family: verdana, geneva; color: #0000ff;\">o Inverno foi-se e as flores surgiram.\u00a0<\/span><\/p>\n<p><span style=\"font-size: medium; font-family: verdana, geneva; color: #0000ff;\">E Sobre a Terra uma voz se fez ouvir,\u00a0<\/span><br \/>\n<span style=\"font-size: medium; font-family: verdana, geneva; color: #0000ff;\">t\u00e3o doce voz, voz das pombas.<\/span><\/p>\n<p><span style=\"font-size: medium; font-family: verdana, geneva; color: #0000ff;\">Voai at\u00e9 n\u00f3s, \u00f3 pomba infinitamente bela!\u00a0<\/span><br \/>\n<span style=\"font-size: medium; font-family: verdana, geneva; color: #0000ff;\">Levantai-vos, apressai-vos e vinde!\u201d\u00a0<\/span><\/p>\n<p><span style=\"font-size: xx-small; font-family: verdana, geneva; color: #ffffff;\">.<\/span><\/p><\/blockquote>\n<p><span style=\"font-size: medium; font-family: verdana, geneva; color: #ffffff;\">.<\/span><br \/>\n<span style=\"font-size: medium; font-family: verdana, geneva; color: #ffffff;\">.<\/span><br \/>\n<em><span style=\"font-size: medium; font-family: verdana, geneva; color: #000000;\">Fonte:\u00a0Vida Espiritual Cat\u00f3lica.\u00a0Ora\u00e7\u00e3o do s\u00e9culo XIV.<\/span><\/em><\/p>\n<p style=\"text-align: center;\"><span style=\"font-size: medium; font-family: verdana, geneva; color: #ffffff;\">.<\/span><br \/>\n<span style=\"font-size: medium; font-family: verdana, geneva; color: #000000;\"><strong>* \u00a0* \u00a0*<\/strong><\/span><\/p>\n<p style=\"text-align: center;\"><span style=\"font-family: verdana, geneva; color: #ffffff; font-size: medium;\">.\u00a0<\/span><\/p>\n<p style=\"text-align: center;\"><span style=\"color: #800080; font-size: medium; font-family: verdana, geneva;\">Ligue agora para nossa Central de Ora\u00e7\u00f5es e inclua seus pedidos na\u00a0<strong>Santa Missa dos Filhos de Nossa Senhora<\/strong><\/span><\/p>\n<p style=\"text-align: center;\"><span style=\"color: #ffffff; font-size: medium; font-family: verdana, geneva;\">.<\/span><br \/>\n<span style=\"color: #ffffff; font-size: medium; font-family: verdana, geneva;\">.<\/span><br \/>\n<span style=\"color: #000000; font-size: large; font-family: verdana, geneva;\"><strong>Ligue agora para:<\/strong><\/span><\/p>\n<p style=\"text-align: center;\"><span style=\"color: #ffffff; font-size: medium; font-family: verdana, geneva;\">.<\/span><br \/>\n<span style=\"color: #800080; font-size: xx-large; font-family: verdana, geneva;\"><strong>0800 773 11 19<\/strong><\/span><br \/>\n<span style=\"color: #800080; font-size: medium; font-family: verdana, geneva;\"><strong>(gr\u00e1tis para todo o Brasil)<\/strong><\/span><\/p>\n<p style=\"text-align: center;\"><span style=\"color: #ffffff; font-size: medium; font-family: verdana, geneva;\">.<\/span><\/p>\n<p style=\"text-align: center;\"><span style=\"color: #ffffff; font-size: medium; font-family: verdana, geneva;\">.<\/span><\/p>\n<p>&nbsp;<\/p>\n","protected":false},"excerpt":{"rendered":"<p>Devo\u00e7\u00e3o pouco conhecida e divulgada;<\/p>\n","protected":false},"author":31,"featured_media":0,"comment_status":"open","ping_status":"open","sticky":false,"template":"","format":"standard","meta":[],"categories":[20],"tags":[38,521],"yoast_head":"<!-- This site is optimized with the Yoast SEO plugin v17.4 - https:\/\/yoast.com\/wordpress\/plugins\/seo\/ -->\n<title>O que voc\u00ea faria se tivesse 1 minuto a s\u00f3s com Nossa Senhora? Veja aqui o que se deve fazer nesse precioso tempo. - Associa\u00e7\u00e3o Devotos de F\u00e1tima<\/title>\n<meta name=\"robots\" content=\"index, follow, max-snippet:-1, max-image-preview:large, max-video-preview:-1\" \/>\n<link rel=\"canonical\" href=\"https:\/\/www.adf.org.br\/home\/o-que-voce-faria-se-tivesse-1-minuto-a-sos-com-nossa-senhora-veja-aqui-o-que-se-deve-fazer-nesse-precioso-tempo\/\" \/>\n<meta property=\"og:locale\" content=\"pt_BR\" \/>\n<meta property=\"og:type\" content=\"article\" \/>\n<meta property=\"og:title\" content=\"O que voc\u00ea faria se tivesse 1 minuto a s\u00f3s com Nossa Senhora? Veja aqui o que se deve fazer nesse precioso tempo. - Associa\u00e7\u00e3o Devotos de F\u00e1tima\" \/>\n<meta property=\"og:description\" content=\"Devo\u00e7\u00e3o pouco conhecida e divulgada;\" \/>\n<meta property=\"og:url\" content=\"https:\/\/www.adf.org.br\/home\/o-que-voce-faria-se-tivesse-1-minuto-a-sos-com-nossa-senhora-veja-aqui-o-que-se-deve-fazer-nesse-precioso-tempo\/\" \/>\n<meta property=\"og:site_name\" content=\"Associa\u00e7\u00e3o Devotos de F\u00e1tima\" \/>\n<meta property=\"article:published_time\" content=\"2016-07-17T03:00:07+00:00\" \/>\n<meta property=\"og:image\" content=\"http:\/\/www.adf.org.br\/home\/wp-content\/uploads\/2016\/05\/OgAAAAU1KOzfBrI9enSxNO2DazwG_frlSQkVlKpHyvtFgQJ89PaEDi3E05VjVsyfS1cX5qOjM83SkxpDc6H-YUuLhYoAm1T1UCFPSYNSM_QSqhiqwHQixu6kfLYD.jpg\" \/>\n<meta name=\"twitter:card\" content=\"summary_large_image\" \/>\n<meta name=\"twitter:label1\" content=\"Escrito por\" \/>\n\t<meta name=\"twitter:data1\" content=\"Gabriel Barbosa\" \/>\n\t<meta name=\"twitter:label2\" content=\"Est. tempo de leitura\" \/>\n\t<meta name=\"twitter:data2\" content=\"1 minuto\" \/>\n<script type=\"application\/ld+json\" class=\"yoast-schema-graph\">{\"@context\":\"https:\/\/schema.org\",\"@graph\":[{\"@type\":\"WebSite\",\"@id\":\"https:\/\/www.adf.org.br\/home\/#website\",\"url\":\"https:\/\/www.adf.org.br\/home\/\",\"name\":\"Associa\\u00e7\\u00e3o Devotos de F\\u00e1tima\",\"description\":\"Associa\\u00e7\\u00e3o Devotos de F\\u00e1tima\",\"potentialAction\":[{\"@type\":\"SearchAction\",\"target\":{\"@type\":\"EntryPoint\",\"urlTemplate\":\"https:\/\/www.adf.org.br\/home\/?s={search_term_string}\"},\"query-input\":\"required name=search_term_string\"}],\"inLanguage\":\"pt-BR\"},{\"@type\":\"ImageObject\",\"@id\":\"https:\/\/www.adf.org.br\/home\/o-que-voce-faria-se-tivesse-1-minuto-a-sos-com-nossa-senhora-veja-aqui-o-que-se-deve-fazer-nesse-precioso-tempo\/#primaryimage\",\"inLanguage\":\"pt-BR\",\"url\":\"http:\/\/www.adf.org.br\/home\/wp-content\/uploads\/2016\/05\/OgAAAAU1KOzfBrI9enSxNO2DazwG_frlSQkVlKpHyvtFgQJ89PaEDi3E05VjVsyfS1cX5qOjM83SkxpDc6H-YUuLhYoAm1T1UCFPSYNSM_QSqhiqwHQixu6kfLYD.jpg\",\"contentUrl\":\"http:\/\/www.adf.org.br\/home\/wp-content\/uploads\/2016\/05\/OgAAAAU1KOzfBrI9enSxNO2DazwG_frlSQkVlKpHyvtFgQJ89PaEDi3E05VjVsyfS1cX5qOjM83SkxpDc6H-YUuLhYoAm1T1UCFPSYNSM_QSqhiqwHQixu6kfLYD.jpg\"},{\"@type\":\"WebPage\",\"@id\":\"https:\/\/www.adf.org.br\/home\/o-que-voce-faria-se-tivesse-1-minuto-a-sos-com-nossa-senhora-veja-aqui-o-que-se-deve-fazer-nesse-precioso-tempo\/#webpage\",\"url\":\"https:\/\/www.adf.org.br\/home\/o-que-voce-faria-se-tivesse-1-minuto-a-sos-com-nossa-senhora-veja-aqui-o-que-se-deve-fazer-nesse-precioso-tempo\/\",\"name\":\"O que voc\\u00ea faria se tivesse 1 minuto a s\\u00f3s com Nossa Senhora? Veja aqui o que se deve fazer nesse precioso tempo. - Associa\\u00e7\\u00e3o Devotos de F\\u00e1tima\",\"isPartOf\":{\"@id\":\"https:\/\/www.adf.org.br\/home\/#website\"},\"primaryImageOfPage\":{\"@id\":\"https:\/\/www.adf.org.br\/home\/o-que-voce-faria-se-tivesse-1-minuto-a-sos-com-nossa-senhora-veja-aqui-o-que-se-deve-fazer-nesse-precioso-tempo\/#primaryimage\"},\"datePublished\":\"2016-07-17T03:00:07+00:00\",\"dateModified\":\"2016-07-17T03:00:07+00:00\",\"author\":{\"@id\":\"https:\/\/www.adf.org.br\/home\/#\/schema\/person\/f35a5c5aa7728a3dedf4ea9aa1fc2753\"},\"breadcrumb\":{\"@id\":\"https:\/\/www.adf.org.br\/home\/o-que-voce-faria-se-tivesse-1-minuto-a-sos-com-nossa-senhora-veja-aqui-o-que-se-deve-fazer-nesse-precioso-tempo\/#breadcrumb\"},\"inLanguage\":\"pt-BR\",\"potentialAction\":[{\"@type\":\"ReadAction\",\"target\":[\"https:\/\/www.adf.org.br\/home\/o-que-voce-faria-se-tivesse-1-minuto-a-sos-com-nossa-senhora-veja-aqui-o-que-se-deve-fazer-nesse-precioso-tempo\/\"]}]},{\"@type\":\"BreadcrumbList\",\"@id\":\"https:\/\/www.adf.org.br\/home\/o-que-voce-faria-se-tivesse-1-minuto-a-sos-com-nossa-senhora-veja-aqui-o-que-se-deve-fazer-nesse-precioso-tempo\/#breadcrumb\",\"itemListElement\":[{\"@type\":\"ListItem\",\"position\":1,\"name\":\"Home\",\"item\":\"https:\/\/www.adf.org.br\/home\/\"},{\"@type\":\"ListItem\",\"position\":2,\"name\":\"O que voc\\u00ea faria se tivesse 1 minuto a s\\u00f3s com Nossa Senhora? Veja aqui o que se deve fazer nesse precioso tempo.\"}]},{\"@type\":\"Person\",\"@id\":\"https:\/\/www.adf.org.br\/home\/#\/schema\/person\/f35a5c5aa7728a3dedf4ea9aa1fc2753\",\"name\":\"Gabriel Barbosa\",\"image\":{\"@type\":\"ImageObject\",\"@id\":\"https:\/\/www.adf.org.br\/home\/#personlogo\",\"inLanguage\":\"pt-BR\",\"url\":\"https:\/\/secure.gravatar.com\/avatar\/2b2cb2f4637682c5605e8d36818f51ef?s=96&d=mm&r=g\",\"contentUrl\":\"https:\/\/secure.gravatar.com\/avatar\/2b2cb2f4637682c5605e8d36818f51ef?s=96&d=mm&r=g\",\"caption\":\"Gabriel Barbosa\"},\"url\":\"https:\/\/www.adf.org.br\/home\/author\/gabrielpmk-com-br\/\"}]}<\/script>\n<!-- \/ Yoast SEO plugin. -->","yoast_head_json":{"title":"O que voc\u00ea faria se tivesse 1 minuto a s\u00f3s com Nossa Senhora? Veja aqui o que se deve fazer nesse precioso tempo. - Associa\u00e7\u00e3o Devotos de F\u00e1tima","robots":{"index":"index","follow":"follow","max-snippet":"max-snippet:-1","max-image-preview":"max-image-preview:large","max-video-preview":"max-video-preview:-1"},"canonical":"https:\/\/www.adf.org.br\/home\/o-que-voce-faria-se-tivesse-1-minuto-a-sos-com-nossa-senhora-veja-aqui-o-que-se-deve-fazer-nesse-precioso-tempo\/","og_locale":"pt_BR","og_type":"article","og_title":"O que voc\u00ea faria se tivesse 1 minuto a s\u00f3s com Nossa Senhora? Veja aqui o que se deve fazer nesse precioso tempo. - Associa\u00e7\u00e3o Devotos de F\u00e1tima","og_description":"Devo\u00e7\u00e3o pouco conhecida e divulgada;","og_url":"https:\/\/www.adf.org.br\/home\/o-que-voce-faria-se-tivesse-1-minuto-a-sos-com-nossa-senhora-veja-aqui-o-que-se-deve-fazer-nesse-precioso-tempo\/","og_site_name":"Associa\u00e7\u00e3o Devotos de F\u00e1tima","article_published_time":"2016-07-17T03:00:07+00:00","og_image":[{"url":"http:\/\/www.adf.org.br\/home\/wp-content\/uploads\/2016\/05\/OgAAAAU1KOzfBrI9enSxNO2DazwG_frlSQkVlKpHyvtFgQJ89PaEDi3E05VjVsyfS1cX5qOjM83SkxpDc6H-YUuLhYoAm1T1UCFPSYNSM_QSqhiqwHQixu6kfLYD.jpg"}],"twitter_card":"summary_large_image","twitter_misc":{"Escrito por":"Gabriel Barbosa","Est. tempo de leitura":"1 minuto"},"schema":{"@context":"https:\/\/schema.org","@graph":[{"@type":"WebSite","@id":"https:\/\/www.adf.org.br\/home\/#website","url":"https:\/\/www.adf.org.br\/home\/","name":"Associa\u00e7\u00e3o Devotos de F\u00e1tima","description":"Associa\u00e7\u00e3o Devotos de F\u00e1tima","potentialAction":[{"@type":"SearchAction","target":{"@type":"EntryPoint","urlTemplate":"https:\/\/www.adf.org.br\/home\/?s={search_term_string}"},"query-input":"required name=search_term_string"}],"inLanguage":"pt-BR"},{"@type":"ImageObject","@id":"https:\/\/www.adf.org.br\/home\/o-que-voce-faria-se-tivesse-1-minuto-a-sos-com-nossa-senhora-veja-aqui-o-que-se-deve-fazer-nesse-precioso-tempo\/#primaryimage","inLanguage":"pt-BR","url":"http:\/\/www.adf.org.br\/home\/wp-content\/uploads\/2016\/05\/OgAAAAU1KOzfBrI9enSxNO2DazwG_frlSQkVlKpHyvtFgQJ89PaEDi3E05VjVsyfS1cX5qOjM83SkxpDc6H-YUuLhYoAm1T1UCFPSYNSM_QSqhiqwHQixu6kfLYD.jpg","contentUrl":"http:\/\/www.adf.org.br\/home\/wp-content\/uploads\/2016\/05\/OgAAAAU1KOzfBrI9enSxNO2DazwG_frlSQkVlKpHyvtFgQJ89PaEDi3E05VjVsyfS1cX5qOjM83SkxpDc6H-YUuLhYoAm1T1UCFPSYNSM_QSqhiqwHQixu6kfLYD.jpg"},{"@type":"WebPage","@id":"https:\/\/www.adf.org.br\/home\/o-que-voce-faria-se-tivesse-1-minuto-a-sos-com-nossa-senhora-veja-aqui-o-que-se-deve-fazer-nesse-precioso-tempo\/#webpage","url":"https:\/\/www.adf.org.br\/home\/o-que-voce-faria-se-tivesse-1-minuto-a-sos-com-nossa-senhora-veja-aqui-o-que-se-deve-fazer-nesse-precioso-tempo\/","name":"O que voc\u00ea faria se tivesse 1 minuto a s\u00f3s com Nossa Senhora? Veja aqui o que se deve fazer nesse precioso tempo. - Associa\u00e7\u00e3o Devotos de F\u00e1tima","isPartOf":{"@id":"https:\/\/www.adf.org.br\/home\/#website"},"primaryImageOfPage":{"@id":"https:\/\/www.adf.org.br\/home\/o-que-voce-faria-se-tivesse-1-minuto-a-sos-com-nossa-senhora-veja-aqui-o-que-se-deve-fazer-nesse-precioso-tempo\/#primaryimage"},"datePublished":"2016-07-17T03:00:07+00:00","dateModified":"2016-07-17T03:00:07+00:00","author":{"@id":"https:\/\/www.adf.org.br\/home\/#\/schema\/person\/f35a5c5aa7728a3dedf4ea9aa1fc2753"},"breadcrumb":{"@id":"https:\/\/www.adf.org.br\/home\/o-que-voce-faria-se-tivesse-1-minuto-a-sos-com-nossa-senhora-veja-aqui-o-que-se-deve-fazer-nesse-precioso-tempo\/#breadcrumb"},"inLanguage":"pt-BR","potentialAction":[{"@type":"ReadAction","target":["https:\/\/www.adf.org.br\/home\/o-que-voce-faria-se-tivesse-1-minuto-a-sos-com-nossa-senhora-veja-aqui-o-que-se-deve-fazer-nesse-precioso-tempo\/"]}]},{"@type":"BreadcrumbList","@id":"https:\/\/www.adf.org.br\/home\/o-que-voce-faria-se-tivesse-1-minuto-a-sos-com-nossa-senhora-veja-aqui-o-que-se-deve-fazer-nesse-precioso-tempo\/#breadcrumb","itemListElement":[{"@type":"ListItem","position":1,"name":"Home","item":"https:\/\/www.adf.org.br\/home\/"},{"@type":"ListItem","position":2,"name":"O que voc\u00ea faria se tivesse 1 minuto a s\u00f3s com Nossa Senhora? Veja aqui o que se deve fazer nesse precioso tempo."}]},{"@type":"Person","@id":"https:\/\/www.adf.org.br\/home\/#\/schema\/person\/f35a5c5aa7728a3dedf4ea9aa1fc2753","name":"Gabriel Barbosa","image":{"@type":"ImageObject","@id":"https:\/\/www.adf.org.br\/home\/#personlogo","inLanguage":"pt-BR","url":"https:\/\/secure.gravatar.com\/avatar\/2b2cb2f4637682c5605e8d36818f51ef?s=96&d=mm&r=g","contentUrl":"https:\/\/secure.gravatar.com\/avatar\/2b2cb2f4637682c5605e8d36818f51ef?s=96&d=mm&r=g","caption":"Gabriel Barbosa"},"url":"https:\/\/www.adf.org.br\/home\/author\/gabrielpmk-com-br\/"}]}},"_links":{"self":[{"href":"https:\/\/www.adf.org.br\/home\/wp-json\/wp\/v2\/posts\/39640"}],"collection":[{"href":"https:\/\/www.adf.org.br\/home\/wp-json\/wp\/v2\/posts"}],"about":[{"href":"https:\/\/www.adf.org.br\/home\/wp-json\/wp\/v2\/types\/post"}],"author":[{"embeddable":true,"href":"https:\/\/www.adf.org.br\/home\/wp-json\/wp\/v2\/users\/31"}],"replies":[{"embeddable":true,"href":"https:\/\/www.adf.org.br\/home\/wp-json\/wp\/v2\/comments?post=39640"}],"version-history":[{"count":0,"href":"https:\/\/www.adf.org.br\/home\/wp-json\/wp\/v2\/posts\/39640\/revisions"}],"wp:attachment":[{"href":"https:\/\/www.adf.org.br\/home\/wp-json\/wp\/v2\/media?parent=39640"}],"wp:term":[{"taxonomy":"category","embeddable":true,"href":"https:\/\/www.adf.org.br\/home\/wp-json\/wp\/v2\/categories?post=39640"},{"taxonomy":"post_tag","embeddable":true,"href":"https:\/\/www.adf.org.br\/home\/wp-json\/wp\/v2\/tags?post=39640"}],"curies":[{"name":"wp","href":"https:\/\/api.w.org\/{rel}","templated":true}]}}