{"id":3964,"date":"2010-04-24T00:00:17","date_gmt":"2010-04-24T03:00:17","guid":{"rendered":"http:\/\/www.adf.org.br\/home\/?p=3964"},"modified":"2020-06-09T11:51:21","modified_gmt":"2020-06-09T14:51:21","slug":"gisele-bundchen-quer-ser-uma-boa-mae-ter-muitos-filhos-e-tempo-para-se-dedicar-a-familia","status":"publish","type":"post","link":"https:\/\/www.adf.org.br\/home\/gisele-bundchen-quer-ser-uma-boa-mae-ter-muitos-filhos-e-tempo-para-se-dedicar-a-familia\/","title":{"rendered":"Gisele B\u00fcndchen quer ser uma boa m\u00e3e, ter muitos filhos e tempo para se dedicar a fam\u00edlia"},"content":{"rendered":"<p><img loading=\"lazy\" class=\"alignleft size-medium wp-image-3965\" style=\" margin-right: 20px;\" title=\"gisele_bundchen\" src=\"http:\/\/www.adf.org.br\/home\/wp-content\/uploads\/2010\/04\/gisele_bundchen-161x300.jpg\" alt=\"gisele_bundchen\" width=\"161\" height=\"300\" srcset=\"https:\/\/www.adf.org.br\/home\/wp-content\/uploads\/2010\/04\/gisele_bundchen-161x300.jpg 161w, https:\/\/www.adf.org.br\/home\/wp-content\/uploads\/2010\/04\/gisele_bundchen.jpg 172w\" sizes=\"(max-width: 161px) 100vw, 161px\" \/>Em 2007, a modelo brasileira Gisele B\u00fcndchen declarou ao jornal Folha de S\u00e3o Paulo que, durante a gravidez, at\u00e9 o quarto m\u00eas de gesta\u00e7\u00e3o &#8220;n\u00e3o existe quase nada. \u00c9 como um gr\u00e3ozinho. Portanto, acho que a mulher deve ter direito de decidir o que \u00e9 melhor&#8221;.<\/p>\n<p>Em outras entrevistas, Gisele tamb\u00e9m atacou as posi\u00e7\u00f5es da moral cat\u00f3lica relativas \u00e0 proibi\u00e7\u00e3o do uso de preservativo e de anticoncepcionais. Segundo ela, essas id\u00e9ias representam um perigo para os tempos atuais.<\/p>\n<p>Tais posi\u00e7\u00f5es defendidas pela modelo deixaram as feministas mais encardidamente revolucion\u00e1rias muito contentes. Afinal era um \u00edcone publicit\u00e1rio. E, enquanto tal, sua voz chega muito mais facilmente aos ouvidos das pessoas.<\/p>\n<p>Mas a alegria dos movimentos feministas foi substitu\u00eddo recentemente por um sil\u00eancio desconcertante. Gisele se casou no ano passado e teve seu primeiro filho&#8230; e j\u00e1 pensa em ter outros.<\/p>\n<p>Em entrevista para a m\u00eddia americana, Gisele B\u00fcndchen disse que as prioridades de sua vida mudaram. Ela quer ter mais tempo para seu filho e aumentar sua fam\u00edlia sem se importar com as consequ\u00eancias disso em sua carreira.<\/p>\n<p><em>\u201cQuero ter muitos filhos. N\u00e3o importa se o meu corpo vai mudar. \u00c9 a coisa mais maravilhosa. Tudo que eu quero na vida \u00e9 ser uma boa m\u00e3e\u201d. (Cfr.: Veja, 20\/4\/2010)<\/em><\/p>\n<p>Uma pergunta poderia ser feita. Ser\u00e1 que ela concorda com a alega\u00e7\u00e3o de que seu filho foi &#8220;quase nada&#8221; &#8220;como um gr\u00e3ozinho&#8221; que poderia ter sido descartado?<\/p>\n<p>Independente da resposta, os objetivos atuais de Gisele n\u00e3o s\u00e3o nem um pouco politicamente corretos.<\/p>\n<p>Espero que assim como o mau exemplo dela ganhou publicidade influenciando pessimamente a vida de milhares de suas f\u00e3s, que agora tamb\u00e9m essas afirma\u00e7\u00f5es maternas possam refletir positivamente na sociedade para rever as tais &#8220;conquistas feministas&#8221;.<\/p>\n<p>Fonte: <a href=\"http:\/\/conservadoredai.blogspot.com\/2010\/04\/objetivos-de-gisele-bundchen-ser-uma.html?utm_source=feedburner&amp;utm_medium=email&amp;utm_campaign=Feed:+souconservador+%28Sou+conservador+sim,+e+da%C3%AD%3F%29\" target=\"_blank\" rel=\"noopener noreferrer\">Blog Sou conservador sim, e da\u00ed?<\/a><\/p>\n<p><br class=\"spacer_\" \/><\/p>\n<p>Est\u00e1 em nossas m\u00e3os defender a fam\u00edlia crist\u00e3, <strong>vote contra o PNDH.<\/strong><\/p>\n<p><span style=\"font-size: large;\"><a href=\"http:\/\/www.ipco.org.br\/pndh\/conteudo\/veja-como-voce-pode-se-mobilizar-contra-o-pndh-3\" target=\"_blank\" rel=\"noopener noreferrer\">Clique aqui<\/a><\/span> e conhe\u00e7a mais sobre este plano que, dentre outras coisas, quer legalizar o aborto no Brasil.<\/p>\n<p><br class=\"spacer_\" \/><\/p>\n","protected":false},"excerpt":{"rendered":"<p>Em 2007, a modelo brasileira Gisele B\u00fcndchen declarou ao jornal Folha de S\u00e3o Paulo que, durante a gravidez, at\u00e9 o quarto m\u00eas de gesta\u00e7\u00e3o &#8220;n\u00e3o existe quase nada. \u00c9 como um gr\u00e3ozinho. Portanto, acho que a mulher deve ter direito de decidir o que \u00e9 melhor&#8221;. Em outras entrevistas, Gisele tamb\u00e9m atacou as posi\u00e7\u00f5es da [&hellip;]<\/p>\n","protected":false},"author":27,"featured_media":0,"comment_status":"open","ping_status":"open","sticky":false,"template":"","format":"standard","meta":[],"categories":[20],"tags":[47,119,131],"yoast_head":"<!-- This site is optimized with the Yoast SEO plugin v17.4 - https:\/\/yoast.com\/wordpress\/plugins\/seo\/ -->\n<title>Gisele B\u00fcndchen quer ser uma boa m\u00e3e, ter muitos filhos e tempo para se dedicar a fam\u00edlia - Associa\u00e7\u00e3o Devotos de F\u00e1tima<\/title>\n<meta name=\"robots\" content=\"index, follow, max-snippet:-1, max-image-preview:large, max-video-preview:-1\" \/>\n<link rel=\"canonical\" href=\"https:\/\/www.adf.org.br\/home\/gisele-bundchen-quer-ser-uma-boa-mae-ter-muitos-filhos-e-tempo-para-se-dedicar-a-familia\/\" \/>\n<meta property=\"og:locale\" content=\"pt_BR\" \/>\n<meta property=\"og:type\" content=\"article\" \/>\n<meta property=\"og:title\" content=\"Gisele B\u00fcndchen quer ser uma boa m\u00e3e, ter muitos filhos e tempo para se dedicar a fam\u00edlia - Associa\u00e7\u00e3o Devotos de F\u00e1tima\" \/>\n<meta property=\"og:description\" content=\"Em 2007, a modelo brasileira Gisele B\u00fcndchen declarou ao jornal Folha de S\u00e3o Paulo que, durante a gravidez, at\u00e9 o quarto m\u00eas de gesta\u00e7\u00e3o &#8220;n\u00e3o existe quase nada. \u00c9 como um gr\u00e3ozinho. Portanto, acho que a mulher deve ter direito de decidir o que \u00e9 melhor&#8221;. Em outras entrevistas, Gisele tamb\u00e9m atacou as posi\u00e7\u00f5es da [&hellip;]\" \/>\n<meta property=\"og:url\" content=\"https:\/\/www.adf.org.br\/home\/gisele-bundchen-quer-ser-uma-boa-mae-ter-muitos-filhos-e-tempo-para-se-dedicar-a-familia\/\" \/>\n<meta property=\"og:site_name\" content=\"Associa\u00e7\u00e3o Devotos de F\u00e1tima\" \/>\n<meta property=\"article:published_time\" content=\"2010-04-24T03:00:17+00:00\" \/>\n<meta property=\"article:modified_time\" content=\"2020-06-09T14:51:21+00:00\" \/>\n<meta property=\"og:image\" content=\"http:\/\/www.adf.org.br\/home\/wp-content\/uploads\/2010\/04\/gisele_bundchen-161x300.jpg\" \/>\n<meta name=\"twitter:card\" content=\"summary_large_image\" \/>\n<meta name=\"twitter:label1\" content=\"Escrito por\" \/>\n\t<meta name=\"twitter:data1\" content=\"Gabriel Barbosa\" \/>\n\t<meta name=\"twitter:label2\" content=\"Est. tempo de leitura\" \/>\n\t<meta name=\"twitter:data2\" content=\"2 minutos\" \/>\n<script type=\"application\/ld+json\" class=\"yoast-schema-graph\">{\"@context\":\"https:\/\/schema.org\",\"@graph\":[{\"@type\":\"WebSite\",\"@id\":\"https:\/\/www.adf.org.br\/home\/#website\",\"url\":\"https:\/\/www.adf.org.br\/home\/\",\"name\":\"Associa\\u00e7\\u00e3o Devotos de F\\u00e1tima\",\"description\":\"Associa\\u00e7\\u00e3o Devotos de F\\u00e1tima\",\"potentialAction\":[{\"@type\":\"SearchAction\",\"target\":{\"@type\":\"EntryPoint\",\"urlTemplate\":\"https:\/\/www.adf.org.br\/home\/?s={search_term_string}\"},\"query-input\":\"required name=search_term_string\"}],\"inLanguage\":\"pt-BR\"},{\"@type\":\"ImageObject\",\"@id\":\"https:\/\/www.adf.org.br\/home\/gisele-bundchen-quer-ser-uma-boa-mae-ter-muitos-filhos-e-tempo-para-se-dedicar-a-familia\/#primaryimage\",\"inLanguage\":\"pt-BR\",\"url\":\"http:\/\/www.adf.org.br\/home\/wp-content\/uploads\/2010\/04\/gisele_bundchen-161x300.jpg\",\"contentUrl\":\"http:\/\/www.adf.org.br\/home\/wp-content\/uploads\/2010\/04\/gisele_bundchen-161x300.jpg\"},{\"@type\":\"WebPage\",\"@id\":\"https:\/\/www.adf.org.br\/home\/gisele-bundchen-quer-ser-uma-boa-mae-ter-muitos-filhos-e-tempo-para-se-dedicar-a-familia\/#webpage\",\"url\":\"https:\/\/www.adf.org.br\/home\/gisele-bundchen-quer-ser-uma-boa-mae-ter-muitos-filhos-e-tempo-para-se-dedicar-a-familia\/\",\"name\":\"Gisele B\\u00fcndchen quer ser uma boa m\\u00e3e, ter muitos filhos e tempo para se dedicar a fam\\u00edlia - Associa\\u00e7\\u00e3o Devotos de F\\u00e1tima\",\"isPartOf\":{\"@id\":\"https:\/\/www.adf.org.br\/home\/#website\"},\"primaryImageOfPage\":{\"@id\":\"https:\/\/www.adf.org.br\/home\/gisele-bundchen-quer-ser-uma-boa-mae-ter-muitos-filhos-e-tempo-para-se-dedicar-a-familia\/#primaryimage\"},\"datePublished\":\"2010-04-24T03:00:17+00:00\",\"dateModified\":\"2020-06-09T14:51:21+00:00\",\"author\":{\"@id\":\"https:\/\/www.adf.org.br\/home\/#\/schema\/person\/affa494ecf91434f3620f5392de44327\"},\"breadcrumb\":{\"@id\":\"https:\/\/www.adf.org.br\/home\/gisele-bundchen-quer-ser-uma-boa-mae-ter-muitos-filhos-e-tempo-para-se-dedicar-a-familia\/#breadcrumb\"},\"inLanguage\":\"pt-BR\",\"potentialAction\":[{\"@type\":\"ReadAction\",\"target\":[\"https:\/\/www.adf.org.br\/home\/gisele-bundchen-quer-ser-uma-boa-mae-ter-muitos-filhos-e-tempo-para-se-dedicar-a-familia\/\"]}]},{\"@type\":\"BreadcrumbList\",\"@id\":\"https:\/\/www.adf.org.br\/home\/gisele-bundchen-quer-ser-uma-boa-mae-ter-muitos-filhos-e-tempo-para-se-dedicar-a-familia\/#breadcrumb\",\"itemListElement\":[{\"@type\":\"ListItem\",\"position\":1,\"name\":\"Home\",\"item\":\"https:\/\/www.adf.org.br\/home\/\"},{\"@type\":\"ListItem\",\"position\":2,\"name\":\"Gisele B\\u00fcndchen quer ser uma boa m\\u00e3e, ter muitos filhos e tempo para se dedicar a fam\\u00edlia\"}]},{\"@type\":\"Person\",\"@id\":\"https:\/\/www.adf.org.br\/home\/#\/schema\/person\/affa494ecf91434f3620f5392de44327\",\"name\":\"Gabriel Barbosa\",\"image\":{\"@type\":\"ImageObject\",\"@id\":\"https:\/\/www.adf.org.br\/home\/#personlogo\",\"inLanguage\":\"pt-BR\",\"url\":\"https:\/\/secure.gravatar.com\/avatar\/ecf2eab02e30486a7038f8b2858de06a?s=96&d=mm&r=g\",\"contentUrl\":\"https:\/\/secure.gravatar.com\/avatar\/ecf2eab02e30486a7038f8b2858de06a?s=96&d=mm&r=g\",\"caption\":\"Gabriel Barbosa\"},\"url\":\"https:\/\/www.adf.org.br\/home\/author\/gabriel-aascj\/\"}]}<\/script>\n<!-- \/ Yoast SEO plugin. -->","yoast_head_json":{"title":"Gisele B\u00fcndchen quer ser uma boa m\u00e3e, ter muitos filhos e tempo para se dedicar a fam\u00edlia - Associa\u00e7\u00e3o Devotos de F\u00e1tima","robots":{"index":"index","follow":"follow","max-snippet":"max-snippet:-1","max-image-preview":"max-image-preview:large","max-video-preview":"max-video-preview:-1"},"canonical":"https:\/\/www.adf.org.br\/home\/gisele-bundchen-quer-ser-uma-boa-mae-ter-muitos-filhos-e-tempo-para-se-dedicar-a-familia\/","og_locale":"pt_BR","og_type":"article","og_title":"Gisele B\u00fcndchen quer ser uma boa m\u00e3e, ter muitos filhos e tempo para se dedicar a fam\u00edlia - Associa\u00e7\u00e3o Devotos de F\u00e1tima","og_description":"Em 2007, a modelo brasileira Gisele B\u00fcndchen declarou ao jornal Folha de S\u00e3o Paulo que, durante a gravidez, at\u00e9 o quarto m\u00eas de gesta\u00e7\u00e3o &#8220;n\u00e3o existe quase nada. \u00c9 como um gr\u00e3ozinho. Portanto, acho que a mulher deve ter direito de decidir o que \u00e9 melhor&#8221;. Em outras entrevistas, Gisele tamb\u00e9m atacou as posi\u00e7\u00f5es da [&hellip;]","og_url":"https:\/\/www.adf.org.br\/home\/gisele-bundchen-quer-ser-uma-boa-mae-ter-muitos-filhos-e-tempo-para-se-dedicar-a-familia\/","og_site_name":"Associa\u00e7\u00e3o Devotos de F\u00e1tima","article_published_time":"2010-04-24T03:00:17+00:00","article_modified_time":"2020-06-09T14:51:21+00:00","og_image":[{"url":"http:\/\/www.adf.org.br\/home\/wp-content\/uploads\/2010\/04\/gisele_bundchen-161x300.jpg"}],"twitter_card":"summary_large_image","twitter_misc":{"Escrito por":"Gabriel Barbosa","Est. tempo de leitura":"2 minutos"},"schema":{"@context":"https:\/\/schema.org","@graph":[{"@type":"WebSite","@id":"https:\/\/www.adf.org.br\/home\/#website","url":"https:\/\/www.adf.org.br\/home\/","name":"Associa\u00e7\u00e3o Devotos de F\u00e1tima","description":"Associa\u00e7\u00e3o Devotos de F\u00e1tima","potentialAction":[{"@type":"SearchAction","target":{"@type":"EntryPoint","urlTemplate":"https:\/\/www.adf.org.br\/home\/?s={search_term_string}"},"query-input":"required name=search_term_string"}],"inLanguage":"pt-BR"},{"@type":"ImageObject","@id":"https:\/\/www.adf.org.br\/home\/gisele-bundchen-quer-ser-uma-boa-mae-ter-muitos-filhos-e-tempo-para-se-dedicar-a-familia\/#primaryimage","inLanguage":"pt-BR","url":"http:\/\/www.adf.org.br\/home\/wp-content\/uploads\/2010\/04\/gisele_bundchen-161x300.jpg","contentUrl":"http:\/\/www.adf.org.br\/home\/wp-content\/uploads\/2010\/04\/gisele_bundchen-161x300.jpg"},{"@type":"WebPage","@id":"https:\/\/www.adf.org.br\/home\/gisele-bundchen-quer-ser-uma-boa-mae-ter-muitos-filhos-e-tempo-para-se-dedicar-a-familia\/#webpage","url":"https:\/\/www.adf.org.br\/home\/gisele-bundchen-quer-ser-uma-boa-mae-ter-muitos-filhos-e-tempo-para-se-dedicar-a-familia\/","name":"Gisele B\u00fcndchen quer ser uma boa m\u00e3e, ter muitos filhos e tempo para se dedicar a fam\u00edlia - Associa\u00e7\u00e3o Devotos de F\u00e1tima","isPartOf":{"@id":"https:\/\/www.adf.org.br\/home\/#website"},"primaryImageOfPage":{"@id":"https:\/\/www.adf.org.br\/home\/gisele-bundchen-quer-ser-uma-boa-mae-ter-muitos-filhos-e-tempo-para-se-dedicar-a-familia\/#primaryimage"},"datePublished":"2010-04-24T03:00:17+00:00","dateModified":"2020-06-09T14:51:21+00:00","author":{"@id":"https:\/\/www.adf.org.br\/home\/#\/schema\/person\/affa494ecf91434f3620f5392de44327"},"breadcrumb":{"@id":"https:\/\/www.adf.org.br\/home\/gisele-bundchen-quer-ser-uma-boa-mae-ter-muitos-filhos-e-tempo-para-se-dedicar-a-familia\/#breadcrumb"},"inLanguage":"pt-BR","potentialAction":[{"@type":"ReadAction","target":["https:\/\/www.adf.org.br\/home\/gisele-bundchen-quer-ser-uma-boa-mae-ter-muitos-filhos-e-tempo-para-se-dedicar-a-familia\/"]}]},{"@type":"BreadcrumbList","@id":"https:\/\/www.adf.org.br\/home\/gisele-bundchen-quer-ser-uma-boa-mae-ter-muitos-filhos-e-tempo-para-se-dedicar-a-familia\/#breadcrumb","itemListElement":[{"@type":"ListItem","position":1,"name":"Home","item":"https:\/\/www.adf.org.br\/home\/"},{"@type":"ListItem","position":2,"name":"Gisele B\u00fcndchen quer ser uma boa m\u00e3e, ter muitos filhos e tempo para se dedicar a fam\u00edlia"}]},{"@type":"Person","@id":"https:\/\/www.adf.org.br\/home\/#\/schema\/person\/affa494ecf91434f3620f5392de44327","name":"Gabriel Barbosa","image":{"@type":"ImageObject","@id":"https:\/\/www.adf.org.br\/home\/#personlogo","inLanguage":"pt-BR","url":"https:\/\/secure.gravatar.com\/avatar\/ecf2eab02e30486a7038f8b2858de06a?s=96&d=mm&r=g","contentUrl":"https:\/\/secure.gravatar.com\/avatar\/ecf2eab02e30486a7038f8b2858de06a?s=96&d=mm&r=g","caption":"Gabriel Barbosa"},"url":"https:\/\/www.adf.org.br\/home\/author\/gabriel-aascj\/"}]}},"_links":{"self":[{"href":"https:\/\/www.adf.org.br\/home\/wp-json\/wp\/v2\/posts\/3964"}],"collection":[{"href":"https:\/\/www.adf.org.br\/home\/wp-json\/wp\/v2\/posts"}],"about":[{"href":"https:\/\/www.adf.org.br\/home\/wp-json\/wp\/v2\/types\/post"}],"author":[{"embeddable":true,"href":"https:\/\/www.adf.org.br\/home\/wp-json\/wp\/v2\/users\/27"}],"replies":[{"embeddable":true,"href":"https:\/\/www.adf.org.br\/home\/wp-json\/wp\/v2\/comments?post=3964"}],"version-history":[{"count":1,"href":"https:\/\/www.adf.org.br\/home\/wp-json\/wp\/v2\/posts\/3964\/revisions"}],"predecessor-version":[{"id":59596,"href":"https:\/\/www.adf.org.br\/home\/wp-json\/wp\/v2\/posts\/3964\/revisions\/59596"}],"wp:attachment":[{"href":"https:\/\/www.adf.org.br\/home\/wp-json\/wp\/v2\/media?parent=3964"}],"wp:term":[{"taxonomy":"category","embeddable":true,"href":"https:\/\/www.adf.org.br\/home\/wp-json\/wp\/v2\/categories?post=3964"},{"taxonomy":"post_tag","embeddable":true,"href":"https:\/\/www.adf.org.br\/home\/wp-json\/wp\/v2\/tags?post=3964"}],"curies":[{"name":"wp","href":"https:\/\/api.w.org\/{rel}","templated":true}]}}