{"id":3958,"date":"2010-04-23T00:00:03","date_gmt":"2010-04-23T03:00:03","guid":{"rendered":"http:\/\/www.adf.org.br\/home\/?p=3958"},"modified":"2020-06-09T11:51:23","modified_gmt":"2020-06-09T14:51:23","slug":"obrigado-por-nao-me-abortar-jovem-de-23-anos-perdoa-a-sua-mae-que-o-abandonou-ao-nascer","status":"publish","type":"post","link":"https:\/\/www.adf.org.br\/home\/obrigado-por-nao-me-abortar-jovem-de-23-anos-perdoa-a-sua-mae-que-o-abandonou-ao-nascer\/","title":{"rendered":"&#8220;Obrigado por n\u00e3o me abortar&#8221;: Jovem de 23 anos perdoa a sua m\u00e3e que o abandonou ao nascer"},"content":{"rendered":"<p><img loading=\"lazy\" class=\"alignleft size-full wp-image-3959\" title=\"mauricio\" src=\"http:\/\/www.adf.org.br\/home\/wp-content\/uploads\/2010\/04\/mauricio.jpg\" alt=\"mauricio\" width=\"250\" height=\"198\" \/>Mauricio tem 23 anos e ap\u00f3s ter criado no Facebook um grupo chamado &#8220;Procuro a minha mam\u00e3e&#8221; finalmente a encontrou e p\u00f4de reunir-se com ela que o havia abandonado ao nascer. Suas primeiras palavras \u00e0 mulher que agora tem 50 anos foram: &#8220;Obrigado por ter tido a valentia de bancar-me (me suportar) sete meses e n\u00e3o ter me abortado&#8221;.<\/p>\n<p>No s\u00e1bado pela tarde Mauricio conversou por telefone com sua m\u00e3e. Ela, muito emocionada, disse-lhe: &#8220;meu filho; sou eu, sua mam\u00e3e. N\u00e3o me odeie. Perdoe-me. Recordei-te sempre, nunca me esqueci de voc\u00ea&#8221;.<\/p>\n<p>O emotivo encontro em C\u00f3rdoba, cheio de abra\u00e7os e sil\u00eancios, deu-se ao dia seguinte. Em declara\u00e7\u00f5es ao jornal argentino \u201cClar\u00edn\u201d o jovem comentou: &#8220;senti-me pleno, nunca tinha experimentado a serenidade da alma. Por fim pude fechar minha hist\u00f3ria&#8221;.<\/p>\n<p>&#8220;O \u00fanico que atinei a dizer foi que estava tudo bem e que eu a perdoava&#8221;, disse Mauricio.<\/p>\n<p>No encontro, explica o jovem de 23 anos, a m\u00e3e lhe contou que n\u00e3o tinha outros filhos, que seu pai foi &#8220;um acidente&#8221; em sua vida e que tinha reconstru\u00eddo sua vida com outra pessoa. Sem ressentimento, ele lhe ofereceu uma mensagem de gratid\u00e3o: &#8220;Obrigado por ter tido a valentia de bancar-me sete meses e n\u00e3o ter me abortado&#8221;.<\/p>\n<p>Ao relatar a hist\u00f3ria que finalmente levou a este esperado encontro, em meio de seus &#8220;novos parentes&#8221;, Mauricio assinala que &#8220;eles me contaram que minha m\u00e3e estava vivendo em C\u00f3rdoba capital. Disse-lhes que n\u00e3o queria problemas, s\u00f3 precisava agradecer-lhe porque ela me deixou nascer&#8221;.<\/p>\n<p>Agora, comenta o jovem, o grupo de Facebook vai se chamar &#8220;J\u00e1 a encontrei&#8221;.<\/p>\n<p>Fonte: <a href=\"http:\/\/www.acidigital.com\/noticia.php?id=18751\" target=\"_blank\" rel=\"noopener noreferrer\">ACI<\/a><\/p>\n<p><strong>Deus d\u00e1, s\u00f3 Deus pode tirar!<\/strong> Todos t\u00eam direito \u00e0 vida, por\u00e9m em muitos pa\u00edses governos legalizaram o aborto. Est\u00e3o querendo fazer o mesmo no Brasil, com as novas diretrizes do Plano Nacional dos Direitos Humanos. Precisamos nos mobilizar, clique na imagem abaixo e mostre que estamos atentos ao que acontece em nosso pa\u00eds.<\/p>\n<p><a href=\"http:\/\/www.ipco.org.br\/pndh\/conteudo\/veja-como-voce-pode-se-mobilizar-contra-o-pndh-3?origem=90\" target=\"_blank\" rel=\"noopener noreferrer\"><img loading=\"lazy\" class=\"aligncenter size-full wp-image-3960\" title=\"botao_cartao_amarelo\" src=\"http:\/\/www.adf.org.br\/home\/wp-content\/uploads\/2010\/04\/botao_cartao_amarelo1.jpg\" alt=\"botao_cartao_amarelo\" width=\"250\" height=\"150\" \/><\/a><\/p>\n","protected":false},"excerpt":{"rendered":"<p>Mauricio tem 23 anos e ap\u00f3s ter criado no Facebook um grupo chamado &#8220;Procuro a minha mam\u00e3e&#8221; finalmente a encontrou e p\u00f4de reunir-se com ela que o havia abandonado ao nascer. Suas primeiras palavras \u00e0 mulher que agora tem 50 anos foram: &#8220;Obrigado por ter tido a valentia de bancar-me (me suportar) sete meses e [&hellip;]<\/p>\n","protected":false},"author":27,"featured_media":0,"comment_status":"open","ping_status":"open","sticky":false,"template":"","format":"standard","meta":[],"categories":[20],"tags":[47,131],"yoast_head":"<!-- This site is optimized with the Yoast SEO plugin v17.4 - https:\/\/yoast.com\/wordpress\/plugins\/seo\/ -->\n<title>&quot;Obrigado por n\u00e3o me abortar&quot;: Jovem de 23 anos perdoa a sua m\u00e3e que o abandonou ao nascer - Associa\u00e7\u00e3o Devotos de F\u00e1tima<\/title>\n<meta name=\"robots\" content=\"index, follow, max-snippet:-1, max-image-preview:large, max-video-preview:-1\" \/>\n<link rel=\"canonical\" href=\"https:\/\/www.adf.org.br\/home\/obrigado-por-nao-me-abortar-jovem-de-23-anos-perdoa-a-sua-mae-que-o-abandonou-ao-nascer\/\" \/>\n<meta property=\"og:locale\" content=\"pt_BR\" \/>\n<meta property=\"og:type\" content=\"article\" \/>\n<meta property=\"og:title\" content=\"&quot;Obrigado por n\u00e3o me abortar&quot;: Jovem de 23 anos perdoa a sua m\u00e3e que o abandonou ao nascer - Associa\u00e7\u00e3o Devotos de F\u00e1tima\" \/>\n<meta property=\"og:description\" content=\"Mauricio tem 23 anos e ap\u00f3s ter criado no Facebook um grupo chamado &#8220;Procuro a minha mam\u00e3e&#8221; finalmente a encontrou e p\u00f4de reunir-se com ela que o havia abandonado ao nascer. Suas primeiras palavras \u00e0 mulher que agora tem 50 anos foram: &#8220;Obrigado por ter tido a valentia de bancar-me (me suportar) sete meses e [&hellip;]\" \/>\n<meta property=\"og:url\" content=\"https:\/\/www.adf.org.br\/home\/obrigado-por-nao-me-abortar-jovem-de-23-anos-perdoa-a-sua-mae-que-o-abandonou-ao-nascer\/\" \/>\n<meta property=\"og:site_name\" content=\"Associa\u00e7\u00e3o Devotos de F\u00e1tima\" \/>\n<meta property=\"article:published_time\" content=\"2010-04-23T03:00:03+00:00\" \/>\n<meta property=\"article:modified_time\" content=\"2020-06-09T14:51:23+00:00\" \/>\n<meta property=\"og:image\" content=\"http:\/\/www.adf.org.br\/home\/wp-content\/uploads\/2010\/04\/mauricio.jpg\" \/>\n<meta name=\"twitter:card\" content=\"summary_large_image\" \/>\n<meta name=\"twitter:label1\" content=\"Escrito por\" \/>\n\t<meta name=\"twitter:data1\" content=\"Gabriel Barbosa\" \/>\n\t<meta name=\"twitter:label2\" content=\"Est. tempo de leitura\" \/>\n\t<meta name=\"twitter:data2\" content=\"2 minutos\" \/>\n<script type=\"application\/ld+json\" class=\"yoast-schema-graph\">{\"@context\":\"https:\/\/schema.org\",\"@graph\":[{\"@type\":\"WebSite\",\"@id\":\"https:\/\/www.adf.org.br\/home\/#website\",\"url\":\"https:\/\/www.adf.org.br\/home\/\",\"name\":\"Associa\\u00e7\\u00e3o Devotos de F\\u00e1tima\",\"description\":\"Associa\\u00e7\\u00e3o Devotos de F\\u00e1tima\",\"potentialAction\":[{\"@type\":\"SearchAction\",\"target\":{\"@type\":\"EntryPoint\",\"urlTemplate\":\"https:\/\/www.adf.org.br\/home\/?s={search_term_string}\"},\"query-input\":\"required name=search_term_string\"}],\"inLanguage\":\"pt-BR\"},{\"@type\":\"ImageObject\",\"@id\":\"https:\/\/www.adf.org.br\/home\/obrigado-por-nao-me-abortar-jovem-de-23-anos-perdoa-a-sua-mae-que-o-abandonou-ao-nascer\/#primaryimage\",\"inLanguage\":\"pt-BR\",\"url\":\"http:\/\/www.adf.org.br\/home\/wp-content\/uploads\/2010\/04\/mauricio.jpg\",\"contentUrl\":\"http:\/\/www.adf.org.br\/home\/wp-content\/uploads\/2010\/04\/mauricio.jpg\"},{\"@type\":\"WebPage\",\"@id\":\"https:\/\/www.adf.org.br\/home\/obrigado-por-nao-me-abortar-jovem-de-23-anos-perdoa-a-sua-mae-que-o-abandonou-ao-nascer\/#webpage\",\"url\":\"https:\/\/www.adf.org.br\/home\/obrigado-por-nao-me-abortar-jovem-de-23-anos-perdoa-a-sua-mae-que-o-abandonou-ao-nascer\/\",\"name\":\"\\\"Obrigado por n\\u00e3o me abortar\\\": Jovem de 23 anos perdoa a sua m\\u00e3e que o abandonou ao nascer - Associa\\u00e7\\u00e3o Devotos de F\\u00e1tima\",\"isPartOf\":{\"@id\":\"https:\/\/www.adf.org.br\/home\/#website\"},\"primaryImageOfPage\":{\"@id\":\"https:\/\/www.adf.org.br\/home\/obrigado-por-nao-me-abortar-jovem-de-23-anos-perdoa-a-sua-mae-que-o-abandonou-ao-nascer\/#primaryimage\"},\"datePublished\":\"2010-04-23T03:00:03+00:00\",\"dateModified\":\"2020-06-09T14:51:23+00:00\",\"author\":{\"@id\":\"https:\/\/www.adf.org.br\/home\/#\/schema\/person\/affa494ecf91434f3620f5392de44327\"},\"breadcrumb\":{\"@id\":\"https:\/\/www.adf.org.br\/home\/obrigado-por-nao-me-abortar-jovem-de-23-anos-perdoa-a-sua-mae-que-o-abandonou-ao-nascer\/#breadcrumb\"},\"inLanguage\":\"pt-BR\",\"potentialAction\":[{\"@type\":\"ReadAction\",\"target\":[\"https:\/\/www.adf.org.br\/home\/obrigado-por-nao-me-abortar-jovem-de-23-anos-perdoa-a-sua-mae-que-o-abandonou-ao-nascer\/\"]}]},{\"@type\":\"BreadcrumbList\",\"@id\":\"https:\/\/www.adf.org.br\/home\/obrigado-por-nao-me-abortar-jovem-de-23-anos-perdoa-a-sua-mae-que-o-abandonou-ao-nascer\/#breadcrumb\",\"itemListElement\":[{\"@type\":\"ListItem\",\"position\":1,\"name\":\"Home\",\"item\":\"https:\/\/www.adf.org.br\/home\/\"},{\"@type\":\"ListItem\",\"position\":2,\"name\":\"&#8220;Obrigado por n\\u00e3o me abortar&#8221;: Jovem de 23 anos perdoa a sua m\\u00e3e que o abandonou ao nascer\"}]},{\"@type\":\"Person\",\"@id\":\"https:\/\/www.adf.org.br\/home\/#\/schema\/person\/affa494ecf91434f3620f5392de44327\",\"name\":\"Gabriel Barbosa\",\"image\":{\"@type\":\"ImageObject\",\"@id\":\"https:\/\/www.adf.org.br\/home\/#personlogo\",\"inLanguage\":\"pt-BR\",\"url\":\"https:\/\/secure.gravatar.com\/avatar\/ecf2eab02e30486a7038f8b2858de06a?s=96&d=mm&r=g\",\"contentUrl\":\"https:\/\/secure.gravatar.com\/avatar\/ecf2eab02e30486a7038f8b2858de06a?s=96&d=mm&r=g\",\"caption\":\"Gabriel Barbosa\"},\"url\":\"https:\/\/www.adf.org.br\/home\/author\/gabriel-aascj\/\"}]}<\/script>\n<!-- \/ Yoast SEO plugin. -->","yoast_head_json":{"title":"\"Obrigado por n\u00e3o me abortar\": Jovem de 23 anos perdoa a sua m\u00e3e que o abandonou ao nascer - Associa\u00e7\u00e3o Devotos de F\u00e1tima","robots":{"index":"index","follow":"follow","max-snippet":"max-snippet:-1","max-image-preview":"max-image-preview:large","max-video-preview":"max-video-preview:-1"},"canonical":"https:\/\/www.adf.org.br\/home\/obrigado-por-nao-me-abortar-jovem-de-23-anos-perdoa-a-sua-mae-que-o-abandonou-ao-nascer\/","og_locale":"pt_BR","og_type":"article","og_title":"\"Obrigado por n\u00e3o me abortar\": Jovem de 23 anos perdoa a sua m\u00e3e que o abandonou ao nascer - Associa\u00e7\u00e3o Devotos de F\u00e1tima","og_description":"Mauricio tem 23 anos e ap\u00f3s ter criado no Facebook um grupo chamado &#8220;Procuro a minha mam\u00e3e&#8221; finalmente a encontrou e p\u00f4de reunir-se com ela que o havia abandonado ao nascer. Suas primeiras palavras \u00e0 mulher que agora tem 50 anos foram: &#8220;Obrigado por ter tido a valentia de bancar-me (me suportar) sete meses e [&hellip;]","og_url":"https:\/\/www.adf.org.br\/home\/obrigado-por-nao-me-abortar-jovem-de-23-anos-perdoa-a-sua-mae-que-o-abandonou-ao-nascer\/","og_site_name":"Associa\u00e7\u00e3o Devotos de F\u00e1tima","article_published_time":"2010-04-23T03:00:03+00:00","article_modified_time":"2020-06-09T14:51:23+00:00","og_image":[{"url":"http:\/\/www.adf.org.br\/home\/wp-content\/uploads\/2010\/04\/mauricio.jpg"}],"twitter_card":"summary_large_image","twitter_misc":{"Escrito por":"Gabriel Barbosa","Est. tempo de leitura":"2 minutos"},"schema":{"@context":"https:\/\/schema.org","@graph":[{"@type":"WebSite","@id":"https:\/\/www.adf.org.br\/home\/#website","url":"https:\/\/www.adf.org.br\/home\/","name":"Associa\u00e7\u00e3o Devotos de F\u00e1tima","description":"Associa\u00e7\u00e3o Devotos de F\u00e1tima","potentialAction":[{"@type":"SearchAction","target":{"@type":"EntryPoint","urlTemplate":"https:\/\/www.adf.org.br\/home\/?s={search_term_string}"},"query-input":"required name=search_term_string"}],"inLanguage":"pt-BR"},{"@type":"ImageObject","@id":"https:\/\/www.adf.org.br\/home\/obrigado-por-nao-me-abortar-jovem-de-23-anos-perdoa-a-sua-mae-que-o-abandonou-ao-nascer\/#primaryimage","inLanguage":"pt-BR","url":"http:\/\/www.adf.org.br\/home\/wp-content\/uploads\/2010\/04\/mauricio.jpg","contentUrl":"http:\/\/www.adf.org.br\/home\/wp-content\/uploads\/2010\/04\/mauricio.jpg"},{"@type":"WebPage","@id":"https:\/\/www.adf.org.br\/home\/obrigado-por-nao-me-abortar-jovem-de-23-anos-perdoa-a-sua-mae-que-o-abandonou-ao-nascer\/#webpage","url":"https:\/\/www.adf.org.br\/home\/obrigado-por-nao-me-abortar-jovem-de-23-anos-perdoa-a-sua-mae-que-o-abandonou-ao-nascer\/","name":"\"Obrigado por n\u00e3o me abortar\": Jovem de 23 anos perdoa a sua m\u00e3e que o abandonou ao nascer - Associa\u00e7\u00e3o Devotos de F\u00e1tima","isPartOf":{"@id":"https:\/\/www.adf.org.br\/home\/#website"},"primaryImageOfPage":{"@id":"https:\/\/www.adf.org.br\/home\/obrigado-por-nao-me-abortar-jovem-de-23-anos-perdoa-a-sua-mae-que-o-abandonou-ao-nascer\/#primaryimage"},"datePublished":"2010-04-23T03:00:03+00:00","dateModified":"2020-06-09T14:51:23+00:00","author":{"@id":"https:\/\/www.adf.org.br\/home\/#\/schema\/person\/affa494ecf91434f3620f5392de44327"},"breadcrumb":{"@id":"https:\/\/www.adf.org.br\/home\/obrigado-por-nao-me-abortar-jovem-de-23-anos-perdoa-a-sua-mae-que-o-abandonou-ao-nascer\/#breadcrumb"},"inLanguage":"pt-BR","potentialAction":[{"@type":"ReadAction","target":["https:\/\/www.adf.org.br\/home\/obrigado-por-nao-me-abortar-jovem-de-23-anos-perdoa-a-sua-mae-que-o-abandonou-ao-nascer\/"]}]},{"@type":"BreadcrumbList","@id":"https:\/\/www.adf.org.br\/home\/obrigado-por-nao-me-abortar-jovem-de-23-anos-perdoa-a-sua-mae-que-o-abandonou-ao-nascer\/#breadcrumb","itemListElement":[{"@type":"ListItem","position":1,"name":"Home","item":"https:\/\/www.adf.org.br\/home\/"},{"@type":"ListItem","position":2,"name":"&#8220;Obrigado por n\u00e3o me abortar&#8221;: Jovem de 23 anos perdoa a sua m\u00e3e que o abandonou ao nascer"}]},{"@type":"Person","@id":"https:\/\/www.adf.org.br\/home\/#\/schema\/person\/affa494ecf91434f3620f5392de44327","name":"Gabriel Barbosa","image":{"@type":"ImageObject","@id":"https:\/\/www.adf.org.br\/home\/#personlogo","inLanguage":"pt-BR","url":"https:\/\/secure.gravatar.com\/avatar\/ecf2eab02e30486a7038f8b2858de06a?s=96&d=mm&r=g","contentUrl":"https:\/\/secure.gravatar.com\/avatar\/ecf2eab02e30486a7038f8b2858de06a?s=96&d=mm&r=g","caption":"Gabriel Barbosa"},"url":"https:\/\/www.adf.org.br\/home\/author\/gabriel-aascj\/"}]}},"_links":{"self":[{"href":"https:\/\/www.adf.org.br\/home\/wp-json\/wp\/v2\/posts\/3958"}],"collection":[{"href":"https:\/\/www.adf.org.br\/home\/wp-json\/wp\/v2\/posts"}],"about":[{"href":"https:\/\/www.adf.org.br\/home\/wp-json\/wp\/v2\/types\/post"}],"author":[{"embeddable":true,"href":"https:\/\/www.adf.org.br\/home\/wp-json\/wp\/v2\/users\/27"}],"replies":[{"embeddable":true,"href":"https:\/\/www.adf.org.br\/home\/wp-json\/wp\/v2\/comments?post=3958"}],"version-history":[{"count":1,"href":"https:\/\/www.adf.org.br\/home\/wp-json\/wp\/v2\/posts\/3958\/revisions"}],"predecessor-version":[{"id":59598,"href":"https:\/\/www.adf.org.br\/home\/wp-json\/wp\/v2\/posts\/3958\/revisions\/59598"}],"wp:attachment":[{"href":"https:\/\/www.adf.org.br\/home\/wp-json\/wp\/v2\/media?parent=3958"}],"wp:term":[{"taxonomy":"category","embeddable":true,"href":"https:\/\/www.adf.org.br\/home\/wp-json\/wp\/v2\/categories?post=3958"},{"taxonomy":"post_tag","embeddable":true,"href":"https:\/\/www.adf.org.br\/home\/wp-json\/wp\/v2\/tags?post=3958"}],"curies":[{"name":"wp","href":"https:\/\/api.w.org\/{rel}","templated":true}]}}