{"id":39555,"date":"2016-05-23T00:00:43","date_gmt":"2016-05-23T03:00:43","guid":{"rendered":"http:\/\/www.adf.org.br\/home\/?p=39555"},"modified":"2016-05-23T00:00:43","modified_gmt":"2016-05-23T03:00:43","slug":"milagre-eucaristico","status":"publish","type":"post","link":"https:\/\/www.adf.org.br\/home\/milagre-eucaristico\/","title":{"rendered":"Mais um Milagre Eucar\u00edstico! M\u00e9dicos comprovam que h\u00f3stia consagrada \u00e9 tecido humano. Confira."},"content":{"rendered":"<figure id=\"attachment_39556\" aria-describedby=\"caption-attachment-39556\" style=\"width: 321px\" class=\"wp-caption aligncenter\"><img loading=\"lazy\" class=\" wp-image-39556 \" title=\"A h\u00f3stia que devia se dissolver come\u00e7ou a transudar sangue e formar carne com apar\u00eancia de humana. Embaixo amplia\u00e7\u00e3o.\" src=\"http:\/\/www.adf.org.br\/home\/wp-content\/uploads\/2016\/05\/A-h\u00f3stia-que-devia-se-dissolver-come\u00e7ou-a-transudar-sangue-e-formar-tecido-foto-acima.-Embaixo-amplia\u00e7\u00e3o-716x1024.jpg\" alt=\"\" width=\"321\" height=\"459\" \/><figcaption id=\"caption-attachment-39556\" class=\"wp-caption-text\">A h\u00f3stia que devia se dissolver come\u00e7ou a transudar sangue e formar carne com apar\u00eancia de humana. Embaixo amplia\u00e7\u00e3o.<\/figcaption><\/figure>\n<p style=\"padding-left: 90px;\"><span style=\"color: #800080;\"><strong><span style=\"font-size: medium; font-family: verdana, geneva;\"><br \/>\n<span style=\"color: #ffffff;\">.<\/span><br \/>\nO bispo de Legnica, na Pol\u00f4nia, Mons. Zbigniew Kiernikowski, proclamou oficialmente um prod\u00edgio do Sant\u00edssimo Sacramento acontecido na igreja de S\u00e3o Jacinto dessa cidade.<\/span><\/strong><\/span><\/p>\n<p><span style=\"font-size: medium; font-family: verdana, geneva; color: #000000;\"><span style=\"font-size: large;\"><strong><span style=\"color: #ffffff;\">.<\/span><br \/>\nE<\/strong><\/span>le autorizou os fi\u00e9is venerarem a h\u00f3stia ensanguentada que, segundo o decreto episcopal, \u201ctem as caracter\u00edsticas que definem um milagre eucar\u00edstico\u201d, informou o site \u201cReligi\u00f3n en Libertad\u201d.<\/span><\/p>\n<p><span style=\"font-size: medium; font-family: verdana, geneva; color: #000000;\">A cidade de Legnica (em alem\u00e3o: Liegnitz, em polon\u00eas: Legnicy) fica na regi\u00e3o da Baixa Sil\u00e9sia, no sudoeste da Pol\u00f4nia.<\/span><\/p>\n<p><strong><span style=\"font-size: medium; font-family: verdana, geneva; color: #000000;\">O milagre aconteceu na Missa de Natal de 2013, quando uma h\u00f3stia consagrada caiu no ch\u00e3o durante a distribui\u00e7\u00e3o da Sagrada Comunh\u00e3o no santu\u00e1rio de San Jacinto.<\/span><\/strong><\/p>\n<p><span style=\"font-size: medium; font-family: verdana, geneva; color: #000000;\">A h\u00f3stia foi recolhida e colocada num recipiente com \u00e1gua (\u201cvasculum\u201d) para se dissolver, como mandam as sapienciais normas can\u00f4nicas nesses casos, nem muitas vezes respeitadas nos dias de hoje.<\/span><\/p>\n<p style=\"padding-left: 90px;\"><span style=\"color: #800080;\"><strong><span style=\"font-size: medium; font-family: verdana, geneva;\"><span style=\"color: #ffffff;\">.<\/span><br \/>\nPor\u00e9m, uma vez na \u00e1gua, apareceu na h\u00f3stia uma mancha vermelha de textura singular, que fazia pensar em tecido humano.<\/span><\/strong><\/span><\/p>\n<p style=\"padding-left: 90px;\"><span style=\"color: #ffffff;\">.<\/span><\/p>\n<figure id=\"attachment_39561\" aria-describedby=\"caption-attachment-39561\" style=\"width: 300px\" class=\"wp-caption alignleft\"><img loading=\"lazy\" class=\"size-medium wp-image-39561\" title=\"O bispo de Legnice proclama o milagre eucar\u00edstico no santu\u00e1rio de S\u00e3o Jacinto\" src=\"http:\/\/www.adf.org.br\/home\/wp-content\/uploads\/2016\/05\/O-bispo-de-Legnice-proclama-o-milagre-eucar\u00edstico-no-santu\u00e1rio-de-S\u00e3o-Jacinto-300x296.jpg\" alt=\"\" width=\"300\" height=\"296\" \/><figcaption id=\"caption-attachment-39561\" class=\"wp-caption-text\">O bispo diocesano proclama o milagre eucar\u00edstico no santu\u00e1rio de S\u00e3o Jacinto.<\/figcaption><\/figure>\n<p><span style=\"font-size: medium; font-family: verdana, geneva; color: #000000;\">O ent\u00e3o bispo de Legnica, Mons. Stefan Cichy, instituiu uma comiss\u00e3o para investigar o acontecido com a sagrada forma.<\/span><\/p>\n<p><span style=\"font-size: medium; font-family: verdana, geneva; color: #000000;\">Em fevereiro de 2014, com a permiss\u00e3o da diocese, um fragmento da h\u00f3stia com aspecto de tecido ensanguentado foi retirado e colocado sobre um corporal.<\/span><\/p>\n<p><span style=\"font-size: medium; font-family: verdana, geneva; color: #000000;\">Depois foram recolhidas amostras para serem analisadas em laborat\u00f3rios de diferentes institutos forenses.<\/span><\/p>\n<p><span style=\"font-size: medium; font-family: verdana, geneva; color: #000000;\"><span style=\"color: #ffffff;\">.<\/span><br \/>\n<span style=\"color: #ffffff;\">.<\/span><br \/>\n<span style=\"color: #ffffff;\">.<\/span><br \/>\n<span style=\"color: #ffffff;\">.<\/span><br \/>\nOs m\u00e9dicos dos Departamentos de Medicina Legal consultados verificaram que os fragmentos recolhidos cont\u00eam c\u00e9lulas de m\u00fasculo estriado transversal semelhantes \u00e0s do m\u00fasculo card\u00edaco.<\/span><\/p>\n<p><span style=\"font-size: medium; font-family: verdana, geneva; color: #000000;\">Segundo o \u201cCatholic Herald\u201d, os testes foram realizados no Departamento de Medicina Legal, em Wroclaw (em alem\u00e3o: Breslau), no in\u00edcio de 2014.<\/span><\/p>\n<p><span style=\"font-size: medium; font-family: verdana, geneva; color: #000000;\">Outro estudo foi realizado posteriormente pelo Departamento de Medicina Legal da Universidade de Medicina da Pomerania, em Szczecin (em alem\u00e3o: Stettin, em portugu\u00eas: Estetino), acrescentou a revista brit\u00e2nica.<\/span><\/p>\n<p><span style=\"font-size: medium; font-family: verdana, geneva; color: #000000;\">Esse laborat\u00f3rio concluiu que \u201cna imagem histopatol\u00f3gica, nos fragmentos (da H\u00f3stia) foram achadas partes fragmentadas de m\u00fasculo estriado transversal. \u00c9 mais semelhante ao m\u00fasculo card\u00edaco.<\/span><\/p>\n<p style=\"padding-left: 90px;\"><span style=\"color: #800080;\"><strong><span style=\"font-size: medium; font-family: verdana, geneva;\"><span style=\"color: #ffffff;\">.<\/span><br \/>\n\u201cOs testes tamb\u00e9m determinaram que o tecido \u00e9 de origem humana, e verificou-se nele sinais de agonia\u201d.<\/span><\/strong><\/span><\/p>\n<p><span style=\"font-size: medium; font-family: verdana, geneva; color: #000000;\"><span style=\"color: #ffffff;\">.<\/span><br \/>\nConsiderando a relev\u00e2ncia dos pareceres m\u00e9dico legais, em janeiro de 2016 D. Kiernikowski encaminhou o caso ao Vaticano, submetendo-o \u00e0 considera\u00e7\u00e3o teol\u00f3gica da Congrega\u00e7\u00e3o para a Doutrina da F\u00e9.<\/span><\/p>\n<p><strong><span style=\"font-size: medium; font-family: verdana, geneva; color: #000000;\">Essa important\u00edssima Congrega\u00e7\u00e3o vaticana declarou-se favor\u00e1vel \u00e0 exposi\u00e7\u00e3o da h\u00f3stia miraculosa \u00e0 venera\u00e7\u00e3o p\u00fablica, e recomendou que se explicassem bem os fatos aos fi\u00e9is.<\/span><\/strong><\/p>\n<p style=\"padding-left: 90px;\"><span style=\"color: #800080;\"><strong><span style=\"font-size: medium; font-family: verdana, geneva;\"><span style=\"color: #ffffff;\">.<\/span><br \/>\nA h\u00f3stia fica exposta numa capela do santu\u00e1rio sob a responsabilidade do p\u00e1roco, Pe. Andrzej Ziombrze.<\/span><\/strong><\/span><\/p>\n<p><span style=\"font-size: medium; font-family: verdana, geneva; color: #000000;\"><span style=\"color: #ffffff;\">.<\/span><br \/>\nNo documento de proclama\u00e7\u00e3o do milagre, o bispo afirma: \u201cEspero que isso sirva para aprofundar a adora\u00e7\u00e3o da Eucaristia e tenha um impacto inconfund\u00edvel na vida das pessoas que se aproximam da rel\u00edquia. Vemos isso como um exemplo maravilhoso, uma express\u00e3o particular da bondade e do amor de Deus\u201d.<\/span><\/p>\n<p><span style=\"font-family: verdana, geneva; font-size: medium; color: #000000;\">A esperan\u00e7a do bispo \u00e9 de grande import\u00e2ncia para a nossa \u00e9poca, quando se pretende entregar a Eucaristia a pecadores p\u00fablicos;<\/span><\/p>\n<p style=\"padding-left: 90px;\"><strong><span style=\"font-family: verdana, geneva; font-size: medium; color: #800080;\"><span style=\"color: #ffffff;\">.<\/span><br \/>\nEsquecendo que n\u2019Ela est\u00e3o verdadeira, real e substancialmente presentes o Corpo, o Sangue, a alma e a divindade de Nosso Senhor Jesus Cristo.<\/span><\/strong><\/p>\n<p style=\"padding-left: 90px;\"><span style=\"color: #ffffff;\">.<\/span><\/p>\n<figure id=\"attachment_39559\" aria-describedby=\"caption-attachment-39559\" style=\"width: 300px\" class=\"wp-caption alignleft\"><img loading=\"lazy\" class=\"size-medium wp-image-39559\" title=\"M\u00e9dicos forenses tiraram amostras, analisaram em laborat\u00f3rios e conclu\u00edram: '\u00e9 tecido muscular humano' como o de um cora\u00e7\u00e3o de um homem em agonia.\" src=\"http:\/\/www.adf.org.br\/home\/wp-content\/uploads\/2016\/05\/M_dicos-forenses-tiraram-amostras-analisaram-em-laborat_rios-e-conclu_ram-_-tecido-muscular-humano-como-o-de-um-cora__o-de-um-homem-em-agonia-300x224.jpg\" alt=\"\" width=\"300\" height=\"224\" \/><figcaption id=\"caption-attachment-39559\" class=\"wp-caption-text\">M\u00e9dicos forenses tiraram amostras, analisaram em laborat\u00f3rios e conclu\u00edram: &#8216;\u00e9 tecido muscular humano&#8217; como o de um cora\u00e7\u00e3o de um homem em agonia.<\/figcaption><\/figure>\n<p><strong><span style=\"font-size: medium; font-family: verdana, geneva; color: #000000;\">No site da par\u00f3quia onde ocorreu o milagre h\u00e1 mais fotos e explica\u00e7\u00f5es, mas s\u00f3 em l\u00edngua polonesa.<\/span><\/strong><\/p>\n<p><span style=\"font-size: medium; font-family: verdana, geneva; color: #000000;\">Obedecendo \u00e0s instru\u00e7\u00f5es do bispo, um livro aberto recolhe no santu\u00e1rio o testemunho das gra\u00e7as recebidas e \u201coutros eventos milagrosos\u201d.<\/span><\/p>\n<p><span style=\"font-size: medium; font-family: verdana, geneva; color: #000000;\">\u00c9 significativo que o milagre tenha acontecido na igreja consagrada a S\u00e3o Jacinto (1185-1257), chamado de \u201cAp\u00f3stolo do Norte\u201d.<\/span><\/p>\n<p><span style=\"font-size: medium; font-family: verdana, geneva; color: #000000;\"><span style=\"color: #ffffff;\">.<\/span><br \/>\n<span style=\"color: #ffffff;\">.<\/span><br \/>\n<strong>O santo foi um religioso dominicano polon\u00eas do s\u00e9culo XIII, grande pregador da Eucaristia e da Adora\u00e7\u00e3o do Sant\u00edssimo Sacramento.<\/strong><\/span><\/p>\n<p style=\"padding-left: 90px;\"><span style=\"font-size: medium; font-family: verdana, geneva; color: #800080;\"><strong><span style=\"color: #ffffff;\">.<\/span><br \/>\nEm 1240, hordas de mong\u00f3is pag\u00e3os invadiram o mundo eslavo em fase de convers\u00e3o, devastando cidades, campos e pilhando as igrejas.<\/strong><\/span><\/p>\n<p><strong><span style=\"font-size: medium; font-family: verdana, geneva; color: #000000;\"><span style=\"color: #ffffff;\">.<\/span><br \/>\nAtacaram ent\u00e3o a cidade de Kiev, hoje capital da Ucr\u00e2nia, onde S\u00e3o Jacinto rezava diante do Sant\u00edssimo Sacramento.<\/span><\/strong><\/p>\n<p><span style=\"font-size: medium; font-family: verdana, geneva; color: #000000;\">Percebendo que a cidade iria cair nas m\u00e3os dos b\u00e1rbaros, ele tirou do sacr\u00e1rio o cib\u00f3rio contendo as sagradas h\u00f3stias do sacr\u00e1rio com a inten\u00e7\u00e3o de fugir e assim salvar as sagradas esp\u00e9cies.<\/span><\/p>\n<p><span style=\"font-size: medium; font-family: verdana, geneva; color: #000000;\">Nessa hora o santo ouviu uma voz, proveniente de uma imagem de Nossa Senhora feita em alabastro:<\/span><\/p>\n<p style=\"padding-left: 60px;\"><span style=\"font-size: medium; font-family: verdana, geneva; color: #000000;\"><span style=\"color: #ffffff;\">.<\/span><br \/>\n<span style=\"color: #800080;\">\u2013 \u201cJacinto, voc\u00ea vai fugir e deixar-me sozinha? Leve-me com voc\u00ea\u201d.<\/span><\/span><\/p>\n<p style=\"padding-left: 60px;\"><span style=\"font-size: medium; font-family: verdana, geneva; color: #0000ff;\">\u2013 \u201cQuerida M\u00e3e, sua est\u00e1tua \u00e9 muito pesada, como poderei lev\u00e1-la?\u201d, disse ele.<\/span><\/p>\n<p style=\"padding-left: 60px;\"><span style=\"font-size: medium; font-family: verdana, geneva; color: #800080;\">\u2013 \u201cMeu Filho vai torn\u00e1-la ligeira, leve-me\u201d, replicou Nossa Senhora.<\/span><\/p>\n<p><span style=\"font-size: medium; font-family: verdana, geneva; color: #000000;\"><span style=\"color: #ffffff;\">.<\/span><br \/>\nE, com efeito, a est\u00e1tua ficou leve como uma pluma. S\u00e3o Jacinto colocou ent\u00e3o o cib\u00f3rio com o Sant\u00edssimo Sacramento e a est\u00e1tua da Virgem sob a sua capa dominicana.<\/span><\/p>\n<p><span style=\"font-size: medium; font-family: verdana, geneva; color: #000000;\">Acompanhado por outros religiosos, conseguiu milagrosamente cruzar o grande rio Dnieper que corta a cidade e atravessar o acampamento dos b\u00e1rbaros mong\u00f3is sem ser detectado.<\/span><\/p>\n<p><strong><span style=\"font-size: medium; font-family: verdana, geneva; color: #000000;\">S\u00e3o Jacinto fundou mosteiros dominicanos na Ucr\u00e2nia e na sua Pol\u00f4nia natal, onde faleceu na cidade de Crac\u00f3via.<\/span><\/strong><\/p>\n<p><span style=\"font-size: medium; font-family: verdana, geneva; color: #000000;\">Mas sua influ\u00eancia n\u00e3o se esgotou nos tempos medievais.<\/span><\/p>\n<p><span style=\"font-size: medium; font-family: verdana, geneva; color: #000000;\">Tr\u00eas s\u00e9culos depois, quando os protestantes apareceram para negar a Presen\u00e7a Real de Jesus Cristo na Eucaristia e se revoltarem furiosamente contra a devo\u00e7\u00e3o a Nossa Senhora;<\/span><\/p>\n<figure id=\"attachment_39565\" aria-describedby=\"caption-attachment-39565\" style=\"width: 300px\" class=\"wp-caption alignleft\"><img loading=\"lazy\" class=\"size-medium wp-image-39565\" title=\"S\u00e3o Jacinto foge de Kiev em chamas salvando a Eucaristia e a imagem de Nossa Senhora. Leandro Bassano (1557-1622), igreja de S\u00e3o Jo\u00e3o e S\u00e3o Paulo, Veneza\" src=\"http:\/\/www.adf.org.br\/home\/wp-content\/uploads\/2016\/05\/San-Jacinto-foge-de-Kiev-em-chamas-salvando-a-Eucarist\u00eda-e-a-imagem-de-Nossa-Senhora-Leandro_Bassano-1557-1622-igreja-de-S\u00e3o-Jo\u00e3o-e-S\u00e3o-Paulo-Veneza-300x211.jpg\" alt=\"\" width=\"300\" height=\"211\" \/><figcaption id=\"caption-attachment-39565\" class=\"wp-caption-text\">S\u00e3o Jacinto foge de Kiev em chamas salvando a Eucaristia e a imagem de Nossa Senhora. Leandro Bassano (1557-1622), igreja de S\u00e3o Jo\u00e3o e S\u00e3o Paulo, Veneza<\/figcaption><\/figure>\n<p><span style=\"font-size: medium; font-family: verdana, geneva; color: #000000;\">O nome e as imagens do religioso, cujo processo de canoniza\u00e7\u00e3o ainda estava em andamento em Roma, multiplicaram-se piedosa e assombrosamente em \u00edcones, pinturas e esculturas.<\/span><\/p>\n<p><span style=\"font-size: medium; font-family: verdana, geneva; color: #000000;\">Foi ent\u00e3o que os Papas aprovaram a difus\u00e3o de sua devo\u00e7\u00e3o. <\/span><\/p>\n<p><span style=\"font-size: medium; font-family: verdana, geneva; color: #000000;\">Ele foi canonizado no dia 17 de abril de 1594 pelo Papa Clemente VIII. O Papa Inoc\u00eancio XI nomeou-o padroeiro da Litu\u00e2nia.<\/span><\/p>\n<p><span style=\"font-size: medium; font-family: verdana, geneva; color: #000000;\"><span style=\"color: #ffffff;\">.<\/span><br \/>\nOs devotos de S\u00e3o Jacinto sublinham que o bispo diocesano aprovou o milagre eucar\u00edstico acima descrito no dia 17 de abril de 2016, anivers\u00e1rio da canoniza\u00e7\u00e3o do santo.<\/span><\/p>\n<p><span style=\"font-size: medium; font-family: verdana, geneva; color: #000000;\">Ele \u00e9 apresentando com uma grande est\u00e1tua da Virgem numa m\u00e3o e um belo ostens\u00f3rio eucar\u00edstico na outra, atravessando miraculosamente o rio e o acampamento dos b\u00e1rbaros.<\/span><\/p>\n<p><span style=\"font-size: medium; font-family: verdana, geneva; color: #000000;\">S\u00e3o Jacinto \u00e9 mundialmente cultuado pelos seus milagres e pelo exemplo heroico de arriscar sua vida para n\u00e3o permitir que a Eucaristia fosse objeto de sacril\u00e9gio ou profana\u00e7\u00e3o por aqueles que n\u00e3o s\u00e3o dignos.<\/span><\/p>\n<p><span style=\"font-size: medium; font-family: verdana, geneva; color: #ffffff;\">.<\/span><br \/>\n<span style=\"font-size: medium; font-family: verdana, geneva; color: #ffffff;\">.<\/span><br \/>\n<em><span style=\"font-size: medium; font-family: verdana, geneva; color: #000000;\">Fonte:\u00a0<a href=\"http:\/\/cienciaconfirmaigreja.blogspot.com.br\/2016\/05\/milagre-eucaristico-de-legnice-para.html\" target=\"_blank\" rel=\"noopener noreferrer\">http:\/\/cienciaconfirmaigreja.blogspot.com.br\/2016\/05\/milagre-eucaristico-de-legnice-para.html<\/a><\/span><\/em><\/p>\n<p style=\"text-align: center;\"><span style=\"font-size: medium; font-family: verdana, geneva; color: #ffffff;\">.<\/span><br \/>\n<span style=\"font-size: medium; font-family: verdana, geneva; color: #000000;\"><strong>* \u00a0* \u00a0*<\/strong><\/span><\/p>\n<p style=\"text-align: center;\"><span style=\"color: #ffffff; font-size: medium; font-family: verdana, geneva;\">.\u00a0<\/span><\/p>\n<p style=\"text-align: center;\"><span style=\"color: #800080; font-size: medium; font-family: verdana, geneva;\">Ligue agora para nossa Central de Ora\u00e7\u00f5es e inclua seus pedidos na\u00a0<strong>Santa Missa de S\u00faplicas!<\/strong>\u00a0<\/span><\/p>\n<p style=\"text-align: center;\"><span style=\"color: #ffffff; font-size: medium; font-family: verdana, geneva;\">.<\/span><br \/>\n<span style=\"color: #ffffff; font-size: medium; font-family: verdana, geneva;\">.<\/span><br \/>\n<span style=\"color: #000000; font-size: large; font-family: verdana, geneva;\"><strong>Ligue agora para:<\/strong><\/span><\/p>\n<p style=\"text-align: center;\"><span style=\"color: #ffffff; font-size: medium; font-family: verdana, geneva;\"><strong>.<\/strong><\/span><br \/>\n<span style=\"color: #800080; font-size: xx-large; font-family: verdana, geneva;\"><strong>0800 773 11 19<\/strong><\/span><br \/>\n<span style=\"color: #800080; font-size: medium; font-family: verdana, geneva;\"><strong>(gr\u00e1tis para todo o Brasil)<\/strong><\/span><\/p>\n<p style=\"text-align: center;\"><span style=\"color: #ffffff; font-size: medium; font-family: verdana, geneva;\">.<\/span><br \/>\n<span style=\"color: #ffffff; font-size: medium; font-family: verdana, geneva;\">.\u00a0<\/span><\/p>\n","protected":false},"excerpt":{"rendered":"<p>O bispo de Legnica, na Pol\u00f4nia, Mons. Zbigniew Kiernikowski, proclamou oficialmente um prod\u00edgio do Sant\u00edssimo Sacramento acontecido na igreja de S\u00e3o Jacinto dessa cidade.<\/p>\n","protected":false},"author":31,"featured_media":0,"comment_status":"open","ping_status":"open","sticky":false,"template":"","format":"standard","meta":[],"categories":[20],"tags":[1948,517,26],"yoast_head":"<!-- This site is optimized with the Yoast SEO plugin v17.4 - https:\/\/yoast.com\/wordpress\/plugins\/seo\/ -->\n<title>Mais um Milagre Eucar\u00edstico! M\u00e9dicos comprovam que h\u00f3stia consagrada \u00e9 tecido humano. Confira. - Associa\u00e7\u00e3o Devotos de F\u00e1tima<\/title>\n<meta name=\"robots\" content=\"index, follow, max-snippet:-1, max-image-preview:large, max-video-preview:-1\" \/>\n<link rel=\"canonical\" href=\"https:\/\/www.adf.org.br\/home\/milagre-eucaristico\/\" \/>\n<meta property=\"og:locale\" content=\"pt_BR\" \/>\n<meta property=\"og:type\" content=\"article\" \/>\n<meta property=\"og:title\" content=\"Mais um Milagre Eucar\u00edstico! M\u00e9dicos comprovam que h\u00f3stia consagrada \u00e9 tecido humano. Confira. - Associa\u00e7\u00e3o Devotos de F\u00e1tima\" \/>\n<meta property=\"og:description\" content=\"O bispo de Legnica, na Pol\u00f4nia, Mons. Zbigniew Kiernikowski, proclamou oficialmente um prod\u00edgio do Sant\u00edssimo Sacramento acontecido na igreja de S\u00e3o Jacinto dessa cidade.\" \/>\n<meta property=\"og:url\" content=\"https:\/\/www.adf.org.br\/home\/milagre-eucaristico\/\" \/>\n<meta property=\"og:site_name\" content=\"Associa\u00e7\u00e3o Devotos de F\u00e1tima\" \/>\n<meta property=\"article:published_time\" content=\"2016-05-23T03:00:43+00:00\" \/>\n<meta property=\"og:image\" content=\"http:\/\/www.adf.org.br\/home\/wp-content\/uploads\/2016\/05\/A-h\u00f3stia-que-devia-se-dissolver-come\u00e7ou-a-transudar-sangue-e-formar-tecido-foto-acima.-Embaixo-amplia\u00e7\u00e3o-716x1024.jpg\" \/>\n<meta name=\"twitter:card\" content=\"summary_large_image\" \/>\n<meta name=\"twitter:label1\" content=\"Escrito por\" \/>\n\t<meta name=\"twitter:data1\" content=\"Gabriel Barbosa\" \/>\n\t<meta name=\"twitter:label2\" content=\"Est. tempo de leitura\" \/>\n\t<meta name=\"twitter:data2\" content=\"6 minutos\" \/>\n<script type=\"application\/ld+json\" class=\"yoast-schema-graph\">{\"@context\":\"https:\/\/schema.org\",\"@graph\":[{\"@type\":\"WebSite\",\"@id\":\"https:\/\/www.adf.org.br\/home\/#website\",\"url\":\"https:\/\/www.adf.org.br\/home\/\",\"name\":\"Associa\\u00e7\\u00e3o Devotos de F\\u00e1tima\",\"description\":\"Associa\\u00e7\\u00e3o Devotos de F\\u00e1tima\",\"potentialAction\":[{\"@type\":\"SearchAction\",\"target\":{\"@type\":\"EntryPoint\",\"urlTemplate\":\"https:\/\/www.adf.org.br\/home\/?s={search_term_string}\"},\"query-input\":\"required name=search_term_string\"}],\"inLanguage\":\"pt-BR\"},{\"@type\":\"ImageObject\",\"@id\":\"https:\/\/www.adf.org.br\/home\/milagre-eucaristico\/#primaryimage\",\"inLanguage\":\"pt-BR\",\"url\":\"http:\/\/www.adf.org.br\/home\/wp-content\/uploads\/2016\/05\/A-h\\u00f3stia-que-devia-se-dissolver-come\\u00e7ou-a-transudar-sangue-e-formar-tecido-foto-acima.-Embaixo-amplia\\u00e7\\u00e3o-716x1024.jpg\",\"contentUrl\":\"http:\/\/www.adf.org.br\/home\/wp-content\/uploads\/2016\/05\/A-h\\u00f3stia-que-devia-se-dissolver-come\\u00e7ou-a-transudar-sangue-e-formar-tecido-foto-acima.-Embaixo-amplia\\u00e7\\u00e3o-716x1024.jpg\"},{\"@type\":\"WebPage\",\"@id\":\"https:\/\/www.adf.org.br\/home\/milagre-eucaristico\/#webpage\",\"url\":\"https:\/\/www.adf.org.br\/home\/milagre-eucaristico\/\",\"name\":\"Mais um Milagre Eucar\\u00edstico! M\\u00e9dicos comprovam que h\\u00f3stia consagrada \\u00e9 tecido humano. Confira. - Associa\\u00e7\\u00e3o Devotos de F\\u00e1tima\",\"isPartOf\":{\"@id\":\"https:\/\/www.adf.org.br\/home\/#website\"},\"primaryImageOfPage\":{\"@id\":\"https:\/\/www.adf.org.br\/home\/milagre-eucaristico\/#primaryimage\"},\"datePublished\":\"2016-05-23T03:00:43+00:00\",\"dateModified\":\"2016-05-23T03:00:43+00:00\",\"author\":{\"@id\":\"https:\/\/www.adf.org.br\/home\/#\/schema\/person\/f35a5c5aa7728a3dedf4ea9aa1fc2753\"},\"breadcrumb\":{\"@id\":\"https:\/\/www.adf.org.br\/home\/milagre-eucaristico\/#breadcrumb\"},\"inLanguage\":\"pt-BR\",\"potentialAction\":[{\"@type\":\"ReadAction\",\"target\":[\"https:\/\/www.adf.org.br\/home\/milagre-eucaristico\/\"]}]},{\"@type\":\"BreadcrumbList\",\"@id\":\"https:\/\/www.adf.org.br\/home\/milagre-eucaristico\/#breadcrumb\",\"itemListElement\":[{\"@type\":\"ListItem\",\"position\":1,\"name\":\"Home\",\"item\":\"https:\/\/www.adf.org.br\/home\/\"},{\"@type\":\"ListItem\",\"position\":2,\"name\":\"Mais um Milagre Eucar\\u00edstico! M\\u00e9dicos comprovam que h\\u00f3stia consagrada \\u00e9 tecido humano. Confira.\"}]},{\"@type\":\"Person\",\"@id\":\"https:\/\/www.adf.org.br\/home\/#\/schema\/person\/f35a5c5aa7728a3dedf4ea9aa1fc2753\",\"name\":\"Gabriel Barbosa\",\"image\":{\"@type\":\"ImageObject\",\"@id\":\"https:\/\/www.adf.org.br\/home\/#personlogo\",\"inLanguage\":\"pt-BR\",\"url\":\"https:\/\/secure.gravatar.com\/avatar\/2b2cb2f4637682c5605e8d36818f51ef?s=96&d=mm&r=g\",\"contentUrl\":\"https:\/\/secure.gravatar.com\/avatar\/2b2cb2f4637682c5605e8d36818f51ef?s=96&d=mm&r=g\",\"caption\":\"Gabriel Barbosa\"},\"url\":\"https:\/\/www.adf.org.br\/home\/author\/gabrielpmk-com-br\/\"}]}<\/script>\n<!-- \/ Yoast SEO plugin. -->","yoast_head_json":{"title":"Mais um Milagre Eucar\u00edstico! M\u00e9dicos comprovam que h\u00f3stia consagrada \u00e9 tecido humano. Confira. - Associa\u00e7\u00e3o Devotos de F\u00e1tima","robots":{"index":"index","follow":"follow","max-snippet":"max-snippet:-1","max-image-preview":"max-image-preview:large","max-video-preview":"max-video-preview:-1"},"canonical":"https:\/\/www.adf.org.br\/home\/milagre-eucaristico\/","og_locale":"pt_BR","og_type":"article","og_title":"Mais um Milagre Eucar\u00edstico! M\u00e9dicos comprovam que h\u00f3stia consagrada \u00e9 tecido humano. Confira. - Associa\u00e7\u00e3o Devotos de F\u00e1tima","og_description":"O bispo de Legnica, na Pol\u00f4nia, Mons. Zbigniew Kiernikowski, proclamou oficialmente um prod\u00edgio do Sant\u00edssimo Sacramento acontecido na igreja de S\u00e3o Jacinto dessa cidade.","og_url":"https:\/\/www.adf.org.br\/home\/milagre-eucaristico\/","og_site_name":"Associa\u00e7\u00e3o Devotos de F\u00e1tima","article_published_time":"2016-05-23T03:00:43+00:00","og_image":[{"url":"http:\/\/www.adf.org.br\/home\/wp-content\/uploads\/2016\/05\/A-h\u00f3stia-que-devia-se-dissolver-come\u00e7ou-a-transudar-sangue-e-formar-tecido-foto-acima.-Embaixo-amplia\u00e7\u00e3o-716x1024.jpg"}],"twitter_card":"summary_large_image","twitter_misc":{"Escrito por":"Gabriel Barbosa","Est. tempo de leitura":"6 minutos"},"schema":{"@context":"https:\/\/schema.org","@graph":[{"@type":"WebSite","@id":"https:\/\/www.adf.org.br\/home\/#website","url":"https:\/\/www.adf.org.br\/home\/","name":"Associa\u00e7\u00e3o Devotos de F\u00e1tima","description":"Associa\u00e7\u00e3o Devotos de F\u00e1tima","potentialAction":[{"@type":"SearchAction","target":{"@type":"EntryPoint","urlTemplate":"https:\/\/www.adf.org.br\/home\/?s={search_term_string}"},"query-input":"required name=search_term_string"}],"inLanguage":"pt-BR"},{"@type":"ImageObject","@id":"https:\/\/www.adf.org.br\/home\/milagre-eucaristico\/#primaryimage","inLanguage":"pt-BR","url":"http:\/\/www.adf.org.br\/home\/wp-content\/uploads\/2016\/05\/A-h\u00f3stia-que-devia-se-dissolver-come\u00e7ou-a-transudar-sangue-e-formar-tecido-foto-acima.-Embaixo-amplia\u00e7\u00e3o-716x1024.jpg","contentUrl":"http:\/\/www.adf.org.br\/home\/wp-content\/uploads\/2016\/05\/A-h\u00f3stia-que-devia-se-dissolver-come\u00e7ou-a-transudar-sangue-e-formar-tecido-foto-acima.-Embaixo-amplia\u00e7\u00e3o-716x1024.jpg"},{"@type":"WebPage","@id":"https:\/\/www.adf.org.br\/home\/milagre-eucaristico\/#webpage","url":"https:\/\/www.adf.org.br\/home\/milagre-eucaristico\/","name":"Mais um Milagre Eucar\u00edstico! M\u00e9dicos comprovam que h\u00f3stia consagrada \u00e9 tecido humano. Confira. - Associa\u00e7\u00e3o Devotos de F\u00e1tima","isPartOf":{"@id":"https:\/\/www.adf.org.br\/home\/#website"},"primaryImageOfPage":{"@id":"https:\/\/www.adf.org.br\/home\/milagre-eucaristico\/#primaryimage"},"datePublished":"2016-05-23T03:00:43+00:00","dateModified":"2016-05-23T03:00:43+00:00","author":{"@id":"https:\/\/www.adf.org.br\/home\/#\/schema\/person\/f35a5c5aa7728a3dedf4ea9aa1fc2753"},"breadcrumb":{"@id":"https:\/\/www.adf.org.br\/home\/milagre-eucaristico\/#breadcrumb"},"inLanguage":"pt-BR","potentialAction":[{"@type":"ReadAction","target":["https:\/\/www.adf.org.br\/home\/milagre-eucaristico\/"]}]},{"@type":"BreadcrumbList","@id":"https:\/\/www.adf.org.br\/home\/milagre-eucaristico\/#breadcrumb","itemListElement":[{"@type":"ListItem","position":1,"name":"Home","item":"https:\/\/www.adf.org.br\/home\/"},{"@type":"ListItem","position":2,"name":"Mais um Milagre Eucar\u00edstico! M\u00e9dicos comprovam que h\u00f3stia consagrada \u00e9 tecido humano. Confira."}]},{"@type":"Person","@id":"https:\/\/www.adf.org.br\/home\/#\/schema\/person\/f35a5c5aa7728a3dedf4ea9aa1fc2753","name":"Gabriel Barbosa","image":{"@type":"ImageObject","@id":"https:\/\/www.adf.org.br\/home\/#personlogo","inLanguage":"pt-BR","url":"https:\/\/secure.gravatar.com\/avatar\/2b2cb2f4637682c5605e8d36818f51ef?s=96&d=mm&r=g","contentUrl":"https:\/\/secure.gravatar.com\/avatar\/2b2cb2f4637682c5605e8d36818f51ef?s=96&d=mm&r=g","caption":"Gabriel Barbosa"},"url":"https:\/\/www.adf.org.br\/home\/author\/gabrielpmk-com-br\/"}]}},"_links":{"self":[{"href":"https:\/\/www.adf.org.br\/home\/wp-json\/wp\/v2\/posts\/39555"}],"collection":[{"href":"https:\/\/www.adf.org.br\/home\/wp-json\/wp\/v2\/posts"}],"about":[{"href":"https:\/\/www.adf.org.br\/home\/wp-json\/wp\/v2\/types\/post"}],"author":[{"embeddable":true,"href":"https:\/\/www.adf.org.br\/home\/wp-json\/wp\/v2\/users\/31"}],"replies":[{"embeddable":true,"href":"https:\/\/www.adf.org.br\/home\/wp-json\/wp\/v2\/comments?post=39555"}],"version-history":[{"count":0,"href":"https:\/\/www.adf.org.br\/home\/wp-json\/wp\/v2\/posts\/39555\/revisions"}],"wp:attachment":[{"href":"https:\/\/www.adf.org.br\/home\/wp-json\/wp\/v2\/media?parent=39555"}],"wp:term":[{"taxonomy":"category","embeddable":true,"href":"https:\/\/www.adf.org.br\/home\/wp-json\/wp\/v2\/categories?post=39555"},{"taxonomy":"post_tag","embeddable":true,"href":"https:\/\/www.adf.org.br\/home\/wp-json\/wp\/v2\/tags?post=39555"}],"curies":[{"name":"wp","href":"https:\/\/api.w.org\/{rel}","templated":true}]}}