{"id":39515,"date":"2016-05-17T00:00:54","date_gmt":"2016-05-17T03:00:54","guid":{"rendered":"http:\/\/www.adf.org.br\/home\/?p=39515"},"modified":"2016-05-17T00:00:54","modified_gmt":"2016-05-17T03:00:54","slug":"o-que-essa-moca-fez-foi-algo-incrivel-veja-o-video","status":"publish","type":"post","link":"https:\/\/www.adf.org.br\/home\/o-que-essa-moca-fez-foi-algo-incrivel-veja-o-video\/","title":{"rendered":"O que essa mo\u00e7a fez foi algo incr\u00edvel! Veja o v\u00eddeo."},"content":{"rendered":"<h2 style=\"padding-left: 90px;\"><\/h2>\n<figure id=\"attachment_39522\" aria-describedby=\"caption-attachment-39522\" style=\"width: 427px\" class=\"wp-caption aligncenter\"><img loading=\"lazy\" class=\" wp-image-39522 \" title=\"Diga n\u00e3o ao aborto\" src=\"http:\/\/www.adf.org.br\/home\/wp-content\/uploads\/2016\/05\/Diga-n\u00e3o-ao-aborto.jpg\" alt=\"\" width=\"427\" height=\"244\" \/><figcaption id=\"caption-attachment-39522\" class=\"wp-caption-text\">Diga n\u00e3o ao aborto<\/figcaption><\/figure>\n<h2 style=\"padding-left: 90px;\"><span style=\"color: #800000;\"><strong><span style=\"font-size: medium; font-family: verdana, geneva;\"><span style=\"color: #ff6600;\"><br \/>\n<span style=\"color: #ffffff;\">.<\/span><\/span><br \/>\n<span style=\"color: #800080;\">Durante um confer\u00eancia, o tema discutido era o aborto.<\/span><\/span><\/strong><\/span><\/h2>\n<p><span style=\"font-size: medium; font-family: verdana, geneva; color: #000000;\"><span style=\"color: #ffffff;\">.<\/span><br \/>\n<span style=\"font-size: large;\"><strong>U<\/strong><\/span>ma ex deputada do parlamento dinamarqu\u00eas que \u00e9 favor\u00e1vel ao aborto faz um discurso asqueroso sobre a maternidade na \u00c1frica.<\/span><\/p>\n<p><strong><span style=\"font-size: medium; font-family: verdana, geneva; color: #000000;\">O que n\u00e3o esperava era receber uma resposta espetacular de uma mulher Cat\u00f3lica africana que \u00e9 contra o Aborto.<\/span><\/strong><\/p>\n<p><span style=\"font-size: medium; font-family: verdana, geneva; color: #000000;\">De o play e confira na \u00edntegra o que ela disse:<\/span><\/p>\n<p><span style=\"color: #ffffff;\">.<\/span><\/p>\n<p style=\"padding-left: 30px;\"><iframe loading=\"lazy\" src=\"https:\/\/www.youtube.com\/embed\/7uLkMEW-QbI\" width=\"560\" height=\"315\" frameborder=\"0\"><\/iframe><\/p>\n<p style=\"text-align: center;\"><span style=\"color: #ffffff;\"><strong><span style=\"font-size: medium; font-family: verdana, geneva;\">.<\/span><\/strong><\/span><br \/>\n<span style=\"color: #ffffff;\"><strong><span style=\"font-size: medium; font-family: verdana, geneva;\">.<\/span><\/strong><\/span><br \/>\n<strong><span style=\"color: #000000; font-size: medium; font-family: verdana, geneva;\">* \u00a0* \u00a0*<\/span><\/strong><\/p>\n<p style=\"text-align: center;\"><span style=\"color: #ffffff;\"><strong><span style=\"font-size: medium; font-family: verdana, geneva;\">.<\/span><\/strong><\/span><br \/>\n<span style=\"color: #ffffff;\"><strong><span style=\"font-size: medium; font-family: verdana, geneva;\">.\u00a0<\/span><\/strong><\/span><\/p>\n","protected":false},"excerpt":{"rendered":"<p>Durante um confer\u00eancia, o tema discutido era o aborto.<\/p>\n","protected":false},"author":31,"featured_media":0,"comment_status":"open","ping_status":"open","sticky":false,"template":"","format":"standard","meta":[],"categories":[20],"tags":[436,83,193],"yoast_head":"<!-- This site is optimized with the Yoast SEO plugin v17.4 - https:\/\/yoast.com\/wordpress\/plugins\/seo\/ -->\n<title>O que essa mo\u00e7a fez foi algo incr\u00edvel! Veja o v\u00eddeo. - Associa\u00e7\u00e3o Devotos de F\u00e1tima<\/title>\n<meta name=\"robots\" content=\"index, follow, max-snippet:-1, max-image-preview:large, max-video-preview:-1\" \/>\n<link rel=\"canonical\" href=\"https:\/\/www.adf.org.br\/home\/o-que-essa-moca-fez-foi-algo-incrivel-veja-o-video\/\" \/>\n<meta property=\"og:locale\" content=\"pt_BR\" \/>\n<meta property=\"og:type\" content=\"article\" \/>\n<meta property=\"og:title\" content=\"O que essa mo\u00e7a fez foi algo incr\u00edvel! Veja o v\u00eddeo. - Associa\u00e7\u00e3o Devotos de F\u00e1tima\" \/>\n<meta property=\"og:description\" content=\"Durante um confer\u00eancia, o tema discutido era o aborto.\" \/>\n<meta property=\"og:url\" content=\"https:\/\/www.adf.org.br\/home\/o-que-essa-moca-fez-foi-algo-incrivel-veja-o-video\/\" \/>\n<meta property=\"og:site_name\" content=\"Associa\u00e7\u00e3o Devotos de F\u00e1tima\" \/>\n<meta property=\"article:published_time\" content=\"2016-05-17T03:00:54+00:00\" \/>\n<meta property=\"og:image\" content=\"http:\/\/www.adf.org.br\/home\/wp-content\/uploads\/2016\/05\/Diga-n\u00e3o-ao-aborto.jpg\" \/>\n<meta name=\"twitter:card\" content=\"summary_large_image\" \/>\n<meta name=\"twitter:label1\" content=\"Escrito por\" \/>\n\t<meta name=\"twitter:data1\" content=\"Gabriel Barbosa\" \/>\n<script type=\"application\/ld+json\" class=\"yoast-schema-graph\">{\"@context\":\"https:\/\/schema.org\",\"@graph\":[{\"@type\":\"WebSite\",\"@id\":\"https:\/\/www.adf.org.br\/home\/#website\",\"url\":\"https:\/\/www.adf.org.br\/home\/\",\"name\":\"Associa\\u00e7\\u00e3o Devotos de F\\u00e1tima\",\"description\":\"Associa\\u00e7\\u00e3o Devotos de F\\u00e1tima\",\"potentialAction\":[{\"@type\":\"SearchAction\",\"target\":{\"@type\":\"EntryPoint\",\"urlTemplate\":\"https:\/\/www.adf.org.br\/home\/?s={search_term_string}\"},\"query-input\":\"required name=search_term_string\"}],\"inLanguage\":\"pt-BR\"},{\"@type\":\"ImageObject\",\"@id\":\"https:\/\/www.adf.org.br\/home\/o-que-essa-moca-fez-foi-algo-incrivel-veja-o-video\/#primaryimage\",\"inLanguage\":\"pt-BR\",\"url\":\"http:\/\/www.adf.org.br\/home\/wp-content\/uploads\/2016\/05\/Diga-n\\u00e3o-ao-aborto.jpg\",\"contentUrl\":\"http:\/\/www.adf.org.br\/home\/wp-content\/uploads\/2016\/05\/Diga-n\\u00e3o-ao-aborto.jpg\"},{\"@type\":\"WebPage\",\"@id\":\"https:\/\/www.adf.org.br\/home\/o-que-essa-moca-fez-foi-algo-incrivel-veja-o-video\/#webpage\",\"url\":\"https:\/\/www.adf.org.br\/home\/o-que-essa-moca-fez-foi-algo-incrivel-veja-o-video\/\",\"name\":\"O que essa mo\\u00e7a fez foi algo incr\\u00edvel! Veja o v\\u00eddeo. - Associa\\u00e7\\u00e3o Devotos de F\\u00e1tima\",\"isPartOf\":{\"@id\":\"https:\/\/www.adf.org.br\/home\/#website\"},\"primaryImageOfPage\":{\"@id\":\"https:\/\/www.adf.org.br\/home\/o-que-essa-moca-fez-foi-algo-incrivel-veja-o-video\/#primaryimage\"},\"datePublished\":\"2016-05-17T03:00:54+00:00\",\"dateModified\":\"2016-05-17T03:00:54+00:00\",\"author\":{\"@id\":\"https:\/\/www.adf.org.br\/home\/#\/schema\/person\/f35a5c5aa7728a3dedf4ea9aa1fc2753\"},\"breadcrumb\":{\"@id\":\"https:\/\/www.adf.org.br\/home\/o-que-essa-moca-fez-foi-algo-incrivel-veja-o-video\/#breadcrumb\"},\"inLanguage\":\"pt-BR\",\"potentialAction\":[{\"@type\":\"ReadAction\",\"target\":[\"https:\/\/www.adf.org.br\/home\/o-que-essa-moca-fez-foi-algo-incrivel-veja-o-video\/\"]}]},{\"@type\":\"BreadcrumbList\",\"@id\":\"https:\/\/www.adf.org.br\/home\/o-que-essa-moca-fez-foi-algo-incrivel-veja-o-video\/#breadcrumb\",\"itemListElement\":[{\"@type\":\"ListItem\",\"position\":1,\"name\":\"Home\",\"item\":\"https:\/\/www.adf.org.br\/home\/\"},{\"@type\":\"ListItem\",\"position\":2,\"name\":\"O que essa mo\\u00e7a fez foi algo incr\\u00edvel! Veja o v\\u00eddeo.\"}]},{\"@type\":\"Person\",\"@id\":\"https:\/\/www.adf.org.br\/home\/#\/schema\/person\/f35a5c5aa7728a3dedf4ea9aa1fc2753\",\"name\":\"Gabriel Barbosa\",\"image\":{\"@type\":\"ImageObject\",\"@id\":\"https:\/\/www.adf.org.br\/home\/#personlogo\",\"inLanguage\":\"pt-BR\",\"url\":\"https:\/\/secure.gravatar.com\/avatar\/2b2cb2f4637682c5605e8d36818f51ef?s=96&d=mm&r=g\",\"contentUrl\":\"https:\/\/secure.gravatar.com\/avatar\/2b2cb2f4637682c5605e8d36818f51ef?s=96&d=mm&r=g\",\"caption\":\"Gabriel Barbosa\"},\"url\":\"https:\/\/www.adf.org.br\/home\/author\/gabrielpmk-com-br\/\"}]}<\/script>\n<!-- \/ Yoast SEO plugin. -->","yoast_head_json":{"title":"O que essa mo\u00e7a fez foi algo incr\u00edvel! Veja o v\u00eddeo. - Associa\u00e7\u00e3o Devotos de F\u00e1tima","robots":{"index":"index","follow":"follow","max-snippet":"max-snippet:-1","max-image-preview":"max-image-preview:large","max-video-preview":"max-video-preview:-1"},"canonical":"https:\/\/www.adf.org.br\/home\/o-que-essa-moca-fez-foi-algo-incrivel-veja-o-video\/","og_locale":"pt_BR","og_type":"article","og_title":"O que essa mo\u00e7a fez foi algo incr\u00edvel! Veja o v\u00eddeo. - Associa\u00e7\u00e3o Devotos de F\u00e1tima","og_description":"Durante um confer\u00eancia, o tema discutido era o aborto.","og_url":"https:\/\/www.adf.org.br\/home\/o-que-essa-moca-fez-foi-algo-incrivel-veja-o-video\/","og_site_name":"Associa\u00e7\u00e3o Devotos de F\u00e1tima","article_published_time":"2016-05-17T03:00:54+00:00","og_image":[{"url":"http:\/\/www.adf.org.br\/home\/wp-content\/uploads\/2016\/05\/Diga-n\u00e3o-ao-aborto.jpg"}],"twitter_card":"summary_large_image","twitter_misc":{"Escrito por":"Gabriel Barbosa"},"schema":{"@context":"https:\/\/schema.org","@graph":[{"@type":"WebSite","@id":"https:\/\/www.adf.org.br\/home\/#website","url":"https:\/\/www.adf.org.br\/home\/","name":"Associa\u00e7\u00e3o Devotos de F\u00e1tima","description":"Associa\u00e7\u00e3o Devotos de F\u00e1tima","potentialAction":[{"@type":"SearchAction","target":{"@type":"EntryPoint","urlTemplate":"https:\/\/www.adf.org.br\/home\/?s={search_term_string}"},"query-input":"required name=search_term_string"}],"inLanguage":"pt-BR"},{"@type":"ImageObject","@id":"https:\/\/www.adf.org.br\/home\/o-que-essa-moca-fez-foi-algo-incrivel-veja-o-video\/#primaryimage","inLanguage":"pt-BR","url":"http:\/\/www.adf.org.br\/home\/wp-content\/uploads\/2016\/05\/Diga-n\u00e3o-ao-aborto.jpg","contentUrl":"http:\/\/www.adf.org.br\/home\/wp-content\/uploads\/2016\/05\/Diga-n\u00e3o-ao-aborto.jpg"},{"@type":"WebPage","@id":"https:\/\/www.adf.org.br\/home\/o-que-essa-moca-fez-foi-algo-incrivel-veja-o-video\/#webpage","url":"https:\/\/www.adf.org.br\/home\/o-que-essa-moca-fez-foi-algo-incrivel-veja-o-video\/","name":"O que essa mo\u00e7a fez foi algo incr\u00edvel! Veja o v\u00eddeo. - Associa\u00e7\u00e3o Devotos de F\u00e1tima","isPartOf":{"@id":"https:\/\/www.adf.org.br\/home\/#website"},"primaryImageOfPage":{"@id":"https:\/\/www.adf.org.br\/home\/o-que-essa-moca-fez-foi-algo-incrivel-veja-o-video\/#primaryimage"},"datePublished":"2016-05-17T03:00:54+00:00","dateModified":"2016-05-17T03:00:54+00:00","author":{"@id":"https:\/\/www.adf.org.br\/home\/#\/schema\/person\/f35a5c5aa7728a3dedf4ea9aa1fc2753"},"breadcrumb":{"@id":"https:\/\/www.adf.org.br\/home\/o-que-essa-moca-fez-foi-algo-incrivel-veja-o-video\/#breadcrumb"},"inLanguage":"pt-BR","potentialAction":[{"@type":"ReadAction","target":["https:\/\/www.adf.org.br\/home\/o-que-essa-moca-fez-foi-algo-incrivel-veja-o-video\/"]}]},{"@type":"BreadcrumbList","@id":"https:\/\/www.adf.org.br\/home\/o-que-essa-moca-fez-foi-algo-incrivel-veja-o-video\/#breadcrumb","itemListElement":[{"@type":"ListItem","position":1,"name":"Home","item":"https:\/\/www.adf.org.br\/home\/"},{"@type":"ListItem","position":2,"name":"O que essa mo\u00e7a fez foi algo incr\u00edvel! Veja o v\u00eddeo."}]},{"@type":"Person","@id":"https:\/\/www.adf.org.br\/home\/#\/schema\/person\/f35a5c5aa7728a3dedf4ea9aa1fc2753","name":"Gabriel Barbosa","image":{"@type":"ImageObject","@id":"https:\/\/www.adf.org.br\/home\/#personlogo","inLanguage":"pt-BR","url":"https:\/\/secure.gravatar.com\/avatar\/2b2cb2f4637682c5605e8d36818f51ef?s=96&d=mm&r=g","contentUrl":"https:\/\/secure.gravatar.com\/avatar\/2b2cb2f4637682c5605e8d36818f51ef?s=96&d=mm&r=g","caption":"Gabriel Barbosa"},"url":"https:\/\/www.adf.org.br\/home\/author\/gabrielpmk-com-br\/"}]}},"_links":{"self":[{"href":"https:\/\/www.adf.org.br\/home\/wp-json\/wp\/v2\/posts\/39515"}],"collection":[{"href":"https:\/\/www.adf.org.br\/home\/wp-json\/wp\/v2\/posts"}],"about":[{"href":"https:\/\/www.adf.org.br\/home\/wp-json\/wp\/v2\/types\/post"}],"author":[{"embeddable":true,"href":"https:\/\/www.adf.org.br\/home\/wp-json\/wp\/v2\/users\/31"}],"replies":[{"embeddable":true,"href":"https:\/\/www.adf.org.br\/home\/wp-json\/wp\/v2\/comments?post=39515"}],"version-history":[{"count":0,"href":"https:\/\/www.adf.org.br\/home\/wp-json\/wp\/v2\/posts\/39515\/revisions"}],"wp:attachment":[{"href":"https:\/\/www.adf.org.br\/home\/wp-json\/wp\/v2\/media?parent=39515"}],"wp:term":[{"taxonomy":"category","embeddable":true,"href":"https:\/\/www.adf.org.br\/home\/wp-json\/wp\/v2\/categories?post=39515"},{"taxonomy":"post_tag","embeddable":true,"href":"https:\/\/www.adf.org.br\/home\/wp-json\/wp\/v2\/tags?post=39515"}],"curies":[{"name":"wp","href":"https:\/\/api.w.org\/{rel}","templated":true}]}}