{"id":39436,"date":"2016-05-26T00:00:25","date_gmt":"2016-05-26T03:00:25","guid":{"rendered":"http:\/\/www.adf.org.br\/home\/?p=39436"},"modified":"2016-05-26T00:00:25","modified_gmt":"2016-05-26T03:00:25","slug":"o-que-a-solenidade-de-corpus-christi-tem-a-ver-com-as-aparicoes-de-nossa-senhora-de-fatima-descubra","status":"publish","type":"post","link":"https:\/\/www.adf.org.br\/home\/o-que-a-solenidade-de-corpus-christi-tem-a-ver-com-as-aparicoes-de-nossa-senhora-de-fatima-descubra\/","title":{"rendered":"O que a Solenidade de Corpus Christi tem a ver com as apari\u00e7\u00f5es de Nossa Senhora de F\u00e1tima? Descubra."},"content":{"rendered":"<figure id=\"attachment_39439\" aria-describedby=\"caption-attachment-39439\" style=\"width: 512px\" class=\"wp-caption aligncenter\"><img loading=\"lazy\" class=\" wp-image-39439 \" title=\"Corpus Christi e os tr\u00eas pastorinhos.\" src=\"http:\/\/www.adf.org.br\/home\/wp-content\/uploads\/2016\/05\/Sant\u00edssimo-e-Dign\u00edssimo-Sacramento-2.jpg\" alt=\"\" width=\"512\" height=\"288\" \/><figcaption id=\"caption-attachment-39439\" class=\"wp-caption-text\">Corpus Christi e os tr\u00eas Pastorinhos.<\/figcaption><\/figure>\n<p style=\"padding-left: 90px;\"><span style=\"color: #800080;\"><strong><span style=\"font-size: medium; font-family: verdana, geneva;\"><br \/>\n<span style=\"color: #ffffff;\">.<\/span><br \/>\nVoc\u00ea sabia que o dia de Corpus Christi tem um v\u00ednculo profundo com as apari\u00e7\u00f5es de Nossa Senhora de F\u00e1tima?<\/span><\/strong><\/span><\/p>\n<p><span style=\"font-size: medium; font-family: verdana, geneva; color: #000000;\"><span style=\"color: #ffffff;\">.<\/span><br \/>\nPara \u201cpreparar\u201d os tr\u00eas Pastorinhos para as apari\u00e7\u00f5es de Nossa Senhora, o Anjo de Portugal apareceu-lhes tr\u00eas vezes, em 1916\u2026<\/span><\/p>\n<p><strong><span style=\"font-size: medium; font-family: verdana, geneva; color: #000000;\">Em uma dessas apari\u00e7\u00f5es, ele ensinou-lhes a rezar e deu a Santa Eucaristia, ou seja, o Corpo de Cristo ou Corpus Christi (em latim).<\/span><\/strong><\/p>\n<p style=\"padding-left: 90px;\"><span style=\"color: #800080;\"><strong><span style=\"font-size: medium; font-family: verdana, geneva;\"><span style=\"color: #ffffff;\">.<\/span><br \/>\nPor isto, a cerim\u00f4nia de Corpus Christi \u00e9 t\u00e3o especial para n\u00f3s cat\u00f3licos e principalmente para os devotos de Nossa Senhora F\u00e1tima.<\/span><\/strong><\/span><\/p>\n<p><span style=\"font-size: medium; font-family: verdana, geneva; color: #000000;\"><span style=\"color: #ffffff;\">.<\/span><br \/>\nVeja s\u00f3 as mem\u00f3rias da irm\u00e3 Lucia, uma das crian\u00e7as que participou da Eucaristia dado pelo anjo, sobre este dia:<\/span><\/p>\n<p><span style=\"font-size: medium; font-family: verdana, geneva; color: #000000;\">Estando, pois, a\u00ed, apareceu-nos pela terceira vez, trazendo na m\u00e3o um c\u00e1lice e sobre ele uma h\u00f3stia, da qual ca\u00edam, dentro do c\u00e1lice, algumas gotas de sangue.<\/span><\/p>\n<p><span style=\"font-size: medium; font-family: verdana, geneva; color: #ffffff;\">.<\/span><\/p>\n<blockquote><p><span style=\"font-size: xx-small; font-family: verdana, geneva; color: #ffffff;\">.<\/span><br \/>\n<span style=\"font-size: medium; font-family: verdana, geneva; color: #0000ff;\">Deixando o c\u00e1lice e a H\u00f3stia suspensos no ar, prostrou-se em terra e repetiu tr\u00eas vezes a ora\u00e7\u00e3o:<\/span><\/p>\n<p><span style=\"font-size: medium; font-family: verdana, geneva; color: #0000ff;\">\u201cSant\u00edssima Trindade, Pai, Filho, Esp\u00edrito Santo, adoro-Vos profundamente e ofere\u00e7o-Vos o precios\u00edssimo Corpo, Sangue, Alma e Divindade de Jesus Cristo;<\/span><\/p>\n<p><strong><span style=\"font-size: medium; font-family: verdana, geneva; color: #0000ff;\">Presente em todos os sacr\u00e1rios da terra, em repara\u00e7\u00e3o dos ultrajes, sacril\u00e9gios e indiferen\u00e7as com que Ele mesmo \u00e9 ofendido.<\/span><\/strong><\/p>\n<p style=\"padding-left: 90px;\"><span style=\"color: #800080;\"><span style=\"font-size: xx-small; font-family: verdana, geneva; color: #ffffff;\">.<\/span><strong><span style=\"font-size: medium; font-family: verdana, geneva;\"><br \/>\nE pelos m\u00e9ritos infinitos do seu Sant\u00edssimo Cora\u00e7\u00e3o e do Cora\u00e7\u00e3o Imaculado de Maria, pe\u00e7o-Vos a convers\u00e3o dos pobres pecadores\u201d.<\/span><\/strong><\/span><\/p>\n<p><span style=\"font-size: medium; font-family: verdana, geneva; color: #0000ff;\"><span style=\"font-size: xx-small; color: #ffffff;\">.<\/span><br \/>\nDepois, levantando-se, tomou de novo na m\u00e3o o c\u00e1lice e a H\u00f3stia e deu-me a H\u00f3stia a mim e o que continha o c\u00e1lice deu-o a beber \u00e0 Jacinta e ao Francisco, dizendo, ao mesmo tempo:<\/span><\/p>\n<p><span style=\"font-size: medium; font-family: verdana, geneva; color: #0000ff;\">Tomai e bebei o Corpo e o Sangue de Jesus Cristo horrivelmente ultrajado pelos homens ingratos. Reparai os seus crimes e consolai o vosso Deus. (in Quarta Mem\u00f3ria da Irm\u00e3 L\u00facia).<\/span><\/p>\n<p><span style=\"font-size: xx-small; font-family: verdana, geneva; color: #ffffff;\">.<\/span><\/p><\/blockquote>\n<p style=\"text-align: center;\"><span style=\"font-size: medium; font-family: verdana, geneva; color: #ffffff;\">.<\/span><br \/>\n<span style=\"font-size: medium; font-family: verdana, geneva; color: #ffffff;\">.<\/span><br \/>\n<span style=\"font-size: medium; font-family: verdana, geneva; color: #000000;\"><strong>* \u00a0* \u00a0*<\/strong><\/span><\/p>\n<p style=\"text-align: center;\"><span style=\"font-family: verdana, geneva; color: #ffffff;\">.<\/span><\/p>\n<p style=\"text-align: center;\"><span style=\"font-family: verdana, geneva; font-size: medium; color: #000000;\"><strong>Voc\u00ea quer receber os melhores e exclusivos Conte\u00fados Cat\u00f3licos, Ora\u00e7\u00f5es, Mensagens antes de todo mundo? \u00c9 GR\u00c1TIS e ter\u00e1 seu nome inscrito em uma Santa Missa.<\/strong><\/span><\/p>\n<h2 style=\"text-align: center;\"><span style=\"font-family: verdana, geneva; color: #ffffff;\">.<\/span><br \/>\n<span style=\"font-family: verdana, geneva; color: #ffffff;\">.<\/span><br \/>\n<span style=\"font-family: verdana, geneva;\"><a href=\"http:\/\/feedburner.google.com\/fb\/a\/mailverify?uri=devotosdefatima\" target=\"_blank\" rel=\"noopener noreferrer\">Ent\u00e3o clique AQUI e descubra como!<\/a><\/span><\/h2>\n<p style=\"text-align: center;\"><span style=\"font-family: verdana, geneva; color: #ffffff;\">.<\/span><\/p>\n<p style=\"text-align: center;\"><span style=\"font-family: verdana, geneva; color: #ffffff;\">.<\/span><\/p>\n","protected":false},"excerpt":{"rendered":"<p>Voc\u00ea sabia que o dia de Corpus Christi tem um v\u00ednculo profundo com as apari\u00e7\u00f5es de Nossa Senhora de F\u00e1tima?<\/p>\n","protected":false},"author":31,"featured_media":0,"comment_status":"open","ping_status":"open","sticky":false,"template":"","format":"standard","meta":[],"categories":[20],"tags":[43,203,57],"yoast_head":"<!-- This site is optimized with the Yoast SEO plugin v17.4 - https:\/\/yoast.com\/wordpress\/plugins\/seo\/ -->\n<title>O que a Solenidade de Corpus Christi tem a ver com as apari\u00e7\u00f5es de Nossa Senhora de F\u00e1tima? Descubra. - Associa\u00e7\u00e3o Devotos de F\u00e1tima<\/title>\n<meta name=\"robots\" content=\"index, follow, max-snippet:-1, max-image-preview:large, max-video-preview:-1\" \/>\n<link rel=\"canonical\" href=\"https:\/\/www.adf.org.br\/home\/o-que-a-solenidade-de-corpus-christi-tem-a-ver-com-as-aparicoes-de-nossa-senhora-de-fatima-descubra\/\" \/>\n<meta property=\"og:locale\" content=\"pt_BR\" \/>\n<meta property=\"og:type\" content=\"article\" \/>\n<meta property=\"og:title\" content=\"O que a Solenidade de Corpus Christi tem a ver com as apari\u00e7\u00f5es de Nossa Senhora de F\u00e1tima? Descubra. - Associa\u00e7\u00e3o Devotos de F\u00e1tima\" \/>\n<meta property=\"og:description\" content=\"Voc\u00ea sabia que o dia de Corpus Christi tem um v\u00ednculo profundo com as apari\u00e7\u00f5es de Nossa Senhora de F\u00e1tima?\" \/>\n<meta property=\"og:url\" content=\"https:\/\/www.adf.org.br\/home\/o-que-a-solenidade-de-corpus-christi-tem-a-ver-com-as-aparicoes-de-nossa-senhora-de-fatima-descubra\/\" \/>\n<meta property=\"og:site_name\" content=\"Associa\u00e7\u00e3o Devotos de F\u00e1tima\" \/>\n<meta property=\"article:published_time\" content=\"2016-05-26T03:00:25+00:00\" \/>\n<meta property=\"og:image\" content=\"http:\/\/www.adf.org.br\/home\/wp-content\/uploads\/2016\/05\/Sant\u00edssimo-e-Dign\u00edssimo-Sacramento-2.jpg\" \/>\n<meta name=\"twitter:card\" content=\"summary_large_image\" \/>\n<meta name=\"twitter:label1\" content=\"Escrito por\" \/>\n\t<meta name=\"twitter:data1\" content=\"Gabriel Barbosa\" \/>\n\t<meta name=\"twitter:label2\" content=\"Est. tempo de leitura\" \/>\n\t<meta name=\"twitter:data2\" content=\"2 minutos\" \/>\n<script type=\"application\/ld+json\" class=\"yoast-schema-graph\">{\"@context\":\"https:\/\/schema.org\",\"@graph\":[{\"@type\":\"WebSite\",\"@id\":\"https:\/\/www.adf.org.br\/home\/#website\",\"url\":\"https:\/\/www.adf.org.br\/home\/\",\"name\":\"Associa\\u00e7\\u00e3o Devotos de F\\u00e1tima\",\"description\":\"Associa\\u00e7\\u00e3o Devotos de F\\u00e1tima\",\"potentialAction\":[{\"@type\":\"SearchAction\",\"target\":{\"@type\":\"EntryPoint\",\"urlTemplate\":\"https:\/\/www.adf.org.br\/home\/?s={search_term_string}\"},\"query-input\":\"required name=search_term_string\"}],\"inLanguage\":\"pt-BR\"},{\"@type\":\"ImageObject\",\"@id\":\"https:\/\/www.adf.org.br\/home\/o-que-a-solenidade-de-corpus-christi-tem-a-ver-com-as-aparicoes-de-nossa-senhora-de-fatima-descubra\/#primaryimage\",\"inLanguage\":\"pt-BR\",\"url\":\"http:\/\/www.adf.org.br\/home\/wp-content\/uploads\/2016\/05\/Sant\\u00edssimo-e-Dign\\u00edssimo-Sacramento-2.jpg\",\"contentUrl\":\"http:\/\/www.adf.org.br\/home\/wp-content\/uploads\/2016\/05\/Sant\\u00edssimo-e-Dign\\u00edssimo-Sacramento-2.jpg\"},{\"@type\":\"WebPage\",\"@id\":\"https:\/\/www.adf.org.br\/home\/o-que-a-solenidade-de-corpus-christi-tem-a-ver-com-as-aparicoes-de-nossa-senhora-de-fatima-descubra\/#webpage\",\"url\":\"https:\/\/www.adf.org.br\/home\/o-que-a-solenidade-de-corpus-christi-tem-a-ver-com-as-aparicoes-de-nossa-senhora-de-fatima-descubra\/\",\"name\":\"O que a Solenidade de Corpus Christi tem a ver com as apari\\u00e7\\u00f5es de Nossa Senhora de F\\u00e1tima? Descubra. - Associa\\u00e7\\u00e3o Devotos de F\\u00e1tima\",\"isPartOf\":{\"@id\":\"https:\/\/www.adf.org.br\/home\/#website\"},\"primaryImageOfPage\":{\"@id\":\"https:\/\/www.adf.org.br\/home\/o-que-a-solenidade-de-corpus-christi-tem-a-ver-com-as-aparicoes-de-nossa-senhora-de-fatima-descubra\/#primaryimage\"},\"datePublished\":\"2016-05-26T03:00:25+00:00\",\"dateModified\":\"2016-05-26T03:00:25+00:00\",\"author\":{\"@id\":\"https:\/\/www.adf.org.br\/home\/#\/schema\/person\/f35a5c5aa7728a3dedf4ea9aa1fc2753\"},\"breadcrumb\":{\"@id\":\"https:\/\/www.adf.org.br\/home\/o-que-a-solenidade-de-corpus-christi-tem-a-ver-com-as-aparicoes-de-nossa-senhora-de-fatima-descubra\/#breadcrumb\"},\"inLanguage\":\"pt-BR\",\"potentialAction\":[{\"@type\":\"ReadAction\",\"target\":[\"https:\/\/www.adf.org.br\/home\/o-que-a-solenidade-de-corpus-christi-tem-a-ver-com-as-aparicoes-de-nossa-senhora-de-fatima-descubra\/\"]}]},{\"@type\":\"BreadcrumbList\",\"@id\":\"https:\/\/www.adf.org.br\/home\/o-que-a-solenidade-de-corpus-christi-tem-a-ver-com-as-aparicoes-de-nossa-senhora-de-fatima-descubra\/#breadcrumb\",\"itemListElement\":[{\"@type\":\"ListItem\",\"position\":1,\"name\":\"Home\",\"item\":\"https:\/\/www.adf.org.br\/home\/\"},{\"@type\":\"ListItem\",\"position\":2,\"name\":\"O que a Solenidade de Corpus Christi tem a ver com as apari\\u00e7\\u00f5es de Nossa Senhora de F\\u00e1tima? Descubra.\"}]},{\"@type\":\"Person\",\"@id\":\"https:\/\/www.adf.org.br\/home\/#\/schema\/person\/f35a5c5aa7728a3dedf4ea9aa1fc2753\",\"name\":\"Gabriel Barbosa\",\"image\":{\"@type\":\"ImageObject\",\"@id\":\"https:\/\/www.adf.org.br\/home\/#personlogo\",\"inLanguage\":\"pt-BR\",\"url\":\"https:\/\/secure.gravatar.com\/avatar\/2b2cb2f4637682c5605e8d36818f51ef?s=96&d=mm&r=g\",\"contentUrl\":\"https:\/\/secure.gravatar.com\/avatar\/2b2cb2f4637682c5605e8d36818f51ef?s=96&d=mm&r=g\",\"caption\":\"Gabriel Barbosa\"},\"url\":\"https:\/\/www.adf.org.br\/home\/author\/gabrielpmk-com-br\/\"}]}<\/script>\n<!-- \/ Yoast SEO plugin. -->","yoast_head_json":{"title":"O que a Solenidade de Corpus Christi tem a ver com as apari\u00e7\u00f5es de Nossa Senhora de F\u00e1tima? Descubra. - Associa\u00e7\u00e3o Devotos de F\u00e1tima","robots":{"index":"index","follow":"follow","max-snippet":"max-snippet:-1","max-image-preview":"max-image-preview:large","max-video-preview":"max-video-preview:-1"},"canonical":"https:\/\/www.adf.org.br\/home\/o-que-a-solenidade-de-corpus-christi-tem-a-ver-com-as-aparicoes-de-nossa-senhora-de-fatima-descubra\/","og_locale":"pt_BR","og_type":"article","og_title":"O que a Solenidade de Corpus Christi tem a ver com as apari\u00e7\u00f5es de Nossa Senhora de F\u00e1tima? Descubra. - Associa\u00e7\u00e3o Devotos de F\u00e1tima","og_description":"Voc\u00ea sabia que o dia de Corpus Christi tem um v\u00ednculo profundo com as apari\u00e7\u00f5es de Nossa Senhora de F\u00e1tima?","og_url":"https:\/\/www.adf.org.br\/home\/o-que-a-solenidade-de-corpus-christi-tem-a-ver-com-as-aparicoes-de-nossa-senhora-de-fatima-descubra\/","og_site_name":"Associa\u00e7\u00e3o Devotos de F\u00e1tima","article_published_time":"2016-05-26T03:00:25+00:00","og_image":[{"url":"http:\/\/www.adf.org.br\/home\/wp-content\/uploads\/2016\/05\/Sant\u00edssimo-e-Dign\u00edssimo-Sacramento-2.jpg"}],"twitter_card":"summary_large_image","twitter_misc":{"Escrito por":"Gabriel Barbosa","Est. tempo de leitura":"2 minutos"},"schema":{"@context":"https:\/\/schema.org","@graph":[{"@type":"WebSite","@id":"https:\/\/www.adf.org.br\/home\/#website","url":"https:\/\/www.adf.org.br\/home\/","name":"Associa\u00e7\u00e3o Devotos de F\u00e1tima","description":"Associa\u00e7\u00e3o Devotos de F\u00e1tima","potentialAction":[{"@type":"SearchAction","target":{"@type":"EntryPoint","urlTemplate":"https:\/\/www.adf.org.br\/home\/?s={search_term_string}"},"query-input":"required name=search_term_string"}],"inLanguage":"pt-BR"},{"@type":"ImageObject","@id":"https:\/\/www.adf.org.br\/home\/o-que-a-solenidade-de-corpus-christi-tem-a-ver-com-as-aparicoes-de-nossa-senhora-de-fatima-descubra\/#primaryimage","inLanguage":"pt-BR","url":"http:\/\/www.adf.org.br\/home\/wp-content\/uploads\/2016\/05\/Sant\u00edssimo-e-Dign\u00edssimo-Sacramento-2.jpg","contentUrl":"http:\/\/www.adf.org.br\/home\/wp-content\/uploads\/2016\/05\/Sant\u00edssimo-e-Dign\u00edssimo-Sacramento-2.jpg"},{"@type":"WebPage","@id":"https:\/\/www.adf.org.br\/home\/o-que-a-solenidade-de-corpus-christi-tem-a-ver-com-as-aparicoes-de-nossa-senhora-de-fatima-descubra\/#webpage","url":"https:\/\/www.adf.org.br\/home\/o-que-a-solenidade-de-corpus-christi-tem-a-ver-com-as-aparicoes-de-nossa-senhora-de-fatima-descubra\/","name":"O que a Solenidade de Corpus Christi tem a ver com as apari\u00e7\u00f5es de Nossa Senhora de F\u00e1tima? Descubra. - Associa\u00e7\u00e3o Devotos de F\u00e1tima","isPartOf":{"@id":"https:\/\/www.adf.org.br\/home\/#website"},"primaryImageOfPage":{"@id":"https:\/\/www.adf.org.br\/home\/o-que-a-solenidade-de-corpus-christi-tem-a-ver-com-as-aparicoes-de-nossa-senhora-de-fatima-descubra\/#primaryimage"},"datePublished":"2016-05-26T03:00:25+00:00","dateModified":"2016-05-26T03:00:25+00:00","author":{"@id":"https:\/\/www.adf.org.br\/home\/#\/schema\/person\/f35a5c5aa7728a3dedf4ea9aa1fc2753"},"breadcrumb":{"@id":"https:\/\/www.adf.org.br\/home\/o-que-a-solenidade-de-corpus-christi-tem-a-ver-com-as-aparicoes-de-nossa-senhora-de-fatima-descubra\/#breadcrumb"},"inLanguage":"pt-BR","potentialAction":[{"@type":"ReadAction","target":["https:\/\/www.adf.org.br\/home\/o-que-a-solenidade-de-corpus-christi-tem-a-ver-com-as-aparicoes-de-nossa-senhora-de-fatima-descubra\/"]}]},{"@type":"BreadcrumbList","@id":"https:\/\/www.adf.org.br\/home\/o-que-a-solenidade-de-corpus-christi-tem-a-ver-com-as-aparicoes-de-nossa-senhora-de-fatima-descubra\/#breadcrumb","itemListElement":[{"@type":"ListItem","position":1,"name":"Home","item":"https:\/\/www.adf.org.br\/home\/"},{"@type":"ListItem","position":2,"name":"O que a Solenidade de Corpus Christi tem a ver com as apari\u00e7\u00f5es de Nossa Senhora de F\u00e1tima? Descubra."}]},{"@type":"Person","@id":"https:\/\/www.adf.org.br\/home\/#\/schema\/person\/f35a5c5aa7728a3dedf4ea9aa1fc2753","name":"Gabriel Barbosa","image":{"@type":"ImageObject","@id":"https:\/\/www.adf.org.br\/home\/#personlogo","inLanguage":"pt-BR","url":"https:\/\/secure.gravatar.com\/avatar\/2b2cb2f4637682c5605e8d36818f51ef?s=96&d=mm&r=g","contentUrl":"https:\/\/secure.gravatar.com\/avatar\/2b2cb2f4637682c5605e8d36818f51ef?s=96&d=mm&r=g","caption":"Gabriel Barbosa"},"url":"https:\/\/www.adf.org.br\/home\/author\/gabrielpmk-com-br\/"}]}},"_links":{"self":[{"href":"https:\/\/www.adf.org.br\/home\/wp-json\/wp\/v2\/posts\/39436"}],"collection":[{"href":"https:\/\/www.adf.org.br\/home\/wp-json\/wp\/v2\/posts"}],"about":[{"href":"https:\/\/www.adf.org.br\/home\/wp-json\/wp\/v2\/types\/post"}],"author":[{"embeddable":true,"href":"https:\/\/www.adf.org.br\/home\/wp-json\/wp\/v2\/users\/31"}],"replies":[{"embeddable":true,"href":"https:\/\/www.adf.org.br\/home\/wp-json\/wp\/v2\/comments?post=39436"}],"version-history":[{"count":0,"href":"https:\/\/www.adf.org.br\/home\/wp-json\/wp\/v2\/posts\/39436\/revisions"}],"wp:attachment":[{"href":"https:\/\/www.adf.org.br\/home\/wp-json\/wp\/v2\/media?parent=39436"}],"wp:term":[{"taxonomy":"category","embeddable":true,"href":"https:\/\/www.adf.org.br\/home\/wp-json\/wp\/v2\/categories?post=39436"},{"taxonomy":"post_tag","embeddable":true,"href":"https:\/\/www.adf.org.br\/home\/wp-json\/wp\/v2\/tags?post=39436"}],"curies":[{"name":"wp","href":"https:\/\/api.w.org\/{rel}","templated":true}]}}