{"id":39403,"date":"2016-05-06T00:00:03","date_gmt":"2016-05-06T03:00:03","guid":{"rendered":"http:\/\/www.adf.org.br\/home\/?p=39403"},"modified":"2016-05-06T00:00:03","modified_gmt":"2016-05-06T03:00:03","slug":"atencao-exorcista-do-vaticano-afirma-estar-satanas-por-tras-do-estado-islamico-veja","status":"publish","type":"post","link":"https:\/\/www.adf.org.br\/home\/atencao-exorcista-do-vaticano-afirma-estar-satanas-por-tras-do-estado-islamico-veja\/","title":{"rendered":"ATEN\u00c7\u00c3O! Exorcista do Vaticano afirma estar satan\u00e1s por tr\u00e1s do Estado Isl\u00e2mico. Veja."},"content":{"rendered":"<figure id=\"attachment_39404\" aria-describedby=\"caption-attachment-39404\" style=\"width: 553px\" class=\"wp-caption aligncenter\"><img loading=\"lazy\" class=\" wp-image-39404 \" title=\"O mosteiro de Santo Elias, o mais antigo do Iraque.\" src=\"http:\/\/www.adf.org.br\/home\/wp-content\/uploads\/2016\/05\/Mosteiro-de-Sao-Bento.jpg\" alt=\"\" width=\"553\" height=\"369\" \/><figcaption id=\"caption-attachment-39404\" class=\"wp-caption-text\">Mosteiro de Santo Elias destru\u00eddo pelo Estado Isl\u00e2mico.<\/figcaption><\/figure>\n<p style=\"padding-left: 90px;\"><span style=\"color: #800080;\"><strong><span style=\"font-size: medium; font-family: verdana, geneva;\"><br \/>\n<span style=\"color: #ffffff;\">.<\/span><br \/>\nO\u00a0mosteiro de Santo Elias, o mais antigo do Iraque;<\/span><\/strong><\/span><\/p>\n<p><span style=\"font-size: medium; font-family: verdana, geneva; color: #000000;\"><span style=\"color: #ffffff;\">.<\/span><br \/>\n<span style=\"font-size: large;\"><strong>F<\/strong><\/span>oi destru\u00eddo pelo\u00a0Estado Isl\u00e2mico\u2014 grupo terrorista que baseado nos ensinamentos de Maom\u00e9, visa extinguir o cristianismo.<\/span><\/p>\n<p><span style=\"font-size: medium; font-family: verdana, geneva; color: #000000;\">Diante de qualquer vest\u00edgio de cultura do passado, inclusive pag\u00e3o, o islamismo age como um anjo das trevas, que surge de cavernas mais escuras do inferno para pisar at\u00e9 nos velhos dem\u00f4nios de \u00e9pocas anteriores.<\/span><\/p>\n<p style=\"padding-left: 90px;\"><span style=\"color: #800080;\"><strong><span style=\"font-size: medium; font-family: verdana, geneva;\"><span style=\"color: #ffffff;\">.<\/span><br \/>\nO Pe. Amorth, exorcista de Roma, observou que nas persegui\u00e7\u00f5es contra os crist\u00e3os praticadas pelo Estado Isl\u00e2mico, v\u00ea-se a pata do dem\u00f4nio.<\/span><\/strong><\/span><\/p>\n<p><span style=\"font-size: medium; font-family: verdana, geneva; color: #000000;\"><span style=\"color: #ffffff;\">.<\/span><br \/>\n<strong>\u201cOnde est\u00e1 o mal, est\u00e1 sempre o dem\u00f4nio por tr\u00e1s, incitando. Qualquer forma de mal, grande ou pequena, sempre \u00e9 sugerida pelo diabo\u201d<\/strong>, explicou o exorcista \u00e0 imprensa.<\/span><\/p>\n<p><span style=\"color: #ffffff;\">.<\/span><br \/>\n<span style=\"color: #ffffff;\">.<\/span><br \/>\n<em><span style=\"font-size: medium; font-family: verdana, geneva; color: #000000;\">Fonte:\u00a0<a href=\"http:\/\/www.abim.inf.br\/exorcista-afirma-estar-satanas-por-tras-do-estado-islamico\/#.VytCF4SDGkp\" target=\"_blank\" rel=\"noopener noreferrer\">http:\/\/www.abim.inf.br\/exorcista-afirma-estar-satanas-por-tras-do-estado-islamico\/#.VytCF4SDGkp<\/a><\/span><\/em><\/p>\n<p style=\"text-align: center;\"><span style=\"font-size: medium; font-family: verdana, geneva; color: #ffffff;\">.<\/span><br \/>\n<strong><span style=\"font-size: medium; font-family: verdana, geneva; color: #000000;\">* \u00a0* \u00a0*<\/span><\/strong><\/p>\n<p style=\"text-align: center;\"><span style=\"color: #ffffff; font-size: medium; font-family: verdana, geneva;\">.\u00a0<\/span><\/p>\n<p style=\"text-align: center;\"><span style=\"color: #800080; font-size: medium; font-family: verdana, geneva;\">Agora que leu este impressionante relato, ligue gratuitamente para nossa Central de Ora\u00e7\u00f5es e inclua seus pedidos na<\/span><br \/>\n<span style=\"color: #800080; font-size: medium; font-family: verdana, geneva;\"><strong>Santa Missa de Dia das M\u00e3es!<\/strong><\/span><\/p>\n<p style=\"text-align: center;\"><span style=\"color: #ffffff; font-size: medium; font-family: verdana, geneva;\">.<\/span><br \/>\n<span style=\"color: #ffffff; font-size: medium; font-family: verdana, geneva;\">.<\/span><br \/>\n<span style=\"color: #000000; font-size: large; font-family: verdana, geneva;\"><strong>Ligue agora para:<\/strong><\/span><\/p>\n<p style=\"text-align: center;\"><span style=\"color: #ffffff; font-size: medium; font-family: verdana, geneva;\"><strong>.<\/strong><\/span><br \/>\n<span style=\"color: #800080; font-size: xx-large; font-family: verdana, geneva;\"><strong>0800 773 11 19<\/strong><\/span><br \/>\n<span style=\"color: #800080; font-size: medium; font-family: verdana, geneva;\"><strong>(gr\u00e1tis para todo o Brasil)<\/strong><\/span><\/p>\n<p style=\"text-align: center;\"><span style=\"color: #ffffff; font-size: medium; font-family: verdana, geneva;\">.<\/span><\/p>\n<p style=\"text-align: center;\"><span style=\"color: #ffffff; font-size: medium; font-family: verdana, geneva;\">.<\/span><\/p>\n","protected":false},"excerpt":{"rendered":"<p>O mosteiro de Santo Elias, o mais antigo do Iraque;<\/p>\n","protected":false},"author":31,"featured_media":0,"comment_status":"open","ping_status":"open","sticky":false,"template":"","format":"standard","meta":[],"categories":[20],"tags":[1039,1067,38,1030],"yoast_head":"<!-- This site is optimized with the Yoast SEO plugin v17.4 - https:\/\/yoast.com\/wordpress\/plugins\/seo\/ -->\n<title>ATEN\u00c7\u00c3O! Exorcista do Vaticano afirma estar satan\u00e1s por tr\u00e1s do Estado Isl\u00e2mico. Veja. - Associa\u00e7\u00e3o Devotos de F\u00e1tima<\/title>\n<meta name=\"robots\" content=\"index, follow, max-snippet:-1, max-image-preview:large, max-video-preview:-1\" \/>\n<link rel=\"canonical\" href=\"https:\/\/www.adf.org.br\/home\/atencao-exorcista-do-vaticano-afirma-estar-satanas-por-tras-do-estado-islamico-veja\/\" \/>\n<meta property=\"og:locale\" content=\"pt_BR\" \/>\n<meta property=\"og:type\" content=\"article\" \/>\n<meta property=\"og:title\" content=\"ATEN\u00c7\u00c3O! Exorcista do Vaticano afirma estar satan\u00e1s por tr\u00e1s do Estado Isl\u00e2mico. Veja. - Associa\u00e7\u00e3o Devotos de F\u00e1tima\" \/>\n<meta property=\"og:description\" content=\"O mosteiro de Santo Elias, o mais antigo do Iraque;\" \/>\n<meta property=\"og:url\" content=\"https:\/\/www.adf.org.br\/home\/atencao-exorcista-do-vaticano-afirma-estar-satanas-por-tras-do-estado-islamico-veja\/\" \/>\n<meta property=\"og:site_name\" content=\"Associa\u00e7\u00e3o Devotos de F\u00e1tima\" \/>\n<meta property=\"article:published_time\" content=\"2016-05-06T03:00:03+00:00\" \/>\n<meta property=\"og:image\" content=\"http:\/\/www.adf.org.br\/home\/wp-content\/uploads\/2016\/05\/Mosteiro-de-Sao-Bento.jpg\" \/>\n<meta name=\"twitter:card\" content=\"summary_large_image\" \/>\n<meta name=\"twitter:label1\" content=\"Escrito por\" \/>\n\t<meta name=\"twitter:data1\" content=\"Gabriel Barbosa\" \/>\n\t<meta name=\"twitter:label2\" content=\"Est. tempo de leitura\" \/>\n\t<meta name=\"twitter:data2\" content=\"1 minuto\" \/>\n<script type=\"application\/ld+json\" class=\"yoast-schema-graph\">{\"@context\":\"https:\/\/schema.org\",\"@graph\":[{\"@type\":\"WebSite\",\"@id\":\"https:\/\/www.adf.org.br\/home\/#website\",\"url\":\"https:\/\/www.adf.org.br\/home\/\",\"name\":\"Associa\\u00e7\\u00e3o Devotos de F\\u00e1tima\",\"description\":\"Associa\\u00e7\\u00e3o Devotos de F\\u00e1tima\",\"potentialAction\":[{\"@type\":\"SearchAction\",\"target\":{\"@type\":\"EntryPoint\",\"urlTemplate\":\"https:\/\/www.adf.org.br\/home\/?s={search_term_string}\"},\"query-input\":\"required name=search_term_string\"}],\"inLanguage\":\"pt-BR\"},{\"@type\":\"ImageObject\",\"@id\":\"https:\/\/www.adf.org.br\/home\/atencao-exorcista-do-vaticano-afirma-estar-satanas-por-tras-do-estado-islamico-veja\/#primaryimage\",\"inLanguage\":\"pt-BR\",\"url\":\"http:\/\/www.adf.org.br\/home\/wp-content\/uploads\/2016\/05\/Mosteiro-de-Sao-Bento.jpg\",\"contentUrl\":\"http:\/\/www.adf.org.br\/home\/wp-content\/uploads\/2016\/05\/Mosteiro-de-Sao-Bento.jpg\"},{\"@type\":\"WebPage\",\"@id\":\"https:\/\/www.adf.org.br\/home\/atencao-exorcista-do-vaticano-afirma-estar-satanas-por-tras-do-estado-islamico-veja\/#webpage\",\"url\":\"https:\/\/www.adf.org.br\/home\/atencao-exorcista-do-vaticano-afirma-estar-satanas-por-tras-do-estado-islamico-veja\/\",\"name\":\"ATEN\\u00c7\\u00c3O! Exorcista do Vaticano afirma estar satan\\u00e1s por tr\\u00e1s do Estado Isl\\u00e2mico. Veja. - Associa\\u00e7\\u00e3o Devotos de F\\u00e1tima\",\"isPartOf\":{\"@id\":\"https:\/\/www.adf.org.br\/home\/#website\"},\"primaryImageOfPage\":{\"@id\":\"https:\/\/www.adf.org.br\/home\/atencao-exorcista-do-vaticano-afirma-estar-satanas-por-tras-do-estado-islamico-veja\/#primaryimage\"},\"datePublished\":\"2016-05-06T03:00:03+00:00\",\"dateModified\":\"2016-05-06T03:00:03+00:00\",\"author\":{\"@id\":\"https:\/\/www.adf.org.br\/home\/#\/schema\/person\/f35a5c5aa7728a3dedf4ea9aa1fc2753\"},\"breadcrumb\":{\"@id\":\"https:\/\/www.adf.org.br\/home\/atencao-exorcista-do-vaticano-afirma-estar-satanas-por-tras-do-estado-islamico-veja\/#breadcrumb\"},\"inLanguage\":\"pt-BR\",\"potentialAction\":[{\"@type\":\"ReadAction\",\"target\":[\"https:\/\/www.adf.org.br\/home\/atencao-exorcista-do-vaticano-afirma-estar-satanas-por-tras-do-estado-islamico-veja\/\"]}]},{\"@type\":\"BreadcrumbList\",\"@id\":\"https:\/\/www.adf.org.br\/home\/atencao-exorcista-do-vaticano-afirma-estar-satanas-por-tras-do-estado-islamico-veja\/#breadcrumb\",\"itemListElement\":[{\"@type\":\"ListItem\",\"position\":1,\"name\":\"Home\",\"item\":\"https:\/\/www.adf.org.br\/home\/\"},{\"@type\":\"ListItem\",\"position\":2,\"name\":\"ATEN\\u00c7\\u00c3O! Exorcista do Vaticano afirma estar satan\\u00e1s por tr\\u00e1s do Estado Isl\\u00e2mico. Veja.\"}]},{\"@type\":\"Person\",\"@id\":\"https:\/\/www.adf.org.br\/home\/#\/schema\/person\/f35a5c5aa7728a3dedf4ea9aa1fc2753\",\"name\":\"Gabriel Barbosa\",\"image\":{\"@type\":\"ImageObject\",\"@id\":\"https:\/\/www.adf.org.br\/home\/#personlogo\",\"inLanguage\":\"pt-BR\",\"url\":\"https:\/\/secure.gravatar.com\/avatar\/2b2cb2f4637682c5605e8d36818f51ef?s=96&d=mm&r=g\",\"contentUrl\":\"https:\/\/secure.gravatar.com\/avatar\/2b2cb2f4637682c5605e8d36818f51ef?s=96&d=mm&r=g\",\"caption\":\"Gabriel Barbosa\"},\"url\":\"https:\/\/www.adf.org.br\/home\/author\/gabrielpmk-com-br\/\"}]}<\/script>\n<!-- \/ Yoast SEO plugin. -->","yoast_head_json":{"title":"ATEN\u00c7\u00c3O! Exorcista do Vaticano afirma estar satan\u00e1s por tr\u00e1s do Estado Isl\u00e2mico. Veja. - Associa\u00e7\u00e3o Devotos de F\u00e1tima","robots":{"index":"index","follow":"follow","max-snippet":"max-snippet:-1","max-image-preview":"max-image-preview:large","max-video-preview":"max-video-preview:-1"},"canonical":"https:\/\/www.adf.org.br\/home\/atencao-exorcista-do-vaticano-afirma-estar-satanas-por-tras-do-estado-islamico-veja\/","og_locale":"pt_BR","og_type":"article","og_title":"ATEN\u00c7\u00c3O! Exorcista do Vaticano afirma estar satan\u00e1s por tr\u00e1s do Estado Isl\u00e2mico. Veja. - Associa\u00e7\u00e3o Devotos de F\u00e1tima","og_description":"O mosteiro de Santo Elias, o mais antigo do Iraque;","og_url":"https:\/\/www.adf.org.br\/home\/atencao-exorcista-do-vaticano-afirma-estar-satanas-por-tras-do-estado-islamico-veja\/","og_site_name":"Associa\u00e7\u00e3o Devotos de F\u00e1tima","article_published_time":"2016-05-06T03:00:03+00:00","og_image":[{"url":"http:\/\/www.adf.org.br\/home\/wp-content\/uploads\/2016\/05\/Mosteiro-de-Sao-Bento.jpg"}],"twitter_card":"summary_large_image","twitter_misc":{"Escrito por":"Gabriel Barbosa","Est. tempo de leitura":"1 minuto"},"schema":{"@context":"https:\/\/schema.org","@graph":[{"@type":"WebSite","@id":"https:\/\/www.adf.org.br\/home\/#website","url":"https:\/\/www.adf.org.br\/home\/","name":"Associa\u00e7\u00e3o Devotos de F\u00e1tima","description":"Associa\u00e7\u00e3o Devotos de F\u00e1tima","potentialAction":[{"@type":"SearchAction","target":{"@type":"EntryPoint","urlTemplate":"https:\/\/www.adf.org.br\/home\/?s={search_term_string}"},"query-input":"required name=search_term_string"}],"inLanguage":"pt-BR"},{"@type":"ImageObject","@id":"https:\/\/www.adf.org.br\/home\/atencao-exorcista-do-vaticano-afirma-estar-satanas-por-tras-do-estado-islamico-veja\/#primaryimage","inLanguage":"pt-BR","url":"http:\/\/www.adf.org.br\/home\/wp-content\/uploads\/2016\/05\/Mosteiro-de-Sao-Bento.jpg","contentUrl":"http:\/\/www.adf.org.br\/home\/wp-content\/uploads\/2016\/05\/Mosteiro-de-Sao-Bento.jpg"},{"@type":"WebPage","@id":"https:\/\/www.adf.org.br\/home\/atencao-exorcista-do-vaticano-afirma-estar-satanas-por-tras-do-estado-islamico-veja\/#webpage","url":"https:\/\/www.adf.org.br\/home\/atencao-exorcista-do-vaticano-afirma-estar-satanas-por-tras-do-estado-islamico-veja\/","name":"ATEN\u00c7\u00c3O! Exorcista do Vaticano afirma estar satan\u00e1s por tr\u00e1s do Estado Isl\u00e2mico. Veja. - Associa\u00e7\u00e3o Devotos de F\u00e1tima","isPartOf":{"@id":"https:\/\/www.adf.org.br\/home\/#website"},"primaryImageOfPage":{"@id":"https:\/\/www.adf.org.br\/home\/atencao-exorcista-do-vaticano-afirma-estar-satanas-por-tras-do-estado-islamico-veja\/#primaryimage"},"datePublished":"2016-05-06T03:00:03+00:00","dateModified":"2016-05-06T03:00:03+00:00","author":{"@id":"https:\/\/www.adf.org.br\/home\/#\/schema\/person\/f35a5c5aa7728a3dedf4ea9aa1fc2753"},"breadcrumb":{"@id":"https:\/\/www.adf.org.br\/home\/atencao-exorcista-do-vaticano-afirma-estar-satanas-por-tras-do-estado-islamico-veja\/#breadcrumb"},"inLanguage":"pt-BR","potentialAction":[{"@type":"ReadAction","target":["https:\/\/www.adf.org.br\/home\/atencao-exorcista-do-vaticano-afirma-estar-satanas-por-tras-do-estado-islamico-veja\/"]}]},{"@type":"BreadcrumbList","@id":"https:\/\/www.adf.org.br\/home\/atencao-exorcista-do-vaticano-afirma-estar-satanas-por-tras-do-estado-islamico-veja\/#breadcrumb","itemListElement":[{"@type":"ListItem","position":1,"name":"Home","item":"https:\/\/www.adf.org.br\/home\/"},{"@type":"ListItem","position":2,"name":"ATEN\u00c7\u00c3O! Exorcista do Vaticano afirma estar satan\u00e1s por tr\u00e1s do Estado Isl\u00e2mico. Veja."}]},{"@type":"Person","@id":"https:\/\/www.adf.org.br\/home\/#\/schema\/person\/f35a5c5aa7728a3dedf4ea9aa1fc2753","name":"Gabriel Barbosa","image":{"@type":"ImageObject","@id":"https:\/\/www.adf.org.br\/home\/#personlogo","inLanguage":"pt-BR","url":"https:\/\/secure.gravatar.com\/avatar\/2b2cb2f4637682c5605e8d36818f51ef?s=96&d=mm&r=g","contentUrl":"https:\/\/secure.gravatar.com\/avatar\/2b2cb2f4637682c5605e8d36818f51ef?s=96&d=mm&r=g","caption":"Gabriel Barbosa"},"url":"https:\/\/www.adf.org.br\/home\/author\/gabrielpmk-com-br\/"}]}},"_links":{"self":[{"href":"https:\/\/www.adf.org.br\/home\/wp-json\/wp\/v2\/posts\/39403"}],"collection":[{"href":"https:\/\/www.adf.org.br\/home\/wp-json\/wp\/v2\/posts"}],"about":[{"href":"https:\/\/www.adf.org.br\/home\/wp-json\/wp\/v2\/types\/post"}],"author":[{"embeddable":true,"href":"https:\/\/www.adf.org.br\/home\/wp-json\/wp\/v2\/users\/31"}],"replies":[{"embeddable":true,"href":"https:\/\/www.adf.org.br\/home\/wp-json\/wp\/v2\/comments?post=39403"}],"version-history":[{"count":0,"href":"https:\/\/www.adf.org.br\/home\/wp-json\/wp\/v2\/posts\/39403\/revisions"}],"wp:attachment":[{"href":"https:\/\/www.adf.org.br\/home\/wp-json\/wp\/v2\/media?parent=39403"}],"wp:term":[{"taxonomy":"category","embeddable":true,"href":"https:\/\/www.adf.org.br\/home\/wp-json\/wp\/v2\/categories?post=39403"},{"taxonomy":"post_tag","embeddable":true,"href":"https:\/\/www.adf.org.br\/home\/wp-json\/wp\/v2\/tags?post=39403"}],"curies":[{"name":"wp","href":"https:\/\/api.w.org\/{rel}","templated":true}]}}