{"id":39390,"date":"2016-05-03T00:00:43","date_gmt":"2016-05-03T03:00:43","guid":{"rendered":"http:\/\/www.adf.org.br\/home\/?p=39390"},"modified":"2016-05-03T00:00:43","modified_gmt":"2016-05-03T03:00:43","slug":"conselhos-de-maria-o-dia-das-maes-esta-chegando-baixe-esse-audio-e-veja-algo-maravilhoso-para-voce-e-gratis","status":"publish","type":"post","link":"https:\/\/www.adf.org.br\/home\/conselhos-de-maria-o-dia-das-maes-esta-chegando-baixe-esse-audio-e-veja-algo-maravilhoso-para-voce-e-gratis\/","title":{"rendered":"CONSELHOS DE MARIA! O Dia das M\u00e3es est\u00e1 chegando. Baixe esse \u00e1udio e veja algo maravilhoso para voc\u00ea e para sua m\u00e3e. \u00c9 GR\u00c1TIS."},"content":{"rendered":"<figure id=\"attachment_39391\" aria-describedby=\"caption-attachment-39391\" style=\"width: 324px\" class=\"wp-caption aligncenter\"><a href=\"#\" onclick=\"return false;\" data-id=\"modalgeral\" data-url=\"https:\/\/www.adf.org.br\/transferencia-de-conteudo\/formulario\/cadastro.php\/?COD=529\" data-toggle=\"modal\" data-target=\"#modal\" target=\"_blank\" rel=\"noopener noreferrer\"><img loading=\"lazy\" class=\"  wp-image-39391\" title=\"Nossa Senhora com o Menino Jesus\" src=\"http:\/\/www.adf.org.br\/home\/wp-content\/uploads\/2016\/05\/MariaJesus21.jpg\" width=\"324\" height=\"448\" \/><\/a><figcaption id=\"caption-attachment-39391\" class=\"wp-caption-text\">Baixe o \u00e1udio sobre as m\u00e3es agora mesmo.<\/figcaption><\/figure>\n<p style=\"padding-left: 90px;\"><strong><span style=\"font-size: medium; font-family: verdana, geneva; color: #800080;\"><br \/>\n<span style=\"color: #ffffff;\">.<\/span><br \/>\nO Dia das M\u00e3es est\u00e1 pr\u00f3ximo. \u00c9 no pr\u00f3ximo dia 08 de Maio.<\/span><\/strong><\/p>\n<p><span style=\"font-size: medium; font-family: verdana, geneva; color: #000000;\"><span style=\"font-size: large;\"><strong><span style=\"color: #ffffff;\">.<\/span><br \/>\nO<\/strong><\/span>utra coisa interessante, \u00e9 que em maio, celebramos o <strong><a href=\"#\" onclick=\"return false;\" data-id=\"modalgeral\" data-url=\"https:\/\/www.adf.org.br\/transferencia-de-conteudo\/formulario\/cadastro.php\/?COD=529\" data-toggle=\"modal\" data-target=\"#modal\" target=\"_blank\" rel=\"noopener noreferrer\">m\u00eas de Nossa Senhora<\/a><\/strong>, Ela que \u00e9 o modelo perfeito de M\u00e3e.<\/span><\/p>\n<p><span style=\"font-size: medium; font-family: verdana, geneva; color: #000000;\">Sempre recorremos a nossa m\u00e3e, que \u00e9 nosso porto seguro, onde aquietamos o cora\u00e7\u00e3o.<\/span><\/p>\n<p style=\"padding-left: 90px;\"><strong><span style=\"font-size: medium; font-family: verdana, geneva; color: #800080;\"><span style=\"color: #ffffff;\">.<\/span><br \/>\nNossa Senhora \u00e9 tamb\u00e9m nossa M\u00e3e Perfeita e misericordiosa.<\/span><\/strong><\/p>\n<p><span style=\"font-size: medium; font-family: verdana, geneva; color: #000000;\"><span style=\"color: #ffffff;\">.<\/span><br \/>\nN\u00f3s n\u00e3o saber\u00edamos cham\u00e1-La de outra forma que n\u00e3o fosse M\u00e3e.<\/span><\/p>\n<p><span style=\"font-size: medium; font-family: verdana, geneva; color: #000000;\"><strong><a href=\"#\" onclick=\"return false;\" data-id=\"modalgeral\" data-url=\"https:\/\/www.adf.org.br\/transferencia-de-conteudo\/formulario\/cadastro.php\/?COD=529\" data-toggle=\"modal\" data-target=\"#modal\" target=\"_blank\" rel=\"noopener noreferrer\">Fa\u00e7a o download<\/a><\/strong> desse \u00e1udio agora mesmo e veja os especiais motivos de ter Maria Sant\u00edssima como nossa M\u00e3e Espiritual.<\/span><\/p>\n<p><span style=\"font-size: medium; font-family: verdana, geneva; color: #000000;\">Ao ouvir essas palavras, voc\u00ea perceber\u00e1 que:<\/span><\/p>\n<p style=\"padding-left: 90px;\"><span style=\"font-size: medium; font-family: verdana, geneva; color: #000000;\"><span style=\"color: #ffffff;\">.<\/span><br \/>\n<span style=\"color: #0000ff;\">&#8211; Nossa Senhora sempre est\u00e1 pronta para nos proteger;<\/span><\/span><\/p>\n<p style=\"padding-left: 90px;\"><span style=\"font-size: medium; font-family: verdana, geneva; color: #0000ff;\">&#8211; Sempre nos proteger\u00e1 de todos os males;<\/span><\/p>\n<p style=\"padding-left: 90px;\"><span style=\"font-size: medium; font-family: verdana, geneva; color: #0000ff;\">&#8211; Confortar\u00e1 nossos cora\u00e7\u00f5es em todas as tribula\u00e7\u00f5es.<\/span><\/p>\n<p style=\"text-align: center;\"><span style=\"font-size: medium; font-family: verdana, geneva; color: #000000;\"><span style=\"color: #ffffff;\">.<\/span><br \/>\n<strong>N\u00e3o deixe de baixar esse \u00e1udio agora mesmo.<\/strong><\/span><\/p>\n<p style=\"text-align: center;\"><span style=\"font-size: medium; font-family: verdana, geneva; color: #000000;\"><span style=\"color: #ffffff;\">.<\/span><br \/>\n<strong><a href=\"#\" onclick=\"return false;\" data-id=\"modalgeral\" data-url=\"https:\/\/www.adf.org.br\/transferencia-de-conteudo\/formulario\/cadastro.php\/?COD=529\" data-toggle=\"modal\" data-target=\"#modal\" target=\"_blank\" rel=\"noopener noreferrer\">Clique aqui e descubra tamb\u00e9m o tamanho do amor de Nossa Senhora por n\u00f3s.<\/a><\/strong><\/span><\/p>\n<p style=\"text-align: center;\"><span style=\"font-size: medium; font-family: verdana, geneva; color: #ff0000;\"><span style=\"color: #ffffff;\">.<\/span><br \/>\nLogo ap\u00f3s baixar esta medita\u00e7\u00e3o,\u00a0confira se o arquivo n\u00e3o est\u00e1 na Pasta de Downloads ou \u00c1rea de Trabalho. O \u00e1udio est\u00e1 no formato \u201cMP3\u2033, que pode ser reproduzido em qualquer computador, celular ou tablet.<\/span><\/p>\n<p style=\"text-align: center;\"><span style=\"color: #ffffff;\">.<\/span><\/p>\n<p style=\"text-align: center;\"><span style=\"color: #ffffff;\">.<\/span><\/p>\n<p style=\"text-align: center;\"><span style=\"font-size: medium; font-family: verdana, geneva;\"><strong><span style=\"color: #000000;\">* \u00a0* \u00a0*<\/span><\/strong><\/span><\/p>\n<p style=\"text-align: center;\"><span style=\"color: #ffffff;\">.<\/span><\/p>\n<p style=\"text-align: center;\"><span style=\"color: #ffffff;\">.<\/span><\/p>\n<p style=\"text-align: center;\"><span style=\"color: #ffffff;\">.<\/span><\/p>\n<p style=\"text-align: center;\"><span style=\"color: #ffffff;\">.<\/span><\/p>\n<p>&nbsp;<\/p>\n","protected":false},"excerpt":{"rendered":"<p>O Dia das M\u00e3es est\u00e1 pr\u00f3ximo. <\/p>\n","protected":false},"author":31,"featured_media":0,"comment_status":"open","ping_status":"open","sticky":false,"template":"","format":"standard","meta":[],"categories":[20,1882],"tags":[163,73,38],"yoast_head":"<!-- This site is optimized with the Yoast SEO plugin v17.4 - https:\/\/yoast.com\/wordpress\/plugins\/seo\/ -->\n<title>CONSELHOS DE MARIA! O Dia das M\u00e3es est\u00e1 chegando. Baixe esse \u00e1udio e veja algo maravilhoso para voc\u00ea e para sua m\u00e3e. \u00c9 GR\u00c1TIS. - Associa\u00e7\u00e3o Devotos de F\u00e1tima<\/title>\n<meta name=\"robots\" content=\"index, follow, max-snippet:-1, max-image-preview:large, max-video-preview:-1\" \/>\n<link rel=\"canonical\" href=\"https:\/\/www.adf.org.br\/home\/conselhos-de-maria-o-dia-das-maes-esta-chegando-baixe-esse-audio-e-veja-algo-maravilhoso-para-voce-e-gratis\/\" \/>\n<meta property=\"og:locale\" content=\"pt_BR\" \/>\n<meta property=\"og:type\" content=\"article\" \/>\n<meta property=\"og:title\" content=\"CONSELHOS DE MARIA! O Dia das M\u00e3es est\u00e1 chegando. Baixe esse \u00e1udio e veja algo maravilhoso para voc\u00ea e para sua m\u00e3e. \u00c9 GR\u00c1TIS. - Associa\u00e7\u00e3o Devotos de F\u00e1tima\" \/>\n<meta property=\"og:description\" content=\"O Dia das M\u00e3es est\u00e1 pr\u00f3ximo.\" \/>\n<meta property=\"og:url\" content=\"https:\/\/www.adf.org.br\/home\/conselhos-de-maria-o-dia-das-maes-esta-chegando-baixe-esse-audio-e-veja-algo-maravilhoso-para-voce-e-gratis\/\" \/>\n<meta property=\"og:site_name\" content=\"Associa\u00e7\u00e3o Devotos de F\u00e1tima\" \/>\n<meta property=\"article:published_time\" content=\"2016-05-03T03:00:43+00:00\" \/>\n<meta property=\"og:image\" content=\"http:\/\/www.adf.org.br\/home\/wp-content\/uploads\/2016\/05\/MariaJesus21.jpg\" \/>\n<meta name=\"twitter:card\" content=\"summary_large_image\" \/>\n<meta name=\"twitter:label1\" content=\"Escrito por\" \/>\n\t<meta name=\"twitter:data1\" content=\"Gabriel Barbosa\" \/>\n\t<meta name=\"twitter:label2\" content=\"Est. tempo de leitura\" \/>\n\t<meta name=\"twitter:data2\" content=\"1 minuto\" \/>\n<script type=\"application\/ld+json\" class=\"yoast-schema-graph\">{\"@context\":\"https:\/\/schema.org\",\"@graph\":[{\"@type\":\"WebSite\",\"@id\":\"https:\/\/www.adf.org.br\/home\/#website\",\"url\":\"https:\/\/www.adf.org.br\/home\/\",\"name\":\"Associa\\u00e7\\u00e3o Devotos de F\\u00e1tima\",\"description\":\"Associa\\u00e7\\u00e3o Devotos de F\\u00e1tima\",\"potentialAction\":[{\"@type\":\"SearchAction\",\"target\":{\"@type\":\"EntryPoint\",\"urlTemplate\":\"https:\/\/www.adf.org.br\/home\/?s={search_term_string}\"},\"query-input\":\"required name=search_term_string\"}],\"inLanguage\":\"pt-BR\"},{\"@type\":\"ImageObject\",\"@id\":\"https:\/\/www.adf.org.br\/home\/conselhos-de-maria-o-dia-das-maes-esta-chegando-baixe-esse-audio-e-veja-algo-maravilhoso-para-voce-e-gratis\/#primaryimage\",\"inLanguage\":\"pt-BR\",\"url\":\"http:\/\/www.adf.org.br\/home\/wp-content\/uploads\/2016\/05\/MariaJesus21.jpg\",\"contentUrl\":\"http:\/\/www.adf.org.br\/home\/wp-content\/uploads\/2016\/05\/MariaJesus21.jpg\"},{\"@type\":\"WebPage\",\"@id\":\"https:\/\/www.adf.org.br\/home\/conselhos-de-maria-o-dia-das-maes-esta-chegando-baixe-esse-audio-e-veja-algo-maravilhoso-para-voce-e-gratis\/#webpage\",\"url\":\"https:\/\/www.adf.org.br\/home\/conselhos-de-maria-o-dia-das-maes-esta-chegando-baixe-esse-audio-e-veja-algo-maravilhoso-para-voce-e-gratis\/\",\"name\":\"CONSELHOS DE MARIA! O Dia das M\\u00e3es est\\u00e1 chegando. Baixe esse \\u00e1udio e veja algo maravilhoso para voc\\u00ea e para sua m\\u00e3e. \\u00c9 GR\\u00c1TIS. - Associa\\u00e7\\u00e3o Devotos de F\\u00e1tima\",\"isPartOf\":{\"@id\":\"https:\/\/www.adf.org.br\/home\/#website\"},\"primaryImageOfPage\":{\"@id\":\"https:\/\/www.adf.org.br\/home\/conselhos-de-maria-o-dia-das-maes-esta-chegando-baixe-esse-audio-e-veja-algo-maravilhoso-para-voce-e-gratis\/#primaryimage\"},\"datePublished\":\"2016-05-03T03:00:43+00:00\",\"dateModified\":\"2016-05-03T03:00:43+00:00\",\"author\":{\"@id\":\"https:\/\/www.adf.org.br\/home\/#\/schema\/person\/f35a5c5aa7728a3dedf4ea9aa1fc2753\"},\"breadcrumb\":{\"@id\":\"https:\/\/www.adf.org.br\/home\/conselhos-de-maria-o-dia-das-maes-esta-chegando-baixe-esse-audio-e-veja-algo-maravilhoso-para-voce-e-gratis\/#breadcrumb\"},\"inLanguage\":\"pt-BR\",\"potentialAction\":[{\"@type\":\"ReadAction\",\"target\":[\"https:\/\/www.adf.org.br\/home\/conselhos-de-maria-o-dia-das-maes-esta-chegando-baixe-esse-audio-e-veja-algo-maravilhoso-para-voce-e-gratis\/\"]}]},{\"@type\":\"BreadcrumbList\",\"@id\":\"https:\/\/www.adf.org.br\/home\/conselhos-de-maria-o-dia-das-maes-esta-chegando-baixe-esse-audio-e-veja-algo-maravilhoso-para-voce-e-gratis\/#breadcrumb\",\"itemListElement\":[{\"@type\":\"ListItem\",\"position\":1,\"name\":\"Home\",\"item\":\"https:\/\/www.adf.org.br\/home\/\"},{\"@type\":\"ListItem\",\"position\":2,\"name\":\"CONSELHOS DE MARIA! O Dia das M\\u00e3es est\\u00e1 chegando. Baixe esse \\u00e1udio e veja algo maravilhoso para voc\\u00ea e para sua m\\u00e3e. \\u00c9 GR\\u00c1TIS.\"}]},{\"@type\":\"Person\",\"@id\":\"https:\/\/www.adf.org.br\/home\/#\/schema\/person\/f35a5c5aa7728a3dedf4ea9aa1fc2753\",\"name\":\"Gabriel Barbosa\",\"image\":{\"@type\":\"ImageObject\",\"@id\":\"https:\/\/www.adf.org.br\/home\/#personlogo\",\"inLanguage\":\"pt-BR\",\"url\":\"https:\/\/secure.gravatar.com\/avatar\/2b2cb2f4637682c5605e8d36818f51ef?s=96&d=mm&r=g\",\"contentUrl\":\"https:\/\/secure.gravatar.com\/avatar\/2b2cb2f4637682c5605e8d36818f51ef?s=96&d=mm&r=g\",\"caption\":\"Gabriel Barbosa\"},\"url\":\"https:\/\/www.adf.org.br\/home\/author\/gabrielpmk-com-br\/\"}]}<\/script>\n<!-- \/ Yoast SEO plugin. -->","yoast_head_json":{"title":"CONSELHOS DE MARIA! O Dia das M\u00e3es est\u00e1 chegando. Baixe esse \u00e1udio e veja algo maravilhoso para voc\u00ea e para sua m\u00e3e. \u00c9 GR\u00c1TIS. - Associa\u00e7\u00e3o Devotos de F\u00e1tima","robots":{"index":"index","follow":"follow","max-snippet":"max-snippet:-1","max-image-preview":"max-image-preview:large","max-video-preview":"max-video-preview:-1"},"canonical":"https:\/\/www.adf.org.br\/home\/conselhos-de-maria-o-dia-das-maes-esta-chegando-baixe-esse-audio-e-veja-algo-maravilhoso-para-voce-e-gratis\/","og_locale":"pt_BR","og_type":"article","og_title":"CONSELHOS DE MARIA! O Dia das M\u00e3es est\u00e1 chegando. Baixe esse \u00e1udio e veja algo maravilhoso para voc\u00ea e para sua m\u00e3e. \u00c9 GR\u00c1TIS. - Associa\u00e7\u00e3o Devotos de F\u00e1tima","og_description":"O Dia das M\u00e3es est\u00e1 pr\u00f3ximo.","og_url":"https:\/\/www.adf.org.br\/home\/conselhos-de-maria-o-dia-das-maes-esta-chegando-baixe-esse-audio-e-veja-algo-maravilhoso-para-voce-e-gratis\/","og_site_name":"Associa\u00e7\u00e3o Devotos de F\u00e1tima","article_published_time":"2016-05-03T03:00:43+00:00","og_image":[{"url":"http:\/\/www.adf.org.br\/home\/wp-content\/uploads\/2016\/05\/MariaJesus21.jpg"}],"twitter_card":"summary_large_image","twitter_misc":{"Escrito por":"Gabriel Barbosa","Est. tempo de leitura":"1 minuto"},"schema":{"@context":"https:\/\/schema.org","@graph":[{"@type":"WebSite","@id":"https:\/\/www.adf.org.br\/home\/#website","url":"https:\/\/www.adf.org.br\/home\/","name":"Associa\u00e7\u00e3o Devotos de F\u00e1tima","description":"Associa\u00e7\u00e3o Devotos de F\u00e1tima","potentialAction":[{"@type":"SearchAction","target":{"@type":"EntryPoint","urlTemplate":"https:\/\/www.adf.org.br\/home\/?s={search_term_string}"},"query-input":"required name=search_term_string"}],"inLanguage":"pt-BR"},{"@type":"ImageObject","@id":"https:\/\/www.adf.org.br\/home\/conselhos-de-maria-o-dia-das-maes-esta-chegando-baixe-esse-audio-e-veja-algo-maravilhoso-para-voce-e-gratis\/#primaryimage","inLanguage":"pt-BR","url":"http:\/\/www.adf.org.br\/home\/wp-content\/uploads\/2016\/05\/MariaJesus21.jpg","contentUrl":"http:\/\/www.adf.org.br\/home\/wp-content\/uploads\/2016\/05\/MariaJesus21.jpg"},{"@type":"WebPage","@id":"https:\/\/www.adf.org.br\/home\/conselhos-de-maria-o-dia-das-maes-esta-chegando-baixe-esse-audio-e-veja-algo-maravilhoso-para-voce-e-gratis\/#webpage","url":"https:\/\/www.adf.org.br\/home\/conselhos-de-maria-o-dia-das-maes-esta-chegando-baixe-esse-audio-e-veja-algo-maravilhoso-para-voce-e-gratis\/","name":"CONSELHOS DE MARIA! O Dia das M\u00e3es est\u00e1 chegando. Baixe esse \u00e1udio e veja algo maravilhoso para voc\u00ea e para sua m\u00e3e. \u00c9 GR\u00c1TIS. - Associa\u00e7\u00e3o Devotos de F\u00e1tima","isPartOf":{"@id":"https:\/\/www.adf.org.br\/home\/#website"},"primaryImageOfPage":{"@id":"https:\/\/www.adf.org.br\/home\/conselhos-de-maria-o-dia-das-maes-esta-chegando-baixe-esse-audio-e-veja-algo-maravilhoso-para-voce-e-gratis\/#primaryimage"},"datePublished":"2016-05-03T03:00:43+00:00","dateModified":"2016-05-03T03:00:43+00:00","author":{"@id":"https:\/\/www.adf.org.br\/home\/#\/schema\/person\/f35a5c5aa7728a3dedf4ea9aa1fc2753"},"breadcrumb":{"@id":"https:\/\/www.adf.org.br\/home\/conselhos-de-maria-o-dia-das-maes-esta-chegando-baixe-esse-audio-e-veja-algo-maravilhoso-para-voce-e-gratis\/#breadcrumb"},"inLanguage":"pt-BR","potentialAction":[{"@type":"ReadAction","target":["https:\/\/www.adf.org.br\/home\/conselhos-de-maria-o-dia-das-maes-esta-chegando-baixe-esse-audio-e-veja-algo-maravilhoso-para-voce-e-gratis\/"]}]},{"@type":"BreadcrumbList","@id":"https:\/\/www.adf.org.br\/home\/conselhos-de-maria-o-dia-das-maes-esta-chegando-baixe-esse-audio-e-veja-algo-maravilhoso-para-voce-e-gratis\/#breadcrumb","itemListElement":[{"@type":"ListItem","position":1,"name":"Home","item":"https:\/\/www.adf.org.br\/home\/"},{"@type":"ListItem","position":2,"name":"CONSELHOS DE MARIA! O Dia das M\u00e3es est\u00e1 chegando. Baixe esse \u00e1udio e veja algo maravilhoso para voc\u00ea e para sua m\u00e3e. \u00c9 GR\u00c1TIS."}]},{"@type":"Person","@id":"https:\/\/www.adf.org.br\/home\/#\/schema\/person\/f35a5c5aa7728a3dedf4ea9aa1fc2753","name":"Gabriel Barbosa","image":{"@type":"ImageObject","@id":"https:\/\/www.adf.org.br\/home\/#personlogo","inLanguage":"pt-BR","url":"https:\/\/secure.gravatar.com\/avatar\/2b2cb2f4637682c5605e8d36818f51ef?s=96&d=mm&r=g","contentUrl":"https:\/\/secure.gravatar.com\/avatar\/2b2cb2f4637682c5605e8d36818f51ef?s=96&d=mm&r=g","caption":"Gabriel Barbosa"},"url":"https:\/\/www.adf.org.br\/home\/author\/gabrielpmk-com-br\/"}]}},"_links":{"self":[{"href":"https:\/\/www.adf.org.br\/home\/wp-json\/wp\/v2\/posts\/39390"}],"collection":[{"href":"https:\/\/www.adf.org.br\/home\/wp-json\/wp\/v2\/posts"}],"about":[{"href":"https:\/\/www.adf.org.br\/home\/wp-json\/wp\/v2\/types\/post"}],"author":[{"embeddable":true,"href":"https:\/\/www.adf.org.br\/home\/wp-json\/wp\/v2\/users\/31"}],"replies":[{"embeddable":true,"href":"https:\/\/www.adf.org.br\/home\/wp-json\/wp\/v2\/comments?post=39390"}],"version-history":[{"count":0,"href":"https:\/\/www.adf.org.br\/home\/wp-json\/wp\/v2\/posts\/39390\/revisions"}],"wp:attachment":[{"href":"https:\/\/www.adf.org.br\/home\/wp-json\/wp\/v2\/media?parent=39390"}],"wp:term":[{"taxonomy":"category","embeddable":true,"href":"https:\/\/www.adf.org.br\/home\/wp-json\/wp\/v2\/categories?post=39390"},{"taxonomy":"post_tag","embeddable":true,"href":"https:\/\/www.adf.org.br\/home\/wp-json\/wp\/v2\/tags?post=39390"}],"curies":[{"name":"wp","href":"https:\/\/api.w.org\/{rel}","templated":true}]}}