{"id":3935,"date":"2010-04-23T00:01:08","date_gmt":"2010-04-23T03:01:08","guid":{"rendered":"http:\/\/www.adf.org.br\/home\/?p=3935"},"modified":"2020-06-09T11:51:22","modified_gmt":"2020-06-09T14:51:22","slug":"suas-preocupacoes-nas-maos-de-maria-santissima-conheca-o-oratorio-da-medalha-milagrosa","status":"publish","type":"post","link":"https:\/\/www.adf.org.br\/home\/suas-preocupacoes-nas-maos-de-maria-santissima-conheca-o-oratorio-da-medalha-milagrosa\/","title":{"rendered":"Suas preocupa\u00e7\u00f5es nas m\u00e3os de Maria Sant\u00edssima: conhe\u00e7a o Orat\u00f3rio da Medalha Milagrosa"},"content":{"rendered":"<p><span style=\"color: #0000ff;\"><strong><em> <\/em><\/strong><\/span><\/p>\n<p><strong><span style=\"font-size: large;\">S<\/span><\/strong><strong>e voc\u00ea chegou at\u00e9 esta p\u00e1gina, tenha certeza de que ela traz informa\u00e7\u00f5es muito importantes \u00e0 sua vida. Leia com aten\u00e7\u00e3o.<\/strong><\/p>\n<p><a style=\"color: #0070c0;\" href=\"http:\/\/oratoriodamedalhamilagrosa.org.br\/home\/acenda-sua-vela-30\/?origem=1\"><img loading=\"lazy\" class=\"alignleft size-thumbnail wp-image-3973\" style=\"margin-right: 20px;\" title=\"Mais de 200 mil Velas Virtuais foram acesas no Orat\u00f3rio\" src=\"http:\/\/www.adf.org.br\/home\/wp-content\/uploads\/2010\/04\/big_1263481087-150x150.jpg\" alt=\"big_1263481087\" width=\"150\" height=\"150\" \/><\/a><\/p>\n<p><a style=\"color: #0070c0;\" href=\"http:\/\/oratoriodamedalhamilagrosa.org.br\/home\/acenda-sua-vela-30\/?origem=1\"><\/a><span style=\"font-size: large;\">\u00c9<\/span> com imensa alegria que informamos que, com apenas dois meses de exist\u00eancia, o\u00a0<a style=\"color: #0070c0;\" href=\"http:\/\/oratoriodamedalhamilagrosa.org.br\/home\/acenda-sua-vela-30\/?origem=1\" target=\"_blank\" rel=\"noopener noreferrer\">Orat\u00f3rio da Medalha Milagrosa<\/a> j\u00e1 teve mais de\u00a0200 mil velas virtuais\u00a0<a style=\"color: #0070c0;\" href=\"http:\/\/oratoriodamedalhamilagrosa.org.br\/home\/acenda-sua-vela-30\/?origem=1\"><\/a>acesas.\u00a0E este n\u00famero aumenta a cada minuto (<a style=\"color: #0070c0;\" href=\"http:\/\/oratoriodamedalhamilagrosa.org.br\/home\/acenda-sua-vela-30\/?origem=1\" target=\"_blank\" rel=\"noopener noreferrer\">veja agora quantas velas existem no Orat\u00f3rio<\/a>).<\/p>\n<p>A comunidade do\u00a0<a href=\"http:\/\/oratoriodamedalhamilagrosa.org.br\/home\/?origem=1\" target=\"_blank\" rel=\"noopener noreferrer\">Orat\u00f3rio da Medalha Milagrosa<\/a> foi criada em fevereiro de 2010, tendo como objetivo instituir um lugar onde os devotos de Nossa Senhora das Gra\u00e7as pudessem enviar seus pedidos de ora\u00e7\u00e3o, fazer s\u00faplicas, agradecer gra\u00e7as alcan\u00e7adas e comprovar a for\u00e7a da devo\u00e7\u00e3o \u00e0 Medalha Milagrosa.<\/p>\n<p>Quando voc\u00ea\u00a0<a style=\"color: #0070c0;\" href=\"http:\/\/oratoriodamedalhamilagrosa.org.br\/home\/?origem=1\">acende uma vela de 7 ou 30 dias no Orat\u00f3rio<\/a>, seus pedidos s\u00e3o inclusos automaticamente no Livro de S\u00faplicas a Nossa Senhora das Gra\u00e7as e nas Missas que fazemos celebrar toda semana.<\/p>\n<p>Al\u00e9m disso, a Comunidade do Orat\u00f3rio da Medalha Milagrosa tamb\u00e9m reza pelas suas inten\u00e7\u00f5es, durante todo o per\u00edodo em que sua vela estiver acesa.<\/p>\n<p><span style=\"font-size: large;\">C<\/span>ada vela acesa significa um pedido de ora\u00e7\u00e3o e \u00e9 s\u00edmbolo vivo da devo\u00e7\u00e3o e da confian\u00e7a em Nossa Senhora das Gra\u00e7as.<\/p>\n<p>Para demonstrar todo o carinho pelas pessoas que procuram o Orat\u00f3rio, quem acender uma\u00a0<a style=\"color: #0070c0;\" href=\"http:\/\/oratoriodamedalhamilagrosa.org.br\/home\/acenda-sua-vela-30\/?origem=1\" target=\"_blank\" rel=\"noopener noreferrer\">vela de 30 dias<\/a> e fizer uma pequena doa\u00e7\u00e3o de 10,00 para manter esse apostolado tamb\u00e9m recebe, pelo Correio, a linda\u00a0Medalha Milagrosa de Nossa Senhora das Gra\u00e7as\u00a0(tamanho 1,5cm x 2,5cm), j\u00e1 benta por um sacerdote, e a Novena impressa para rezar por suas necessidades.<\/p>\n<p><a style=\"color: #0070c0;\" href=\"http:\/\/oratoriodamedalhamilagrosa.org.br\/home\/acenda-sua-vela-30\/?origem=1\" target=\"_blank\" rel=\"noopener noreferrer\">Tamb\u00e9m quero acender minha Vela no Orat\u00f3rio da Medalha Milagrosa<\/a><\/p>\n<hr \/>\n<p><strong><span style=\"font-size: large;\">P<\/span><\/strong><strong>or que esta Medalha \u00e9 Milagrosa?<\/strong><a style=\"color: #0070c0;\" href=\"http:\/\/oratoriodamedalhamilagrosa.org.br\/home\/acenda-sua-vela-30\/?origem=1\"><\/a><\/p>\n<p><span style=\"color: #0000ff;\"><strong><em><a href=\"http:\/\/oratoriodamedalhamilagrosa.org.br\/home\/acenda-sua-vela-30\/?origem=1\"><img loading=\"lazy\" class=\"alignleft size-thumbnail wp-image-3976\" style=\" margin-right: 20px;\" title=\"Medalha Milagrosa\" src=\"http:\/\/www.adf.org.br\/home\/wp-content\/uploads\/2010\/04\/medalha5-150x150.png\" alt=\"Medalha Milagrosa\" width=\"150\" height=\"150\" \/><\/a><\/em><\/strong><\/span><\/p>\n<p><a style=\"color: #0070c0;\" href=\"http:\/\/oratoriodamedalhamilagrosa.org.br\/home\/acenda-sua-vela-30\/?origem=1\"><\/a>\u201cTodas as pessoas que usarem a Medalha receber\u00e3o grandes gra\u00e7as, trazendo-a ao pesco\u00e7o\u201d. \u201cAs gra\u00e7as ser\u00e3o abundantes para as pessoas que a usarem com confian\u00e7a\u201d.<\/p>\n<p>Estas foram as palavras de Nossa Senhora numa apari\u00e7\u00e3o a Santa Catarina Labour\u00e9, em 27 de novembro de 1830. E, a partir deste pedido, milh\u00f5es de pessoas no mundo inteiro passaram a receber gra\u00e7as atrav\u00e9s da Medalha Milagrosa.<\/p>\n<p>Na morte de Santa Catarina Labour\u00e9, em 1876, a tiragem mundial da Medalha j\u00e1 ultrapassava\u00a0um milh\u00e3o de exemplares. In\u00fameras convers\u00f5es, curas e prote\u00e7\u00f5es extraordin\u00e1rias, lhe conferiram rapidamente a sua fama de &#8220;Medalha Milagrosa&#8221;.<\/p>\n<p>Voc\u00ea certamente tem necessidades de grandes gra\u00e7as&#8230;<\/p>\n<p>E sabe que enfrentar essa vida sem a ajuda e prote\u00e7\u00e3o do C\u00e9u \u00e9 loucura!<\/p>\n<p>Por isso,\u00a0<a style=\"color: #0070c0;\" href=\"http:\/\/oratoriodamedalhamilagrosa.org.br\/home\/?origem=1\" target=\"_blank\" rel=\"noopener noreferrer\">acesse aqui o Orat\u00f3rio da Medalha Milagrosa<\/a>.<\/p>\n<p><a style=\"color: #0070c0;\" href=\"http:\/\/oratoriodamedalhamilagrosa.org.br\/home\/acenda-sua-vela-30\/?origem=1\" target=\"_blank\" rel=\"noopener noreferrer\">Acenda sua Vela de 30 dias e receba em sua casa, pelo correio, a Medalha Milagrosa<\/a>, a mesma da hist\u00f3ria que voc\u00ea leu acima, mais a Novena para rezar por suas necessidades.<\/p>\n<p>Milhares de pessoas que usam a Medalha e participam do Orat\u00f3rio j\u00e1 tiveram suas preces atendidas e compartilharam seus lindos e emocionantes testemunhos.<\/p>\n<p>Veja abaixo alguns deles:<\/p>\n<p><em><span style=\"color: #ff0000;\"><img loading=\"lazy\" class=\"alignleft size-medium wp-image-3951\" style=\" margin-right: 20px;\" title=\"Nossa Senhora das Gra\u00e7as\" src=\"http:\/\/www.adf.org.br\/home\/wp-content\/uploads\/2010\/04\/v2-164x300.jpg\" alt=\"v\" width=\"164\" height=\"300\" \/><\/span><\/em><\/p>\n<p>\u201c<em><span style=\"font-size: large;\">E<\/span><\/em><em>ste site do Orat\u00f3rio da Medalha Milagrosa \u00e9 maravilhoso!! Muitas vezes nos sentimos angustiados por algum motivo e nem sempre d\u00e1 para se locomover \u00e0 uma igreja, ent\u00e3o tenho feito minhas ora\u00e7\u00f5es, e tenho minhas s\u00faplicas alcan\u00e7adas!!! S\u00f3 tenho a agradecer \u00e0 esse site. \u00d3h Maria concebida sem pecado, rogai por n\u00f3s que recorremos \u00e0 v\u00f3s. Am\u00e9m!<\/em>\u201d \u00a0<br \/>\n E.L.<\/p>\n<p><a style=\"color: #0070c0;\" href=\"http:\/\/oratoriodamedalhamilagrosa.org.br\/home\/?origem=1\" target=\"_blank\" rel=\"noopener noreferrer\">Tamb\u00e9m vou acender minha Vela no Orat\u00f3rio da Medalha Milagrosa<\/a><\/p>\n<p><em>\u201c<span style=\"font-size: large;\">H<\/span><\/em><em>\u00e1 menos de sete dias acendi com muita f\u00e9 uma vela com a inten\u00e7\u00e3o de que meu marido parasse de beber, e em menos de sete dias ap\u00f3s acender a vela, j\u00e1 estou sendo atendida. As coisas est\u00e3o melhorando muito! Obrigada meu Deus, obrigada Rainha do C\u00e9u pela gra\u00e7a alcan\u00e7ada, e sei que ainda h\u00e1 coisas muito boas por vir. Am\u00e9m\u201d<\/em>.<br \/>\n A.<\/p>\n<p><em>\u201c<span style=\"font-size: large;\">A<\/span><\/em><em>cendi a vela e recebi a medalha e a novena, recebi a gra\u00e7a que pedi e que esperei por oito anos por uma solu\u00e7\u00e3o. Uso a medalha com f\u00e9 e esperan\u00e7a e consegui a guarda do meu filho-neto, todos os sofrimentos e incertezas na justi\u00e7a foram arquivados! O meu menino ficar\u00e1 conosco. Agora eu choro \u00e9 de alegria e amando e venerando nossa M\u00e3e querida que est\u00e1 sempre intercedendo por todos os nossos pedidos. Tenham f\u00e9 e esperan\u00e7a, que a gra\u00e7a chegar\u00e1 na hora e momento certo. Obrigada minha m\u00e3e\u201d.<\/em> <br \/>\n M.G.<\/p>\n<p><a style=\"color: #0070c0;\" href=\"http:\/\/oratoriodamedalhamilagrosa.org.br\/home\/acenda-sua-vela-30\/?origem=1\" target=\"_blank\" rel=\"noopener noreferrer\">Eu tenho F\u00e9 e Esperan\u00e7a e tamb\u00e9m acenderei minha Vela neste Orat\u00f3rio.<\/a><\/p>\n<p><em>\u201c<span style=\"font-size: large;\">Q<\/span><\/em><em>uero manifestar as gra\u00e7as que tenho alcan\u00e7ado. H\u00e1 10 anos quebrei as duas pernas e os m\u00e9dicos disseram que eu n\u00e3o andaria mais. O milagre veio assim que ganhei de uma pessoa a novena e comecei a rez\u00e1-la e para gl\u00f3ria da Medalha Milagrosa estou andando! Vou para todo lado sozinha sem precisar de ajuda, ando normal. Gra\u00e7as a Sant\u00edssima Maria que tudo que eu pe\u00e7o e se for da vontade de Jesus e para o bem Ela me concede. Am\u00e9m\u201d.<br \/>\n <\/em>C.P.<\/p>\n<p>Quantas gra\u00e7as j\u00e1 foram alcan\u00e7adas!<\/p>\n<p>Tenha certeza que o seu milagre tamb\u00e9m est\u00e1 \u00e0 sua espera.<\/p>\n<p>N\u00e3o demore mais para acender a\u00a0<a style=\"color: #0070c0;\" href=\"http:\/\/oratoriodamedalhamilagrosa.org.br\/home\/acenda-sua-vela-30\/?origem=1\">sua vela <\/a>neste Orat\u00f3rio que j\u00e1 ajudou tantas pessoas, e receba pelo correio a\u00a0<a style=\"color: #0070c0;\" href=\"http:\/\/oratoriodamedalhamilagrosa.org.br\/home\/acenda-sua-vela-30\/?origem=1\" target=\"_blank\" rel=\"noopener noreferrer\">Medalha Milagrosa<\/a>.<\/p>\n<p>Convide tamb\u00e9m os seus amigos para participar deste Orat\u00f3rio. Compartilhe suas gra\u00e7as e se solidarize com os pedidos e inten\u00e7\u00f5es do pr\u00f3ximo.<\/p>\n<p><strong><span style=\"font-size: large;\">N<\/span><\/strong><strong>\u00e3o deixe para amanh\u00e3 a b\u00ean\u00e7\u00e3o e a gra\u00e7a que voc\u00ea pode alcan\u00e7ar agora.<\/strong><\/p>\n<p>Nossa Senhora est\u00e1 \u00e0 sua espera para voc\u00ea levar a Ela todas as s\u00faplicas que afligem o seu cora\u00e7\u00e3o.<\/p>\n<p><strong><span style=\"font-size: large;\">C<\/span><\/strong><strong>onfie n\u2019Ela!<\/strong><\/p>\n<p><a style=\"color: #0070c0;\" href=\"http:\/\/oratoriodamedalhamilagrosa.org.br\/home\/acenda-sua-vela-30\/?origem=8\" target=\"_blank\" rel=\"noopener noreferrer\"><\/a><\/p>\n<p><a style=\"color: #0070c0;\" href=\"http:\/\/oratoriodamedalhamilagrosa.org.br\/home\/acenda-sua-vela-30\/?origem=8\" target=\"_blank\" rel=\"noopener noreferrer\"><\/a><\/p>\n<p style=\"text-align: center;\"><span style=\"color: #0000ee; -webkit-text-decorations-in-effect: underline;\"><a href=\"http:\/\/oratoriodamedalhamilagrosa.org.br\/home\/\"><img loading=\"lazy\" class=\"size-full wp-image-3955 aligncenter\" style=\"display: block; margin-left: auto; margin-right: auto; border: 0px initial initial;\" title=\"banner_oratorio1\" src=\"http:\/\/www.adf.org.br\/home\/wp-content\/uploads\/2010\/04\/banner_oratorio14.jpg\" alt=\"banner_oratorio1\" width=\"450\" height=\"159\" srcset=\"https:\/\/www.adf.org.br\/home\/wp-content\/uploads\/2010\/04\/banner_oratorio14.jpg 450w, https:\/\/www.adf.org.br\/home\/wp-content\/uploads\/2010\/04\/banner_oratorio14-300x106.jpg 300w\" sizes=\"(max-width: 450px) 100vw, 450px\" \/><\/a><\/span><\/p>\n<div><span style=\"color: #0000ee; -webkit-text-decorations-in-effect: underline;\"><br \/>\n <\/span><\/div>\n","protected":false},"excerpt":{"rendered":"<p>Se voc\u00ea chegou at\u00e9 esta p\u00e1gina, tenha certeza de que ela traz informa\u00e7\u00f5es muito importantes \u00e0 sua vida. Leia com aten\u00e7\u00e3o. \u00c9 com imensa alegria que informamos que, com apenas dois meses de exist\u00eancia, o\u00a0Orat\u00f3rio da Medalha Milagrosa j\u00e1 teve mais de\u00a0200 mil velas virtuais\u00a0acesas.\u00a0E este n\u00famero aumenta a cada minuto (veja agora quantas velas [&hellip;]<\/p>\n","protected":false},"author":27,"featured_media":0,"comment_status":"open","ping_status":"open","sticky":false,"template":"","format":"standard","meta":[],"categories":[20,50],"tags":[],"yoast_head":"<!-- This site is optimized with the Yoast SEO plugin v17.4 - https:\/\/yoast.com\/wordpress\/plugins\/seo\/ -->\n<title>Suas preocupa\u00e7\u00f5es nas m\u00e3os de Maria Sant\u00edssima: conhe\u00e7a o Orat\u00f3rio da Medalha Milagrosa - Associa\u00e7\u00e3o Devotos de F\u00e1tima<\/title>\n<meta name=\"robots\" content=\"index, follow, max-snippet:-1, max-image-preview:large, max-video-preview:-1\" \/>\n<link rel=\"canonical\" href=\"https:\/\/www.adf.org.br\/home\/suas-preocupacoes-nas-maos-de-maria-santissima-conheca-o-oratorio-da-medalha-milagrosa\/\" \/>\n<meta property=\"og:locale\" content=\"pt_BR\" \/>\n<meta property=\"og:type\" content=\"article\" \/>\n<meta property=\"og:title\" content=\"Suas preocupa\u00e7\u00f5es nas m\u00e3os de Maria Sant\u00edssima: conhe\u00e7a o Orat\u00f3rio da Medalha Milagrosa - Associa\u00e7\u00e3o Devotos de F\u00e1tima\" \/>\n<meta property=\"og:description\" content=\"Se voc\u00ea chegou at\u00e9 esta p\u00e1gina, tenha certeza de que ela traz informa\u00e7\u00f5es muito importantes \u00e0 sua vida. Leia com aten\u00e7\u00e3o. \u00c9 com imensa alegria que informamos que, com apenas dois meses de exist\u00eancia, o\u00a0Orat\u00f3rio da Medalha Milagrosa j\u00e1 teve mais de\u00a0200 mil velas virtuais\u00a0acesas.\u00a0E este n\u00famero aumenta a cada minuto (veja agora quantas velas [&hellip;]\" \/>\n<meta property=\"og:url\" content=\"https:\/\/www.adf.org.br\/home\/suas-preocupacoes-nas-maos-de-maria-santissima-conheca-o-oratorio-da-medalha-milagrosa\/\" \/>\n<meta property=\"og:site_name\" content=\"Associa\u00e7\u00e3o Devotos de F\u00e1tima\" \/>\n<meta property=\"article:published_time\" content=\"2010-04-23T03:01:08+00:00\" \/>\n<meta property=\"article:modified_time\" content=\"2020-06-09T14:51:22+00:00\" \/>\n<meta property=\"og:image\" content=\"http:\/\/www.adf.org.br\/home\/wp-content\/uploads\/2010\/04\/big_1263481087-150x150.jpg\" \/>\n<meta name=\"twitter:card\" content=\"summary_large_image\" \/>\n<meta name=\"twitter:label1\" content=\"Escrito por\" \/>\n\t<meta name=\"twitter:data1\" content=\"Gabriel Barbosa\" \/>\n\t<meta name=\"twitter:label2\" content=\"Est. tempo de leitura\" \/>\n\t<meta name=\"twitter:data2\" content=\"5 minutos\" \/>\n<script type=\"application\/ld+json\" class=\"yoast-schema-graph\">{\"@context\":\"https:\/\/schema.org\",\"@graph\":[{\"@type\":\"WebSite\",\"@id\":\"https:\/\/www.adf.org.br\/home\/#website\",\"url\":\"https:\/\/www.adf.org.br\/home\/\",\"name\":\"Associa\\u00e7\\u00e3o Devotos de F\\u00e1tima\",\"description\":\"Associa\\u00e7\\u00e3o Devotos de F\\u00e1tima\",\"potentialAction\":[{\"@type\":\"SearchAction\",\"target\":{\"@type\":\"EntryPoint\",\"urlTemplate\":\"https:\/\/www.adf.org.br\/home\/?s={search_term_string}\"},\"query-input\":\"required name=search_term_string\"}],\"inLanguage\":\"pt-BR\"},{\"@type\":\"ImageObject\",\"@id\":\"https:\/\/www.adf.org.br\/home\/suas-preocupacoes-nas-maos-de-maria-santissima-conheca-o-oratorio-da-medalha-milagrosa\/#primaryimage\",\"inLanguage\":\"pt-BR\",\"url\":\"http:\/\/www.adf.org.br\/home\/wp-content\/uploads\/2010\/04\/big_1263481087-150x150.jpg\",\"contentUrl\":\"http:\/\/www.adf.org.br\/home\/wp-content\/uploads\/2010\/04\/big_1263481087-150x150.jpg\"},{\"@type\":\"WebPage\",\"@id\":\"https:\/\/www.adf.org.br\/home\/suas-preocupacoes-nas-maos-de-maria-santissima-conheca-o-oratorio-da-medalha-milagrosa\/#webpage\",\"url\":\"https:\/\/www.adf.org.br\/home\/suas-preocupacoes-nas-maos-de-maria-santissima-conheca-o-oratorio-da-medalha-milagrosa\/\",\"name\":\"Suas preocupa\\u00e7\\u00f5es nas m\\u00e3os de Maria Sant\\u00edssima: conhe\\u00e7a o Orat\\u00f3rio da Medalha Milagrosa - Associa\\u00e7\\u00e3o Devotos de F\\u00e1tima\",\"isPartOf\":{\"@id\":\"https:\/\/www.adf.org.br\/home\/#website\"},\"primaryImageOfPage\":{\"@id\":\"https:\/\/www.adf.org.br\/home\/suas-preocupacoes-nas-maos-de-maria-santissima-conheca-o-oratorio-da-medalha-milagrosa\/#primaryimage\"},\"datePublished\":\"2010-04-23T03:01:08+00:00\",\"dateModified\":\"2020-06-09T14:51:22+00:00\",\"author\":{\"@id\":\"https:\/\/www.adf.org.br\/home\/#\/schema\/person\/affa494ecf91434f3620f5392de44327\"},\"breadcrumb\":{\"@id\":\"https:\/\/www.adf.org.br\/home\/suas-preocupacoes-nas-maos-de-maria-santissima-conheca-o-oratorio-da-medalha-milagrosa\/#breadcrumb\"},\"inLanguage\":\"pt-BR\",\"potentialAction\":[{\"@type\":\"ReadAction\",\"target\":[\"https:\/\/www.adf.org.br\/home\/suas-preocupacoes-nas-maos-de-maria-santissima-conheca-o-oratorio-da-medalha-milagrosa\/\"]}]},{\"@type\":\"BreadcrumbList\",\"@id\":\"https:\/\/www.adf.org.br\/home\/suas-preocupacoes-nas-maos-de-maria-santissima-conheca-o-oratorio-da-medalha-milagrosa\/#breadcrumb\",\"itemListElement\":[{\"@type\":\"ListItem\",\"position\":1,\"name\":\"Home\",\"item\":\"https:\/\/www.adf.org.br\/home\/\"},{\"@type\":\"ListItem\",\"position\":2,\"name\":\"Suas preocupa\\u00e7\\u00f5es nas m\\u00e3os de Maria Sant\\u00edssima: conhe\\u00e7a o Orat\\u00f3rio da Medalha Milagrosa\"}]},{\"@type\":\"Person\",\"@id\":\"https:\/\/www.adf.org.br\/home\/#\/schema\/person\/affa494ecf91434f3620f5392de44327\",\"name\":\"Gabriel Barbosa\",\"image\":{\"@type\":\"ImageObject\",\"@id\":\"https:\/\/www.adf.org.br\/home\/#personlogo\",\"inLanguage\":\"pt-BR\",\"url\":\"https:\/\/secure.gravatar.com\/avatar\/ecf2eab02e30486a7038f8b2858de06a?s=96&d=mm&r=g\",\"contentUrl\":\"https:\/\/secure.gravatar.com\/avatar\/ecf2eab02e30486a7038f8b2858de06a?s=96&d=mm&r=g\",\"caption\":\"Gabriel Barbosa\"},\"url\":\"https:\/\/www.adf.org.br\/home\/author\/gabriel-aascj\/\"}]}<\/script>\n<!-- \/ Yoast SEO plugin. -->","yoast_head_json":{"title":"Suas preocupa\u00e7\u00f5es nas m\u00e3os de Maria Sant\u00edssima: conhe\u00e7a o Orat\u00f3rio da Medalha Milagrosa - Associa\u00e7\u00e3o Devotos de F\u00e1tima","robots":{"index":"index","follow":"follow","max-snippet":"max-snippet:-1","max-image-preview":"max-image-preview:large","max-video-preview":"max-video-preview:-1"},"canonical":"https:\/\/www.adf.org.br\/home\/suas-preocupacoes-nas-maos-de-maria-santissima-conheca-o-oratorio-da-medalha-milagrosa\/","og_locale":"pt_BR","og_type":"article","og_title":"Suas preocupa\u00e7\u00f5es nas m\u00e3os de Maria Sant\u00edssima: conhe\u00e7a o Orat\u00f3rio da Medalha Milagrosa - Associa\u00e7\u00e3o Devotos de F\u00e1tima","og_description":"Se voc\u00ea chegou at\u00e9 esta p\u00e1gina, tenha certeza de que ela traz informa\u00e7\u00f5es muito importantes \u00e0 sua vida. Leia com aten\u00e7\u00e3o. \u00c9 com imensa alegria que informamos que, com apenas dois meses de exist\u00eancia, o\u00a0Orat\u00f3rio da Medalha Milagrosa j\u00e1 teve mais de\u00a0200 mil velas virtuais\u00a0acesas.\u00a0E este n\u00famero aumenta a cada minuto (veja agora quantas velas [&hellip;]","og_url":"https:\/\/www.adf.org.br\/home\/suas-preocupacoes-nas-maos-de-maria-santissima-conheca-o-oratorio-da-medalha-milagrosa\/","og_site_name":"Associa\u00e7\u00e3o Devotos de F\u00e1tima","article_published_time":"2010-04-23T03:01:08+00:00","article_modified_time":"2020-06-09T14:51:22+00:00","og_image":[{"url":"http:\/\/www.adf.org.br\/home\/wp-content\/uploads\/2010\/04\/big_1263481087-150x150.jpg"}],"twitter_card":"summary_large_image","twitter_misc":{"Escrito por":"Gabriel Barbosa","Est. tempo de leitura":"5 minutos"},"schema":{"@context":"https:\/\/schema.org","@graph":[{"@type":"WebSite","@id":"https:\/\/www.adf.org.br\/home\/#website","url":"https:\/\/www.adf.org.br\/home\/","name":"Associa\u00e7\u00e3o Devotos de F\u00e1tima","description":"Associa\u00e7\u00e3o Devotos de F\u00e1tima","potentialAction":[{"@type":"SearchAction","target":{"@type":"EntryPoint","urlTemplate":"https:\/\/www.adf.org.br\/home\/?s={search_term_string}"},"query-input":"required name=search_term_string"}],"inLanguage":"pt-BR"},{"@type":"ImageObject","@id":"https:\/\/www.adf.org.br\/home\/suas-preocupacoes-nas-maos-de-maria-santissima-conheca-o-oratorio-da-medalha-milagrosa\/#primaryimage","inLanguage":"pt-BR","url":"http:\/\/www.adf.org.br\/home\/wp-content\/uploads\/2010\/04\/big_1263481087-150x150.jpg","contentUrl":"http:\/\/www.adf.org.br\/home\/wp-content\/uploads\/2010\/04\/big_1263481087-150x150.jpg"},{"@type":"WebPage","@id":"https:\/\/www.adf.org.br\/home\/suas-preocupacoes-nas-maos-de-maria-santissima-conheca-o-oratorio-da-medalha-milagrosa\/#webpage","url":"https:\/\/www.adf.org.br\/home\/suas-preocupacoes-nas-maos-de-maria-santissima-conheca-o-oratorio-da-medalha-milagrosa\/","name":"Suas preocupa\u00e7\u00f5es nas m\u00e3os de Maria Sant\u00edssima: conhe\u00e7a o Orat\u00f3rio da Medalha Milagrosa - Associa\u00e7\u00e3o Devotos de F\u00e1tima","isPartOf":{"@id":"https:\/\/www.adf.org.br\/home\/#website"},"primaryImageOfPage":{"@id":"https:\/\/www.adf.org.br\/home\/suas-preocupacoes-nas-maos-de-maria-santissima-conheca-o-oratorio-da-medalha-milagrosa\/#primaryimage"},"datePublished":"2010-04-23T03:01:08+00:00","dateModified":"2020-06-09T14:51:22+00:00","author":{"@id":"https:\/\/www.adf.org.br\/home\/#\/schema\/person\/affa494ecf91434f3620f5392de44327"},"breadcrumb":{"@id":"https:\/\/www.adf.org.br\/home\/suas-preocupacoes-nas-maos-de-maria-santissima-conheca-o-oratorio-da-medalha-milagrosa\/#breadcrumb"},"inLanguage":"pt-BR","potentialAction":[{"@type":"ReadAction","target":["https:\/\/www.adf.org.br\/home\/suas-preocupacoes-nas-maos-de-maria-santissima-conheca-o-oratorio-da-medalha-milagrosa\/"]}]},{"@type":"BreadcrumbList","@id":"https:\/\/www.adf.org.br\/home\/suas-preocupacoes-nas-maos-de-maria-santissima-conheca-o-oratorio-da-medalha-milagrosa\/#breadcrumb","itemListElement":[{"@type":"ListItem","position":1,"name":"Home","item":"https:\/\/www.adf.org.br\/home\/"},{"@type":"ListItem","position":2,"name":"Suas preocupa\u00e7\u00f5es nas m\u00e3os de Maria Sant\u00edssima: conhe\u00e7a o Orat\u00f3rio da Medalha Milagrosa"}]},{"@type":"Person","@id":"https:\/\/www.adf.org.br\/home\/#\/schema\/person\/affa494ecf91434f3620f5392de44327","name":"Gabriel Barbosa","image":{"@type":"ImageObject","@id":"https:\/\/www.adf.org.br\/home\/#personlogo","inLanguage":"pt-BR","url":"https:\/\/secure.gravatar.com\/avatar\/ecf2eab02e30486a7038f8b2858de06a?s=96&d=mm&r=g","contentUrl":"https:\/\/secure.gravatar.com\/avatar\/ecf2eab02e30486a7038f8b2858de06a?s=96&d=mm&r=g","caption":"Gabriel Barbosa"},"url":"https:\/\/www.adf.org.br\/home\/author\/gabriel-aascj\/"}]}},"_links":{"self":[{"href":"https:\/\/www.adf.org.br\/home\/wp-json\/wp\/v2\/posts\/3935"}],"collection":[{"href":"https:\/\/www.adf.org.br\/home\/wp-json\/wp\/v2\/posts"}],"about":[{"href":"https:\/\/www.adf.org.br\/home\/wp-json\/wp\/v2\/types\/post"}],"author":[{"embeddable":true,"href":"https:\/\/www.adf.org.br\/home\/wp-json\/wp\/v2\/users\/27"}],"replies":[{"embeddable":true,"href":"https:\/\/www.adf.org.br\/home\/wp-json\/wp\/v2\/comments?post=3935"}],"version-history":[{"count":1,"href":"https:\/\/www.adf.org.br\/home\/wp-json\/wp\/v2\/posts\/3935\/revisions"}],"predecessor-version":[{"id":59597,"href":"https:\/\/www.adf.org.br\/home\/wp-json\/wp\/v2\/posts\/3935\/revisions\/59597"}],"wp:attachment":[{"href":"https:\/\/www.adf.org.br\/home\/wp-json\/wp\/v2\/media?parent=3935"}],"wp:term":[{"taxonomy":"category","embeddable":true,"href":"https:\/\/www.adf.org.br\/home\/wp-json\/wp\/v2\/categories?post=3935"},{"taxonomy":"post_tag","embeddable":true,"href":"https:\/\/www.adf.org.br\/home\/wp-json\/wp\/v2\/tags?post=3935"}],"curies":[{"name":"wp","href":"https:\/\/api.w.org\/{rel}","templated":true}]}}