{"id":39188,"date":"2016-05-30T00:00:01","date_gmt":"2016-05-30T03:00:01","guid":{"rendered":"http:\/\/www.adf.org.br\/home\/?p=39188"},"modified":"2016-05-30T00:00:01","modified_gmt":"2016-05-30T03:00:01","slug":"temos-facilidade-para-pedir-nao-para-agradecer-2","status":"publish","type":"post","link":"https:\/\/www.adf.org.br\/home\/temos-facilidade-para-pedir-nao-para-agradecer-2\/","title":{"rendered":"\u201cTemos facilidade para pedir; n\u00e3o para agradecer!\u201d"},"content":{"rendered":"<figure id=\"attachment_39189\" aria-describedby=\"caption-attachment-39189\" style=\"width: 340px\" class=\"wp-caption aligncenter\"><img loading=\"lazy\" class=\"size-full wp-image-39189\" title=\"S\u00e3o Padre Pio.\" src=\"http:\/\/www.adf.org.br\/home\/wp-content\/uploads\/2016\/04\/padrepio1a.jpg\" alt=\"\" width=\"340\" height=\"432\" \/><figcaption id=\"caption-attachment-39189\" class=\"wp-caption-text\">S\u00e3o Padre Pio.<\/figcaption><\/figure>\n<p style=\"padding-left: 90px;\"><strong><span style=\"font-size: medium; font-family: verdana, geneva; color: #800080;\"><br \/>\n<span style=\"color: #ffffff;\">.<\/span><br \/>\nA frase \u00e9 do Santo Padre Pio e reflete muitas vezes nossa condi\u00e7\u00e3o de pecadores.<\/span><\/strong><\/p>\n<p><span style=\"font-size: medium; font-family: verdana, geneva; color: #000000;\"><span style=\"font-size: large;\"><strong><span style=\"color: #ffffff;\">.<\/span><br \/>\nP<\/strong><\/span>edimos a gra\u00e7a e quando a recebemos ficamos t\u00e3o alegres que \u00e0s vezes esquecemos de agradecer a Deus pelo bem que nos fez.<\/span><\/p>\n<p><span style=\"font-size: medium; font-family: verdana, geneva;\"><span style=\"color: #000000;\">Se voc\u00ea recebeu uma gra\u00e7a,<\/span>\u00a0<strong><a href=\"http:\/\/oratoriodamedalhamilagrosa.org.br\/home\/acenda-sua-vela-30\/?origem=1\" target=\"_blank\" rel=\"noopener noreferrer\">v\u00e1 agora ao Orat\u00f3rio da Medalha Milagrosa<\/a><\/strong>, <span style=\"color: #000000;\">acenda uma vela de<\/span> a<span style=\"color: #000000;\">gradecimento e deixe aqui nos coment\u00e1rios o seu testemunho.<\/span><\/span><\/p>\n<p><span style=\"font-size: medium; font-family: verdana, geneva; color: #000000;\">Que Nossa Senhora de F\u00e1tima interceda por voc\u00ea junto a Seu Filho, Nosso Senhor Jesus Cristo.<\/span><\/p>\n<p style=\"text-align: center;\"><span style=\"color: #ffffff;\">.<\/span><br \/>\n<span style=\"color: #ffffff;\">.<\/span><br \/>\n<span style=\"color: #000000;\"><strong><span style=\"font-size: medium; font-family: verdana, geneva;\">* \u00a0* \u00a0*<\/span><\/strong><\/span><\/p>\n<p style=\"text-align: center;\"><span style=\"color: #ffffff; font-size: medium; font-family: verdana, geneva;\">.\u00a0<\/span><\/p>\n<p style=\"text-align: center;\"><span style=\"color: #800080; font-size: medium; font-family: verdana, geneva;\">Agora que leu este impressionante relato, ligue gratuitamente para nossa Central de Ora\u00e7\u00f5es e inclua seus pedidos na<\/span><br \/>\n<span style=\"color: #800080; font-size: medium; font-family: verdana, geneva;\"><strong>\u00a0Missa dos filhos de Nossa Senhora!<\/strong><\/span><\/p>\n<p style=\"text-align: center;\"><span style=\"color: #ffffff; font-size: medium; font-family: verdana, geneva;\">.<\/span><br \/>\n<span style=\"color: #ffffff; font-size: medium; font-family: verdana, geneva;\">.<\/span><br \/>\n<span style=\"color: #000000; font-size: large; font-family: verdana, geneva;\"><strong>Ligue agora para:<\/strong><\/span><\/p>\n<p style=\"text-align: center;\"><span style=\"color: #ffffff; font-size: medium; font-family: verdana, geneva;\">.<\/span><br \/>\n<span style=\"color: #800080; font-size: xx-large; font-family: verdana, geneva;\"><strong>0800 773 11 19<\/strong><\/span><br \/>\n<span style=\"color: #800080; font-size: medium; font-family: verdana, geneva;\"><strong>(gr\u00e1tis para todo o Brasil)<\/strong><\/span><\/p>\n<p><span style=\"color: #ffffff;\">.<\/span><\/p>\n<p><span style=\"color: #ffffff;\">.<\/span><\/p>\n","protected":false},"excerpt":{"rendered":"<p>A frase \u00e9 do Santo Padre Pio e reflete muitas vezes nossa condi\u00e7\u00e3o de pecadores.<\/p>\n","protected":false},"author":31,"featured_media":0,"comment_status":"open","ping_status":"open","sticky":false,"template":"","format":"standard","meta":[],"categories":[20],"tags":[303,38,27],"yoast_head":"<!-- This site is optimized with the Yoast SEO plugin v17.4 - https:\/\/yoast.com\/wordpress\/plugins\/seo\/ -->\n<title>\u201cTemos facilidade para pedir; n\u00e3o para agradecer!\u201d - Associa\u00e7\u00e3o Devotos de F\u00e1tima<\/title>\n<meta name=\"robots\" content=\"index, follow, max-snippet:-1, max-image-preview:large, max-video-preview:-1\" \/>\n<link rel=\"canonical\" href=\"https:\/\/www.adf.org.br\/home\/temos-facilidade-para-pedir-nao-para-agradecer-2\/\" \/>\n<meta property=\"og:locale\" content=\"pt_BR\" \/>\n<meta property=\"og:type\" content=\"article\" \/>\n<meta property=\"og:title\" content=\"\u201cTemos facilidade para pedir; n\u00e3o para agradecer!\u201d - Associa\u00e7\u00e3o Devotos de F\u00e1tima\" \/>\n<meta property=\"og:description\" content=\"A frase \u00e9 do Santo Padre Pio e reflete muitas vezes nossa condi\u00e7\u00e3o de pecadores.\" \/>\n<meta property=\"og:url\" content=\"https:\/\/www.adf.org.br\/home\/temos-facilidade-para-pedir-nao-para-agradecer-2\/\" \/>\n<meta property=\"og:site_name\" content=\"Associa\u00e7\u00e3o Devotos de F\u00e1tima\" \/>\n<meta property=\"article:published_time\" content=\"2016-05-30T03:00:01+00:00\" \/>\n<meta property=\"og:image\" content=\"http:\/\/www.adf.org.br\/home\/wp-content\/uploads\/2016\/04\/padrepio1a.jpg\" \/>\n<meta name=\"twitter:card\" content=\"summary_large_image\" \/>\n<meta name=\"twitter:label1\" content=\"Escrito por\" \/>\n\t<meta name=\"twitter:data1\" content=\"Gabriel Barbosa\" \/>\n\t<meta name=\"twitter:label2\" content=\"Est. tempo de leitura\" \/>\n\t<meta name=\"twitter:data2\" content=\"1 minuto\" \/>\n<script type=\"application\/ld+json\" class=\"yoast-schema-graph\">{\"@context\":\"https:\/\/schema.org\",\"@graph\":[{\"@type\":\"WebSite\",\"@id\":\"https:\/\/www.adf.org.br\/home\/#website\",\"url\":\"https:\/\/www.adf.org.br\/home\/\",\"name\":\"Associa\\u00e7\\u00e3o Devotos de F\\u00e1tima\",\"description\":\"Associa\\u00e7\\u00e3o Devotos de F\\u00e1tima\",\"potentialAction\":[{\"@type\":\"SearchAction\",\"target\":{\"@type\":\"EntryPoint\",\"urlTemplate\":\"https:\/\/www.adf.org.br\/home\/?s={search_term_string}\"},\"query-input\":\"required name=search_term_string\"}],\"inLanguage\":\"pt-BR\"},{\"@type\":\"ImageObject\",\"@id\":\"https:\/\/www.adf.org.br\/home\/temos-facilidade-para-pedir-nao-para-agradecer-2\/#primaryimage\",\"inLanguage\":\"pt-BR\",\"url\":\"http:\/\/www.adf.org.br\/home\/wp-content\/uploads\/2016\/04\/padrepio1a.jpg\",\"contentUrl\":\"http:\/\/www.adf.org.br\/home\/wp-content\/uploads\/2016\/04\/padrepio1a.jpg\"},{\"@type\":\"WebPage\",\"@id\":\"https:\/\/www.adf.org.br\/home\/temos-facilidade-para-pedir-nao-para-agradecer-2\/#webpage\",\"url\":\"https:\/\/www.adf.org.br\/home\/temos-facilidade-para-pedir-nao-para-agradecer-2\/\",\"name\":\"\\u201cTemos facilidade para pedir; n\\u00e3o para agradecer!\\u201d - Associa\\u00e7\\u00e3o Devotos de F\\u00e1tima\",\"isPartOf\":{\"@id\":\"https:\/\/www.adf.org.br\/home\/#website\"},\"primaryImageOfPage\":{\"@id\":\"https:\/\/www.adf.org.br\/home\/temos-facilidade-para-pedir-nao-para-agradecer-2\/#primaryimage\"},\"datePublished\":\"2016-05-30T03:00:01+00:00\",\"dateModified\":\"2016-05-30T03:00:01+00:00\",\"author\":{\"@id\":\"https:\/\/www.adf.org.br\/home\/#\/schema\/person\/f35a5c5aa7728a3dedf4ea9aa1fc2753\"},\"breadcrumb\":{\"@id\":\"https:\/\/www.adf.org.br\/home\/temos-facilidade-para-pedir-nao-para-agradecer-2\/#breadcrumb\"},\"inLanguage\":\"pt-BR\",\"potentialAction\":[{\"@type\":\"ReadAction\",\"target\":[\"https:\/\/www.adf.org.br\/home\/temos-facilidade-para-pedir-nao-para-agradecer-2\/\"]}]},{\"@type\":\"BreadcrumbList\",\"@id\":\"https:\/\/www.adf.org.br\/home\/temos-facilidade-para-pedir-nao-para-agradecer-2\/#breadcrumb\",\"itemListElement\":[{\"@type\":\"ListItem\",\"position\":1,\"name\":\"Home\",\"item\":\"https:\/\/www.adf.org.br\/home\/\"},{\"@type\":\"ListItem\",\"position\":2,\"name\":\"\\u201cTemos facilidade para pedir; n\\u00e3o para agradecer!\\u201d\"}]},{\"@type\":\"Person\",\"@id\":\"https:\/\/www.adf.org.br\/home\/#\/schema\/person\/f35a5c5aa7728a3dedf4ea9aa1fc2753\",\"name\":\"Gabriel Barbosa\",\"image\":{\"@type\":\"ImageObject\",\"@id\":\"https:\/\/www.adf.org.br\/home\/#personlogo\",\"inLanguage\":\"pt-BR\",\"url\":\"https:\/\/secure.gravatar.com\/avatar\/2b2cb2f4637682c5605e8d36818f51ef?s=96&d=mm&r=g\",\"contentUrl\":\"https:\/\/secure.gravatar.com\/avatar\/2b2cb2f4637682c5605e8d36818f51ef?s=96&d=mm&r=g\",\"caption\":\"Gabriel Barbosa\"},\"url\":\"https:\/\/www.adf.org.br\/home\/author\/gabrielpmk-com-br\/\"}]}<\/script>\n<!-- \/ Yoast SEO plugin. -->","yoast_head_json":{"title":"\u201cTemos facilidade para pedir; n\u00e3o para agradecer!\u201d - Associa\u00e7\u00e3o Devotos de F\u00e1tima","robots":{"index":"index","follow":"follow","max-snippet":"max-snippet:-1","max-image-preview":"max-image-preview:large","max-video-preview":"max-video-preview:-1"},"canonical":"https:\/\/www.adf.org.br\/home\/temos-facilidade-para-pedir-nao-para-agradecer-2\/","og_locale":"pt_BR","og_type":"article","og_title":"\u201cTemos facilidade para pedir; n\u00e3o para agradecer!\u201d - Associa\u00e7\u00e3o Devotos de F\u00e1tima","og_description":"A frase \u00e9 do Santo Padre Pio e reflete muitas vezes nossa condi\u00e7\u00e3o de pecadores.","og_url":"https:\/\/www.adf.org.br\/home\/temos-facilidade-para-pedir-nao-para-agradecer-2\/","og_site_name":"Associa\u00e7\u00e3o Devotos de F\u00e1tima","article_published_time":"2016-05-30T03:00:01+00:00","og_image":[{"url":"http:\/\/www.adf.org.br\/home\/wp-content\/uploads\/2016\/04\/padrepio1a.jpg"}],"twitter_card":"summary_large_image","twitter_misc":{"Escrito por":"Gabriel Barbosa","Est. tempo de leitura":"1 minuto"},"schema":{"@context":"https:\/\/schema.org","@graph":[{"@type":"WebSite","@id":"https:\/\/www.adf.org.br\/home\/#website","url":"https:\/\/www.adf.org.br\/home\/","name":"Associa\u00e7\u00e3o Devotos de F\u00e1tima","description":"Associa\u00e7\u00e3o Devotos de F\u00e1tima","potentialAction":[{"@type":"SearchAction","target":{"@type":"EntryPoint","urlTemplate":"https:\/\/www.adf.org.br\/home\/?s={search_term_string}"},"query-input":"required name=search_term_string"}],"inLanguage":"pt-BR"},{"@type":"ImageObject","@id":"https:\/\/www.adf.org.br\/home\/temos-facilidade-para-pedir-nao-para-agradecer-2\/#primaryimage","inLanguage":"pt-BR","url":"http:\/\/www.adf.org.br\/home\/wp-content\/uploads\/2016\/04\/padrepio1a.jpg","contentUrl":"http:\/\/www.adf.org.br\/home\/wp-content\/uploads\/2016\/04\/padrepio1a.jpg"},{"@type":"WebPage","@id":"https:\/\/www.adf.org.br\/home\/temos-facilidade-para-pedir-nao-para-agradecer-2\/#webpage","url":"https:\/\/www.adf.org.br\/home\/temos-facilidade-para-pedir-nao-para-agradecer-2\/","name":"\u201cTemos facilidade para pedir; n\u00e3o para agradecer!\u201d - Associa\u00e7\u00e3o Devotos de F\u00e1tima","isPartOf":{"@id":"https:\/\/www.adf.org.br\/home\/#website"},"primaryImageOfPage":{"@id":"https:\/\/www.adf.org.br\/home\/temos-facilidade-para-pedir-nao-para-agradecer-2\/#primaryimage"},"datePublished":"2016-05-30T03:00:01+00:00","dateModified":"2016-05-30T03:00:01+00:00","author":{"@id":"https:\/\/www.adf.org.br\/home\/#\/schema\/person\/f35a5c5aa7728a3dedf4ea9aa1fc2753"},"breadcrumb":{"@id":"https:\/\/www.adf.org.br\/home\/temos-facilidade-para-pedir-nao-para-agradecer-2\/#breadcrumb"},"inLanguage":"pt-BR","potentialAction":[{"@type":"ReadAction","target":["https:\/\/www.adf.org.br\/home\/temos-facilidade-para-pedir-nao-para-agradecer-2\/"]}]},{"@type":"BreadcrumbList","@id":"https:\/\/www.adf.org.br\/home\/temos-facilidade-para-pedir-nao-para-agradecer-2\/#breadcrumb","itemListElement":[{"@type":"ListItem","position":1,"name":"Home","item":"https:\/\/www.adf.org.br\/home\/"},{"@type":"ListItem","position":2,"name":"\u201cTemos facilidade para pedir; n\u00e3o para agradecer!\u201d"}]},{"@type":"Person","@id":"https:\/\/www.adf.org.br\/home\/#\/schema\/person\/f35a5c5aa7728a3dedf4ea9aa1fc2753","name":"Gabriel Barbosa","image":{"@type":"ImageObject","@id":"https:\/\/www.adf.org.br\/home\/#personlogo","inLanguage":"pt-BR","url":"https:\/\/secure.gravatar.com\/avatar\/2b2cb2f4637682c5605e8d36818f51ef?s=96&d=mm&r=g","contentUrl":"https:\/\/secure.gravatar.com\/avatar\/2b2cb2f4637682c5605e8d36818f51ef?s=96&d=mm&r=g","caption":"Gabriel Barbosa"},"url":"https:\/\/www.adf.org.br\/home\/author\/gabrielpmk-com-br\/"}]}},"_links":{"self":[{"href":"https:\/\/www.adf.org.br\/home\/wp-json\/wp\/v2\/posts\/39188"}],"collection":[{"href":"https:\/\/www.adf.org.br\/home\/wp-json\/wp\/v2\/posts"}],"about":[{"href":"https:\/\/www.adf.org.br\/home\/wp-json\/wp\/v2\/types\/post"}],"author":[{"embeddable":true,"href":"https:\/\/www.adf.org.br\/home\/wp-json\/wp\/v2\/users\/31"}],"replies":[{"embeddable":true,"href":"https:\/\/www.adf.org.br\/home\/wp-json\/wp\/v2\/comments?post=39188"}],"version-history":[{"count":0,"href":"https:\/\/www.adf.org.br\/home\/wp-json\/wp\/v2\/posts\/39188\/revisions"}],"wp:attachment":[{"href":"https:\/\/www.adf.org.br\/home\/wp-json\/wp\/v2\/media?parent=39188"}],"wp:term":[{"taxonomy":"category","embeddable":true,"href":"https:\/\/www.adf.org.br\/home\/wp-json\/wp\/v2\/categories?post=39188"},{"taxonomy":"post_tag","embeddable":true,"href":"https:\/\/www.adf.org.br\/home\/wp-json\/wp\/v2\/tags?post=39188"}],"curies":[{"name":"wp","href":"https:\/\/api.w.org\/{rel}","templated":true}]}}