{"id":39103,"date":"2016-05-29T00:00:38","date_gmt":"2016-05-29T03:00:38","guid":{"rendered":"http:\/\/www.adf.org.br\/home\/?p=39103"},"modified":"2016-05-29T00:00:38","modified_gmt":"2016-05-29T03:00:38","slug":"a-beleza-da-criacao-de-deus-esta-ate-mesmo-nos-pequenos-detalhes-confira","status":"publish","type":"post","link":"https:\/\/www.adf.org.br\/home\/a-beleza-da-criacao-de-deus-esta-ate-mesmo-nos-pequenos-detalhes-confira\/","title":{"rendered":"A Beleza da cria\u00e7\u00e3o de Deus est\u00e1 at\u00e9 mesmo nos pequenos detalhes. Confira."},"content":{"rendered":"<figure id=\"attachment_39110\" aria-describedby=\"caption-attachment-39110\" style=\"width: 573px\" class=\"wp-caption aligncenter\"><img loading=\"lazy\" class=\" wp-image-39110 \" title=\"Belezas da Natureza.\" src=\"http:\/\/www.adf.org.br\/home\/wp-content\/uploads\/2016\/04\/Ambientes-2-1024x640.jpg\" alt=\"\" width=\"573\" height=\"358\" \/><figcaption id=\"caption-attachment-39110\" class=\"wp-caption-text\">O maravilhoso brilho da Lua, reflexo do brilho de Deus.<\/figcaption><\/figure>\n<p style=\"padding-left: 90px; text-align: right;\"><span style=\"color: #000000;\"><span style=\"font-size: medium; font-family: verdana, geneva;\"><br \/>\n<span style=\"color: #ffffff;\">.<\/span><br \/>\nPlinio Corr\u00eaa de Oliveira.<\/span><\/span><\/p>\n<p style=\"padding-left: 90px;\"><span style=\"color: #800080;\"><strong><span style=\"font-size: medium; font-family: verdana, geneva;\"><br \/>\n<span style=\"color: #ffffff;\">.<\/span><br \/>\nDeus \u00e9 admir\u00e1vel em todas as suas obras. \u00c9 um princ\u00edpio com o qual todos concordam.<\/span><\/strong><\/span><\/p>\n<p><span style=\"font-size: medium; font-family: verdana, geneva; color: #000000;\"><strong><span style=\"color: #ffffff;\">.<\/span><br \/>\n<span style=\"font-size: large;\">Q<\/span><\/strong>uando se fala de obras, o esp\u00edrito se volta naturalmente para coisas que Deus criou \u2014 desde uma pedra at\u00e9 o anjo. Desse modo, lembramo-nos das belezas da natureza.<\/span><\/p>\n<p><span style=\"font-size: medium; font-family: verdana, geneva; color: #000000;\">Entretanto, n\u00e3o corresponde \u00e0 verdade julgar que com essa vis\u00e3o esgota-se a quest\u00e3o.<\/span><\/p>\n<p style=\"padding-left: 90px;\"><span style=\"color: #800080;\"><strong><span style=\"font-size: medium; font-family: verdana, geneva;\"><span style=\"color: #ffffff;\">.<\/span><br \/>\nH\u00e1 algo tamb\u00e9m criado por Deus que n\u00e3o consiste em seres substanciais: \u00e9 o movimento universal de todas as coisas.<\/span><\/strong><\/span><\/p>\n<p><span style=\"font-size: medium; font-family: verdana, geneva; color: #000000;\"><span style=\"color: #ffffff;\">.<\/span><br \/>\n<strong>N\u00e3o podemos ter apenas uma vis\u00e3o est\u00e1tica do universo, como se Deus o tivesse criado sem movimento.<\/strong><\/span><\/p>\n<p style=\"padding-left: 90px;\"><span style=\"color: #800080;\"><strong><span style=\"font-size: medium; font-family: verdana, geneva;\"><span style=\"color: #ffffff;\">.<\/span><br \/>\nPelo contr\u00e1rio, devemos ter uma no\u00e7\u00e3o do universo posto em movimento comunicado pelo Criador.<\/span><\/strong><\/span><\/p>\n<p><span style=\"font-size: medium; font-family: verdana, geneva; color: #000000;\"><span style=\"color: #ffffff;\">.<\/span><br \/>\n<strong>E esse movimento tem uma beleza pr\u00f3pria que obedece a regras e que reflete a perfei\u00e7\u00e3o, a sabedoria e as maravilhas de Deus.<\/strong><\/span><\/p>\n<p><span style=\"color: #ffffff;\">.<\/span><\/p>\n<figure id=\"attachment_39112\" aria-describedby=\"caption-attachment-39112\" style=\"width: 300px\" class=\"wp-caption alignleft\"><img loading=\"lazy\" class=\"size-medium wp-image-39112\" title=\"As folhas caindo mostrando o movimento da cria\u00e7\u00e3o de Deus.\" src=\"http:\/\/www.adf.org.br\/home\/wp-content\/uploads\/2016\/04\/Ambientes-11-300x199.jpg\" alt=\"\" width=\"300\" height=\"199\" \/><figcaption id=\"caption-attachment-39112\" class=\"wp-caption-text\">As folhas caindo mostrando o movimento da cria\u00e7\u00e3o de Deus.<\/figcaption><\/figure>\n<p><span style=\"font-size: medium; font-family: verdana, geneva; color: #000000;\">Um exemplo: poder\u00edamos dizer que a queda de uma folha de uma \u00e1rvore reflete uma beleza da cria\u00e7\u00e3o.<\/span><\/p>\n<p><span style=\"font-size: medium; font-family: verdana, geneva; color: #000000;\">Caindo harmoniosa e placidamente em zig-zag, \u00e9 t\u00e3o elegante que se diria que a folha est\u00e1 voando e n\u00e3o apenas caindo.<\/span><\/p>\n<p><span style=\"font-size: medium; font-family: verdana, geneva; color: #000000;\"><span style=\"color: #ffffff;\">.<\/span><br \/>\n<span style=\"color: #ffffff;\">.<\/span><br \/>\n<span style=\"color: #ffffff;\">.<\/span><br \/>\n<span style=\"color: #ffffff;\">.<\/span><br \/>\n<span style=\"color: #ffffff;\">.<\/span><br \/>\n<span style=\"color: #ffffff;\">.<\/span><br \/>\nE quando a folha cai, tocando no ch\u00e3o de modo leve e delicado, tem-se a impress\u00e3o de que ela oscula a face da terra antes de se desfazer e de transformar-se ela mesma em terra.<\/span><\/p>\n<p><span style=\"font-size: medium; font-family: verdana, geneva; color: #000000;\">Tamb\u00e9m os movimentos gerais dos astros apresentam uma grande beleza. Plat\u00e3o imaginava que os astros eram esferas de cristal que giravam sobre si, tendo cada uma, ao girar, sonoridade pr\u00f3pria.<\/span><\/p>\n<p><span style=\"font-size: medium; font-family: verdana, geneva; color: #000000;\">E que isso produzia a beleza da m\u00fasica universal. Se bem que essa concep\u00e7\u00e3o seja fantasiosa, ela \u00e9 muito bonita e, no fundo, cont\u00e9m algo de verdadeiro para nossos sentidos.<\/span><\/p>\n<p><strong><span style=\"font-size: medium; font-family: verdana, geneva; color: #000000;\">Se uma pessoa conseguisse captar no seu conjunto a trajet\u00f3ria das estrelas, n\u00e3o veria que elas realizam um movimento muito bonito?<\/span><\/strong><\/p>\n<p style=\"padding-left: 90px;\"><span style=\"color: #800080;\"><strong><span style=\"font-size: medium; font-family: verdana, geneva;\"><span style=\"color: #ffffff;\">.<\/span><br \/>\n\u00c9 belo o movimento de uma folha morta que cai, entretanto mais majestoso \u00e9 o movimento de uma estrela cadente.<\/span><\/strong><\/span><\/p>\n<p><span style=\"font-size: medium; font-family: verdana, geneva; color: #000000;\"><span style=\"color: #ffffff;\">.<\/span><br \/>\nCaindo, ela sulca o c\u00e9u com aquele risco de fogo. De repente se apaga, dando a entender que a luz se recusa a pousar numa mat\u00e9ria t\u00e3o vil como o ch\u00e3o.<\/span><\/p>\n<p><span style=\"font-size: medium; font-family: verdana, geneva; color: #ffffff;\">.<\/span><br \/>\n<span style=\"font-size: medium; font-family: verdana, geneva; color: #ffffff;\">.<\/span><br \/>\n<em><span style=\"font-size: medium; font-family: verdana, geneva; color: #000000;\">Fonte: Revista Catolicismo, janeiro de 2016.<\/span><\/em><\/p>\n<p style=\"text-align: center;\"><span style=\"font-size: medium; font-family: verdana, geneva; color: #ffffff;\">.<\/span><br \/>\n<span style=\"color: #000000;\"><strong><span style=\"font-size: medium; font-family: verdana, geneva;\">* \u00a0* \u00a0*<\/span><\/strong><\/span><\/p>\n<p style=\"text-align: center;\"><span style=\"color: #ffffff; font-size: medium; font-family: verdana, geneva;\">.\u00a0<\/span><\/p>\n<p style=\"text-align: center;\"><span style=\"color: #800080; font-size: medium; font-family: verdana, geneva;\">Agora que leu este impressionante relato, ligue gratuitamente para nossa Central de Ora\u00e7\u00f5es e inclua seus pedidos na\u00a0<strong>Santa Missa de Amparo!<\/strong><\/span><\/p>\n<p style=\"text-align: center;\"><span style=\"color: #ffffff; font-size: medium; font-family: verdana, geneva;\">.<\/span><br \/>\n<span style=\"color: #ffffff; font-size: medium; font-family: verdana, geneva;\">.<\/span><br \/>\n<span style=\"color: #000000; font-size: large; font-family: verdana, geneva;\"><strong>Ligue agora para:<\/strong><\/span><\/p>\n<p style=\"text-align: center;\"><span style=\"color: #ffffff; font-size: medium; font-family: verdana, geneva;\">.<\/span><br \/>\n<span style=\"color: #800080; font-size: xx-large; font-family: verdana, geneva;\"><strong>0800 773 11 19<\/strong><\/span><br \/>\n<span style=\"color: #800080; font-size: medium; font-family: verdana, geneva;\"><strong>(gr\u00e1tis para todo o Brasil<\/strong><\/span><\/p>\n<p style=\"text-align: center;\"><span style=\"color: #ffffff; font-size: medium; font-family: verdana, geneva;\">.<\/span><\/p>\n<p style=\"text-align: center;\"><span style=\"color: #ffffff; font-size: medium; font-family: verdana, geneva;\">.<\/span><\/p>\n","protected":false},"excerpt":{"rendered":"<p>Deus \u00e9 admir\u00e1vel em todas as suas obras. \u00c9 um princ\u00edpio com o qual todos concordam.<\/p>\n","protected":false},"author":31,"featured_media":0,"comment_status":"open","ping_status":"open","sticky":false,"template":"","format":"standard","meta":[],"categories":[20],"tags":[1943,129,1944,38],"yoast_head":"<!-- This site is optimized with the Yoast SEO plugin v17.4 - https:\/\/yoast.com\/wordpress\/plugins\/seo\/ -->\n<title>A Beleza da cria\u00e7\u00e3o de Deus est\u00e1 at\u00e9 mesmo nos pequenos detalhes. Confira. - Associa\u00e7\u00e3o Devotos de F\u00e1tima<\/title>\n<meta name=\"robots\" content=\"index, follow, max-snippet:-1, max-image-preview:large, max-video-preview:-1\" \/>\n<link rel=\"canonical\" href=\"https:\/\/www.adf.org.br\/home\/a-beleza-da-criacao-de-deus-esta-ate-mesmo-nos-pequenos-detalhes-confira\/\" \/>\n<meta property=\"og:locale\" content=\"pt_BR\" \/>\n<meta property=\"og:type\" content=\"article\" \/>\n<meta property=\"og:title\" content=\"A Beleza da cria\u00e7\u00e3o de Deus est\u00e1 at\u00e9 mesmo nos pequenos detalhes. Confira. - Associa\u00e7\u00e3o Devotos de F\u00e1tima\" \/>\n<meta property=\"og:description\" content=\"Deus \u00e9 admir\u00e1vel em todas as suas obras. \u00c9 um princ\u00edpio com o qual todos concordam.\" \/>\n<meta property=\"og:url\" content=\"https:\/\/www.adf.org.br\/home\/a-beleza-da-criacao-de-deus-esta-ate-mesmo-nos-pequenos-detalhes-confira\/\" \/>\n<meta property=\"og:site_name\" content=\"Associa\u00e7\u00e3o Devotos de F\u00e1tima\" \/>\n<meta property=\"article:published_time\" content=\"2016-05-29T03:00:38+00:00\" \/>\n<meta property=\"og:image\" content=\"http:\/\/www.adf.org.br\/home\/wp-content\/uploads\/2016\/04\/Ambientes-2-1024x640.jpg\" \/>\n<meta name=\"twitter:card\" content=\"summary_large_image\" \/>\n<meta name=\"twitter:label1\" content=\"Escrito por\" \/>\n\t<meta name=\"twitter:data1\" content=\"Gabriel Barbosa\" \/>\n\t<meta name=\"twitter:label2\" content=\"Est. tempo de leitura\" \/>\n\t<meta name=\"twitter:data2\" content=\"2 minutos\" \/>\n<script type=\"application\/ld+json\" class=\"yoast-schema-graph\">{\"@context\":\"https:\/\/schema.org\",\"@graph\":[{\"@type\":\"WebSite\",\"@id\":\"https:\/\/www.adf.org.br\/home\/#website\",\"url\":\"https:\/\/www.adf.org.br\/home\/\",\"name\":\"Associa\\u00e7\\u00e3o Devotos de F\\u00e1tima\",\"description\":\"Associa\\u00e7\\u00e3o Devotos de F\\u00e1tima\",\"potentialAction\":[{\"@type\":\"SearchAction\",\"target\":{\"@type\":\"EntryPoint\",\"urlTemplate\":\"https:\/\/www.adf.org.br\/home\/?s={search_term_string}\"},\"query-input\":\"required name=search_term_string\"}],\"inLanguage\":\"pt-BR\"},{\"@type\":\"ImageObject\",\"@id\":\"https:\/\/www.adf.org.br\/home\/a-beleza-da-criacao-de-deus-esta-ate-mesmo-nos-pequenos-detalhes-confira\/#primaryimage\",\"inLanguage\":\"pt-BR\",\"url\":\"http:\/\/www.adf.org.br\/home\/wp-content\/uploads\/2016\/04\/Ambientes-2-1024x640.jpg\",\"contentUrl\":\"http:\/\/www.adf.org.br\/home\/wp-content\/uploads\/2016\/04\/Ambientes-2-1024x640.jpg\"},{\"@type\":\"WebPage\",\"@id\":\"https:\/\/www.adf.org.br\/home\/a-beleza-da-criacao-de-deus-esta-ate-mesmo-nos-pequenos-detalhes-confira\/#webpage\",\"url\":\"https:\/\/www.adf.org.br\/home\/a-beleza-da-criacao-de-deus-esta-ate-mesmo-nos-pequenos-detalhes-confira\/\",\"name\":\"A Beleza da cria\\u00e7\\u00e3o de Deus est\\u00e1 at\\u00e9 mesmo nos pequenos detalhes. Confira. - Associa\\u00e7\\u00e3o Devotos de F\\u00e1tima\",\"isPartOf\":{\"@id\":\"https:\/\/www.adf.org.br\/home\/#website\"},\"primaryImageOfPage\":{\"@id\":\"https:\/\/www.adf.org.br\/home\/a-beleza-da-criacao-de-deus-esta-ate-mesmo-nos-pequenos-detalhes-confira\/#primaryimage\"},\"datePublished\":\"2016-05-29T03:00:38+00:00\",\"dateModified\":\"2016-05-29T03:00:38+00:00\",\"author\":{\"@id\":\"https:\/\/www.adf.org.br\/home\/#\/schema\/person\/f35a5c5aa7728a3dedf4ea9aa1fc2753\"},\"breadcrumb\":{\"@id\":\"https:\/\/www.adf.org.br\/home\/a-beleza-da-criacao-de-deus-esta-ate-mesmo-nos-pequenos-detalhes-confira\/#breadcrumb\"},\"inLanguage\":\"pt-BR\",\"potentialAction\":[{\"@type\":\"ReadAction\",\"target\":[\"https:\/\/www.adf.org.br\/home\/a-beleza-da-criacao-de-deus-esta-ate-mesmo-nos-pequenos-detalhes-confira\/\"]}]},{\"@type\":\"BreadcrumbList\",\"@id\":\"https:\/\/www.adf.org.br\/home\/a-beleza-da-criacao-de-deus-esta-ate-mesmo-nos-pequenos-detalhes-confira\/#breadcrumb\",\"itemListElement\":[{\"@type\":\"ListItem\",\"position\":1,\"name\":\"Home\",\"item\":\"https:\/\/www.adf.org.br\/home\/\"},{\"@type\":\"ListItem\",\"position\":2,\"name\":\"A Beleza da cria\\u00e7\\u00e3o de Deus est\\u00e1 at\\u00e9 mesmo nos pequenos detalhes. Confira.\"}]},{\"@type\":\"Person\",\"@id\":\"https:\/\/www.adf.org.br\/home\/#\/schema\/person\/f35a5c5aa7728a3dedf4ea9aa1fc2753\",\"name\":\"Gabriel Barbosa\",\"image\":{\"@type\":\"ImageObject\",\"@id\":\"https:\/\/www.adf.org.br\/home\/#personlogo\",\"inLanguage\":\"pt-BR\",\"url\":\"https:\/\/secure.gravatar.com\/avatar\/2b2cb2f4637682c5605e8d36818f51ef?s=96&d=mm&r=g\",\"contentUrl\":\"https:\/\/secure.gravatar.com\/avatar\/2b2cb2f4637682c5605e8d36818f51ef?s=96&d=mm&r=g\",\"caption\":\"Gabriel Barbosa\"},\"url\":\"https:\/\/www.adf.org.br\/home\/author\/gabrielpmk-com-br\/\"}]}<\/script>\n<!-- \/ Yoast SEO plugin. -->","yoast_head_json":{"title":"A Beleza da cria\u00e7\u00e3o de Deus est\u00e1 at\u00e9 mesmo nos pequenos detalhes. Confira. - Associa\u00e7\u00e3o Devotos de F\u00e1tima","robots":{"index":"index","follow":"follow","max-snippet":"max-snippet:-1","max-image-preview":"max-image-preview:large","max-video-preview":"max-video-preview:-1"},"canonical":"https:\/\/www.adf.org.br\/home\/a-beleza-da-criacao-de-deus-esta-ate-mesmo-nos-pequenos-detalhes-confira\/","og_locale":"pt_BR","og_type":"article","og_title":"A Beleza da cria\u00e7\u00e3o de Deus est\u00e1 at\u00e9 mesmo nos pequenos detalhes. Confira. - Associa\u00e7\u00e3o Devotos de F\u00e1tima","og_description":"Deus \u00e9 admir\u00e1vel em todas as suas obras. \u00c9 um princ\u00edpio com o qual todos concordam.","og_url":"https:\/\/www.adf.org.br\/home\/a-beleza-da-criacao-de-deus-esta-ate-mesmo-nos-pequenos-detalhes-confira\/","og_site_name":"Associa\u00e7\u00e3o Devotos de F\u00e1tima","article_published_time":"2016-05-29T03:00:38+00:00","og_image":[{"url":"http:\/\/www.adf.org.br\/home\/wp-content\/uploads\/2016\/04\/Ambientes-2-1024x640.jpg"}],"twitter_card":"summary_large_image","twitter_misc":{"Escrito por":"Gabriel Barbosa","Est. tempo de leitura":"2 minutos"},"schema":{"@context":"https:\/\/schema.org","@graph":[{"@type":"WebSite","@id":"https:\/\/www.adf.org.br\/home\/#website","url":"https:\/\/www.adf.org.br\/home\/","name":"Associa\u00e7\u00e3o Devotos de F\u00e1tima","description":"Associa\u00e7\u00e3o Devotos de F\u00e1tima","potentialAction":[{"@type":"SearchAction","target":{"@type":"EntryPoint","urlTemplate":"https:\/\/www.adf.org.br\/home\/?s={search_term_string}"},"query-input":"required name=search_term_string"}],"inLanguage":"pt-BR"},{"@type":"ImageObject","@id":"https:\/\/www.adf.org.br\/home\/a-beleza-da-criacao-de-deus-esta-ate-mesmo-nos-pequenos-detalhes-confira\/#primaryimage","inLanguage":"pt-BR","url":"http:\/\/www.adf.org.br\/home\/wp-content\/uploads\/2016\/04\/Ambientes-2-1024x640.jpg","contentUrl":"http:\/\/www.adf.org.br\/home\/wp-content\/uploads\/2016\/04\/Ambientes-2-1024x640.jpg"},{"@type":"WebPage","@id":"https:\/\/www.adf.org.br\/home\/a-beleza-da-criacao-de-deus-esta-ate-mesmo-nos-pequenos-detalhes-confira\/#webpage","url":"https:\/\/www.adf.org.br\/home\/a-beleza-da-criacao-de-deus-esta-ate-mesmo-nos-pequenos-detalhes-confira\/","name":"A Beleza da cria\u00e7\u00e3o de Deus est\u00e1 at\u00e9 mesmo nos pequenos detalhes. Confira. - Associa\u00e7\u00e3o Devotos de F\u00e1tima","isPartOf":{"@id":"https:\/\/www.adf.org.br\/home\/#website"},"primaryImageOfPage":{"@id":"https:\/\/www.adf.org.br\/home\/a-beleza-da-criacao-de-deus-esta-ate-mesmo-nos-pequenos-detalhes-confira\/#primaryimage"},"datePublished":"2016-05-29T03:00:38+00:00","dateModified":"2016-05-29T03:00:38+00:00","author":{"@id":"https:\/\/www.adf.org.br\/home\/#\/schema\/person\/f35a5c5aa7728a3dedf4ea9aa1fc2753"},"breadcrumb":{"@id":"https:\/\/www.adf.org.br\/home\/a-beleza-da-criacao-de-deus-esta-ate-mesmo-nos-pequenos-detalhes-confira\/#breadcrumb"},"inLanguage":"pt-BR","potentialAction":[{"@type":"ReadAction","target":["https:\/\/www.adf.org.br\/home\/a-beleza-da-criacao-de-deus-esta-ate-mesmo-nos-pequenos-detalhes-confira\/"]}]},{"@type":"BreadcrumbList","@id":"https:\/\/www.adf.org.br\/home\/a-beleza-da-criacao-de-deus-esta-ate-mesmo-nos-pequenos-detalhes-confira\/#breadcrumb","itemListElement":[{"@type":"ListItem","position":1,"name":"Home","item":"https:\/\/www.adf.org.br\/home\/"},{"@type":"ListItem","position":2,"name":"A Beleza da cria\u00e7\u00e3o de Deus est\u00e1 at\u00e9 mesmo nos pequenos detalhes. Confira."}]},{"@type":"Person","@id":"https:\/\/www.adf.org.br\/home\/#\/schema\/person\/f35a5c5aa7728a3dedf4ea9aa1fc2753","name":"Gabriel Barbosa","image":{"@type":"ImageObject","@id":"https:\/\/www.adf.org.br\/home\/#personlogo","inLanguage":"pt-BR","url":"https:\/\/secure.gravatar.com\/avatar\/2b2cb2f4637682c5605e8d36818f51ef?s=96&d=mm&r=g","contentUrl":"https:\/\/secure.gravatar.com\/avatar\/2b2cb2f4637682c5605e8d36818f51ef?s=96&d=mm&r=g","caption":"Gabriel Barbosa"},"url":"https:\/\/www.adf.org.br\/home\/author\/gabrielpmk-com-br\/"}]}},"_links":{"self":[{"href":"https:\/\/www.adf.org.br\/home\/wp-json\/wp\/v2\/posts\/39103"}],"collection":[{"href":"https:\/\/www.adf.org.br\/home\/wp-json\/wp\/v2\/posts"}],"about":[{"href":"https:\/\/www.adf.org.br\/home\/wp-json\/wp\/v2\/types\/post"}],"author":[{"embeddable":true,"href":"https:\/\/www.adf.org.br\/home\/wp-json\/wp\/v2\/users\/31"}],"replies":[{"embeddable":true,"href":"https:\/\/www.adf.org.br\/home\/wp-json\/wp\/v2\/comments?post=39103"}],"version-history":[{"count":0,"href":"https:\/\/www.adf.org.br\/home\/wp-json\/wp\/v2\/posts\/39103\/revisions"}],"wp:attachment":[{"href":"https:\/\/www.adf.org.br\/home\/wp-json\/wp\/v2\/media?parent=39103"}],"wp:term":[{"taxonomy":"category","embeddable":true,"href":"https:\/\/www.adf.org.br\/home\/wp-json\/wp\/v2\/categories?post=39103"},{"taxonomy":"post_tag","embeddable":true,"href":"https:\/\/www.adf.org.br\/home\/wp-json\/wp\/v2\/tags?post=39103"}],"curies":[{"name":"wp","href":"https:\/\/api.w.org\/{rel}","templated":true}]}}