{"id":3908,"date":"2010-04-22T00:05:35","date_gmt":"2010-04-22T03:05:35","guid":{"rendered":"http:\/\/www.adf.org.br\/home\/?p=3908"},"modified":"2020-06-09T11:51:24","modified_gmt":"2020-06-09T14:51:24","slug":"novena-em-honra-da-imaculada-conceicao-de-maria-santissima","status":"publish","type":"post","link":"https:\/\/www.adf.org.br\/home\/novena-em-honra-da-imaculada-conceicao-de-maria-santissima\/","title":{"rendered":"Novena em honra da Imaculada Concei\u00e7\u00e3o de Maria Sant\u00edssima"},"content":{"rendered":"<p><strong><img loading=\"lazy\" class=\"alignright size-full wp-image-3910\" title=\"NS_das_Gracas\" src=\"http:\/\/www.adf.org.br\/home\/wp-content\/uploads\/2010\/04\/NS_das_Gracas.jpg\" alt=\"NS_das_Gracas\" width=\"182\" height=\"225\" \/>Ora\u00e7\u00e3o preparat\u00f3ria:<\/strong> Senhor, abri meus l\u00e1bios, para louvar o Vosso Santo Nome; purificai o meu cora\u00e7\u00e3o de todos os pensamentos v\u00e3os, perversos e alheios; iluminai o meu entendimento, inflamai a minha vontade, para que, portando-me digno (a), atento (a) e devotamente, possa fazer esta novena em honra da Concei\u00e7\u00e3o Imaculada de Maria Sant\u00edssima e mere\u00e7a ser atendida e bem despachada no augusto trono da Vossa Majestade. Am\u00e9m.<\/p>\n<p><strong>Ora\u00e7\u00e3o a Nossa Senhora Imaculada:<\/strong> Vigem pur\u00edssima, concedida sem pecado, desde o primeiro instante toda bela e sem m\u00e1cula, gloriosa Maria, e m\u00e3e de meu Deus, Rainha dos anjos e dos homens, eu vos sa\u00fado humildemente, como M\u00e3e do meu Salvador, que ainda sendo Deus, me ensinou com aquela estima, respeito e submiss\u00e3o com que Vos tratava, quais sejam as honras e a venera\u00e7\u00e3o que eu deva prestar-Vos; dignai-Vos, eu Vo-lo rogo, receber aquelas que nesta novena Vos consagro. V\u00f3s sois o seguro asilo dos pecadores penitentes, e assim tenho raz\u00e3o para recorrer a V\u00f3s; sois M\u00e3e de miseric\u00f3rdia e, por este t\u00edtulo, n\u00e3o podeis deixar de enternecer-Vos, \u00e0 vista das minhas mis\u00e9rias; sois, depois de Jesus Cristo, toda a minha esperan\u00e7a, e por isso, n\u00e3o podereis deixar de acolher benignamente a terna confian\u00e7a que tenho em V\u00f3s, fazei-me digno de chamar-me vosso filho, para que possa confiantemente dizer-Vos: Mostrai que sois minha M\u00e3e.<\/p>\n<p><strong>3 Ave-Marias e 3 Gl\u00f3rias<\/strong><\/p>\n<p><span style=\"text-decoration: underline;\">(repetir a cada dia, a Ora\u00e7\u00e3o preparat\u00f3ria, a Ora\u00e7\u00e3o a Nossa Senhora e as tr\u00eas Ave-Marias e Gl\u00f3rias)<\/span><\/p>\n<p><em>Extra\u00eddo do livro &#8220;Novenas para todas as necessidades&#8221;, da Editora Artpress<\/em><span style=\"text-decoration: underline;\"><br \/>\n <\/span><\/p>\n","protected":false},"excerpt":{"rendered":"<p>Ora\u00e7\u00e3o preparat\u00f3ria: Senhor, abri meus l\u00e1bios, para louvar o Vosso Santo Nome; purificai o meu cora\u00e7\u00e3o de todos os pensamentos v\u00e3os, perversos e alheios; iluminai o meu entendimento, inflamai a minha vontade, para que, portando-me digno (a), atento (a) e devotamente, possa fazer esta novena em honra da Concei\u00e7\u00e3o Imaculada de Maria Sant\u00edssima e mere\u00e7a [&hellip;]<\/p>\n","protected":false},"author":27,"featured_media":0,"comment_status":"open","ping_status":"open","sticky":false,"template":"","format":"standard","meta":[],"categories":[14],"tags":[139],"yoast_head":"<!-- This site is optimized with the Yoast SEO plugin v17.4 - https:\/\/yoast.com\/wordpress\/plugins\/seo\/ -->\n<title>Novena em honra da Imaculada Concei\u00e7\u00e3o de Maria Sant\u00edssima - Associa\u00e7\u00e3o Devotos de F\u00e1tima<\/title>\n<meta name=\"robots\" content=\"index, follow, max-snippet:-1, max-image-preview:large, max-video-preview:-1\" \/>\n<link rel=\"canonical\" href=\"https:\/\/www.adf.org.br\/home\/novena-em-honra-da-imaculada-conceicao-de-maria-santissima\/\" \/>\n<meta property=\"og:locale\" content=\"pt_BR\" \/>\n<meta property=\"og:type\" content=\"article\" \/>\n<meta property=\"og:title\" content=\"Novena em honra da Imaculada Concei\u00e7\u00e3o de Maria Sant\u00edssima - Associa\u00e7\u00e3o Devotos de F\u00e1tima\" \/>\n<meta property=\"og:description\" content=\"Ora\u00e7\u00e3o preparat\u00f3ria: Senhor, abri meus l\u00e1bios, para louvar o Vosso Santo Nome; purificai o meu cora\u00e7\u00e3o de todos os pensamentos v\u00e3os, perversos e alheios; iluminai o meu entendimento, inflamai a minha vontade, para que, portando-me digno (a), atento (a) e devotamente, possa fazer esta novena em honra da Concei\u00e7\u00e3o Imaculada de Maria Sant\u00edssima e mere\u00e7a [&hellip;]\" \/>\n<meta property=\"og:url\" content=\"https:\/\/www.adf.org.br\/home\/novena-em-honra-da-imaculada-conceicao-de-maria-santissima\/\" \/>\n<meta property=\"og:site_name\" content=\"Associa\u00e7\u00e3o Devotos de F\u00e1tima\" \/>\n<meta property=\"article:published_time\" content=\"2010-04-22T03:05:35+00:00\" \/>\n<meta property=\"article:modified_time\" content=\"2020-06-09T14:51:24+00:00\" \/>\n<meta property=\"og:image\" content=\"http:\/\/www.adf.org.br\/home\/wp-content\/uploads\/2010\/04\/NS_das_Gracas.jpg\" \/>\n<meta name=\"twitter:card\" content=\"summary_large_image\" \/>\n<meta name=\"twitter:label1\" content=\"Escrito por\" \/>\n\t<meta name=\"twitter:data1\" content=\"Gabriel Barbosa\" \/>\n\t<meta name=\"twitter:label2\" content=\"Est. tempo de leitura\" \/>\n\t<meta name=\"twitter:data2\" content=\"1 minuto\" \/>\n<script type=\"application\/ld+json\" class=\"yoast-schema-graph\">{\"@context\":\"https:\/\/schema.org\",\"@graph\":[{\"@type\":\"WebSite\",\"@id\":\"https:\/\/www.adf.org.br\/home\/#website\",\"url\":\"https:\/\/www.adf.org.br\/home\/\",\"name\":\"Associa\\u00e7\\u00e3o Devotos de F\\u00e1tima\",\"description\":\"Associa\\u00e7\\u00e3o Devotos de F\\u00e1tima\",\"potentialAction\":[{\"@type\":\"SearchAction\",\"target\":{\"@type\":\"EntryPoint\",\"urlTemplate\":\"https:\/\/www.adf.org.br\/home\/?s={search_term_string}\"},\"query-input\":\"required name=search_term_string\"}],\"inLanguage\":\"pt-BR\"},{\"@type\":\"ImageObject\",\"@id\":\"https:\/\/www.adf.org.br\/home\/novena-em-honra-da-imaculada-conceicao-de-maria-santissima\/#primaryimage\",\"inLanguage\":\"pt-BR\",\"url\":\"http:\/\/www.adf.org.br\/home\/wp-content\/uploads\/2010\/04\/NS_das_Gracas.jpg\",\"contentUrl\":\"http:\/\/www.adf.org.br\/home\/wp-content\/uploads\/2010\/04\/NS_das_Gracas.jpg\"},{\"@type\":\"WebPage\",\"@id\":\"https:\/\/www.adf.org.br\/home\/novena-em-honra-da-imaculada-conceicao-de-maria-santissima\/#webpage\",\"url\":\"https:\/\/www.adf.org.br\/home\/novena-em-honra-da-imaculada-conceicao-de-maria-santissima\/\",\"name\":\"Novena em honra da Imaculada Concei\\u00e7\\u00e3o de Maria Sant\\u00edssima - Associa\\u00e7\\u00e3o Devotos de F\\u00e1tima\",\"isPartOf\":{\"@id\":\"https:\/\/www.adf.org.br\/home\/#website\"},\"primaryImageOfPage\":{\"@id\":\"https:\/\/www.adf.org.br\/home\/novena-em-honra-da-imaculada-conceicao-de-maria-santissima\/#primaryimage\"},\"datePublished\":\"2010-04-22T03:05:35+00:00\",\"dateModified\":\"2020-06-09T14:51:24+00:00\",\"author\":{\"@id\":\"https:\/\/www.adf.org.br\/home\/#\/schema\/person\/affa494ecf91434f3620f5392de44327\"},\"breadcrumb\":{\"@id\":\"https:\/\/www.adf.org.br\/home\/novena-em-honra-da-imaculada-conceicao-de-maria-santissima\/#breadcrumb\"},\"inLanguage\":\"pt-BR\",\"potentialAction\":[{\"@type\":\"ReadAction\",\"target\":[\"https:\/\/www.adf.org.br\/home\/novena-em-honra-da-imaculada-conceicao-de-maria-santissima\/\"]}]},{\"@type\":\"BreadcrumbList\",\"@id\":\"https:\/\/www.adf.org.br\/home\/novena-em-honra-da-imaculada-conceicao-de-maria-santissima\/#breadcrumb\",\"itemListElement\":[{\"@type\":\"ListItem\",\"position\":1,\"name\":\"Home\",\"item\":\"https:\/\/www.adf.org.br\/home\/\"},{\"@type\":\"ListItem\",\"position\":2,\"name\":\"Novena em honra da Imaculada Concei\\u00e7\\u00e3o de Maria Sant\\u00edssima\"}]},{\"@type\":\"Person\",\"@id\":\"https:\/\/www.adf.org.br\/home\/#\/schema\/person\/affa494ecf91434f3620f5392de44327\",\"name\":\"Gabriel Barbosa\",\"image\":{\"@type\":\"ImageObject\",\"@id\":\"https:\/\/www.adf.org.br\/home\/#personlogo\",\"inLanguage\":\"pt-BR\",\"url\":\"https:\/\/secure.gravatar.com\/avatar\/ecf2eab02e30486a7038f8b2858de06a?s=96&d=mm&r=g\",\"contentUrl\":\"https:\/\/secure.gravatar.com\/avatar\/ecf2eab02e30486a7038f8b2858de06a?s=96&d=mm&r=g\",\"caption\":\"Gabriel Barbosa\"},\"url\":\"https:\/\/www.adf.org.br\/home\/author\/gabriel-aascj\/\"}]}<\/script>\n<!-- \/ Yoast SEO plugin. -->","yoast_head_json":{"title":"Novena em honra da Imaculada Concei\u00e7\u00e3o de Maria Sant\u00edssima - Associa\u00e7\u00e3o Devotos de F\u00e1tima","robots":{"index":"index","follow":"follow","max-snippet":"max-snippet:-1","max-image-preview":"max-image-preview:large","max-video-preview":"max-video-preview:-1"},"canonical":"https:\/\/www.adf.org.br\/home\/novena-em-honra-da-imaculada-conceicao-de-maria-santissima\/","og_locale":"pt_BR","og_type":"article","og_title":"Novena em honra da Imaculada Concei\u00e7\u00e3o de Maria Sant\u00edssima - Associa\u00e7\u00e3o Devotos de F\u00e1tima","og_description":"Ora\u00e7\u00e3o preparat\u00f3ria: Senhor, abri meus l\u00e1bios, para louvar o Vosso Santo Nome; purificai o meu cora\u00e7\u00e3o de todos os pensamentos v\u00e3os, perversos e alheios; iluminai o meu entendimento, inflamai a minha vontade, para que, portando-me digno (a), atento (a) e devotamente, possa fazer esta novena em honra da Concei\u00e7\u00e3o Imaculada de Maria Sant\u00edssima e mere\u00e7a [&hellip;]","og_url":"https:\/\/www.adf.org.br\/home\/novena-em-honra-da-imaculada-conceicao-de-maria-santissima\/","og_site_name":"Associa\u00e7\u00e3o Devotos de F\u00e1tima","article_published_time":"2010-04-22T03:05:35+00:00","article_modified_time":"2020-06-09T14:51:24+00:00","og_image":[{"url":"http:\/\/www.adf.org.br\/home\/wp-content\/uploads\/2010\/04\/NS_das_Gracas.jpg"}],"twitter_card":"summary_large_image","twitter_misc":{"Escrito por":"Gabriel Barbosa","Est. tempo de leitura":"1 minuto"},"schema":{"@context":"https:\/\/schema.org","@graph":[{"@type":"WebSite","@id":"https:\/\/www.adf.org.br\/home\/#website","url":"https:\/\/www.adf.org.br\/home\/","name":"Associa\u00e7\u00e3o Devotos de F\u00e1tima","description":"Associa\u00e7\u00e3o Devotos de F\u00e1tima","potentialAction":[{"@type":"SearchAction","target":{"@type":"EntryPoint","urlTemplate":"https:\/\/www.adf.org.br\/home\/?s={search_term_string}"},"query-input":"required name=search_term_string"}],"inLanguage":"pt-BR"},{"@type":"ImageObject","@id":"https:\/\/www.adf.org.br\/home\/novena-em-honra-da-imaculada-conceicao-de-maria-santissima\/#primaryimage","inLanguage":"pt-BR","url":"http:\/\/www.adf.org.br\/home\/wp-content\/uploads\/2010\/04\/NS_das_Gracas.jpg","contentUrl":"http:\/\/www.adf.org.br\/home\/wp-content\/uploads\/2010\/04\/NS_das_Gracas.jpg"},{"@type":"WebPage","@id":"https:\/\/www.adf.org.br\/home\/novena-em-honra-da-imaculada-conceicao-de-maria-santissima\/#webpage","url":"https:\/\/www.adf.org.br\/home\/novena-em-honra-da-imaculada-conceicao-de-maria-santissima\/","name":"Novena em honra da Imaculada Concei\u00e7\u00e3o de Maria Sant\u00edssima - Associa\u00e7\u00e3o Devotos de F\u00e1tima","isPartOf":{"@id":"https:\/\/www.adf.org.br\/home\/#website"},"primaryImageOfPage":{"@id":"https:\/\/www.adf.org.br\/home\/novena-em-honra-da-imaculada-conceicao-de-maria-santissima\/#primaryimage"},"datePublished":"2010-04-22T03:05:35+00:00","dateModified":"2020-06-09T14:51:24+00:00","author":{"@id":"https:\/\/www.adf.org.br\/home\/#\/schema\/person\/affa494ecf91434f3620f5392de44327"},"breadcrumb":{"@id":"https:\/\/www.adf.org.br\/home\/novena-em-honra-da-imaculada-conceicao-de-maria-santissima\/#breadcrumb"},"inLanguage":"pt-BR","potentialAction":[{"@type":"ReadAction","target":["https:\/\/www.adf.org.br\/home\/novena-em-honra-da-imaculada-conceicao-de-maria-santissima\/"]}]},{"@type":"BreadcrumbList","@id":"https:\/\/www.adf.org.br\/home\/novena-em-honra-da-imaculada-conceicao-de-maria-santissima\/#breadcrumb","itemListElement":[{"@type":"ListItem","position":1,"name":"Home","item":"https:\/\/www.adf.org.br\/home\/"},{"@type":"ListItem","position":2,"name":"Novena em honra da Imaculada Concei\u00e7\u00e3o de Maria Sant\u00edssima"}]},{"@type":"Person","@id":"https:\/\/www.adf.org.br\/home\/#\/schema\/person\/affa494ecf91434f3620f5392de44327","name":"Gabriel Barbosa","image":{"@type":"ImageObject","@id":"https:\/\/www.adf.org.br\/home\/#personlogo","inLanguage":"pt-BR","url":"https:\/\/secure.gravatar.com\/avatar\/ecf2eab02e30486a7038f8b2858de06a?s=96&d=mm&r=g","contentUrl":"https:\/\/secure.gravatar.com\/avatar\/ecf2eab02e30486a7038f8b2858de06a?s=96&d=mm&r=g","caption":"Gabriel Barbosa"},"url":"https:\/\/www.adf.org.br\/home\/author\/gabriel-aascj\/"}]}},"_links":{"self":[{"href":"https:\/\/www.adf.org.br\/home\/wp-json\/wp\/v2\/posts\/3908"}],"collection":[{"href":"https:\/\/www.adf.org.br\/home\/wp-json\/wp\/v2\/posts"}],"about":[{"href":"https:\/\/www.adf.org.br\/home\/wp-json\/wp\/v2\/types\/post"}],"author":[{"embeddable":true,"href":"https:\/\/www.adf.org.br\/home\/wp-json\/wp\/v2\/users\/27"}],"replies":[{"embeddable":true,"href":"https:\/\/www.adf.org.br\/home\/wp-json\/wp\/v2\/comments?post=3908"}],"version-history":[{"count":1,"href":"https:\/\/www.adf.org.br\/home\/wp-json\/wp\/v2\/posts\/3908\/revisions"}],"predecessor-version":[{"id":59599,"href":"https:\/\/www.adf.org.br\/home\/wp-json\/wp\/v2\/posts\/3908\/revisions\/59599"}],"wp:attachment":[{"href":"https:\/\/www.adf.org.br\/home\/wp-json\/wp\/v2\/media?parent=3908"}],"wp:term":[{"taxonomy":"category","embeddable":true,"href":"https:\/\/www.adf.org.br\/home\/wp-json\/wp\/v2\/categories?post=3908"},{"taxonomy":"post_tag","embeddable":true,"href":"https:\/\/www.adf.org.br\/home\/wp-json\/wp\/v2\/tags?post=3908"}],"curies":[{"name":"wp","href":"https:\/\/api.w.org\/{rel}","templated":true}]}}