{"id":3900,"date":"2010-04-21T00:01:29","date_gmt":"2010-04-21T03:01:29","guid":{"rendered":"http:\/\/www.adf.org.br\/home\/?p=3900"},"modified":"2020-06-09T11:51:25","modified_gmt":"2020-06-09T14:51:25","slug":"a-maria-distribuidora-das-gracas","status":"publish","type":"post","link":"https:\/\/www.adf.org.br\/home\/a-maria-distribuidora-das-gracas\/","title":{"rendered":"A Maria, distribuidora das gra\u00e7as"},"content":{"rendered":"<p>\u00d3 Rain<img loading=\"lazy\" class=\"alignleft size-medium  wp-image-3901\" title=\"DSC_0019\" src=\"http:\/\/www.adf.org.br\/home\/wp-content\/uploads\/2010\/04\/DSC_0019-199x300.jpg\" alt=\"DSC_0019\" width=\"199\" height=\"300\" srcset=\"https:\/\/www.adf.org.br\/home\/wp-content\/uploads\/2010\/04\/DSC_0019-199x300.jpg 199w, https:\/\/www.adf.org.br\/home\/wp-content\/uploads\/2010\/04\/DSC_0019.jpg 398w\" sizes=\"(max-width: 199px) 100vw, 199px\" \/>ha e M\u00e3e de miseric[ordia, \u00e9 realmente com a liberalidade de uma rainha e amor da mais am\u00e1vel das m\u00e3es que dispensais as gra\u00e7as a todos os que a V\u00f3s recorrem.<\/p>\n<p>Hoje, pois, me recomendo a V\u00f3s, despido como sou de m\u00e9ritos e virtudes, e por isso insolvente para com a justi\u00e7a divina. \u00d3 Maria, tendes a chave do tesouro das divinas miseric\u00f3rdias: lembrai-vos da minha pobreza, e n\u00e3o me abandoneis numa t\u00e3o grande pen\u00faria. Sois t\u00e3o liberal com todos, e acostumada a dar mais do que Vos pedem: mostrai a mesma generosidade a meu respeito.<\/p>\n<p>\u00d3 M\u00e3e de miseric\u00f3rdia, bem o sei, \u00e9 para V\u00f3s prazer e gl\u00f3ria ajudar os mais miser\u00e1veis, e podeis ajuda-los enquanto n\u00e3o se obstinam o mal; pecador de confesso, mas, longe de me obstinar, quero mudar de vida; podeis ent\u00e3o me socorrer; ah! Socorrei-me e salvai-me. Hoje me ponho inteiramente entre vossas m\u00e3os: dizei-me o que devo fazer para agradar a Deus, tendo a vontade de faze-lo e espero executa-lo com o vosso socorro, \u00f3 Maria, minha M\u00e3e, minha luz, minha consola\u00e7\u00e3o, meu ref\u00fagio e minha esperan\u00e7a.<\/p>\n<p><em>Extra\u00eddo do livro: \u201cAs mais belas ora\u00e7\u00f5es a Nossa Senhora\u201d, ora\u00e7\u00e3o de S\u00e3o Bernardo de Claraval<\/em><\/p>\n","protected":false},"excerpt":{"rendered":"<p>\u00d3 Rainha e M\u00e3e de miseric[ordia, \u00e9 realmente com a liberalidade de uma rainha e amor da mais am\u00e1vel das m\u00e3es que dispensais as gra\u00e7as a todos os que a V\u00f3s recorrem. Hoje, pois, me recomendo a V\u00f3s, despido como sou de m\u00e9ritos e virtudes, e por isso insolvente para com a justi\u00e7a divina. \u00d3 [&hellip;]<\/p>\n","protected":false},"author":27,"featured_media":0,"comment_status":"open","ping_status":"open","sticky":false,"template":"","format":"standard","meta":[],"categories":[14],"tags":[38],"yoast_head":"<!-- This site is optimized with the Yoast SEO plugin v17.4 - https:\/\/yoast.com\/wordpress\/plugins\/seo\/ -->\n<title>A Maria, distribuidora das gra\u00e7as - Associa\u00e7\u00e3o Devotos de F\u00e1tima<\/title>\n<meta name=\"robots\" content=\"index, follow, max-snippet:-1, max-image-preview:large, max-video-preview:-1\" \/>\n<link rel=\"canonical\" href=\"https:\/\/www.adf.org.br\/home\/a-maria-distribuidora-das-gracas\/\" \/>\n<meta property=\"og:locale\" content=\"pt_BR\" \/>\n<meta property=\"og:type\" content=\"article\" \/>\n<meta property=\"og:title\" content=\"A Maria, distribuidora das gra\u00e7as - Associa\u00e7\u00e3o Devotos de F\u00e1tima\" \/>\n<meta property=\"og:description\" content=\"\u00d3 Rainha e M\u00e3e de miseric[ordia, \u00e9 realmente com a liberalidade de uma rainha e amor da mais am\u00e1vel das m\u00e3es que dispensais as gra\u00e7as a todos os que a V\u00f3s recorrem. Hoje, pois, me recomendo a V\u00f3s, despido como sou de m\u00e9ritos e virtudes, e por isso insolvente para com a justi\u00e7a divina. \u00d3 [&hellip;]\" \/>\n<meta property=\"og:url\" content=\"https:\/\/www.adf.org.br\/home\/a-maria-distribuidora-das-gracas\/\" \/>\n<meta property=\"og:site_name\" content=\"Associa\u00e7\u00e3o Devotos de F\u00e1tima\" \/>\n<meta property=\"article:published_time\" content=\"2010-04-21T03:01:29+00:00\" \/>\n<meta property=\"article:modified_time\" content=\"2020-06-09T14:51:25+00:00\" \/>\n<meta property=\"og:image\" content=\"http:\/\/www.adf.org.br\/home\/wp-content\/uploads\/2010\/04\/DSC_0019-199x300.jpg\" \/>\n<meta name=\"twitter:card\" content=\"summary_large_image\" \/>\n<meta name=\"twitter:label1\" content=\"Escrito por\" \/>\n\t<meta name=\"twitter:data1\" content=\"Gabriel Barbosa\" \/>\n\t<meta name=\"twitter:label2\" content=\"Est. tempo de leitura\" \/>\n\t<meta name=\"twitter:data2\" content=\"1 minuto\" \/>\n<script type=\"application\/ld+json\" class=\"yoast-schema-graph\">{\"@context\":\"https:\/\/schema.org\",\"@graph\":[{\"@type\":\"WebSite\",\"@id\":\"https:\/\/www.adf.org.br\/home\/#website\",\"url\":\"https:\/\/www.adf.org.br\/home\/\",\"name\":\"Associa\\u00e7\\u00e3o Devotos de F\\u00e1tima\",\"description\":\"Associa\\u00e7\\u00e3o Devotos de F\\u00e1tima\",\"potentialAction\":[{\"@type\":\"SearchAction\",\"target\":{\"@type\":\"EntryPoint\",\"urlTemplate\":\"https:\/\/www.adf.org.br\/home\/?s={search_term_string}\"},\"query-input\":\"required name=search_term_string\"}],\"inLanguage\":\"pt-BR\"},{\"@type\":\"ImageObject\",\"@id\":\"https:\/\/www.adf.org.br\/home\/a-maria-distribuidora-das-gracas\/#primaryimage\",\"inLanguage\":\"pt-BR\",\"url\":\"http:\/\/www.adf.org.br\/home\/wp-content\/uploads\/2010\/04\/DSC_0019-199x300.jpg\",\"contentUrl\":\"http:\/\/www.adf.org.br\/home\/wp-content\/uploads\/2010\/04\/DSC_0019-199x300.jpg\"},{\"@type\":\"WebPage\",\"@id\":\"https:\/\/www.adf.org.br\/home\/a-maria-distribuidora-das-gracas\/#webpage\",\"url\":\"https:\/\/www.adf.org.br\/home\/a-maria-distribuidora-das-gracas\/\",\"name\":\"A Maria, distribuidora das gra\\u00e7as - Associa\\u00e7\\u00e3o Devotos de F\\u00e1tima\",\"isPartOf\":{\"@id\":\"https:\/\/www.adf.org.br\/home\/#website\"},\"primaryImageOfPage\":{\"@id\":\"https:\/\/www.adf.org.br\/home\/a-maria-distribuidora-das-gracas\/#primaryimage\"},\"datePublished\":\"2010-04-21T03:01:29+00:00\",\"dateModified\":\"2020-06-09T14:51:25+00:00\",\"author\":{\"@id\":\"https:\/\/www.adf.org.br\/home\/#\/schema\/person\/affa494ecf91434f3620f5392de44327\"},\"breadcrumb\":{\"@id\":\"https:\/\/www.adf.org.br\/home\/a-maria-distribuidora-das-gracas\/#breadcrumb\"},\"inLanguage\":\"pt-BR\",\"potentialAction\":[{\"@type\":\"ReadAction\",\"target\":[\"https:\/\/www.adf.org.br\/home\/a-maria-distribuidora-das-gracas\/\"]}]},{\"@type\":\"BreadcrumbList\",\"@id\":\"https:\/\/www.adf.org.br\/home\/a-maria-distribuidora-das-gracas\/#breadcrumb\",\"itemListElement\":[{\"@type\":\"ListItem\",\"position\":1,\"name\":\"Home\",\"item\":\"https:\/\/www.adf.org.br\/home\/\"},{\"@type\":\"ListItem\",\"position\":2,\"name\":\"A Maria, distribuidora das gra\\u00e7as\"}]},{\"@type\":\"Person\",\"@id\":\"https:\/\/www.adf.org.br\/home\/#\/schema\/person\/affa494ecf91434f3620f5392de44327\",\"name\":\"Gabriel Barbosa\",\"image\":{\"@type\":\"ImageObject\",\"@id\":\"https:\/\/www.adf.org.br\/home\/#personlogo\",\"inLanguage\":\"pt-BR\",\"url\":\"https:\/\/secure.gravatar.com\/avatar\/ecf2eab02e30486a7038f8b2858de06a?s=96&d=mm&r=g\",\"contentUrl\":\"https:\/\/secure.gravatar.com\/avatar\/ecf2eab02e30486a7038f8b2858de06a?s=96&d=mm&r=g\",\"caption\":\"Gabriel Barbosa\"},\"url\":\"https:\/\/www.adf.org.br\/home\/author\/gabriel-aascj\/\"}]}<\/script>\n<!-- \/ Yoast SEO plugin. -->","yoast_head_json":{"title":"A Maria, distribuidora das gra\u00e7as - Associa\u00e7\u00e3o Devotos de F\u00e1tima","robots":{"index":"index","follow":"follow","max-snippet":"max-snippet:-1","max-image-preview":"max-image-preview:large","max-video-preview":"max-video-preview:-1"},"canonical":"https:\/\/www.adf.org.br\/home\/a-maria-distribuidora-das-gracas\/","og_locale":"pt_BR","og_type":"article","og_title":"A Maria, distribuidora das gra\u00e7as - Associa\u00e7\u00e3o Devotos de F\u00e1tima","og_description":"\u00d3 Rainha e M\u00e3e de miseric[ordia, \u00e9 realmente com a liberalidade de uma rainha e amor da mais am\u00e1vel das m\u00e3es que dispensais as gra\u00e7as a todos os que a V\u00f3s recorrem. Hoje, pois, me recomendo a V\u00f3s, despido como sou de m\u00e9ritos e virtudes, e por isso insolvente para com a justi\u00e7a divina. \u00d3 [&hellip;]","og_url":"https:\/\/www.adf.org.br\/home\/a-maria-distribuidora-das-gracas\/","og_site_name":"Associa\u00e7\u00e3o Devotos de F\u00e1tima","article_published_time":"2010-04-21T03:01:29+00:00","article_modified_time":"2020-06-09T14:51:25+00:00","og_image":[{"url":"http:\/\/www.adf.org.br\/home\/wp-content\/uploads\/2010\/04\/DSC_0019-199x300.jpg"}],"twitter_card":"summary_large_image","twitter_misc":{"Escrito por":"Gabriel Barbosa","Est. tempo de leitura":"1 minuto"},"schema":{"@context":"https:\/\/schema.org","@graph":[{"@type":"WebSite","@id":"https:\/\/www.adf.org.br\/home\/#website","url":"https:\/\/www.adf.org.br\/home\/","name":"Associa\u00e7\u00e3o Devotos de F\u00e1tima","description":"Associa\u00e7\u00e3o Devotos de F\u00e1tima","potentialAction":[{"@type":"SearchAction","target":{"@type":"EntryPoint","urlTemplate":"https:\/\/www.adf.org.br\/home\/?s={search_term_string}"},"query-input":"required name=search_term_string"}],"inLanguage":"pt-BR"},{"@type":"ImageObject","@id":"https:\/\/www.adf.org.br\/home\/a-maria-distribuidora-das-gracas\/#primaryimage","inLanguage":"pt-BR","url":"http:\/\/www.adf.org.br\/home\/wp-content\/uploads\/2010\/04\/DSC_0019-199x300.jpg","contentUrl":"http:\/\/www.adf.org.br\/home\/wp-content\/uploads\/2010\/04\/DSC_0019-199x300.jpg"},{"@type":"WebPage","@id":"https:\/\/www.adf.org.br\/home\/a-maria-distribuidora-das-gracas\/#webpage","url":"https:\/\/www.adf.org.br\/home\/a-maria-distribuidora-das-gracas\/","name":"A Maria, distribuidora das gra\u00e7as - Associa\u00e7\u00e3o Devotos de F\u00e1tima","isPartOf":{"@id":"https:\/\/www.adf.org.br\/home\/#website"},"primaryImageOfPage":{"@id":"https:\/\/www.adf.org.br\/home\/a-maria-distribuidora-das-gracas\/#primaryimage"},"datePublished":"2010-04-21T03:01:29+00:00","dateModified":"2020-06-09T14:51:25+00:00","author":{"@id":"https:\/\/www.adf.org.br\/home\/#\/schema\/person\/affa494ecf91434f3620f5392de44327"},"breadcrumb":{"@id":"https:\/\/www.adf.org.br\/home\/a-maria-distribuidora-das-gracas\/#breadcrumb"},"inLanguage":"pt-BR","potentialAction":[{"@type":"ReadAction","target":["https:\/\/www.adf.org.br\/home\/a-maria-distribuidora-das-gracas\/"]}]},{"@type":"BreadcrumbList","@id":"https:\/\/www.adf.org.br\/home\/a-maria-distribuidora-das-gracas\/#breadcrumb","itemListElement":[{"@type":"ListItem","position":1,"name":"Home","item":"https:\/\/www.adf.org.br\/home\/"},{"@type":"ListItem","position":2,"name":"A Maria, distribuidora das gra\u00e7as"}]},{"@type":"Person","@id":"https:\/\/www.adf.org.br\/home\/#\/schema\/person\/affa494ecf91434f3620f5392de44327","name":"Gabriel Barbosa","image":{"@type":"ImageObject","@id":"https:\/\/www.adf.org.br\/home\/#personlogo","inLanguage":"pt-BR","url":"https:\/\/secure.gravatar.com\/avatar\/ecf2eab02e30486a7038f8b2858de06a?s=96&d=mm&r=g","contentUrl":"https:\/\/secure.gravatar.com\/avatar\/ecf2eab02e30486a7038f8b2858de06a?s=96&d=mm&r=g","caption":"Gabriel Barbosa"},"url":"https:\/\/www.adf.org.br\/home\/author\/gabriel-aascj\/"}]}},"_links":{"self":[{"href":"https:\/\/www.adf.org.br\/home\/wp-json\/wp\/v2\/posts\/3900"}],"collection":[{"href":"https:\/\/www.adf.org.br\/home\/wp-json\/wp\/v2\/posts"}],"about":[{"href":"https:\/\/www.adf.org.br\/home\/wp-json\/wp\/v2\/types\/post"}],"author":[{"embeddable":true,"href":"https:\/\/www.adf.org.br\/home\/wp-json\/wp\/v2\/users\/27"}],"replies":[{"embeddable":true,"href":"https:\/\/www.adf.org.br\/home\/wp-json\/wp\/v2\/comments?post=3900"}],"version-history":[{"count":1,"href":"https:\/\/www.adf.org.br\/home\/wp-json\/wp\/v2\/posts\/3900\/revisions"}],"predecessor-version":[{"id":59602,"href":"https:\/\/www.adf.org.br\/home\/wp-json\/wp\/v2\/posts\/3900\/revisions\/59602"}],"wp:attachment":[{"href":"https:\/\/www.adf.org.br\/home\/wp-json\/wp\/v2\/media?parent=3900"}],"wp:term":[{"taxonomy":"category","embeddable":true,"href":"https:\/\/www.adf.org.br\/home\/wp-json\/wp\/v2\/categories?post=3900"},{"taxonomy":"post_tag","embeddable":true,"href":"https:\/\/www.adf.org.br\/home\/wp-json\/wp\/v2\/tags?post=3900"}],"curies":[{"name":"wp","href":"https:\/\/api.w.org\/{rel}","templated":true}]}}