{"id":38880,"date":"2016-05-02T00:00:05","date_gmt":"2016-05-02T03:00:05","guid":{"rendered":"http:\/\/www.adf.org.br\/home\/?p=38880"},"modified":"2016-05-02T00:00:05","modified_gmt":"2016-05-02T03:00:05","slug":"o-que-o-maior-exorcista-do-mundo-diz-sobre-o-rosario-veja-agora-e-impressionante","status":"publish","type":"post","link":"https:\/\/www.adf.org.br\/home\/o-que-o-maior-exorcista-do-mundo-diz-sobre-o-rosario-veja-agora-e-impressionante\/","title":{"rendered":"O que o maior Exorcista do mundo diz sobre o Ros\u00e1rio? Veja agora, \u00e9 impressionante."},"content":{"rendered":"<figure id=\"attachment_38884\" aria-describedby=\"caption-attachment-38884\" style=\"width: 512px\" class=\"wp-caption aligncenter\"><a href=\"http:\/\/www.adf.org.br\/home\/2016\/05\/o-que-o-maior-exorcista-do-mundo-diz-sobre-o-rosario-veja-agora-e-impressionante\/19_05_2015__13_06_222208318dfd5c706da81847f40497911ad1bb4_640x480\/\" rel=\"attachment wp-att-38884\"><img loading=\"lazy\" class=\" wp-image-38884 \" title=\"Pe Gabriele Amorth.\" src=\"http:\/\/www.adf.org.br\/home\/wp-content\/uploads\/2016\/04\/19_05_2015__13_06_222208318dfd5c706da81847f40497911ad1bb4_640x480.jpg\" alt=\"\" width=\"512\" height=\"283\" \/><\/a><figcaption id=\"caption-attachment-38884\" class=\"wp-caption-text\">Pe Gabriele Amorth.<\/figcaption><\/figure>\n<p style=\"text-align: right;\"><span style=\"font-family: verdana, geneva;\"><em><br \/>\n<span style=\"color: #ffffff;\">.<\/span><br \/>\nPe. Gabriele Amorth (Exocista de Roma)<\/em><\/span><\/p>\n<p style=\"text-align: left; padding-left: 90px;\"><span style=\"font-size: medium; font-family: verdana, geneva; color: #000000;\"><strong><span style=\"color: #ffffff;\">.<\/span><br \/>\n<span style=\"color: #800080;\">Nossa Senhora, em F\u00e1tima, prop\u00f5e o Ros\u00e1rio como ant\u00eddoto ao ate\u00edsmo:<\/span><\/strong><\/span><\/p>\n<p style=\"text-align: left;\"><span style=\"font-size: medium; font-family: verdana, geneva; color: #000000;\"><strong><span style=\"font-size: large;\"><span style=\"color: #ffffff;\">.<\/span><br \/>\nO<\/span><\/strong> homem de hoje tem mais necessidade do que nunca de rezar e de meditar as grandes verdades reveladas.<\/span><\/p>\n<p style=\"text-align: left;\"><span style=\"font-size: medium; font-family: verdana, geneva; color: #000000;\">N\u00e3o \u00e9 de admirar a insist\u00eancia dos papas em recomendar esta ora\u00e7\u00e3o: pensemos, por exemplo, nas doze Enc\u00edclicas sobre o Ros\u00e1rio de Le\u00e3o XIII.<\/span><\/p>\n<p style=\"text-align: left; padding-left: 90px;\"><span style=\"font-size: medium; font-family: verdana, geneva; color: #800080;\"><strong><span style=\"color: #ffffff;\">.<\/span><br \/>\nE n\u00e3o nos admiremos com o fato de que, nas Apari\u00e7\u00f5es de Lourdes e de F\u00e1tima, tenha sido dado tanto destaque a esta piedosa devo\u00e7\u00e3o mariana.<\/strong><\/span><\/p>\n<p style=\"text-align: left;\" align=\"center\"><span style=\"font-size: medium; font-family: verdana, geneva; color: #000000;\"><strong><span style=\"color: #ffffff;\">.<\/span><br \/>\nO Ros\u00e1rio, um tesouro a ser redescoberto<\/strong><\/span><\/p>\n<p style=\"text-align: left;\" align=\"center\"><span style=\"font-size: medium; font-family: verdana, geneva; color: #000000;\">A hist\u00f3ria do Ros\u00e1rio tornou-se conhecida sobretudo depois da celebra\u00e7\u00e3o do Ano do Ros\u00e1rio (de outubro de 2002 a outubro de 2003).<\/span><\/p>\n<p style=\"text-align: left;\" align=\"center\"><span style=\"font-size: medium; font-family: verdana, geneva; color: #000000;\">Aqui queremos apresentar algumas reflex\u00f5es que nos parecem particularmente atuais.<\/span><\/p>\n<p style=\"text-align: left;\"><span style=\"font-size: medium; font-family: verdana, geneva; color: #000000;\">O ritmo da vida dos nossos dias quebrou a unidade da fam\u00edlia: os familiares passam pouco tempo juntos e, \u00e0s vezes, mesmo naqueles poucos momentos n\u00e3o se conversa, porque quem rege a casa \u00e9 a\u00a0televis\u00e3o\u2026<\/span><\/p>\n<p style=\"text-align: left;\"><span style=\"font-size: medium; font-family: verdana, geneva; color: #000000;\"><strong>Mas j\u00e1 Pio XII insistia sobre a retomada do Ros\u00e1rio em fam\u00edlia:<\/strong><\/span><\/p>\n<p style=\"text-align: left; padding-left: 90px;\"><span style=\"font-size: medium; font-family: verdana, geneva; color: #800080;\"><strong><span style=\"color: #ffffff;\">.<\/span><br \/>\n\u201cSe unidos recitais o Ros\u00e1rio, desfrutareis da paz em vossas fam\u00edlias, tereis a harmonia do esp\u00edrito\u00a0nas vossas casas\u201d.\u00a0<\/strong><\/span><\/p>\n<p style=\"text-align: left;\"><span style=\"font-size: medium; font-family: verdana, geneva; color: #000000;\"><span style=\"color: #ffffff;\">.<\/span><br \/>\nO Ros\u00e1rio \u00e9 tamb\u00e9m a ora\u00e7\u00e3o da paz, a ora\u00e7\u00e3o que abra\u00e7a o mundo inteiro.<\/span><\/p>\n<p style=\"text-align: left; padding-left: 90px;\"><span style=\"color: #800080;\"><strong><span style=\"font-size: medium; font-family: verdana, geneva;\"><span style=\"color: #ffffff;\">.<\/span><br \/>\nUm outro grande ap\u00f3stolo do Ros\u00e1rio dos \u00faltimos tempos, o Bispo Fulton Sheen, tinha concebido uma\u00a0coroa de cinco cores, que ainda est\u00e1 muito em uso:<\/span><\/strong><\/span><\/p>\n<p style=\"text-align: left;\"><span style=\"font-size: medium; font-family: verdana, geneva; color: #000000;\"><span style=\"color: #ffffff;\">.<\/span><br \/>\nUma dezena de contas verdes, para lembrar a \u00c1frica (conhecida por suas verdes florestas), uma dezena de contas vermelhas para a Am\u00e9rica (habitada originalmente pelos \u00edndios);<\/span><\/p>\n<p style=\"text-align: left;\"><span style=\"font-size: medium; font-family: verdana, geneva; color: #000000;\">Uma dezena de contas brancas para a Europa (em homenagem \u00e0 veste branca do Papa), u<\/span><span style=\"font-family: verdana, geneva; font-size: medium; color: #000000;\">ma dezena de contas azuis para a Oceania (imersa no azul do Pac\u00edfico);<\/span><\/p>\n<p style=\"text-align: left;\"><span style=\"font-family: verdana, geneva; font-size: medium; color: #000000;\">E uma dezena de contas amarelas para o imenso continente asi\u00e1tico (com refer\u00eancia \u00e0 tend\u00eancia de cor da pele de algumas ra\u00e7as de seus habitantes). Assim, ao fim da coroa, abra\u00e7ou-se o mundo.<\/span><\/p>\n<p style=\"text-align: left; padding-left: 90px;\"><span style=\"color: #800080;\"><strong><span style=\"font-size: medium; font-family: verdana, geneva;\"><span style=\"color: #ffffff;\">.<\/span><br \/>\nO homem tem hoje, mais do que nunca, a necessidade de fazer pausas para o sil\u00eancio e reflex\u00e3o.<\/span><\/strong><\/span><\/p>\n<p style=\"text-align: left;\"><strong><span style=\"font-size: medium; font-family: verdana, geneva; color: #000000;\"><span style=\"color: #ffffff;\">.<\/span><br \/>\nSe acreditamos no poder da ora\u00e7\u00e3o, estamos convencidos de que o Ros\u00e1rio \u00e9 mais forte do que a bomba at\u00f4mica.<\/span><\/strong><\/p>\n<p style=\"text-align: left;\"><span style=\"font-size: medium; font-family: verdana, geneva; color: #ffffff;\">.<\/span><br \/>\n<span style=\"font-size: medium; font-family: verdana, geneva; color: #ffffff;\">.<\/span><br \/>\n<em><span style=\"font-size: medium; font-family: verdana, geneva; color: #000000;\">Fonte:\u00a0<a href=\"http:\/\/defensoresdasagradacruz.blogspot.com.br\/2012\/09\/o-rosario-um-tesouro-por-pe-gabriele.html\" target=\"_blank\" rel=\"noopener noreferrer\">http:\/\/defensoresdasagradacruz.blogspot.com.br\/<\/a><\/span><\/em><\/p>\n<p style=\"text-align: center;\"><span style=\"font-size: medium; font-family: verdana, geneva; color: #ffffff;\">.<\/span><br \/>\n<strong><span style=\"font-size: medium; font-family: verdana, geneva; color: #000000;\">* \u00a0* \u00a0*<\/span><\/strong><\/p>\n<p style=\"text-align: center;\"><span style=\"color: #ffffff;\">.\u00a0<\/span><\/p>\n<p style=\"text-align: center;\"><span style=\"color: #800080; font-size: medium; font-family: verdana, geneva;\">Agora que leu este impressionante relato, ligue gratuitamente para nossa Central de Ora\u00e7\u00f5es e inclua seus pedidos na<\/span><br \/>\n<span style=\"color: #800080; font-size: medium; font-family: verdana, geneva;\"><strong>Santa Missa de Dia das M\u00e3es!<\/strong><\/span><\/p>\n<p style=\"text-align: center;\"><span style=\"color: #ffffff; font-size: medium; font-family: verdana, geneva;\">.<\/span><br \/>\n<span style=\"color: #ffffff; font-size: medium; font-family: verdana, geneva;\">.<\/span><br \/>\n<span style=\"color: #000000; font-size: large; font-family: verdana, geneva;\"><strong>Ligue agora para:<\/strong><\/span><\/p>\n<p style=\"text-align: center;\"><span style=\"color: #ffffff; font-size: medium; font-family: verdana, geneva;\">.<\/span><br \/>\n<span style=\"color: #800080; font-size: xx-large; font-family: verdana, geneva;\"><strong>0800 773 11 19<\/strong><\/span><br \/>\n<span style=\"color: #800080; font-size: medium; font-family: verdana, geneva;\"><strong>(gr\u00e1tis para todo o Brasil)<\/strong><\/span><\/p>\n<p style=\"text-align: center;\"><span style=\"color: #ffffff; font-size: medium; font-family: verdana, geneva;\">.<\/span><\/p>\n<p style=\"text-align: center;\"><span style=\"color: #ffffff; font-size: medium; font-family: verdana, geneva;\">.<\/span><\/p>\n<p style=\"text-align: center;\"><span style=\"color: #ffffff;\">.<\/span><\/p>\n<p style=\"text-align: center;\"><span style=\"color: #ffffff;\">.<\/span><\/p>\n<p>&nbsp;<\/p>\n","protected":false},"excerpt":{"rendered":"<p>Nossa Senhora, em F\u00e1tima, prop\u00f5e o Ros\u00e1rio como ant\u00eddoto ao ate\u00edsmo:<\/p>\n","protected":false},"author":31,"featured_media":0,"comment_status":"open","ping_status":"open","sticky":false,"template":"","format":"standard","meta":[],"categories":[20],"tags":[781,38,1030,17],"yoast_head":"<!-- This site is optimized with the Yoast SEO plugin v17.4 - https:\/\/yoast.com\/wordpress\/plugins\/seo\/ -->\n<title>O que o maior Exorcista do mundo diz sobre o Ros\u00e1rio? Veja agora, \u00e9 impressionante. - Associa\u00e7\u00e3o Devotos de F\u00e1tima<\/title>\n<meta name=\"robots\" content=\"index, follow, max-snippet:-1, max-image-preview:large, max-video-preview:-1\" \/>\n<link rel=\"canonical\" href=\"https:\/\/www.adf.org.br\/home\/o-que-o-maior-exorcista-do-mundo-diz-sobre-o-rosario-veja-agora-e-impressionante\/\" \/>\n<meta property=\"og:locale\" content=\"pt_BR\" \/>\n<meta property=\"og:type\" content=\"article\" \/>\n<meta property=\"og:title\" content=\"O que o maior Exorcista do mundo diz sobre o Ros\u00e1rio? Veja agora, \u00e9 impressionante. - Associa\u00e7\u00e3o Devotos de F\u00e1tima\" \/>\n<meta property=\"og:description\" content=\"Nossa Senhora, em F\u00e1tima, prop\u00f5e o Ros\u00e1rio como ant\u00eddoto ao ate\u00edsmo:\" \/>\n<meta property=\"og:url\" content=\"https:\/\/www.adf.org.br\/home\/o-que-o-maior-exorcista-do-mundo-diz-sobre-o-rosario-veja-agora-e-impressionante\/\" \/>\n<meta property=\"og:site_name\" content=\"Associa\u00e7\u00e3o Devotos de F\u00e1tima\" \/>\n<meta property=\"article:published_time\" content=\"2016-05-02T03:00:05+00:00\" \/>\n<meta property=\"og:image\" content=\"http:\/\/www.adf.org.br\/home\/wp-content\/uploads\/2016\/04\/19_05_2015__13_06_222208318dfd5c706da81847f40497911ad1bb4_640x480.jpg\" \/>\n<meta name=\"twitter:card\" content=\"summary_large_image\" \/>\n<meta name=\"twitter:label1\" content=\"Escrito por\" \/>\n\t<meta name=\"twitter:data1\" content=\"Gabriel Barbosa\" \/>\n\t<meta name=\"twitter:label2\" content=\"Est. tempo de leitura\" \/>\n\t<meta name=\"twitter:data2\" content=\"2 minutos\" \/>\n<script type=\"application\/ld+json\" class=\"yoast-schema-graph\">{\"@context\":\"https:\/\/schema.org\",\"@graph\":[{\"@type\":\"WebSite\",\"@id\":\"https:\/\/www.adf.org.br\/home\/#website\",\"url\":\"https:\/\/www.adf.org.br\/home\/\",\"name\":\"Associa\\u00e7\\u00e3o Devotos de F\\u00e1tima\",\"description\":\"Associa\\u00e7\\u00e3o Devotos de F\\u00e1tima\",\"potentialAction\":[{\"@type\":\"SearchAction\",\"target\":{\"@type\":\"EntryPoint\",\"urlTemplate\":\"https:\/\/www.adf.org.br\/home\/?s={search_term_string}\"},\"query-input\":\"required name=search_term_string\"}],\"inLanguage\":\"pt-BR\"},{\"@type\":\"ImageObject\",\"@id\":\"https:\/\/www.adf.org.br\/home\/o-que-o-maior-exorcista-do-mundo-diz-sobre-o-rosario-veja-agora-e-impressionante\/#primaryimage\",\"inLanguage\":\"pt-BR\",\"url\":\"http:\/\/www.adf.org.br\/home\/wp-content\/uploads\/2016\/04\/19_05_2015__13_06_222208318dfd5c706da81847f40497911ad1bb4_640x480.jpg\",\"contentUrl\":\"http:\/\/www.adf.org.br\/home\/wp-content\/uploads\/2016\/04\/19_05_2015__13_06_222208318dfd5c706da81847f40497911ad1bb4_640x480.jpg\"},{\"@type\":\"WebPage\",\"@id\":\"https:\/\/www.adf.org.br\/home\/o-que-o-maior-exorcista-do-mundo-diz-sobre-o-rosario-veja-agora-e-impressionante\/#webpage\",\"url\":\"https:\/\/www.adf.org.br\/home\/o-que-o-maior-exorcista-do-mundo-diz-sobre-o-rosario-veja-agora-e-impressionante\/\",\"name\":\"O que o maior Exorcista do mundo diz sobre o Ros\\u00e1rio? Veja agora, \\u00e9 impressionante. - Associa\\u00e7\\u00e3o Devotos de F\\u00e1tima\",\"isPartOf\":{\"@id\":\"https:\/\/www.adf.org.br\/home\/#website\"},\"primaryImageOfPage\":{\"@id\":\"https:\/\/www.adf.org.br\/home\/o-que-o-maior-exorcista-do-mundo-diz-sobre-o-rosario-veja-agora-e-impressionante\/#primaryimage\"},\"datePublished\":\"2016-05-02T03:00:05+00:00\",\"dateModified\":\"2016-05-02T03:00:05+00:00\",\"author\":{\"@id\":\"https:\/\/www.adf.org.br\/home\/#\/schema\/person\/f35a5c5aa7728a3dedf4ea9aa1fc2753\"},\"breadcrumb\":{\"@id\":\"https:\/\/www.adf.org.br\/home\/o-que-o-maior-exorcista-do-mundo-diz-sobre-o-rosario-veja-agora-e-impressionante\/#breadcrumb\"},\"inLanguage\":\"pt-BR\",\"potentialAction\":[{\"@type\":\"ReadAction\",\"target\":[\"https:\/\/www.adf.org.br\/home\/o-que-o-maior-exorcista-do-mundo-diz-sobre-o-rosario-veja-agora-e-impressionante\/\"]}]},{\"@type\":\"BreadcrumbList\",\"@id\":\"https:\/\/www.adf.org.br\/home\/o-que-o-maior-exorcista-do-mundo-diz-sobre-o-rosario-veja-agora-e-impressionante\/#breadcrumb\",\"itemListElement\":[{\"@type\":\"ListItem\",\"position\":1,\"name\":\"Home\",\"item\":\"https:\/\/www.adf.org.br\/home\/\"},{\"@type\":\"ListItem\",\"position\":2,\"name\":\"O que o maior Exorcista do mundo diz sobre o Ros\\u00e1rio? Veja agora, \\u00e9 impressionante.\"}]},{\"@type\":\"Person\",\"@id\":\"https:\/\/www.adf.org.br\/home\/#\/schema\/person\/f35a5c5aa7728a3dedf4ea9aa1fc2753\",\"name\":\"Gabriel Barbosa\",\"image\":{\"@type\":\"ImageObject\",\"@id\":\"https:\/\/www.adf.org.br\/home\/#personlogo\",\"inLanguage\":\"pt-BR\",\"url\":\"https:\/\/secure.gravatar.com\/avatar\/2b2cb2f4637682c5605e8d36818f51ef?s=96&d=mm&r=g\",\"contentUrl\":\"https:\/\/secure.gravatar.com\/avatar\/2b2cb2f4637682c5605e8d36818f51ef?s=96&d=mm&r=g\",\"caption\":\"Gabriel Barbosa\"},\"url\":\"https:\/\/www.adf.org.br\/home\/author\/gabrielpmk-com-br\/\"}]}<\/script>\n<!-- \/ Yoast SEO plugin. -->","yoast_head_json":{"title":"O que o maior Exorcista do mundo diz sobre o Ros\u00e1rio? Veja agora, \u00e9 impressionante. - Associa\u00e7\u00e3o Devotos de F\u00e1tima","robots":{"index":"index","follow":"follow","max-snippet":"max-snippet:-1","max-image-preview":"max-image-preview:large","max-video-preview":"max-video-preview:-1"},"canonical":"https:\/\/www.adf.org.br\/home\/o-que-o-maior-exorcista-do-mundo-diz-sobre-o-rosario-veja-agora-e-impressionante\/","og_locale":"pt_BR","og_type":"article","og_title":"O que o maior Exorcista do mundo diz sobre o Ros\u00e1rio? Veja agora, \u00e9 impressionante. - Associa\u00e7\u00e3o Devotos de F\u00e1tima","og_description":"Nossa Senhora, em F\u00e1tima, prop\u00f5e o Ros\u00e1rio como ant\u00eddoto ao ate\u00edsmo:","og_url":"https:\/\/www.adf.org.br\/home\/o-que-o-maior-exorcista-do-mundo-diz-sobre-o-rosario-veja-agora-e-impressionante\/","og_site_name":"Associa\u00e7\u00e3o Devotos de F\u00e1tima","article_published_time":"2016-05-02T03:00:05+00:00","og_image":[{"url":"http:\/\/www.adf.org.br\/home\/wp-content\/uploads\/2016\/04\/19_05_2015__13_06_222208318dfd5c706da81847f40497911ad1bb4_640x480.jpg"}],"twitter_card":"summary_large_image","twitter_misc":{"Escrito por":"Gabriel Barbosa","Est. tempo de leitura":"2 minutos"},"schema":{"@context":"https:\/\/schema.org","@graph":[{"@type":"WebSite","@id":"https:\/\/www.adf.org.br\/home\/#website","url":"https:\/\/www.adf.org.br\/home\/","name":"Associa\u00e7\u00e3o Devotos de F\u00e1tima","description":"Associa\u00e7\u00e3o Devotos de F\u00e1tima","potentialAction":[{"@type":"SearchAction","target":{"@type":"EntryPoint","urlTemplate":"https:\/\/www.adf.org.br\/home\/?s={search_term_string}"},"query-input":"required name=search_term_string"}],"inLanguage":"pt-BR"},{"@type":"ImageObject","@id":"https:\/\/www.adf.org.br\/home\/o-que-o-maior-exorcista-do-mundo-diz-sobre-o-rosario-veja-agora-e-impressionante\/#primaryimage","inLanguage":"pt-BR","url":"http:\/\/www.adf.org.br\/home\/wp-content\/uploads\/2016\/04\/19_05_2015__13_06_222208318dfd5c706da81847f40497911ad1bb4_640x480.jpg","contentUrl":"http:\/\/www.adf.org.br\/home\/wp-content\/uploads\/2016\/04\/19_05_2015__13_06_222208318dfd5c706da81847f40497911ad1bb4_640x480.jpg"},{"@type":"WebPage","@id":"https:\/\/www.adf.org.br\/home\/o-que-o-maior-exorcista-do-mundo-diz-sobre-o-rosario-veja-agora-e-impressionante\/#webpage","url":"https:\/\/www.adf.org.br\/home\/o-que-o-maior-exorcista-do-mundo-diz-sobre-o-rosario-veja-agora-e-impressionante\/","name":"O que o maior Exorcista do mundo diz sobre o Ros\u00e1rio? Veja agora, \u00e9 impressionante. - Associa\u00e7\u00e3o Devotos de F\u00e1tima","isPartOf":{"@id":"https:\/\/www.adf.org.br\/home\/#website"},"primaryImageOfPage":{"@id":"https:\/\/www.adf.org.br\/home\/o-que-o-maior-exorcista-do-mundo-diz-sobre-o-rosario-veja-agora-e-impressionante\/#primaryimage"},"datePublished":"2016-05-02T03:00:05+00:00","dateModified":"2016-05-02T03:00:05+00:00","author":{"@id":"https:\/\/www.adf.org.br\/home\/#\/schema\/person\/f35a5c5aa7728a3dedf4ea9aa1fc2753"},"breadcrumb":{"@id":"https:\/\/www.adf.org.br\/home\/o-que-o-maior-exorcista-do-mundo-diz-sobre-o-rosario-veja-agora-e-impressionante\/#breadcrumb"},"inLanguage":"pt-BR","potentialAction":[{"@type":"ReadAction","target":["https:\/\/www.adf.org.br\/home\/o-que-o-maior-exorcista-do-mundo-diz-sobre-o-rosario-veja-agora-e-impressionante\/"]}]},{"@type":"BreadcrumbList","@id":"https:\/\/www.adf.org.br\/home\/o-que-o-maior-exorcista-do-mundo-diz-sobre-o-rosario-veja-agora-e-impressionante\/#breadcrumb","itemListElement":[{"@type":"ListItem","position":1,"name":"Home","item":"https:\/\/www.adf.org.br\/home\/"},{"@type":"ListItem","position":2,"name":"O que o maior Exorcista do mundo diz sobre o Ros\u00e1rio? Veja agora, \u00e9 impressionante."}]},{"@type":"Person","@id":"https:\/\/www.adf.org.br\/home\/#\/schema\/person\/f35a5c5aa7728a3dedf4ea9aa1fc2753","name":"Gabriel Barbosa","image":{"@type":"ImageObject","@id":"https:\/\/www.adf.org.br\/home\/#personlogo","inLanguage":"pt-BR","url":"https:\/\/secure.gravatar.com\/avatar\/2b2cb2f4637682c5605e8d36818f51ef?s=96&d=mm&r=g","contentUrl":"https:\/\/secure.gravatar.com\/avatar\/2b2cb2f4637682c5605e8d36818f51ef?s=96&d=mm&r=g","caption":"Gabriel Barbosa"},"url":"https:\/\/www.adf.org.br\/home\/author\/gabrielpmk-com-br\/"}]}},"_links":{"self":[{"href":"https:\/\/www.adf.org.br\/home\/wp-json\/wp\/v2\/posts\/38880"}],"collection":[{"href":"https:\/\/www.adf.org.br\/home\/wp-json\/wp\/v2\/posts"}],"about":[{"href":"https:\/\/www.adf.org.br\/home\/wp-json\/wp\/v2\/types\/post"}],"author":[{"embeddable":true,"href":"https:\/\/www.adf.org.br\/home\/wp-json\/wp\/v2\/users\/31"}],"replies":[{"embeddable":true,"href":"https:\/\/www.adf.org.br\/home\/wp-json\/wp\/v2\/comments?post=38880"}],"version-history":[{"count":0,"href":"https:\/\/www.adf.org.br\/home\/wp-json\/wp\/v2\/posts\/38880\/revisions"}],"wp:attachment":[{"href":"https:\/\/www.adf.org.br\/home\/wp-json\/wp\/v2\/media?parent=38880"}],"wp:term":[{"taxonomy":"category","embeddable":true,"href":"https:\/\/www.adf.org.br\/home\/wp-json\/wp\/v2\/categories?post=38880"},{"taxonomy":"post_tag","embeddable":true,"href":"https:\/\/www.adf.org.br\/home\/wp-json\/wp\/v2\/tags?post=38880"}],"curies":[{"name":"wp","href":"https:\/\/api.w.org\/{rel}","templated":true}]}}