{"id":3881,"date":"2010-04-20T00:05:49","date_gmt":"2010-04-20T03:05:49","guid":{"rendered":"http:\/\/www.adf.org.br\/home\/?p=3881"},"modified":"2020-06-09T10:43:33","modified_gmt":"2020-06-09T13:43:33","slug":"o-vulcao-na-islandia-e-os-tres-dias-de-escuridao","status":"publish","type":"post","link":"https:\/\/www.adf.org.br\/home\/o-vulcao-na-islandia-e-os-tres-dias-de-escuridao\/","title":{"rendered":"O vulc\u00e3o na Isl\u00e2ndia e os tr\u00eas dias de escurid\u00e3o"},"content":{"rendered":"<p><img loading=\"lazy\" class=\"aligncenter size-medium wp-image-3882\" title=\"vulcao-islandia-ap436\" src=\"http:\/\/www.adf.org.br\/home\/wp-content\/uploads\/2010\/04\/vulcao-islandia-ap436-300x206.jpg\" alt=\"vulcao-islandia-ap436\" width=\"300\" height=\"206\" srcset=\"https:\/\/www.adf.org.br\/home\/wp-content\/uploads\/2010\/04\/vulcao-islandia-ap436-300x206.jpg 300w, https:\/\/www.adf.org.br\/home\/wp-content\/uploads\/2010\/04\/vulcao-islandia-ap436.jpg 436w\" sizes=\"(max-width: 300px) 100vw, 300px\" \/>A Europa est\u00e1 praticamente ilhada por conta da fuma\u00e7a do vulc\u00e3o na Isl\u00e2ndia que entrou em atividade na semana passada, centenas de v\u00f4os foram cancelados, o c\u00e9u est\u00e1 tomado pela escurid\u00e3o oriunda da gigantesca fuma\u00e7a que o vulc\u00e3o espele, colocando em risco qualquer aeronave que ousar atravessar o firmamento. As for\u00e7as da natureza est\u00e3o a cada dia mais vorazes.<\/p>\n<p>Embora a Igreja n\u00e3o nos obriga a acreditar em qualquer profecia ou revela\u00e7\u00e3o particular, muitos m\u00edsticos e santos falam dos tr\u00eas dias de escurid\u00e3o, como a beata\u00a0 Anna-Maria Taigi, S\u00e3o Padre Pio, a beata Elizabeth Canori-Mora, Santa Hildegard e muitos outros.<\/p>\n<p>Aqui est\u00e3o algumas cita\u00e7\u00f5es desses m\u00edsticos.<\/p>\n<p><span style=\"text-decoration: underline;\">Beata Anna Maria Taigi (1769-1837 A.D.)<\/span><\/p>\n<p>&#8220;Deus vai enviar dois castigos: um ser\u00e1 em forma de guerras, revolu\u00e7\u00f5es e outros males, que s\u00e3o origin\u00e1rios da Terra. O outro ser\u00e1 enviado do c\u00e9u. Vir\u00e1 sobre toda a terra uma escurid\u00e3o intensa que durar\u00e1 tr\u00eas dias e tr\u00eas noites. Nada pode ser visto, o ar estar\u00e1 carregado de pestil\u00eancia. Ser\u00e1 imposs\u00edvel usar qualquer tipo de ilumina\u00e7\u00e3o artificial durante esta escurid\u00e3o, exceto velas bentas. Aquele que, por curiosidade, abre a janela para olhar para fora, ou sai de sua casa, cair\u00e1 morto no local. Durante estes tr\u00eas dias, as pessoas devem permanecer em seus lares, rezar o Ros\u00e1rio e suplicar a Deus por miseric\u00f3rdia&#8221;.<\/p>\n<p>&#8220;Todos os inimigos da Igreja, conhecidos ou desconhecidos, perecer\u00e3o por toda a Terra durante essa escurid\u00e3o universal, com exce\u00e7\u00e3o de uns poucos a quem Deus ir\u00e1 converter em breve. O ar estar\u00e1 infectado por dem\u00f4nios que aparecer\u00e3o sob todas as sortes de formas horr\u00edveis&#8221;.<\/p>\n<p><span style=\"text-decoration: underline;\">S\u00e3o Padre Pio<\/span>:<\/p>\n<p>&#8220;Esta cat\u00e1strofe vir\u00e1 sobre a terra como um rel\u00e2mpago, e a luz do sol da manh\u00e3 ser\u00e1 substitu\u00edda pela escurid\u00e3o! Ningu\u00e9m deve sair de casa ou olhar para fora de<\/p>\n<figure id=\"attachment_3883\" aria-describedby=\"caption-attachment-3883\" style=\"width: 300px\" class=\"wp-caption alignright\"><img loading=\"lazy\" class=\"size-medium wp-image-3883\" title=\"18_PHG_VULCAO_CAOS\" src=\"http:\/\/www.adf.org.br\/home\/wp-content\/uploads\/2010\/04\/18_PHG_VULCAO_CAOS-300x191.jpg\" alt=\"\u201cVista a\u00e9rea do vulc\u00e3o Eyjafjallajokull mostra a densa fuma\u00e7a que sai da cratera e que tem se espalhado por dezenas de pa\u00edses da Europa, causando um caos a\u00e9reo\u201d\" width=\"300\" height=\"191\" \/><figcaption id=\"caption-attachment-3883\" class=\"wp-caption-text\">\u201cVista a\u00e9rea do vulc\u00e3o Eyjafjallajokull mostra a densa fuma\u00e7a que sai da cratera e que tem se espalhado por dezenas de pa\u00edses da Europa, causando um caos a\u00e9reo\u201d<\/figcaption><\/figure>\n<p>uma janela a partir daquele momento. Haver\u00e1 uma grande confus\u00e3o por causa dessa escurid\u00e3o total em que a terra inteira estar\u00e1 sobre um manto de trevas, e muitos morrer\u00e3o de medo e desespero\u201d.<\/p>\n<p>&#8220;Aqueles que lutarem por Minha causa dever\u00e3o receber a gra\u00e7a do Meu Divino Cora\u00e7\u00e3o, e o grito:&#8221; Quem \u00e9 como Deus! &#8220;deve servir como um meio de prote\u00e7\u00e3o para muitos. No entanto, muitos ir\u00e3o se queimar em campos abertos como a erva seca! Os \u00edmpios ser\u00e3o aniquilados e os justos prevalecer\u00e3o\u201d.<\/p>\n<p>&#8220;A escurid\u00e3o deve durar um dia e uma noite, seguido de outro dia e uma noite e outro dia &#8211; mas na noite seguinte, as estrelas v\u00e3o brilhar novamente, e na manh\u00e3 seguinte, o sol deve subir novamente, e ser\u00e1 PRIMAVERA\u201d!<\/p>\n<p>O m\u00edstico <span style=\"text-decoration: underline;\">Marie-Julie Jahenny<\/span> tamb\u00e9m menciona os tr\u00eas dias de escurid\u00e3o. (4 de janeiro de 1884):<\/p>\n<p>&#8220;Os tr\u00eas dias de escurid\u00e3o ser\u00e3o numa quinta, sexta e s\u00e1bado. Dias do Sant\u00edssimo Sacramento, da Cruz e de Nossa Senhora&#8230;. Tr\u00eas dias menos uma noite.&#8221;<\/p>\n<p>&#8220;A terra ser\u00e1 coberta em escurid\u00e3o, diz Nossa Senhora em 20 de setembro de 1882. Trov\u00f5es e rel\u00e2mpagos far\u00e3o morrer de medo todos aqueles que n\u00e3o t\u00eam f\u00e9 ou confian\u00e7a em meu poder.&#8221;<\/p>\n<p>&#8220;Durante estes tr\u00eas dias de escurid\u00e3o aterradora, as janelas n\u00e3o devem ser abertas, porque ningu\u00e9m ser\u00e1 capaz de ver a terra e a cor terr\u00edvel que ter\u00e1 nos dias de castigo, sem morrer de uma vez &#8230;&#8221;<\/p>\n<p>&#8220;O c\u00e9u pegar\u00e1 fogo, a terra ir\u00e1 se dividir. Durante esses tr\u00eas dias de escurid\u00e3o, bendito ser\u00e3o os que deixarem a vela acesa em todos os lugares, pois nenhuma outra luz vai brilhar &#8230;.&#8221;<\/p>\n<p>Fonte: <a href=\"http:\/\/americaneedsfatima.blogspot.com\/2010\/04\/3-days-of-darkness.html?utm_source=feedburner&amp;utm_medium=email&amp;utm_campaign=Feed%3A+AmericaNeedsFatima+%28America+Needs+Fatima%29\">The America Needs Fatima Blog<\/a><\/p>\n<p style=\"text-align: center;\"><span style=\"color: #0000ff;\">Que Nossa Senhora e Seu Imaculado Cora\u00e7\u00e3o nos protejam e nos preparem para as adversidades que est\u00e3o por vir.<\/span><\/p>\n<p style=\"text-align: center;\"><a href=\"http:\/\/oratoriodamedalhamilagrosa.org.br\/home\/acenda-sua-vela-30\/?origem=8\"><span style=\"color: #0000ff;\"><br \/>\n <\/span><\/a><\/p>\n<p><a href=\"http:\/\/oratoriodamedalhamilagrosa.org.br\/home\/acenda-sua-vela-30\/?origem=8\"><img loading=\"lazy\" class=\"aligncenter size-full wp-image-3889\" title=\"banner_oratorio1\" src=\"http:\/\/www.adf.org.br\/home\/wp-content\/uploads\/2010\/04\/banner_oratorio13.jpg\" alt=\"banner_oratorio1\" width=\"450\" height=\"159\" srcset=\"https:\/\/www.adf.org.br\/home\/wp-content\/uploads\/2010\/04\/banner_oratorio13.jpg 450w, https:\/\/www.adf.org.br\/home\/wp-content\/uploads\/2010\/04\/banner_oratorio13-300x106.jpg 300w\" sizes=\"(max-width: 450px) 100vw, 450px\" \/><\/a><\/p>\n","protected":false},"excerpt":{"rendered":"<p>A Europa est\u00e1 praticamente ilhada por conta da fuma\u00e7a do vulc\u00e3o na Isl\u00e2ndia que entrou em atividade na semana passada, centenas de v\u00f4os foram cancelados, o c\u00e9u est\u00e1 tomado pela escurid\u00e3o oriunda da gigantesca fuma\u00e7a que o vulc\u00e3o espele, colocando em risco qualquer aeronave que ousar atravessar o firmamento. As for\u00e7as da natureza est\u00e3o a [&hellip;]<\/p>\n","protected":false},"author":27,"featured_media":0,"comment_status":"open","ping_status":"open","sticky":false,"template":"","format":"standard","meta":[],"categories":[20],"tags":[43,37],"yoast_head":"<!-- This site is optimized with the Yoast SEO plugin v17.4 - https:\/\/yoast.com\/wordpress\/plugins\/seo\/ -->\n<title>O vulc\u00e3o na Isl\u00e2ndia e os tr\u00eas dias de escurid\u00e3o - Associa\u00e7\u00e3o Devotos de F\u00e1tima<\/title>\n<meta name=\"robots\" content=\"index, follow, max-snippet:-1, max-image-preview:large, max-video-preview:-1\" \/>\n<link rel=\"canonical\" href=\"https:\/\/www.adf.org.br\/home\/o-vulcao-na-islandia-e-os-tres-dias-de-escuridao\/\" \/>\n<meta property=\"og:locale\" content=\"pt_BR\" \/>\n<meta property=\"og:type\" content=\"article\" \/>\n<meta property=\"og:title\" content=\"O vulc\u00e3o na Isl\u00e2ndia e os tr\u00eas dias de escurid\u00e3o - Associa\u00e7\u00e3o Devotos de F\u00e1tima\" \/>\n<meta property=\"og:description\" content=\"A Europa est\u00e1 praticamente ilhada por conta da fuma\u00e7a do vulc\u00e3o na Isl\u00e2ndia que entrou em atividade na semana passada, centenas de v\u00f4os foram cancelados, o c\u00e9u est\u00e1 tomado pela escurid\u00e3o oriunda da gigantesca fuma\u00e7a que o vulc\u00e3o espele, colocando em risco qualquer aeronave que ousar atravessar o firmamento. As for\u00e7as da natureza est\u00e3o a [&hellip;]\" \/>\n<meta property=\"og:url\" content=\"https:\/\/www.adf.org.br\/home\/o-vulcao-na-islandia-e-os-tres-dias-de-escuridao\/\" \/>\n<meta property=\"og:site_name\" content=\"Associa\u00e7\u00e3o Devotos de F\u00e1tima\" \/>\n<meta property=\"article:published_time\" content=\"2010-04-20T03:05:49+00:00\" \/>\n<meta property=\"article:modified_time\" content=\"2020-06-09T13:43:33+00:00\" \/>\n<meta property=\"og:image\" content=\"http:\/\/www.adf.org.br\/home\/wp-content\/uploads\/2010\/04\/vulcao-islandia-ap436-300x206.jpg\" \/>\n<meta name=\"twitter:card\" content=\"summary_large_image\" \/>\n<meta name=\"twitter:label1\" content=\"Escrito por\" \/>\n\t<meta name=\"twitter:data1\" content=\"Gabriel Barbosa\" \/>\n\t<meta name=\"twitter:label2\" content=\"Est. tempo de leitura\" \/>\n\t<meta name=\"twitter:data2\" content=\"4 minutos\" \/>\n<script type=\"application\/ld+json\" class=\"yoast-schema-graph\">{\"@context\":\"https:\/\/schema.org\",\"@graph\":[{\"@type\":\"WebSite\",\"@id\":\"https:\/\/www.adf.org.br\/home\/#website\",\"url\":\"https:\/\/www.adf.org.br\/home\/\",\"name\":\"Associa\\u00e7\\u00e3o Devotos de F\\u00e1tima\",\"description\":\"Associa\\u00e7\\u00e3o Devotos de F\\u00e1tima\",\"potentialAction\":[{\"@type\":\"SearchAction\",\"target\":{\"@type\":\"EntryPoint\",\"urlTemplate\":\"https:\/\/www.adf.org.br\/home\/?s={search_term_string}\"},\"query-input\":\"required name=search_term_string\"}],\"inLanguage\":\"pt-BR\"},{\"@type\":\"ImageObject\",\"@id\":\"https:\/\/www.adf.org.br\/home\/o-vulcao-na-islandia-e-os-tres-dias-de-escuridao\/#primaryimage\",\"inLanguage\":\"pt-BR\",\"url\":\"http:\/\/www.adf.org.br\/home\/wp-content\/uploads\/2010\/04\/vulcao-islandia-ap436-300x206.jpg\",\"contentUrl\":\"http:\/\/www.adf.org.br\/home\/wp-content\/uploads\/2010\/04\/vulcao-islandia-ap436-300x206.jpg\"},{\"@type\":\"WebPage\",\"@id\":\"https:\/\/www.adf.org.br\/home\/o-vulcao-na-islandia-e-os-tres-dias-de-escuridao\/#webpage\",\"url\":\"https:\/\/www.adf.org.br\/home\/o-vulcao-na-islandia-e-os-tres-dias-de-escuridao\/\",\"name\":\"O vulc\\u00e3o na Isl\\u00e2ndia e os tr\\u00eas dias de escurid\\u00e3o - Associa\\u00e7\\u00e3o Devotos de F\\u00e1tima\",\"isPartOf\":{\"@id\":\"https:\/\/www.adf.org.br\/home\/#website\"},\"primaryImageOfPage\":{\"@id\":\"https:\/\/www.adf.org.br\/home\/o-vulcao-na-islandia-e-os-tres-dias-de-escuridao\/#primaryimage\"},\"datePublished\":\"2010-04-20T03:05:49+00:00\",\"dateModified\":\"2020-06-09T13:43:33+00:00\",\"author\":{\"@id\":\"https:\/\/www.adf.org.br\/home\/#\/schema\/person\/affa494ecf91434f3620f5392de44327\"},\"breadcrumb\":{\"@id\":\"https:\/\/www.adf.org.br\/home\/o-vulcao-na-islandia-e-os-tres-dias-de-escuridao\/#breadcrumb\"},\"inLanguage\":\"pt-BR\",\"potentialAction\":[{\"@type\":\"ReadAction\",\"target\":[\"https:\/\/www.adf.org.br\/home\/o-vulcao-na-islandia-e-os-tres-dias-de-escuridao\/\"]}]},{\"@type\":\"BreadcrumbList\",\"@id\":\"https:\/\/www.adf.org.br\/home\/o-vulcao-na-islandia-e-os-tres-dias-de-escuridao\/#breadcrumb\",\"itemListElement\":[{\"@type\":\"ListItem\",\"position\":1,\"name\":\"Home\",\"item\":\"https:\/\/www.adf.org.br\/home\/\"},{\"@type\":\"ListItem\",\"position\":2,\"name\":\"O vulc\\u00e3o na Isl\\u00e2ndia e os tr\\u00eas dias de escurid\\u00e3o\"}]},{\"@type\":\"Person\",\"@id\":\"https:\/\/www.adf.org.br\/home\/#\/schema\/person\/affa494ecf91434f3620f5392de44327\",\"name\":\"Gabriel Barbosa\",\"image\":{\"@type\":\"ImageObject\",\"@id\":\"https:\/\/www.adf.org.br\/home\/#personlogo\",\"inLanguage\":\"pt-BR\",\"url\":\"https:\/\/secure.gravatar.com\/avatar\/ecf2eab02e30486a7038f8b2858de06a?s=96&d=mm&r=g\",\"contentUrl\":\"https:\/\/secure.gravatar.com\/avatar\/ecf2eab02e30486a7038f8b2858de06a?s=96&d=mm&r=g\",\"caption\":\"Gabriel Barbosa\"},\"url\":\"https:\/\/www.adf.org.br\/home\/author\/gabriel-aascj\/\"}]}<\/script>\n<!-- \/ Yoast SEO plugin. -->","yoast_head_json":{"title":"O vulc\u00e3o na Isl\u00e2ndia e os tr\u00eas dias de escurid\u00e3o - Associa\u00e7\u00e3o Devotos de F\u00e1tima","robots":{"index":"index","follow":"follow","max-snippet":"max-snippet:-1","max-image-preview":"max-image-preview:large","max-video-preview":"max-video-preview:-1"},"canonical":"https:\/\/www.adf.org.br\/home\/o-vulcao-na-islandia-e-os-tres-dias-de-escuridao\/","og_locale":"pt_BR","og_type":"article","og_title":"O vulc\u00e3o na Isl\u00e2ndia e os tr\u00eas dias de escurid\u00e3o - Associa\u00e7\u00e3o Devotos de F\u00e1tima","og_description":"A Europa est\u00e1 praticamente ilhada por conta da fuma\u00e7a do vulc\u00e3o na Isl\u00e2ndia que entrou em atividade na semana passada, centenas de v\u00f4os foram cancelados, o c\u00e9u est\u00e1 tomado pela escurid\u00e3o oriunda da gigantesca fuma\u00e7a que o vulc\u00e3o espele, colocando em risco qualquer aeronave que ousar atravessar o firmamento. As for\u00e7as da natureza est\u00e3o a [&hellip;]","og_url":"https:\/\/www.adf.org.br\/home\/o-vulcao-na-islandia-e-os-tres-dias-de-escuridao\/","og_site_name":"Associa\u00e7\u00e3o Devotos de F\u00e1tima","article_published_time":"2010-04-20T03:05:49+00:00","article_modified_time":"2020-06-09T13:43:33+00:00","og_image":[{"url":"http:\/\/www.adf.org.br\/home\/wp-content\/uploads\/2010\/04\/vulcao-islandia-ap436-300x206.jpg"}],"twitter_card":"summary_large_image","twitter_misc":{"Escrito por":"Gabriel Barbosa","Est. tempo de leitura":"4 minutos"},"schema":{"@context":"https:\/\/schema.org","@graph":[{"@type":"WebSite","@id":"https:\/\/www.adf.org.br\/home\/#website","url":"https:\/\/www.adf.org.br\/home\/","name":"Associa\u00e7\u00e3o Devotos de F\u00e1tima","description":"Associa\u00e7\u00e3o Devotos de F\u00e1tima","potentialAction":[{"@type":"SearchAction","target":{"@type":"EntryPoint","urlTemplate":"https:\/\/www.adf.org.br\/home\/?s={search_term_string}"},"query-input":"required name=search_term_string"}],"inLanguage":"pt-BR"},{"@type":"ImageObject","@id":"https:\/\/www.adf.org.br\/home\/o-vulcao-na-islandia-e-os-tres-dias-de-escuridao\/#primaryimage","inLanguage":"pt-BR","url":"http:\/\/www.adf.org.br\/home\/wp-content\/uploads\/2010\/04\/vulcao-islandia-ap436-300x206.jpg","contentUrl":"http:\/\/www.adf.org.br\/home\/wp-content\/uploads\/2010\/04\/vulcao-islandia-ap436-300x206.jpg"},{"@type":"WebPage","@id":"https:\/\/www.adf.org.br\/home\/o-vulcao-na-islandia-e-os-tres-dias-de-escuridao\/#webpage","url":"https:\/\/www.adf.org.br\/home\/o-vulcao-na-islandia-e-os-tres-dias-de-escuridao\/","name":"O vulc\u00e3o na Isl\u00e2ndia e os tr\u00eas dias de escurid\u00e3o - Associa\u00e7\u00e3o Devotos de F\u00e1tima","isPartOf":{"@id":"https:\/\/www.adf.org.br\/home\/#website"},"primaryImageOfPage":{"@id":"https:\/\/www.adf.org.br\/home\/o-vulcao-na-islandia-e-os-tres-dias-de-escuridao\/#primaryimage"},"datePublished":"2010-04-20T03:05:49+00:00","dateModified":"2020-06-09T13:43:33+00:00","author":{"@id":"https:\/\/www.adf.org.br\/home\/#\/schema\/person\/affa494ecf91434f3620f5392de44327"},"breadcrumb":{"@id":"https:\/\/www.adf.org.br\/home\/o-vulcao-na-islandia-e-os-tres-dias-de-escuridao\/#breadcrumb"},"inLanguage":"pt-BR","potentialAction":[{"@type":"ReadAction","target":["https:\/\/www.adf.org.br\/home\/o-vulcao-na-islandia-e-os-tres-dias-de-escuridao\/"]}]},{"@type":"BreadcrumbList","@id":"https:\/\/www.adf.org.br\/home\/o-vulcao-na-islandia-e-os-tres-dias-de-escuridao\/#breadcrumb","itemListElement":[{"@type":"ListItem","position":1,"name":"Home","item":"https:\/\/www.adf.org.br\/home\/"},{"@type":"ListItem","position":2,"name":"O vulc\u00e3o na Isl\u00e2ndia e os tr\u00eas dias de escurid\u00e3o"}]},{"@type":"Person","@id":"https:\/\/www.adf.org.br\/home\/#\/schema\/person\/affa494ecf91434f3620f5392de44327","name":"Gabriel Barbosa","image":{"@type":"ImageObject","@id":"https:\/\/www.adf.org.br\/home\/#personlogo","inLanguage":"pt-BR","url":"https:\/\/secure.gravatar.com\/avatar\/ecf2eab02e30486a7038f8b2858de06a?s=96&d=mm&r=g","contentUrl":"https:\/\/secure.gravatar.com\/avatar\/ecf2eab02e30486a7038f8b2858de06a?s=96&d=mm&r=g","caption":"Gabriel Barbosa"},"url":"https:\/\/www.adf.org.br\/home\/author\/gabriel-aascj\/"}]}},"_links":{"self":[{"href":"https:\/\/www.adf.org.br\/home\/wp-json\/wp\/v2\/posts\/3881"}],"collection":[{"href":"https:\/\/www.adf.org.br\/home\/wp-json\/wp\/v2\/posts"}],"about":[{"href":"https:\/\/www.adf.org.br\/home\/wp-json\/wp\/v2\/types\/post"}],"author":[{"embeddable":true,"href":"https:\/\/www.adf.org.br\/home\/wp-json\/wp\/v2\/users\/27"}],"replies":[{"embeddable":true,"href":"https:\/\/www.adf.org.br\/home\/wp-json\/wp\/v2\/comments?post=3881"}],"version-history":[{"count":1,"href":"https:\/\/www.adf.org.br\/home\/wp-json\/wp\/v2\/posts\/3881\/revisions"}],"predecessor-version":[{"id":7468,"href":"https:\/\/www.adf.org.br\/home\/wp-json\/wp\/v2\/posts\/3881\/revisions\/7468"}],"wp:attachment":[{"href":"https:\/\/www.adf.org.br\/home\/wp-json\/wp\/v2\/media?parent=3881"}],"wp:term":[{"taxonomy":"category","embeddable":true,"href":"https:\/\/www.adf.org.br\/home\/wp-json\/wp\/v2\/categories?post=3881"},{"taxonomy":"post_tag","embeddable":true,"href":"https:\/\/www.adf.org.br\/home\/wp-json\/wp\/v2\/tags?post=3881"}],"curies":[{"name":"wp","href":"https:\/\/api.w.org\/{rel}","templated":true}]}}