{"id":3869,"date":"2010-04-19T00:10:58","date_gmt":"2010-04-19T03:10:58","guid":{"rendered":"http:\/\/www.adf.org.br\/home\/?p=3869"},"modified":"2020-06-09T10:43:36","modified_gmt":"2020-06-09T13:43:36","slug":"intencoes-da-semana-1904-a-2504","status":"publish","type":"post","link":"https:\/\/www.adf.org.br\/home\/intencoes-da-semana-1904-a-2504\/","title":{"rendered":"Orat\u00f3rio da Medalha Milagrosa &#8211; Inten\u00e7\u00f5es da semana &#8211; 19\/04 a 25\/04"},"content":{"rendered":"<p><img loading=\"lazy\" class=\"alignleft size-full wp-image-3873\" title=\"miracolo-193x300\" src=\"http:\/\/www.adf.org.br\/home\/wp-content\/uploads\/2010\/04\/miracolo-193x3003.jpg\" alt=\"miracolo-193x300\" width=\"193\" height=\"300\" \/><strong>S\u00e3o as seguintes as inten\u00e7\u00f5es das ora\u00e7\u00f5es feitas pela Comunidade do <\/strong><a href=\"http:\/\/oratoriodamedalhamilagrosa.org.br\/home\/acenda-sua-vela-30\/?origem=1\"><strong>Orat\u00f3rio da Medalha Milagrosa<\/strong><\/a><strong> e pelos Orantes nesta pr\u00f3xima semana:<\/strong><\/p>\n<p><span style=\"color: #0000ff;\">1)<\/span> Em desagravo ao Imaculado Cora\u00e7\u00e3o de Maria, pela campanha mundial de difama\u00e7\u00e3o e cal\u00fanias de que est\u00e1 sendo v\u00edtima o Papa Bento XVI. Que todos os cat\u00f3licos do mundo se unam em defesa do Papado e da Igreja (<a href=\"http:\/\/www.adf.org.br\/home\/2010\/04\/vamos-nos-unir-a-favor-de-nossa-fe\/\">veja como voc\u00ea pode ser solid\u00e1rio ao Papa aqui<\/a>. N\u00e3o se omita nesta hora);<\/p>\n<p><span style=\"color: #0000ff;\">2)<\/span> Por todos os pedidos feitos pelas pessoas cujas velas est\u00e3o acesas no Orat\u00f3rio da Medalha Milagrosa e que estejam de acordo com a vontade de Nossa Senhora (<a href=\"http:\/\/oratoriodamedalhamilagrosa.org.br\/home\/acenda-sua-vela-30\/?origem=1\">acenda aqui sua vela<\/a>);<\/p>\n<p><span style=\"color: #0000ff;\">3)<\/span> Pelos <a href=\"http:\/\/www.adf.org.br\/home\/2010\/04\/tragedias-naturais-prenuncio-do-segredo-de-fatima\/\">chineses v\u00edtimas do terremoto que abalou o pa\u00eds semana passada<\/a>. Pelos crist\u00e3os que residem na regi\u00e3o, para que eles possam ser fortes e espalhar a F\u00e9 Cat\u00f3lica e em Nossa Senhora na China, onde o culto a deuses pag\u00e3os prevalecem e o regime socialista persegue os crist\u00e3os;<\/p>\n<p><span style=\"color: #0000ff;\">4)<\/span> Para que consigamos mais amigos que nos ap\u00f3iem para o sucesso do projeto que distribuir\u00e1 gratuitamente a <a href=\"http:\/\/www.adf.org.br\/home\/2010\/04\/uma-medalha-milagrosa-para-cada-jovem-carente\/\">Medalha Milagrosa<\/a> a professores e catequistas de todo o Pa\u00eds (<a href=\"http:\/\/www.adf.org.br\/medalhamilagrosa\/inicio-1\">veja aqui<\/a> como participar e receber a sua Medalha);<\/p>\n<p><span style=\"color: #0000ff;\">5)<\/span> Para que Nossa Senhora n\u00e3o permita que o Programa Nacional de Direitos Humanos (PNDH-3) seja implantado no nosso pa\u00eds. <strong>Que todos entendam a gravidade de omitir-se nessa hora e fa\u00e7am tudo o que estiver a seu alcance para repudiar esse programa que, dentre outras coisas, quer legalizar o aborto no Brasil e promover a distor\u00e7\u00e3o do conceito de fam\u00edlia.<\/strong> <a href=\"http:\/\/www.ipco.org.br\/pndh\/conteudo\/veja-como-voce-pode-se-mobilizar-contra-o-pndh-3?origem=90\">Clique aqui<\/a> para saber mais e proteste contra este perigoso plano;<\/p>\n<p><span style=\"COLOR: #0000ff\">6)<\/span> <a href=\"http:\/\/www.adf.org.br\/home\/2010\/04\/papa-envia-ajuda-as-vitimas-dos-deslizamentos-no-rio-de-janeiro\/\">Pelas v\u00edtimas das enchentes no Rio de Janeiro<\/a>, que Nossa Senhora conforte os que perderam entes queridos nesta hora t\u00e3o dif\u00edcil e que em breve eles tenham sua vida reconstru\u00edda;<\/p>\n<p><span style=\"color: #0000ff;\"><strong>7)<\/strong><\/span> Em desagravo ao Cora\u00e7\u00e3o de Jesus pelo pichamento da imagem do Cristo Redentor, simbolo da f\u00e9 brasileira e de nosso Pa\u00eds. <a href=\"http:\/\/www.ipco.org.br\/home\/noticias\/voce-foi-pichado-caro-leitor\">Saiba mais sobre esse lament\u00e1vel epis\u00f3dio e fa\u00e7a sua prece de repara\u00e7\u00e3o<\/a>.<\/p>\n<p><span style=\"color: #0000ff;\">8 )<\/span> Por nossos Benfeitores para que Nossa Senhora os recompense ao c\u00eantuplo pelo apoio que d\u00e3o ao nosso apostolado.<\/p>\n<p style=\"text-align: center;\"><span style=\"color: #0000ff;\"><strong>Nossa Senhora das Gra\u00e7as, rogai por n\u00f3s!<\/strong><\/span><\/p>\n<p><a href=\"http:\/\/feedburner.google.com\/fb\/a\/mailverify?uri=devotosdefatima\">Cadastre aqui seu e-mail<\/a> para receber estas inten\u00e7\u00f5es atualizadas todas as semanas e participar das ora\u00e7\u00f5es.<\/p>\n<p><br class=\"spacer_\" \/><\/p>\n<p><br class=\"spacer_\" \/><\/p>\n<p style=\"text-align: right;\"><strong>Aqueles que quiserem incluir seus nomes e inten\u00e7\u00f5es especiais nas Missas que ser\u00e3o celebradas nesse per\u00edodo, poder\u00e3o faz\u00ea-lo ligando para 0800 773 1119<\/strong><\/p>\n<p style=\"text-align: right;\"><strong>(Se estiver em S\u00e3o Paulo, ligue para 4368-2253)<\/strong><\/p>\n","protected":false},"excerpt":{"rendered":"<p>S\u00e3o as seguintes as inten\u00e7\u00f5es das ora\u00e7\u00f5es feitas pela Comunidade do Orat\u00f3rio da Medalha Milagrosa e pelos Orantes nesta pr\u00f3xima semana: 1) Em desagravo ao Imaculado Cora\u00e7\u00e3o de Maria, pela campanha mundial de difama\u00e7\u00e3o e cal\u00fanias de que est\u00e1 sendo v\u00edtima o Papa Bento XVI. Que todos os cat\u00f3licos do mundo se unam em defesa [&hellip;]<\/p>\n","protected":false},"author":27,"featured_media":0,"comment_status":"open","ping_status":"open","sticky":false,"template":"","format":"standard","meta":[],"categories":[60,50],"tags":[61,34,51],"yoast_head":"<!-- This site is optimized with the Yoast SEO plugin v17.4 - https:\/\/yoast.com\/wordpress\/plugins\/seo\/ -->\n<title>Orat\u00f3rio da Medalha Milagrosa - Inten\u00e7\u00f5es da semana - 19\/04 a 25\/04 - Associa\u00e7\u00e3o Devotos de F\u00e1tima<\/title>\n<meta name=\"robots\" content=\"index, follow, max-snippet:-1, max-image-preview:large, max-video-preview:-1\" \/>\n<link rel=\"canonical\" href=\"https:\/\/www.adf.org.br\/home\/intencoes-da-semana-1904-a-2504\/\" \/>\n<meta property=\"og:locale\" content=\"pt_BR\" \/>\n<meta property=\"og:type\" content=\"article\" \/>\n<meta property=\"og:title\" content=\"Orat\u00f3rio da Medalha Milagrosa - Inten\u00e7\u00f5es da semana - 19\/04 a 25\/04 - Associa\u00e7\u00e3o Devotos de F\u00e1tima\" \/>\n<meta property=\"og:description\" content=\"S\u00e3o as seguintes as inten\u00e7\u00f5es das ora\u00e7\u00f5es feitas pela Comunidade do Orat\u00f3rio da Medalha Milagrosa e pelos Orantes nesta pr\u00f3xima semana: 1) Em desagravo ao Imaculado Cora\u00e7\u00e3o de Maria, pela campanha mundial de difama\u00e7\u00e3o e cal\u00fanias de que est\u00e1 sendo v\u00edtima o Papa Bento XVI. Que todos os cat\u00f3licos do mundo se unam em defesa [&hellip;]\" \/>\n<meta property=\"og:url\" content=\"https:\/\/www.adf.org.br\/home\/intencoes-da-semana-1904-a-2504\/\" \/>\n<meta property=\"og:site_name\" content=\"Associa\u00e7\u00e3o Devotos de F\u00e1tima\" \/>\n<meta property=\"article:published_time\" content=\"2010-04-19T03:10:58+00:00\" \/>\n<meta property=\"article:modified_time\" content=\"2020-06-09T13:43:36+00:00\" \/>\n<meta property=\"og:image\" content=\"http:\/\/www.adf.org.br\/home\/wp-content\/uploads\/2010\/04\/miracolo-193x3003.jpg\" \/>\n<meta name=\"twitter:card\" content=\"summary_large_image\" \/>\n<meta name=\"twitter:label1\" content=\"Escrito por\" \/>\n\t<meta name=\"twitter:data1\" content=\"Gabriel Barbosa\" \/>\n\t<meta name=\"twitter:label2\" content=\"Est. tempo de leitura\" \/>\n\t<meta name=\"twitter:data2\" content=\"2 minutos\" \/>\n<script type=\"application\/ld+json\" class=\"yoast-schema-graph\">{\"@context\":\"https:\/\/schema.org\",\"@graph\":[{\"@type\":\"WebSite\",\"@id\":\"https:\/\/www.adf.org.br\/home\/#website\",\"url\":\"https:\/\/www.adf.org.br\/home\/\",\"name\":\"Associa\\u00e7\\u00e3o Devotos de F\\u00e1tima\",\"description\":\"Associa\\u00e7\\u00e3o Devotos de F\\u00e1tima\",\"potentialAction\":[{\"@type\":\"SearchAction\",\"target\":{\"@type\":\"EntryPoint\",\"urlTemplate\":\"https:\/\/www.adf.org.br\/home\/?s={search_term_string}\"},\"query-input\":\"required name=search_term_string\"}],\"inLanguage\":\"pt-BR\"},{\"@type\":\"ImageObject\",\"@id\":\"https:\/\/www.adf.org.br\/home\/intencoes-da-semana-1904-a-2504\/#primaryimage\",\"inLanguage\":\"pt-BR\",\"url\":\"http:\/\/www.adf.org.br\/home\/wp-content\/uploads\/2010\/04\/miracolo-193x3003.jpg\",\"contentUrl\":\"http:\/\/www.adf.org.br\/home\/wp-content\/uploads\/2010\/04\/miracolo-193x3003.jpg\"},{\"@type\":\"WebPage\",\"@id\":\"https:\/\/www.adf.org.br\/home\/intencoes-da-semana-1904-a-2504\/#webpage\",\"url\":\"https:\/\/www.adf.org.br\/home\/intencoes-da-semana-1904-a-2504\/\",\"name\":\"Orat\\u00f3rio da Medalha Milagrosa - Inten\\u00e7\\u00f5es da semana - 19\/04 a 25\/04 - Associa\\u00e7\\u00e3o Devotos de F\\u00e1tima\",\"isPartOf\":{\"@id\":\"https:\/\/www.adf.org.br\/home\/#website\"},\"primaryImageOfPage\":{\"@id\":\"https:\/\/www.adf.org.br\/home\/intencoes-da-semana-1904-a-2504\/#primaryimage\"},\"datePublished\":\"2010-04-19T03:10:58+00:00\",\"dateModified\":\"2020-06-09T13:43:36+00:00\",\"author\":{\"@id\":\"https:\/\/www.adf.org.br\/home\/#\/schema\/person\/affa494ecf91434f3620f5392de44327\"},\"breadcrumb\":{\"@id\":\"https:\/\/www.adf.org.br\/home\/intencoes-da-semana-1904-a-2504\/#breadcrumb\"},\"inLanguage\":\"pt-BR\",\"potentialAction\":[{\"@type\":\"ReadAction\",\"target\":[\"https:\/\/www.adf.org.br\/home\/intencoes-da-semana-1904-a-2504\/\"]}]},{\"@type\":\"BreadcrumbList\",\"@id\":\"https:\/\/www.adf.org.br\/home\/intencoes-da-semana-1904-a-2504\/#breadcrumb\",\"itemListElement\":[{\"@type\":\"ListItem\",\"position\":1,\"name\":\"Home\",\"item\":\"https:\/\/www.adf.org.br\/home\/\"},{\"@type\":\"ListItem\",\"position\":2,\"name\":\"Orat\\u00f3rio da Medalha Milagrosa &#8211; Inten\\u00e7\\u00f5es da semana &#8211; 19\/04 a 25\/04\"}]},{\"@type\":\"Person\",\"@id\":\"https:\/\/www.adf.org.br\/home\/#\/schema\/person\/affa494ecf91434f3620f5392de44327\",\"name\":\"Gabriel Barbosa\",\"image\":{\"@type\":\"ImageObject\",\"@id\":\"https:\/\/www.adf.org.br\/home\/#personlogo\",\"inLanguage\":\"pt-BR\",\"url\":\"https:\/\/secure.gravatar.com\/avatar\/ecf2eab02e30486a7038f8b2858de06a?s=96&d=mm&r=g\",\"contentUrl\":\"https:\/\/secure.gravatar.com\/avatar\/ecf2eab02e30486a7038f8b2858de06a?s=96&d=mm&r=g\",\"caption\":\"Gabriel Barbosa\"},\"url\":\"https:\/\/www.adf.org.br\/home\/author\/gabriel-aascj\/\"}]}<\/script>\n<!-- \/ Yoast SEO plugin. -->","yoast_head_json":{"title":"Orat\u00f3rio da Medalha Milagrosa - Inten\u00e7\u00f5es da semana - 19\/04 a 25\/04 - Associa\u00e7\u00e3o Devotos de F\u00e1tima","robots":{"index":"index","follow":"follow","max-snippet":"max-snippet:-1","max-image-preview":"max-image-preview:large","max-video-preview":"max-video-preview:-1"},"canonical":"https:\/\/www.adf.org.br\/home\/intencoes-da-semana-1904-a-2504\/","og_locale":"pt_BR","og_type":"article","og_title":"Orat\u00f3rio da Medalha Milagrosa - Inten\u00e7\u00f5es da semana - 19\/04 a 25\/04 - Associa\u00e7\u00e3o Devotos de F\u00e1tima","og_description":"S\u00e3o as seguintes as inten\u00e7\u00f5es das ora\u00e7\u00f5es feitas pela Comunidade do Orat\u00f3rio da Medalha Milagrosa e pelos Orantes nesta pr\u00f3xima semana: 1) Em desagravo ao Imaculado Cora\u00e7\u00e3o de Maria, pela campanha mundial de difama\u00e7\u00e3o e cal\u00fanias de que est\u00e1 sendo v\u00edtima o Papa Bento XVI. Que todos os cat\u00f3licos do mundo se unam em defesa [&hellip;]","og_url":"https:\/\/www.adf.org.br\/home\/intencoes-da-semana-1904-a-2504\/","og_site_name":"Associa\u00e7\u00e3o Devotos de F\u00e1tima","article_published_time":"2010-04-19T03:10:58+00:00","article_modified_time":"2020-06-09T13:43:36+00:00","og_image":[{"url":"http:\/\/www.adf.org.br\/home\/wp-content\/uploads\/2010\/04\/miracolo-193x3003.jpg"}],"twitter_card":"summary_large_image","twitter_misc":{"Escrito por":"Gabriel Barbosa","Est. tempo de leitura":"2 minutos"},"schema":{"@context":"https:\/\/schema.org","@graph":[{"@type":"WebSite","@id":"https:\/\/www.adf.org.br\/home\/#website","url":"https:\/\/www.adf.org.br\/home\/","name":"Associa\u00e7\u00e3o Devotos de F\u00e1tima","description":"Associa\u00e7\u00e3o Devotos de F\u00e1tima","potentialAction":[{"@type":"SearchAction","target":{"@type":"EntryPoint","urlTemplate":"https:\/\/www.adf.org.br\/home\/?s={search_term_string}"},"query-input":"required name=search_term_string"}],"inLanguage":"pt-BR"},{"@type":"ImageObject","@id":"https:\/\/www.adf.org.br\/home\/intencoes-da-semana-1904-a-2504\/#primaryimage","inLanguage":"pt-BR","url":"http:\/\/www.adf.org.br\/home\/wp-content\/uploads\/2010\/04\/miracolo-193x3003.jpg","contentUrl":"http:\/\/www.adf.org.br\/home\/wp-content\/uploads\/2010\/04\/miracolo-193x3003.jpg"},{"@type":"WebPage","@id":"https:\/\/www.adf.org.br\/home\/intencoes-da-semana-1904-a-2504\/#webpage","url":"https:\/\/www.adf.org.br\/home\/intencoes-da-semana-1904-a-2504\/","name":"Orat\u00f3rio da Medalha Milagrosa - Inten\u00e7\u00f5es da semana - 19\/04 a 25\/04 - Associa\u00e7\u00e3o Devotos de F\u00e1tima","isPartOf":{"@id":"https:\/\/www.adf.org.br\/home\/#website"},"primaryImageOfPage":{"@id":"https:\/\/www.adf.org.br\/home\/intencoes-da-semana-1904-a-2504\/#primaryimage"},"datePublished":"2010-04-19T03:10:58+00:00","dateModified":"2020-06-09T13:43:36+00:00","author":{"@id":"https:\/\/www.adf.org.br\/home\/#\/schema\/person\/affa494ecf91434f3620f5392de44327"},"breadcrumb":{"@id":"https:\/\/www.adf.org.br\/home\/intencoes-da-semana-1904-a-2504\/#breadcrumb"},"inLanguage":"pt-BR","potentialAction":[{"@type":"ReadAction","target":["https:\/\/www.adf.org.br\/home\/intencoes-da-semana-1904-a-2504\/"]}]},{"@type":"BreadcrumbList","@id":"https:\/\/www.adf.org.br\/home\/intencoes-da-semana-1904-a-2504\/#breadcrumb","itemListElement":[{"@type":"ListItem","position":1,"name":"Home","item":"https:\/\/www.adf.org.br\/home\/"},{"@type":"ListItem","position":2,"name":"Orat\u00f3rio da Medalha Milagrosa &#8211; Inten\u00e7\u00f5es da semana &#8211; 19\/04 a 25\/04"}]},{"@type":"Person","@id":"https:\/\/www.adf.org.br\/home\/#\/schema\/person\/affa494ecf91434f3620f5392de44327","name":"Gabriel Barbosa","image":{"@type":"ImageObject","@id":"https:\/\/www.adf.org.br\/home\/#personlogo","inLanguage":"pt-BR","url":"https:\/\/secure.gravatar.com\/avatar\/ecf2eab02e30486a7038f8b2858de06a?s=96&d=mm&r=g","contentUrl":"https:\/\/secure.gravatar.com\/avatar\/ecf2eab02e30486a7038f8b2858de06a?s=96&d=mm&r=g","caption":"Gabriel Barbosa"},"url":"https:\/\/www.adf.org.br\/home\/author\/gabriel-aascj\/"}]}},"_links":{"self":[{"href":"https:\/\/www.adf.org.br\/home\/wp-json\/wp\/v2\/posts\/3869"}],"collection":[{"href":"https:\/\/www.adf.org.br\/home\/wp-json\/wp\/v2\/posts"}],"about":[{"href":"https:\/\/www.adf.org.br\/home\/wp-json\/wp\/v2\/types\/post"}],"author":[{"embeddable":true,"href":"https:\/\/www.adf.org.br\/home\/wp-json\/wp\/v2\/users\/27"}],"replies":[{"embeddable":true,"href":"https:\/\/www.adf.org.br\/home\/wp-json\/wp\/v2\/comments?post=3869"}],"version-history":[{"count":1,"href":"https:\/\/www.adf.org.br\/home\/wp-json\/wp\/v2\/posts\/3869\/revisions"}],"predecessor-version":[{"id":7471,"href":"https:\/\/www.adf.org.br\/home\/wp-json\/wp\/v2\/posts\/3869\/revisions\/7471"}],"wp:attachment":[{"href":"https:\/\/www.adf.org.br\/home\/wp-json\/wp\/v2\/media?parent=3869"}],"wp:term":[{"taxonomy":"category","embeddable":true,"href":"https:\/\/www.adf.org.br\/home\/wp-json\/wp\/v2\/categories?post=3869"},{"taxonomy":"post_tag","embeddable":true,"href":"https:\/\/www.adf.org.br\/home\/wp-json\/wp\/v2\/tags?post=3869"}],"curies":[{"name":"wp","href":"https:\/\/api.w.org\/{rel}","templated":true}]}}