{"id":38582,"date":"2018-04-21T00:00:03","date_gmt":"2018-04-21T03:00:03","guid":{"rendered":"http:\/\/www.adf.org.br\/home\/?p=38582"},"modified":"2018-04-21T00:00:03","modified_gmt":"2018-04-21T03:00:03","slug":"oracao-do-anjo-fez-para-nossa-senhora","status":"publish","type":"post","link":"https:\/\/www.adf.org.br\/home\/oracao-do-anjo-fez-para-nossa-senhora\/","title":{"rendered":"Voc\u00ea conhece a ora\u00e7\u00e3o que o anjo fez para Nossa Senhora? Descubra aqui e comprove sua for\u00e7a."},"content":{"rendered":"<figure id=\"attachment_38588\" aria-describedby=\"caption-attachment-38588\" style=\"width: 560px\" class=\"wp-caption aligncenter\"><img loading=\"lazy\" class=\"  wp-image-38588\" title=\"O Anjo anuncia a vinda do Cristo Salvador\" src=\"http:\/\/www.adf.org.br\/home\/wp-content\/uploads\/2016\/03\/anuncia\u00e7\u00e3o1-1024x952.jpg\" alt=\"O Anjo anuncia a vinda do Cristo Salvador\" width=\"560\" height=\"521\" \/><figcaption id=\"caption-attachment-38588\" class=\"wp-caption-text\">O Anjo anuncia a vinda do Cristo Salvador<\/figcaption><\/figure>\n<p style=\"padding-left: 90px;\"><span style=\"font-size: medium; font-family: verdana, geneva; color: #800080;\"><strong><br \/>\n<span style=\"color: #ffffff;\">.<\/span><br \/>\nO \u00c2ngelus, a tradicional ora\u00e7\u00e3o da igreja que lembra da Encarna\u00e7\u00e3o do Verbo, anunciado pelo Arcanjo Gabriel.\u00a0<\/strong><\/span><\/p>\n<p>&nbsp;<\/p>\n<p><span style=\"font-size: medium; font-family: verdana, geneva; color: #000000;\"><span style=\"font-size: large;\"><strong>A<\/strong><\/span> Ora\u00e7\u00e3o do \u00c2ngelus \u00e9 feita atrav\u00e9s de tr\u00eas pontos essenciais, muito curtos. Claramente, \u00e9 muito l\u00f3gica e bem constru\u00edda.<\/span><\/p>\n<p>&nbsp;<\/p>\n<p><span style=\"font-size: medium; font-family: verdana, geneva; color: #800080;\"><strong>Vejamos estes pontos:<\/strong><\/span><\/p>\n<p>&nbsp;<\/p>\n<p><span style=\"font-size: medium; font-family: verdana, geneva; color: #000000;\"><strong>1\u00ba ponto: O Anjo do senhor anunciou a Maria, e Ela concebeu do Esp\u00edrito Santo;<\/strong><\/span><\/p>\n<p><span style=\"font-size: medium; font-family: verdana, geneva; color: #000000;\"><strong>2\u00ba ponto: Eis aqui a Escrava do Senhor, fa\u00e7a-se em mim segundo a Sua vontade;<\/strong><\/span><\/p>\n<p><span style=\"font-size: medium; font-family: verdana, geneva; color: #000000;\"><strong>3\u00ba ponto: O Verbo Divino se encarnou e habitou entre n\u00f3s.<\/strong><\/span><\/p>\n<p>&nbsp;<\/p>\n<p><span style=\"font-size: medium; font-family: verdana, geneva; color: #000000;\"><strong>S\u00e3o tr\u00eas aspectos do Natal.<\/strong><\/span><\/p>\n<p>&nbsp;<\/p>\n<p><span style=\"font-size: medium; font-family: verdana, geneva; color: #000000;\">O primeiro glorifica a mensagem ang\u00e9lica. O segundo, a atitude de Nossa Senhora de inteira obedi\u00eancia a essa mensagem, o terceiro glorifica o fato do Verbo n\u00e3o s\u00f3 se ter encarnado, mas ter habitado entre n\u00f3s.<\/span><\/p>\n<p style=\"padding-left: 90px;\"><span style=\"color: #800080;\"><strong><span style=\"font-size: medium; font-family: verdana, geneva;\"><span style=\"color: #ffffff;\">.<\/span><br \/>\nNestes tr\u00eas pontos est\u00e1 toda a Hist\u00f3ria do Natal de uma forma t\u00e3o breve, mas ao mesmo tempo t\u00e3o densa e l\u00f3gica que nada se devia acrescentar.<\/span><\/strong><\/span><\/p>\n<p><span style=\"font-size: medium; font-family: verdana, geneva; color: #000000;\"><span style=\"color: #ffffff;\">.<\/span><br \/>\nCada um dos pontos \u00e9 seguido de uma Ave-Maria, que \u00e9 uma glorifica\u00e7\u00e3o de Nossa Senhora.\u00a0 Este fato \u00e9 o maior da Hist\u00f3ria da humanidade, Deus feito Homem entregou-se para nossa Salva\u00e7\u00e3o.<\/span><\/p>\n<p>&nbsp;<\/p>\n<p><span style=\"font-size: medium; font-family: verdana, geneva; color: #000000;\"><strong><em>Quanta Honra o Verbo se ter encarnado e habitado entre n\u00f3s!<\/em><\/strong><\/span><\/p>\n<p>&nbsp;<\/p>\n<p><span style=\"font-size: medium; font-family: verdana, geneva; color: #000000;\"><strong>Como Rezar o \u00c2ngelus.<\/strong><\/span><\/p>\n<p>&nbsp;<\/p>\n<blockquote><p><span style=\"font-size: xx-small; font-family: verdana, geneva; color: #ffffff;\">.<\/span><br \/>\n<span style=\"font-size: medium; font-family: verdana, geneva; color: #000000;\">O costume \u00e9 de se rezar tr\u00eas vezes ao dia: No Nascer do Sol, ao meio dia, e no crep\u00fasculo.<\/span><\/p>\n<p>&nbsp;<\/p>\n<p><span style=\"font-size: medium; font-family: verdana, geneva; color: #000000;\"><em><strong>V. O Anjo do Senhor anunciou a Maria<\/strong><br \/>\n<strong><span style=\"color: #800080;\">R.\u00a0<\/span><em><span style=\"color: #800080;\">E Ela concebeu do Esp\u00edrito Santo<\/span>.<\/em><\/strong><br \/>\nAve Maria\u2026<\/em><\/span><\/p>\n<p><span style=\"font-size: medium; font-family: verdana, geneva; color: #000000;\"><em><br \/>\n<strong>V. Eis aqui a escrava do Senhor.<\/strong><br \/>\n<strong><span style=\"color: #800080;\">R. Fa\u00e7a-se em mim segundo a vossa palavra.<\/span><\/strong><br \/>\nAve Maria\u2026<\/em><\/span><\/p>\n<p><span style=\"font-size: medium; font-family: verdana, geneva; color: #000000;\"><em><br \/>\n<strong>V. E o Verbo encarnou<\/strong><br \/>\n<span style=\"color: #800080;\"><strong>R. E habitou entre n\u00f3s<\/strong><\/span><br \/>\nAve Maria\u2026<\/em><\/span><\/p>\n<p><span style=\"font-size: medium; font-family: verdana, geneva; color: #000000;\"><em><br \/>\nV. Rogai por n\u00f3s, Santa M\u00e3e de Deus.<br \/>\nR. Para que sejamos dignos das promessas de Cristo.<\/em><\/span><\/p>\n<p><span style=\"font-size: medium; font-family: verdana, geneva; color: #000000;\"><em><br \/>\nOremos:\u00a0Derramai, \u00f3 Deus, a vossa gra\u00e7a em nossos cora\u00e7\u00f5es, para que, conhecendo, pela mensagem do Anjo, a encarna\u00e7\u00e3o do Cristo, vosso Filho, cheguemos, por sua paix\u00e3o e cruz, \u00e0 gl\u00f3ria da ressurrei\u00e7\u00e3o. Pelo mesmo Cristo, Senhor Nosso.Am\u00e9m.<\/em><\/span><\/p>\n<p><span style=\"font-size: xx-small; font-family: verdana, geneva; color: #ffffff;\">.<\/span><\/p><\/blockquote>\n<p><span style=\"font-size: medium; font-family: verdana, geneva; color: #ffffff;\">.<\/span><\/p>\n<h5 style=\"text-align: center;\"><span style=\"font-size: medium; font-family: verdana, geneva; color: #ffffff;\">.<\/span><br \/>\n<strong><span style=\"font-size: medium; font-family: verdana, geneva; color: #000000;\">* \u00a0* \u00a0*<\/span><\/strong><\/h5>\n<p style=\"text-align: center;\"><span style=\"color: #ffffff;\">.<\/span><br \/>\n<a href=\"https:\/\/adf.org.br\/minhaoferta\/?origem=6667\" target=\"_blank\" rel=\"noopener noreferrer\"><img loading=\"lazy\" class=\"aligncenter wp-image-46544 size-full\" title=\"bot\u00e3o sacolinha adf\" src=\"http:\/\/www.adf.org.br\/home\/wp-content\/uploads\/2016\/04\/bt_oferta_ADF-1-1-4.png\" alt=\"bt_oferta_ADF-1 (1)\" width=\"600\" height=\"190\" \/><\/a><\/p>\n<p>&nbsp;<\/p>\n","protected":false},"excerpt":{"rendered":"<p>O \u00c2ngelus, a tradicional ora\u00e7\u00e3o da igreja que lembra da Encarna\u00e7\u00e3o do Verbo, anunciado pelo Arcanjo Gabriel.<\/p>\n","protected":false},"author":31,"featured_media":46545,"comment_status":"open","ping_status":"open","sticky":false,"template":"","format":"standard","meta":[],"categories":[20],"tags":[2183,142,1902],"yoast_head":"<!-- This site is optimized with the Yoast SEO plugin v17.4 - https:\/\/yoast.com\/wordpress\/plugins\/seo\/ -->\n<title>Ora\u00e7\u00e3o que o anjo fez para Nossa Senhora? Descubra aqui!<\/title>\n<meta name=\"description\" content=\"Voc\u00ea conhece a ora\u00e7\u00e3o que o anjo fez para Nossa Senhora? Descubra aqui e comprove sua for\u00e7a.\" \/>\n<meta name=\"robots\" content=\"index, follow, max-snippet:-1, max-image-preview:large, max-video-preview:-1\" \/>\n<link rel=\"canonical\" href=\"https:\/\/www.adf.org.br\/home\/oracao-do-anjo-fez-para-nossa-senhora\/\" \/>\n<meta property=\"og:locale\" content=\"pt_BR\" \/>\n<meta property=\"og:type\" content=\"article\" \/>\n<meta property=\"og:title\" content=\"Ora\u00e7\u00e3o que o anjo fez para Nossa Senhora? Descubra aqui!\" \/>\n<meta property=\"og:description\" content=\"Voc\u00ea conhece a ora\u00e7\u00e3o que o anjo fez para Nossa Senhora? Descubra aqui e comprove sua for\u00e7a.\" \/>\n<meta property=\"og:url\" content=\"https:\/\/www.adf.org.br\/home\/oracao-do-anjo-fez-para-nossa-senhora\/\" \/>\n<meta property=\"og:site_name\" content=\"Associa\u00e7\u00e3o Devotos de F\u00e1tima\" \/>\n<meta property=\"article:published_time\" content=\"2018-04-21T03:00:03+00:00\" \/>\n<meta name=\"twitter:card\" content=\"summary_large_image\" \/>\n<meta name=\"twitter:label1\" content=\"Escrito por\" \/>\n\t<meta name=\"twitter:data1\" content=\"Gabriel Barbosa\" \/>\n\t<meta name=\"twitter:label2\" content=\"Est. tempo de leitura\" \/>\n\t<meta name=\"twitter:data2\" content=\"2 minutos\" \/>\n<script type=\"application\/ld+json\" class=\"yoast-schema-graph\">{\"@context\":\"https:\/\/schema.org\",\"@graph\":[{\"@type\":\"WebSite\",\"@id\":\"https:\/\/www.adf.org.br\/home\/#website\",\"url\":\"https:\/\/www.adf.org.br\/home\/\",\"name\":\"Associa\\u00e7\\u00e3o Devotos de F\\u00e1tima\",\"description\":\"Associa\\u00e7\\u00e3o Devotos de F\\u00e1tima\",\"potentialAction\":[{\"@type\":\"SearchAction\",\"target\":{\"@type\":\"EntryPoint\",\"urlTemplate\":\"https:\/\/www.adf.org.br\/home\/?s={search_term_string}\"},\"query-input\":\"required name=search_term_string\"}],\"inLanguage\":\"pt-BR\"},{\"@type\":\"ImageObject\",\"@id\":\"https:\/\/www.adf.org.br\/home\/oracao-do-anjo-fez-para-nossa-senhora\/#primaryimage\",\"inLanguage\":\"pt-BR\",\"url\":\"\",\"contentUrl\":\"\"},{\"@type\":\"WebPage\",\"@id\":\"https:\/\/www.adf.org.br\/home\/oracao-do-anjo-fez-para-nossa-senhora\/#webpage\",\"url\":\"https:\/\/www.adf.org.br\/home\/oracao-do-anjo-fez-para-nossa-senhora\/\",\"name\":\"Ora\\u00e7\\u00e3o que o anjo fez para Nossa Senhora? Descubra aqui!\",\"isPartOf\":{\"@id\":\"https:\/\/www.adf.org.br\/home\/#website\"},\"primaryImageOfPage\":{\"@id\":\"https:\/\/www.adf.org.br\/home\/oracao-do-anjo-fez-para-nossa-senhora\/#primaryimage\"},\"datePublished\":\"2018-04-21T03:00:03+00:00\",\"dateModified\":\"2018-04-21T03:00:03+00:00\",\"author\":{\"@id\":\"https:\/\/www.adf.org.br\/home\/#\/schema\/person\/f35a5c5aa7728a3dedf4ea9aa1fc2753\"},\"description\":\"Voc\\u00ea conhece a ora\\u00e7\\u00e3o que o anjo fez para Nossa Senhora? Descubra aqui e comprove sua for\\u00e7a.\",\"breadcrumb\":{\"@id\":\"https:\/\/www.adf.org.br\/home\/oracao-do-anjo-fez-para-nossa-senhora\/#breadcrumb\"},\"inLanguage\":\"pt-BR\",\"potentialAction\":[{\"@type\":\"ReadAction\",\"target\":[\"https:\/\/www.adf.org.br\/home\/oracao-do-anjo-fez-para-nossa-senhora\/\"]}]},{\"@type\":\"BreadcrumbList\",\"@id\":\"https:\/\/www.adf.org.br\/home\/oracao-do-anjo-fez-para-nossa-senhora\/#breadcrumb\",\"itemListElement\":[{\"@type\":\"ListItem\",\"position\":1,\"name\":\"Home\",\"item\":\"https:\/\/www.adf.org.br\/home\/\"},{\"@type\":\"ListItem\",\"position\":2,\"name\":\"Voc\\u00ea conhece a ora\\u00e7\\u00e3o que o anjo fez para Nossa Senhora? Descubra aqui e comprove sua for\\u00e7a.\"}]},{\"@type\":\"Person\",\"@id\":\"https:\/\/www.adf.org.br\/home\/#\/schema\/person\/f35a5c5aa7728a3dedf4ea9aa1fc2753\",\"name\":\"Gabriel Barbosa\",\"image\":{\"@type\":\"ImageObject\",\"@id\":\"https:\/\/www.adf.org.br\/home\/#personlogo\",\"inLanguage\":\"pt-BR\",\"url\":\"https:\/\/secure.gravatar.com\/avatar\/2b2cb2f4637682c5605e8d36818f51ef?s=96&d=mm&r=g\",\"contentUrl\":\"https:\/\/secure.gravatar.com\/avatar\/2b2cb2f4637682c5605e8d36818f51ef?s=96&d=mm&r=g\",\"caption\":\"Gabriel Barbosa\"},\"url\":\"https:\/\/www.adf.org.br\/home\/author\/gabrielpmk-com-br\/\"}]}<\/script>\n<!-- \/ Yoast SEO plugin. -->","yoast_head_json":{"title":"Ora\u00e7\u00e3o que o anjo fez para Nossa Senhora? Descubra aqui!","description":"Voc\u00ea conhece a ora\u00e7\u00e3o que o anjo fez para Nossa Senhora? Descubra aqui e comprove sua for\u00e7a.","robots":{"index":"index","follow":"follow","max-snippet":"max-snippet:-1","max-image-preview":"max-image-preview:large","max-video-preview":"max-video-preview:-1"},"canonical":"https:\/\/www.adf.org.br\/home\/oracao-do-anjo-fez-para-nossa-senhora\/","og_locale":"pt_BR","og_type":"article","og_title":"Ora\u00e7\u00e3o que o anjo fez para Nossa Senhora? Descubra aqui!","og_description":"Voc\u00ea conhece a ora\u00e7\u00e3o que o anjo fez para Nossa Senhora? Descubra aqui e comprove sua for\u00e7a.","og_url":"https:\/\/www.adf.org.br\/home\/oracao-do-anjo-fez-para-nossa-senhora\/","og_site_name":"Associa\u00e7\u00e3o Devotos de F\u00e1tima","article_published_time":"2018-04-21T03:00:03+00:00","twitter_card":"summary_large_image","twitter_misc":{"Escrito por":"Gabriel Barbosa","Est. tempo de leitura":"2 minutos"},"schema":{"@context":"https:\/\/schema.org","@graph":[{"@type":"WebSite","@id":"https:\/\/www.adf.org.br\/home\/#website","url":"https:\/\/www.adf.org.br\/home\/","name":"Associa\u00e7\u00e3o Devotos de F\u00e1tima","description":"Associa\u00e7\u00e3o Devotos de F\u00e1tima","potentialAction":[{"@type":"SearchAction","target":{"@type":"EntryPoint","urlTemplate":"https:\/\/www.adf.org.br\/home\/?s={search_term_string}"},"query-input":"required name=search_term_string"}],"inLanguage":"pt-BR"},{"@type":"ImageObject","@id":"https:\/\/www.adf.org.br\/home\/oracao-do-anjo-fez-para-nossa-senhora\/#primaryimage","inLanguage":"pt-BR","url":"","contentUrl":""},{"@type":"WebPage","@id":"https:\/\/www.adf.org.br\/home\/oracao-do-anjo-fez-para-nossa-senhora\/#webpage","url":"https:\/\/www.adf.org.br\/home\/oracao-do-anjo-fez-para-nossa-senhora\/","name":"Ora\u00e7\u00e3o que o anjo fez para Nossa Senhora? Descubra aqui!","isPartOf":{"@id":"https:\/\/www.adf.org.br\/home\/#website"},"primaryImageOfPage":{"@id":"https:\/\/www.adf.org.br\/home\/oracao-do-anjo-fez-para-nossa-senhora\/#primaryimage"},"datePublished":"2018-04-21T03:00:03+00:00","dateModified":"2018-04-21T03:00:03+00:00","author":{"@id":"https:\/\/www.adf.org.br\/home\/#\/schema\/person\/f35a5c5aa7728a3dedf4ea9aa1fc2753"},"description":"Voc\u00ea conhece a ora\u00e7\u00e3o que o anjo fez para Nossa Senhora? Descubra aqui e comprove sua for\u00e7a.","breadcrumb":{"@id":"https:\/\/www.adf.org.br\/home\/oracao-do-anjo-fez-para-nossa-senhora\/#breadcrumb"},"inLanguage":"pt-BR","potentialAction":[{"@type":"ReadAction","target":["https:\/\/www.adf.org.br\/home\/oracao-do-anjo-fez-para-nossa-senhora\/"]}]},{"@type":"BreadcrumbList","@id":"https:\/\/www.adf.org.br\/home\/oracao-do-anjo-fez-para-nossa-senhora\/#breadcrumb","itemListElement":[{"@type":"ListItem","position":1,"name":"Home","item":"https:\/\/www.adf.org.br\/home\/"},{"@type":"ListItem","position":2,"name":"Voc\u00ea conhece a ora\u00e7\u00e3o que o anjo fez para Nossa Senhora? Descubra aqui e comprove sua for\u00e7a."}]},{"@type":"Person","@id":"https:\/\/www.adf.org.br\/home\/#\/schema\/person\/f35a5c5aa7728a3dedf4ea9aa1fc2753","name":"Gabriel Barbosa","image":{"@type":"ImageObject","@id":"https:\/\/www.adf.org.br\/home\/#personlogo","inLanguage":"pt-BR","url":"https:\/\/secure.gravatar.com\/avatar\/2b2cb2f4637682c5605e8d36818f51ef?s=96&d=mm&r=g","contentUrl":"https:\/\/secure.gravatar.com\/avatar\/2b2cb2f4637682c5605e8d36818f51ef?s=96&d=mm&r=g","caption":"Gabriel Barbosa"},"url":"https:\/\/www.adf.org.br\/home\/author\/gabrielpmk-com-br\/"}]}},"_links":{"self":[{"href":"https:\/\/www.adf.org.br\/home\/wp-json\/wp\/v2\/posts\/38582"}],"collection":[{"href":"https:\/\/www.adf.org.br\/home\/wp-json\/wp\/v2\/posts"}],"about":[{"href":"https:\/\/www.adf.org.br\/home\/wp-json\/wp\/v2\/types\/post"}],"author":[{"embeddable":true,"href":"https:\/\/www.adf.org.br\/home\/wp-json\/wp\/v2\/users\/31"}],"replies":[{"embeddable":true,"href":"https:\/\/www.adf.org.br\/home\/wp-json\/wp\/v2\/comments?post=38582"}],"version-history":[{"count":0,"href":"https:\/\/www.adf.org.br\/home\/wp-json\/wp\/v2\/posts\/38582\/revisions"}],"wp:featuredmedia":[{"embeddable":true,"href":"https:\/\/www.adf.org.br\/home\/wp-json\/wp\/v2\/media\/46545"}],"wp:attachment":[{"href":"https:\/\/www.adf.org.br\/home\/wp-json\/wp\/v2\/media?parent=38582"}],"wp:term":[{"taxonomy":"category","embeddable":true,"href":"https:\/\/www.adf.org.br\/home\/wp-json\/wp\/v2\/categories?post=38582"},{"taxonomy":"post_tag","embeddable":true,"href":"https:\/\/www.adf.org.br\/home\/wp-json\/wp\/v2\/tags?post=38582"}],"curies":[{"name":"wp","href":"https:\/\/api.w.org\/{rel}","templated":true}]}}